{"id":100615,"date":"2016-07-24T18:00:00","date_gmt":"2016-07-24T16:00:00","guid":{"rendered":"http:\/\/hudo.com\/si\/2016\/07\/24\/froome-tudi-uradno-do-zmage-na-touru-greiplu-etapa\/"},"modified":"2016-07-25T20:21:45","modified_gmt":"2016-07-25T18:21:45","slug":"froome-tudi-uradno-do-zmage-na-touru-greiplu-etapa","status":"publish","type":"post","link":"https:\/\/hudo.com\/si\/aktualno\/froome-tudi-uradno-do-zmage-na-touru-greiplu-etapa\/","title":{"rendered":"Froome tudi uradno do zmage na Touru, Greiplu etapa"},"content":{"rendered":"<p>Enaintridesetletni Britanec Chris Froome je po letih 2013 in 2015 tudi tretji\u010d slavil na kolesarski dirki Tour de France. Dana\u0161njo sklepno etapo s ciljem na Elizejskih poljanah v Parizu pa je v sprintu dobil Nemec Andre Greipel, ki je imel ve\u010d mo\u010di od Slovaka Petra Sagana in Norve\u017eana Alexandra Kristoffa. Zadnja etapa je po tradiciji postregla s sklepno skupinsko vo\u017enjo do Pariza, zato je moral Froome danes priti le \u0161e do cilja. Po tradiciji pa so se najbolj\u0161i sprinterji na koncu tritedenske dirke, Tour velja za najte\u017ejo kolesarsko preizku\u0161njo na svetu, na koncu pomerili \u0161e za sklepno sprintersko zmago. V glavnini so etapo kon\u010dali tudi Slovenci. V skupnem se\u0161tevku je imel v Keniji rojeni Froome po 3535 kilometrih leto\u0161nje francoske pentlje 4:06 minute prednosti pred Francozom Francozom Romainom Bardetom, tretji je bil Kolumbijec Nairo Quintana z zaostankom 4:21 minute. Ta je danes pred dirko odpovedal nastop na olimpijskih igrah, saj ima nepojasnjeno alergijo in bo takoj po Touru od\u0161el na zdravni\u0161ke teste. Najbolj\u0161i sprinter na dirki je bil Slovak Sagan, najbolj\u0161i v osvajanju gorskih ciljev Poljak Rafal Majka, najbolj\u0161i mladi kolesar pa Britanec Adam Yates.\u0160port<\/p>\n","protected":false},"excerpt":{"rendered":"<p>Enaintridesetletni Britanec Chris Froome je po letih 2013 in 2015 tudi tretji\u010d slavil na kolesarski dirki Tour de France. Dana\u0161njo sklepno etapo s ciljem na Elizejskih poljanah v Parizu pa je v sprintu dobil Nemec Andre Greipel, ki je imel ve\u010d mo\u010di od Slovaka Petra Sagana in Norve\u017eana Alexandra Kristoffa. Zadnja etapa je po tradiciji postregla s sklepno skupinsko vo\u017enjo do Pariza, zato je moral Froome danes priti le \u0161e do cilja. Po tradiciji pa so se najbolj\u0161i sprinterji na koncu tritedenske dirke, Tour velja za najte\u017ejo kolesarsko preizku\u0161njo na svetu, na koncu pomerili \u0161e za sklepno sprintersko zmago. V glavnini so etapo kon\u010dali tudi Slovenci. V skupnem se\u0161tevku je imel v Keniji rojeni Froome po 3535 kilometrih leto\u0161nje francoske pentlje 4:06 minute prednosti pred Francozom Francozom Romainom Bardetom, tretji je bil Kolumbijec Nairo Quintana z zaostankom 4:21 minute. Ta je danes pred dirko odpovedal nastop na olimpijskih igrah, saj ima nepojasnjeno alergijo in bo takoj po Touru od\u0161el na zdravni\u0161ke teste. Najbolj\u0161i sprinter na dirki je bil Slovak Sagan, najbolj\u0161i v osvajanju gorskih ciljev Poljak Rafal Majka, najbolj\u0161i mladi kolesar pa Britanec Adam Yates.\u0160port<\/p>\n","protected":false},"author":1,"featured_media":0,"comment_status":"closed","ping_status":"closed","sticky":false,"template":"","format":"standard","meta":{"footnotes":""},"categories":[1179],"tags":[],"source":[1711],"supertag":[],"acf":[],"yoast_head":"<!-- This site is optimized with the Yoast SEO plugin v21.3 - https:\/\/yoast.com\/wordpress\/plugins\/seo\/ -->\n<title>Froome tudi uradno do zmage na Touru, Greiplu etapa - Hudo Slovenija<\/title>\n<meta name=\"robots\" content=\"index, follow, max-snippet:-1, max-image-preview:large, max-video-preview:-1\" \/>\n<link rel=\"canonical\" href=\"https:\/\/hudo.com\/si\/aktualno\/froome-tudi-uradno-do-zmage-na-touru-greiplu-etapa\/\" \/>\n<meta property=\"og:locale\" content=\"sl_SI\" \/>\n<meta property=\"og:type\" content=\"article\" \/>\n<meta property=\"og:title\" content=\"Froome tudi uradno do zmage na Touru, Greiplu etapa - Hudo Slovenija\" \/>\n<meta property=\"og:description\" content=\"Enaintridesetletni Britanec Chris Froome je po letih 2013 in 2015 tudi tretji\u010d slavil na kolesarski dirki Tour de France. Dana\u0161njo sklepno etapo s ciljem na Elizejskih poljanah v Parizu pa je v sprintu dobil Nemec Andre Greipel, ki je imel ve\u010d mo\u010di od Slovaka Petra Sagana in Norve\u017eana Alexandra Kristoffa. Zadnja etapa je po tradiciji postregla s sklepno skupinsko vo\u017enjo do Pariza, zato je moral Froome danes priti le \u0161e do cilja. Po tradiciji pa so se najbolj\u0161i sprinterji na koncu tritedenske dirke, Tour velja za najte\u017ejo kolesarsko preizku\u0161njo na svetu, na koncu pomerili \u0161e za sklepno sprintersko zmago. V glavnini so etapo kon\u010dali tudi Slovenci. V skupnem se\u0161tevku je imel v Keniji rojeni Froome po 3535 kilometrih leto\u0161nje francoske pentlje 4:06 minute prednosti pred Francozom Francozom Romainom Bardetom, tretji je bil Kolumbijec Nairo Quintana z zaostankom 4:21 minute. Ta je danes pred dirko odpovedal nastop na olimpijskih igrah, saj ima nepojasnjeno alergijo in bo takoj po Touru od\u0161el na zdravni\u0161ke teste. Najbolj\u0161i sprinter na dirki je bil Slovak Sagan, najbolj\u0161i v osvajanju gorskih ciljev Poljak Rafal Majka, najbolj\u0161i mladi kolesar pa Britanec Adam Yates.\u0160port\" \/>\n<meta property=\"og:url\" content=\"https:\/\/hudo.com\/si\/aktualno\/froome-tudi-uradno-do-zmage-na-touru-greiplu-etapa\/\" \/>\n<meta property=\"og:site_name\" content=\"Hudo Slovenija\" \/>\n<meta property=\"article:publisher\" content=\"https:\/\/www.facebook.com\/hudo.si\" \/>\n<meta property=\"article:published_time\" content=\"2016-07-24T16:00:00+00:00\" \/>\n<meta property=\"article:modified_time\" content=\"2016-07-25T18:21:45+00:00\" \/>\n<meta property=\"og:image\" content=\"https:\/\/hudo.com\/si\/wp-content\/uploads\/sites\/2\/2016\/07\/05439380-300.jpg\" \/>\n\t<meta property=\"og:image:width\" content=\"450\" \/>\n\t<meta property=\"og:image:height\" content=\"300\" \/>\n\t<meta property=\"og:image:type\" content=\"image\/jpeg\" \/>\n<meta name=\"author\" content=\"hudo\" \/>\n<meta name=\"twitter:card\" content=\"summary_large_image\" \/>\n<meta name=\"twitter:creator\" content=\"@hudo_si\" \/>\n<meta name=\"twitter:site\" content=\"@hudo_si\" \/>\n<meta name=\"twitter:label1\" content=\"Written by\" \/>\n\t<meta name=\"twitter:data1\" content=\"hudo\" \/>\n\t<meta name=\"twitter:label2\" content=\"Est. reading time\" \/>\n\t<meta name=\"twitter:data2\" content=\"1 minuta\" \/>\n<script type=\"application\/ld+json\" class=\"yoast-schema-graph\">{\"@context\":\"https:\/\/schema.org\",\"@graph\":[{\"@type\":\"Article\",\"@id\":\"https:\/\/hudo.com\/si\/aktualno\/froome-tudi-uradno-do-zmage-na-touru-greiplu-etapa\/#article\",\"isPartOf\":{\"@id\":\"https:\/\/hudo.com\/si\/aktualno\/froome-tudi-uradno-do-zmage-na-touru-greiplu-etapa\/\"},\"author\":{\"name\":\"hudo\",\"@id\":\"https:\/\/hudo.com\/si\/#\/schema\/person\/601cf3379633985b20f7e50f2bb47707\"},\"headline\":\"Froome tudi uradno do zmage na Touru, Greiplu etapa\",\"datePublished\":\"2016-07-24T16:00:00+00:00\",\"dateModified\":\"2016-07-25T18:21:45+00:00\",\"mainEntityOfPage\":{\"@id\":\"https:\/\/hudo.com\/si\/aktualno\/froome-tudi-uradno-do-zmage-na-touru-greiplu-etapa\/\"},\"wordCount\":205,\"publisher\":{\"@id\":\"https:\/\/hudo.com\/si\/#organization\"},\"articleSection\":[\"Aktualno\"],\"inLanguage\":\"sl-SI\"},{\"@type\":\"WebPage\",\"@id\":\"https:\/\/hudo.com\/si\/aktualno\/froome-tudi-uradno-do-zmage-na-touru-greiplu-etapa\/\",\"url\":\"https:\/\/hudo.com\/si\/aktualno\/froome-tudi-uradno-do-zmage-na-touru-greiplu-etapa\/\",\"name\":\"Froome tudi uradno do zmage na Touru, Greiplu etapa - Hudo Slovenija\",\"isPartOf\":{\"@id\":\"https:\/\/hudo.com\/si\/#website\"},\"datePublished\":\"2016-07-24T16:00:00+00:00\",\"dateModified\":\"2016-07-25T18:21:45+00:00\",\"breadcrumb\":{\"@id\":\"https:\/\/hudo.com\/si\/aktualno\/froome-tudi-uradno-do-zmage-na-touru-greiplu-etapa\/#breadcrumb\"},\"inLanguage\":\"sl-SI\",\"potentialAction\":[{\"@type\":\"ReadAction\",\"target\":[\"https:\/\/hudo.com\/si\/aktualno\/froome-tudi-uradno-do-zmage-na-touru-greiplu-etapa\/\"]}]},{\"@type\":\"BreadcrumbList\",\"@id\":\"https:\/\/hudo.com\/si\/aktualno\/froome-tudi-uradno-do-zmage-na-touru-greiplu-etapa\/#breadcrumb\",\"itemListElement\":[{\"@type\":\"ListItem\",\"position\":1,\"name\":\"Home\",\"item\":\"https:\/\/hudo.com\/si\/\"},{\"@type\":\"ListItem\",\"position\":2,\"name\":\"Froome tudi uradno do zmage na Touru, Greiplu etapa\"}]},{\"@type\":\"WebSite\",\"@id\":\"https:\/\/hudo.com\/si\/#website\",\"url\":\"https:\/\/hudo.com\/si\/\",\"name\":\"Hudo Slovenija\",\"description\":\"Vse novice iz Slovenije in sveta\",\"publisher\":{\"@id\":\"https:\/\/hudo.com\/si\/#organization\"},\"potentialAction\":[{\"@type\":\"SearchAction\",\"target\":{\"@type\":\"EntryPoint\",\"urlTemplate\":\"https:\/\/hudo.com\/si\/?s={search_term_string}\"},\"query-input\":\"required name=search_term_string\"}],\"inLanguage\":\"sl-SI\"},{\"@type\":\"Organization\",\"@id\":\"https:\/\/hudo.com\/si\/#organization\",\"name\":\"VSN Media\",\"url\":\"https:\/\/hudo.com\/si\/\",\"logo\":{\"@type\":\"ImageObject\",\"inLanguage\":\"sl-SI\",\"@id\":\"https:\/\/hudo.com\/si\/#\/schema\/logo\/image\/\",\"url\":\"https:\/\/hudo.com\/si\/wp-content\/uploads\/sites\/2\/2021\/03\/hudo-app-2.png\",\"contentUrl\":\"https:\/\/hudo.com\/si\/wp-content\/uploads\/sites\/2\/2021\/03\/hudo-app-2.png\",\"width\":2185,\"height\":2167,\"caption\":\"VSN Media\"},\"image\":{\"@id\":\"https:\/\/hudo.com\/si\/#\/schema\/logo\/image\/\"},\"sameAs\":[\"https:\/\/www.facebook.com\/hudo.si\",\"https:\/\/twitter.com\/hudo_si\"]},{\"@type\":\"Person\",\"@id\":\"https:\/\/hudo.com\/si\/#\/schema\/person\/601cf3379633985b20f7e50f2bb47707\",\"name\":\"hudo\",\"image\":{\"@type\":\"ImageObject\",\"inLanguage\":\"sl-SI\",\"@id\":\"https:\/\/hudo.com\/si\/#\/schema\/person\/image\/\",\"url\":\"https:\/\/secure.gravatar.com\/avatar\/c4ca25fa72cace7a696b52ff5db9e095?s=96&d=mm&r=g\",\"contentUrl\":\"https:\/\/secure.gravatar.com\/avatar\/c4ca25fa72cace7a696b52ff5db9e095?s=96&d=mm&r=g\",\"caption\":\"hudo\"},\"url\":\"https:\/\/hudo.com\/si\/author\/hudo\/\"}]}<\/script>\n<!-- \/ Yoast SEO plugin. -->","yoast_head_json":{"title":"Froome tudi uradno do zmage na Touru, Greiplu etapa - Hudo Slovenija","robots":{"index":"index","follow":"follow","max-snippet":"max-snippet:-1","max-image-preview":"max-image-preview:large","max-video-preview":"max-video-preview:-1"},"canonical":"https:\/\/hudo.com\/si\/aktualno\/froome-tudi-uradno-do-zmage-na-touru-greiplu-etapa\/","og_locale":"sl_SI","og_type":"article","og_title":"Froome tudi uradno do zmage na Touru, Greiplu etapa - Hudo Slovenija","og_description":"Enaintridesetletni Britanec Chris Froome je po letih 2013 in 2015 tudi tretji\u010d slavil na kolesarski dirki Tour de France. Dana\u0161njo sklepno etapo s ciljem na Elizejskih poljanah v Parizu pa je v sprintu dobil Nemec Andre Greipel, ki je imel ve\u010d mo\u010di od Slovaka Petra Sagana in Norve\u017eana Alexandra Kristoffa. Zadnja etapa je po tradiciji postregla s sklepno skupinsko vo\u017enjo do Pariza, zato je moral Froome danes priti le \u0161e do cilja. Po tradiciji pa so se najbolj\u0161i sprinterji na koncu tritedenske dirke, Tour velja za najte\u017ejo kolesarsko preizku\u0161njo na svetu, na koncu pomerili \u0161e za sklepno sprintersko zmago. V glavnini so etapo kon\u010dali tudi Slovenci. V skupnem se\u0161tevku je imel v Keniji rojeni Froome po 3535 kilometrih leto\u0161nje francoske pentlje 4:06 minute prednosti pred Francozom Francozom Romainom Bardetom, tretji je bil Kolumbijec Nairo Quintana z zaostankom 4:21 minute. Ta je danes pred dirko odpovedal nastop na olimpijskih igrah, saj ima nepojasnjeno alergijo in bo takoj po Touru od\u0161el na zdravni\u0161ke teste. Najbolj\u0161i sprinter na dirki je bil Slovak Sagan, najbolj\u0161i v osvajanju gorskih ciljev Poljak Rafal Majka, najbolj\u0161i mladi kolesar pa Britanec Adam Yates.\u0160port","og_url":"https:\/\/hudo.com\/si\/aktualno\/froome-tudi-uradno-do-zmage-na-touru-greiplu-etapa\/","og_site_name":"Hudo Slovenija","article_publisher":"https:\/\/www.facebook.com\/hudo.si","article_published_time":"2016-07-24T16:00:00+00:00","article_modified_time":"2016-07-25T18:21:45+00:00","og_image":[{"width":450,"height":300,"url":"https:\/\/hudo.com\/si\/wp-content\/uploads\/sites\/2\/2016\/07\/05439380-300.jpg","type":"image\/jpeg"}],"author":"hudo","twitter_card":"summary_large_image","twitter_creator":"@hudo_si","twitter_site":"@hudo_si","twitter_misc":{"Written by":"hudo","Est. reading time":"1 minuta"},"schema":{"@context":"https:\/\/schema.org","@graph":[{"@type":"Article","@id":"https:\/\/hudo.com\/si\/aktualno\/froome-tudi-uradno-do-zmage-na-touru-greiplu-etapa\/#article","isPartOf":{"@id":"https:\/\/hudo.com\/si\/aktualno\/froome-tudi-uradno-do-zmage-na-touru-greiplu-etapa\/"},"author":{"name":"hudo","@id":"https:\/\/hudo.com\/si\/#\/schema\/person\/601cf3379633985b20f7e50f2bb47707"},"headline":"Froome tudi uradno do zmage na Touru, Greiplu etapa","datePublished":"2016-07-24T16:00:00+00:00","dateModified":"2016-07-25T18:21:45+00:00","mainEntityOfPage":{"@id":"https:\/\/hudo.com\/si\/aktualno\/froome-tudi-uradno-do-zmage-na-touru-greiplu-etapa\/"},"wordCount":205,"publisher":{"@id":"https:\/\/hudo.com\/si\/#organization"},"articleSection":["Aktualno"],"inLanguage":"sl-SI"},{"@type":"WebPage","@id":"https:\/\/hudo.com\/si\/aktualno\/froome-tudi-uradno-do-zmage-na-touru-greiplu-etapa\/","url":"https:\/\/hudo.com\/si\/aktualno\/froome-tudi-uradno-do-zmage-na-touru-greiplu-etapa\/","name":"Froome tudi uradno do zmage na Touru, Greiplu etapa - Hudo Slovenija","isPartOf":{"@id":"https:\/\/hudo.com\/si\/#website"},"datePublished":"2016-07-24T16:00:00+00:00","dateModified":"2016-07-25T18:21:45+00:00","breadcrumb":{"@id":"https:\/\/hudo.com\/si\/aktualno\/froome-tudi-uradno-do-zmage-na-touru-greiplu-etapa\/#breadcrumb"},"inLanguage":"sl-SI","potentialAction":[{"@type":"ReadAction","target":["https:\/\/hudo.com\/si\/aktualno\/froome-tudi-uradno-do-zmage-na-touru-greiplu-etapa\/"]}]},{"@type":"BreadcrumbList","@id":"https:\/\/hudo.com\/si\/aktualno\/froome-tudi-uradno-do-zmage-na-touru-greiplu-etapa\/#breadcrumb","itemListElement":[{"@type":"ListItem","position":1,"name":"Home","item":"https:\/\/hudo.com\/si\/"},{"@type":"ListItem","position":2,"name":"Froome tudi uradno do zmage na Touru, Greiplu etapa"}]},{"@type":"WebSite","@id":"https:\/\/hudo.com\/si\/#website","url":"https:\/\/hudo.com\/si\/","name":"Hudo Slovenija","description":"Vse novice iz Slovenije in sveta","publisher":{"@id":"https:\/\/hudo.com\/si\/#organization"},"potentialAction":[{"@type":"SearchAction","target":{"@type":"EntryPoint","urlTemplate":"https:\/\/hudo.com\/si\/?s={search_term_string}"},"query-input":"required name=search_term_string"}],"inLanguage":"sl-SI"},{"@type":"Organization","@id":"https:\/\/hudo.com\/si\/#organization","name":"VSN Media","url":"https:\/\/hudo.com\/si\/","logo":{"@type":"ImageObject","inLanguage":"sl-SI","@id":"https:\/\/hudo.com\/si\/#\/schema\/logo\/image\/","url":"https:\/\/hudo.com\/si\/wp-content\/uploads\/sites\/2\/2021\/03\/hudo-app-2.png","contentUrl":"https:\/\/hudo.com\/si\/wp-content\/uploads\/sites\/2\/2021\/03\/hudo-app-2.png","width":2185,"height":2167,"caption":"VSN Media"},"image":{"@id":"https:\/\/hudo.com\/si\/#\/schema\/logo\/image\/"},"sameAs":["https:\/\/www.facebook.com\/hudo.si","https:\/\/twitter.com\/hudo_si"]},{"@type":"Person","@id":"https:\/\/hudo.com\/si\/#\/schema\/person\/601cf3379633985b20f7e50f2bb47707","name":"hudo","image":{"@type":"ImageObject","inLanguage":"sl-SI","@id":"https:\/\/hudo.com\/si\/#\/schema\/person\/image\/","url":"https:\/\/secure.gravatar.com\/avatar\/c4ca25fa72cace7a696b52ff5db9e095?s=96&d=mm&r=g","contentUrl":"https:\/\/secure.gravatar.com\/avatar\/c4ca25fa72cace7a696b52ff5db9e095?s=96&d=mm&r=g","caption":"hudo"},"url":"https:\/\/hudo.com\/si\/author\/hudo\/"}]}},"amp_enabled":true,"_links":{"self":[{"href":"https:\/\/hudo.com\/si\/wp-json\/wp\/v2\/posts\/100615"}],"collection":[{"href":"https:\/\/hudo.com\/si\/wp-json\/wp\/v2\/posts"}],"about":[{"href":"https:\/\/hudo.com\/si\/wp-json\/wp\/v2\/types\/post"}],"author":[{"embeddable":true,"href":"https:\/\/hudo.com\/si\/wp-json\/wp\/v2\/users\/1"}],"replies":[{"embeddable":true,"href":"https:\/\/hudo.com\/si\/wp-json\/wp\/v2\/comments?post=100615"}],"version-history":[{"count":1,"href":"https:\/\/hudo.com\/si\/wp-json\/wp\/v2\/posts\/100615\/revisions"}],"predecessor-version":[{"id":100780,"href":"https:\/\/hudo.com\/si\/wp-json\/wp\/v2\/posts\/100615\/revisions\/100780"}],"wp:attachment":[{"href":"https:\/\/hudo.com\/si\/wp-json\/wp\/v2\/media?parent=100615"}],"wp:term":[{"taxonomy":"category","embeddable":true,"href":"https:\/\/hudo.com\/si\/wp-json\/wp\/v2\/categories?post=100615"},{"taxonomy":"post_tag","embeddable":true,"href":"https:\/\/hudo.com\/si\/wp-json\/wp\/v2\/tags?post=100615"},{"taxonomy":"source","embeddable":true,"href":"https:\/\/hudo.com\/si\/wp-json\/wp\/v2\/source?post=100615"},{"taxonomy":"supertag","embeddable":true,"href":"https:\/\/hudo.com\/si\/wp-json\/wp\/v2\/supertag?post=100615"}],"curies":[{"name":"wp","href":"https:\/\/api.w.org\/{rel}","templated":true}]}}