{"id":100744,"date":"2016-07-24T22:00:00","date_gmt":"2016-07-24T20:00:00","guid":{"rendered":"http:\/\/hudo.com\/si\/2016\/07\/24\/malajska-blaznost-in-ne-terorizem-v-munchnu\/"},"modified":"2016-07-25T20:21:08","modified_gmt":"2016-07-25T18:21:08","slug":"malajska-blaznost-in-ne-terorizem-v-munchnu","status":"publish","type":"post","link":"https:\/\/hudo.com\/si\/aktualno\/malajska-blaznost-in-ne-terorizem-v-munchnu\/","title":{"rendered":"Malajska blaznost in ne terorizem v M\u00fcnchnu"},"content":{"rendered":"<p>Osemnajstletnik, ki je v petek v strelskem pohodu v M\u00fcnchnu ubil devet ljudi, je imel psihi\u010dne te\u017eave, te\u017eave naj bi bil imel tudi v \u0161oli, kjer naj bi bil \u017ertev mobinga, je poro\u010dala nem\u0161ka tiskovna agencija DPA. \u0160e 16 ljudi, tudi otroke, je ranil, od tega tri huje, po morilskem pohodu pa si je sodil sam. Po ugotovitvah policije ni bil povezan s skrajno skupino Islamska dr\u017eava, torej v tem smislu ni \u0161lo za teroristi\u010dni napad, ki bi sledil tistemu pred dobrim tednom v Nici in divjanju afganistanskega najstnika po vlaku na Bavarskem nekaj dni prej, ko je s sekiro in no\u017eem ranil pet ljudi. Zadnjo psihiatri\u010dno obravnavo naj bi bil m\u00fcnchenski strelec imel junija letos. Morilski strelski pohod, ki ga je izvedel, se sicer imenuje tudi malajska blaznost oziroma amok. Strah in panika Poli cija je \u0161ele v soboto zgodaj zjutraj ovrgla ugibanja, da naj bi bili v restavraciji McDonald\u2018s in bli\u017enjem nakupovalnem sredi\u0161\u010du Olympia streljali &#8220;najve\u010d trije napadalci&#8221;, ki naj bi jim bilo s kraja zlo\u010dina uspelo pobegniti proti postaji podzemne \u017eeleznice. Te informacije so v petek zve\u010der me\u0161\u010danom v bavarski prestolnici po\u0161teno nagnale strah v kosti. Da je m\u00fcnchenska policija v petek med 18. in 24. uro zabele\u017eila ve\u010d kot 4300 klicev na pomo\u010d, kar je \u0161tirikrat ve\u010d kot na obi\u010dajen dan, je zgovorna ilustracija opisane panike. Napadalec samotar David Ali Sonboly, iranskega rodu, naj bi bil rojen v M\u00fcnchnu, kjer je tudi odra\u0161\u010dal. Bil naj bi &#8220;obseden&#8221; z mno\u017ei\u010dnimi poboji in je \u017eivel s star\u0161i v stanovanju blizu nakupovalnega centra, kjer je izvedel napad. Njegov o\u010de je voznik taksija, mati dela v trgovini, je poro\u010dala Slovenska tiskovna agencija (STA). Po napadu se je ustrelil sam, je \u0161e sporo\u010dila policija in zanikala navedbe, da so ga policisti ustrelili med zasledovanjem. Pri sebi je imel strelec \u0161e 300 nabojev, zato bi lahko bile posledice napada \u0161e huj\u0161e. Duel kri\u010danja z bageristom Huj\u0161e bi bile tudi, \u010de se ne bi napadalec na ravni strehi nakupovalnega sredi\u0161\u010da vsaj za dve minuti zapletel v p<\/p>\n","protected":false},"excerpt":{"rendered":"<p>Osemnajstletnik, ki je v petek v strelskem pohodu v M\u00fcnchnu ubil devet ljudi, je imel psihi\u010dne te\u017eave, te\u017eave naj bi bil imel tudi v \u0161oli, kjer naj bi bil \u017ertev mobinga, je poro\u010dala nem\u0161ka tiskovna agencija DPA. \u0160e 16 ljudi, tudi otroke, je ranil, od tega tri huje, po morilskem pohodu pa si je sodil sam. Po ugotovitvah policije ni bil povezan s skrajno skupino Islamska dr\u017eava, torej v tem smislu ni \u0161lo za teroristi\u010dni napad, ki bi sledil tistemu pred dobrim tednom v Nici in divjanju afganistanskega najstnika po vlaku na Bavarskem nekaj dni prej, ko je s sekiro in no\u017eem ranil pet ljudi. Zadnjo psihiatri\u010dno obravnavo naj bi bil m\u00fcnchenski strelec imel junija letos. Morilski strelski pohod, ki ga je izvedel, se sicer imenuje tudi malajska blaznost oziroma amok. Strah in panika Poli cija je \u0161ele v soboto zgodaj zjutraj ovrgla ugibanja, da naj bi bili v restavraciji McDonald\u2018s in bli\u017enjem nakupovalnem sredi\u0161\u010du Olympia streljali &#8220;najve\u010d trije napadalci&#8221;, ki naj bi jim bilo s kraja zlo\u010dina uspelo pobegniti proti postaji podzemne \u017eeleznice. Te informacije so v petek zve\u010der me\u0161\u010danom v bavarski prestolnici po\u0161teno nagnale strah v kosti. Da je m\u00fcnchenska policija v petek med 18. in 24. uro zabele\u017eila ve\u010d kot 4300 klicev na pomo\u010d, kar je \u0161tirikrat ve\u010d kot na obi\u010dajen dan, je zgovorna ilustracija opisane panike. Napadalec samotar David Ali Sonboly, iranskega rodu, naj bi bil rojen v M\u00fcnchnu, kjer je tudi odra\u0161\u010dal. Bil naj bi &#8220;obseden&#8221; z mno\u017ei\u010dnimi poboji in je \u017eivel s star\u0161i v stanovanju blizu nakupovalnega centra, kjer je izvedel napad. Njegov o\u010de je voznik taksija, mati dela v trgovini, je poro\u010dala Slovenska tiskovna agencija (STA). Po napadu se je ustrelil sam, je \u0161e sporo\u010dila policija in zanikala navedbe, da so ga policisti ustrelili med zasledovanjem. Pri sebi je imel strelec \u0161e 300 nabojev, zato bi lahko bile posledice napada \u0161e huj\u0161e. Duel kri\u010danja z bageristom Huj\u0161e bi bile tudi, \u010de se ne bi napadalec na ravni strehi nakupovalnega sredi\u0161\u010da vsaj za dve minuti zapletel v p<\/p>\n","protected":false},"author":1,"featured_media":0,"comment_status":"closed","ping_status":"closed","sticky":false,"template":"","format":"standard","meta":{"footnotes":""},"categories":[1179],"tags":[],"source":[1711],"supertag":[],"acf":[],"yoast_head":"<!-- This site is optimized with the Yoast SEO plugin v21.3 - https:\/\/yoast.com\/wordpress\/plugins\/seo\/ -->\n<title>Malajska blaznost in ne terorizem v M\u00fcnchnu - Hudo Slovenija<\/title>\n<meta name=\"robots\" content=\"index, follow, max-snippet:-1, max-image-preview:large, max-video-preview:-1\" \/>\n<link rel=\"canonical\" href=\"https:\/\/hudo.com\/si\/aktualno\/malajska-blaznost-in-ne-terorizem-v-munchnu\/\" \/>\n<meta property=\"og:locale\" content=\"sl_SI\" \/>\n<meta property=\"og:type\" content=\"article\" \/>\n<meta property=\"og:title\" content=\"Malajska blaznost in ne terorizem v M\u00fcnchnu - Hudo Slovenija\" \/>\n<meta property=\"og:description\" content=\"Osemnajstletnik, ki je v petek v strelskem pohodu v M\u00fcnchnu ubil devet ljudi, je imel psihi\u010dne te\u017eave, te\u017eave naj bi bil imel tudi v \u0161oli, kjer naj bi bil \u017ertev mobinga, je poro\u010dala nem\u0161ka tiskovna agencija DPA. \u0160e 16 ljudi, tudi otroke, je ranil, od tega tri huje, po morilskem pohodu pa si je sodil sam. Po ugotovitvah policije ni bil povezan s skrajno skupino Islamska dr\u017eava, torej v tem smislu ni \u0161lo za teroristi\u010dni napad, ki bi sledil tistemu pred dobrim tednom v Nici in divjanju afganistanskega najstnika po vlaku na Bavarskem nekaj dni prej, ko je s sekiro in no\u017eem ranil pet ljudi. Zadnjo psihiatri\u010dno obravnavo naj bi bil m\u00fcnchenski strelec imel junija letos. Morilski strelski pohod, ki ga je izvedel, se sicer imenuje tudi malajska blaznost oziroma amok. Strah in panika Poli cija je \u0161ele v soboto zgodaj zjutraj ovrgla ugibanja, da naj bi bili v restavraciji McDonald\u2018s in bli\u017enjem nakupovalnem sredi\u0161\u010du Olympia streljali &quot;najve\u010d trije napadalci&quot;, ki naj bi jim bilo s kraja zlo\u010dina uspelo pobegniti proti postaji podzemne \u017eeleznice. Te informacije so v petek zve\u010der me\u0161\u010danom v bavarski prestolnici po\u0161teno nagnale strah v kosti. Da je m\u00fcnchenska policija v petek med 18. in 24. uro zabele\u017eila ve\u010d kot 4300 klicev na pomo\u010d, kar je \u0161tirikrat ve\u010d kot na obi\u010dajen dan, je zgovorna ilustracija opisane panike. Napadalec samotar David Ali Sonboly, iranskega rodu, naj bi bil rojen v M\u00fcnchnu, kjer je tudi odra\u0161\u010dal. Bil naj bi &quot;obseden&quot; z mno\u017ei\u010dnimi poboji in je \u017eivel s star\u0161i v stanovanju blizu nakupovalnega centra, kjer je izvedel napad. Njegov o\u010de je voznik taksija, mati dela v trgovini, je poro\u010dala Slovenska tiskovna agencija (STA). Po napadu se je ustrelil sam, je \u0161e sporo\u010dila policija in zanikala navedbe, da so ga policisti ustrelili med zasledovanjem. Pri sebi je imel strelec \u0161e 300 nabojev, zato bi lahko bile posledice napada \u0161e huj\u0161e. Duel kri\u010danja z bageristom Huj\u0161e bi bile tudi, \u010de se ne bi napadalec na ravni strehi nakupovalnega sredi\u0161\u010da vsaj za dve minuti zapletel v p\" \/>\n<meta property=\"og:url\" content=\"https:\/\/hudo.com\/si\/aktualno\/malajska-blaznost-in-ne-terorizem-v-munchnu\/\" \/>\n<meta property=\"og:site_name\" content=\"Hudo Slovenija\" \/>\n<meta property=\"article:publisher\" content=\"https:\/\/www.facebook.com\/hudo.si\" \/>\n<meta property=\"article:published_time\" content=\"2016-07-24T20:00:00+00:00\" \/>\n<meta property=\"article:modified_time\" content=\"2016-07-25T18:21:08+00:00\" \/>\n<meta property=\"og:image\" content=\"https:\/\/hudo.com\/si\/wp-content\/uploads\/sites\/2\/2016\/07\/05437358-300.jpg\" \/>\n\t<meta property=\"og:image:width\" content=\"450\" \/>\n\t<meta property=\"og:image:height\" content=\"299\" \/>\n\t<meta property=\"og:image:type\" content=\"image\/jpeg\" \/>\n<meta name=\"author\" content=\"hudo\" \/>\n<meta name=\"twitter:card\" content=\"summary_large_image\" \/>\n<meta name=\"twitter:creator\" content=\"@hudo_si\" \/>\n<meta name=\"twitter:site\" content=\"@hudo_si\" \/>\n<meta name=\"twitter:label1\" content=\"Written by\" \/>\n\t<meta name=\"twitter:data1\" content=\"hudo\" \/>\n\t<meta name=\"twitter:label2\" content=\"Est. reading time\" \/>\n\t<meta name=\"twitter:data2\" content=\"2 minuti\" \/>\n<script type=\"application\/ld+json\" class=\"yoast-schema-graph\">{\"@context\":\"https:\/\/schema.org\",\"@graph\":[{\"@type\":\"Article\",\"@id\":\"https:\/\/hudo.com\/si\/aktualno\/malajska-blaznost-in-ne-terorizem-v-munchnu\/#article\",\"isPartOf\":{\"@id\":\"https:\/\/hudo.com\/si\/aktualno\/malajska-blaznost-in-ne-terorizem-v-munchnu\/\"},\"author\":{\"name\":\"hudo\",\"@id\":\"https:\/\/hudo.com\/si\/#\/schema\/person\/601cf3379633985b20f7e50f2bb47707\"},\"headline\":\"Malajska blaznost in ne terorizem v M\u00fcnchnu\",\"datePublished\":\"2016-07-24T20:00:00+00:00\",\"dateModified\":\"2016-07-25T18:21:08+00:00\",\"mainEntityOfPage\":{\"@id\":\"https:\/\/hudo.com\/si\/aktualno\/malajska-blaznost-in-ne-terorizem-v-munchnu\/\"},\"wordCount\":370,\"publisher\":{\"@id\":\"https:\/\/hudo.com\/si\/#organization\"},\"articleSection\":[\"Aktualno\"],\"inLanguage\":\"sl-SI\"},{\"@type\":\"WebPage\",\"@id\":\"https:\/\/hudo.com\/si\/aktualno\/malajska-blaznost-in-ne-terorizem-v-munchnu\/\",\"url\":\"https:\/\/hudo.com\/si\/aktualno\/malajska-blaznost-in-ne-terorizem-v-munchnu\/\",\"name\":\"Malajska blaznost in ne terorizem v M\u00fcnchnu - Hudo Slovenija\",\"isPartOf\":{\"@id\":\"https:\/\/hudo.com\/si\/#website\"},\"datePublished\":\"2016-07-24T20:00:00+00:00\",\"dateModified\":\"2016-07-25T18:21:08+00:00\",\"breadcrumb\":{\"@id\":\"https:\/\/hudo.com\/si\/aktualno\/malajska-blaznost-in-ne-terorizem-v-munchnu\/#breadcrumb\"},\"inLanguage\":\"sl-SI\",\"potentialAction\":[{\"@type\":\"ReadAction\",\"target\":[\"https:\/\/hudo.com\/si\/aktualno\/malajska-blaznost-in-ne-terorizem-v-munchnu\/\"]}]},{\"@type\":\"BreadcrumbList\",\"@id\":\"https:\/\/hudo.com\/si\/aktualno\/malajska-blaznost-in-ne-terorizem-v-munchnu\/#breadcrumb\",\"itemListElement\":[{\"@type\":\"ListItem\",\"position\":1,\"name\":\"Home\",\"item\":\"https:\/\/hudo.com\/si\/\"},{\"@type\":\"ListItem\",\"position\":2,\"name\":\"Malajska blaznost in ne terorizem v M\u00fcnchnu\"}]},{\"@type\":\"WebSite\",\"@id\":\"https:\/\/hudo.com\/si\/#website\",\"url\":\"https:\/\/hudo.com\/si\/\",\"name\":\"Hudo Slovenija\",\"description\":\"Vse novice iz Slovenije in sveta\",\"publisher\":{\"@id\":\"https:\/\/hudo.com\/si\/#organization\"},\"potentialAction\":[{\"@type\":\"SearchAction\",\"target\":{\"@type\":\"EntryPoint\",\"urlTemplate\":\"https:\/\/hudo.com\/si\/?s={search_term_string}\"},\"query-input\":\"required name=search_term_string\"}],\"inLanguage\":\"sl-SI\"},{\"@type\":\"Organization\",\"@id\":\"https:\/\/hudo.com\/si\/#organization\",\"name\":\"VSN Media\",\"url\":\"https:\/\/hudo.com\/si\/\",\"logo\":{\"@type\":\"ImageObject\",\"inLanguage\":\"sl-SI\",\"@id\":\"https:\/\/hudo.com\/si\/#\/schema\/logo\/image\/\",\"url\":\"https:\/\/hudo.com\/si\/wp-content\/uploads\/sites\/2\/2021\/03\/hudo-app-2.png\",\"contentUrl\":\"https:\/\/hudo.com\/si\/wp-content\/uploads\/sites\/2\/2021\/03\/hudo-app-2.png\",\"width\":2185,\"height\":2167,\"caption\":\"VSN Media\"},\"image\":{\"@id\":\"https:\/\/hudo.com\/si\/#\/schema\/logo\/image\/\"},\"sameAs\":[\"https:\/\/www.facebook.com\/hudo.si\",\"https:\/\/twitter.com\/hudo_si\"]},{\"@type\":\"Person\",\"@id\":\"https:\/\/hudo.com\/si\/#\/schema\/person\/601cf3379633985b20f7e50f2bb47707\",\"name\":\"hudo\",\"image\":{\"@type\":\"ImageObject\",\"inLanguage\":\"sl-SI\",\"@id\":\"https:\/\/hudo.com\/si\/#\/schema\/person\/image\/\",\"url\":\"https:\/\/secure.gravatar.com\/avatar\/c4ca25fa72cace7a696b52ff5db9e095?s=96&d=mm&r=g\",\"contentUrl\":\"https:\/\/secure.gravatar.com\/avatar\/c4ca25fa72cace7a696b52ff5db9e095?s=96&d=mm&r=g\",\"caption\":\"hudo\"},\"url\":\"https:\/\/hudo.com\/si\/author\/hudo\/\"}]}<\/script>\n<!-- \/ Yoast SEO plugin. -->","yoast_head_json":{"title":"Malajska blaznost in ne terorizem v M\u00fcnchnu - Hudo Slovenija","robots":{"index":"index","follow":"follow","max-snippet":"max-snippet:-1","max-image-preview":"max-image-preview:large","max-video-preview":"max-video-preview:-1"},"canonical":"https:\/\/hudo.com\/si\/aktualno\/malajska-blaznost-in-ne-terorizem-v-munchnu\/","og_locale":"sl_SI","og_type":"article","og_title":"Malajska blaznost in ne terorizem v M\u00fcnchnu - Hudo Slovenija","og_description":"Osemnajstletnik, ki je v petek v strelskem pohodu v M\u00fcnchnu ubil devet ljudi, je imel psihi\u010dne te\u017eave, te\u017eave naj bi bil imel tudi v \u0161oli, kjer naj bi bil \u017ertev mobinga, je poro\u010dala nem\u0161ka tiskovna agencija DPA. \u0160e 16 ljudi, tudi otroke, je ranil, od tega tri huje, po morilskem pohodu pa si je sodil sam. Po ugotovitvah policije ni bil povezan s skrajno skupino Islamska dr\u017eava, torej v tem smislu ni \u0161lo za teroristi\u010dni napad, ki bi sledil tistemu pred dobrim tednom v Nici in divjanju afganistanskega najstnika po vlaku na Bavarskem nekaj dni prej, ko je s sekiro in no\u017eem ranil pet ljudi. Zadnjo psihiatri\u010dno obravnavo naj bi bil m\u00fcnchenski strelec imel junija letos. Morilski strelski pohod, ki ga je izvedel, se sicer imenuje tudi malajska blaznost oziroma amok. Strah in panika Poli cija je \u0161ele v soboto zgodaj zjutraj ovrgla ugibanja, da naj bi bili v restavraciji McDonald\u2018s in bli\u017enjem nakupovalnem sredi\u0161\u010du Olympia streljali \"najve\u010d trije napadalci\", ki naj bi jim bilo s kraja zlo\u010dina uspelo pobegniti proti postaji podzemne \u017eeleznice. Te informacije so v petek zve\u010der me\u0161\u010danom v bavarski prestolnici po\u0161teno nagnale strah v kosti. Da je m\u00fcnchenska policija v petek med 18. in 24. uro zabele\u017eila ve\u010d kot 4300 klicev na pomo\u010d, kar je \u0161tirikrat ve\u010d kot na obi\u010dajen dan, je zgovorna ilustracija opisane panike. Napadalec samotar David Ali Sonboly, iranskega rodu, naj bi bil rojen v M\u00fcnchnu, kjer je tudi odra\u0161\u010dal. Bil naj bi \"obseden\" z mno\u017ei\u010dnimi poboji in je \u017eivel s star\u0161i v stanovanju blizu nakupovalnega centra, kjer je izvedel napad. Njegov o\u010de je voznik taksija, mati dela v trgovini, je poro\u010dala Slovenska tiskovna agencija (STA). Po napadu se je ustrelil sam, je \u0161e sporo\u010dila policija in zanikala navedbe, da so ga policisti ustrelili med zasledovanjem. Pri sebi je imel strelec \u0161e 300 nabojev, zato bi lahko bile posledice napada \u0161e huj\u0161e. Duel kri\u010danja z bageristom Huj\u0161e bi bile tudi, \u010de se ne bi napadalec na ravni strehi nakupovalnega sredi\u0161\u010da vsaj za dve minuti zapletel v p","og_url":"https:\/\/hudo.com\/si\/aktualno\/malajska-blaznost-in-ne-terorizem-v-munchnu\/","og_site_name":"Hudo Slovenija","article_publisher":"https:\/\/www.facebook.com\/hudo.si","article_published_time":"2016-07-24T20:00:00+00:00","article_modified_time":"2016-07-25T18:21:08+00:00","og_image":[{"width":450,"height":299,"url":"https:\/\/hudo.com\/si\/wp-content\/uploads\/sites\/2\/2016\/07\/05437358-300.jpg","type":"image\/jpeg"}],"author":"hudo","twitter_card":"summary_large_image","twitter_creator":"@hudo_si","twitter_site":"@hudo_si","twitter_misc":{"Written by":"hudo","Est. reading time":"2 minuti"},"schema":{"@context":"https:\/\/schema.org","@graph":[{"@type":"Article","@id":"https:\/\/hudo.com\/si\/aktualno\/malajska-blaznost-in-ne-terorizem-v-munchnu\/#article","isPartOf":{"@id":"https:\/\/hudo.com\/si\/aktualno\/malajska-blaznost-in-ne-terorizem-v-munchnu\/"},"author":{"name":"hudo","@id":"https:\/\/hudo.com\/si\/#\/schema\/person\/601cf3379633985b20f7e50f2bb47707"},"headline":"Malajska blaznost in ne terorizem v M\u00fcnchnu","datePublished":"2016-07-24T20:00:00+00:00","dateModified":"2016-07-25T18:21:08+00:00","mainEntityOfPage":{"@id":"https:\/\/hudo.com\/si\/aktualno\/malajska-blaznost-in-ne-terorizem-v-munchnu\/"},"wordCount":370,"publisher":{"@id":"https:\/\/hudo.com\/si\/#organization"},"articleSection":["Aktualno"],"inLanguage":"sl-SI"},{"@type":"WebPage","@id":"https:\/\/hudo.com\/si\/aktualno\/malajska-blaznost-in-ne-terorizem-v-munchnu\/","url":"https:\/\/hudo.com\/si\/aktualno\/malajska-blaznost-in-ne-terorizem-v-munchnu\/","name":"Malajska blaznost in ne terorizem v M\u00fcnchnu - Hudo Slovenija","isPartOf":{"@id":"https:\/\/hudo.com\/si\/#website"},"datePublished":"2016-07-24T20:00:00+00:00","dateModified":"2016-07-25T18:21:08+00:00","breadcrumb":{"@id":"https:\/\/hudo.com\/si\/aktualno\/malajska-blaznost-in-ne-terorizem-v-munchnu\/#breadcrumb"},"inLanguage":"sl-SI","potentialAction":[{"@type":"ReadAction","target":["https:\/\/hudo.com\/si\/aktualno\/malajska-blaznost-in-ne-terorizem-v-munchnu\/"]}]},{"@type":"BreadcrumbList","@id":"https:\/\/hudo.com\/si\/aktualno\/malajska-blaznost-in-ne-terorizem-v-munchnu\/#breadcrumb","itemListElement":[{"@type":"ListItem","position":1,"name":"Home","item":"https:\/\/hudo.com\/si\/"},{"@type":"ListItem","position":2,"name":"Malajska blaznost in ne terorizem v M\u00fcnchnu"}]},{"@type":"WebSite","@id":"https:\/\/hudo.com\/si\/#website","url":"https:\/\/hudo.com\/si\/","name":"Hudo Slovenija","description":"Vse novice iz Slovenije in sveta","publisher":{"@id":"https:\/\/hudo.com\/si\/#organization"},"potentialAction":[{"@type":"SearchAction","target":{"@type":"EntryPoint","urlTemplate":"https:\/\/hudo.com\/si\/?s={search_term_string}"},"query-input":"required name=search_term_string"}],"inLanguage":"sl-SI"},{"@type":"Organization","@id":"https:\/\/hudo.com\/si\/#organization","name":"VSN Media","url":"https:\/\/hudo.com\/si\/","logo":{"@type":"ImageObject","inLanguage":"sl-SI","@id":"https:\/\/hudo.com\/si\/#\/schema\/logo\/image\/","url":"https:\/\/hudo.com\/si\/wp-content\/uploads\/sites\/2\/2021\/03\/hudo-app-2.png","contentUrl":"https:\/\/hudo.com\/si\/wp-content\/uploads\/sites\/2\/2021\/03\/hudo-app-2.png","width":2185,"height":2167,"caption":"VSN Media"},"image":{"@id":"https:\/\/hudo.com\/si\/#\/schema\/logo\/image\/"},"sameAs":["https:\/\/www.facebook.com\/hudo.si","https:\/\/twitter.com\/hudo_si"]},{"@type":"Person","@id":"https:\/\/hudo.com\/si\/#\/schema\/person\/601cf3379633985b20f7e50f2bb47707","name":"hudo","image":{"@type":"ImageObject","inLanguage":"sl-SI","@id":"https:\/\/hudo.com\/si\/#\/schema\/person\/image\/","url":"https:\/\/secure.gravatar.com\/avatar\/c4ca25fa72cace7a696b52ff5db9e095?s=96&d=mm&r=g","contentUrl":"https:\/\/secure.gravatar.com\/avatar\/c4ca25fa72cace7a696b52ff5db9e095?s=96&d=mm&r=g","caption":"hudo"},"url":"https:\/\/hudo.com\/si\/author\/hudo\/"}]}},"amp_enabled":true,"_links":{"self":[{"href":"https:\/\/hudo.com\/si\/wp-json\/wp\/v2\/posts\/100744"}],"collection":[{"href":"https:\/\/hudo.com\/si\/wp-json\/wp\/v2\/posts"}],"about":[{"href":"https:\/\/hudo.com\/si\/wp-json\/wp\/v2\/types\/post"}],"author":[{"embeddable":true,"href":"https:\/\/hudo.com\/si\/wp-json\/wp\/v2\/users\/1"}],"replies":[{"embeddable":true,"href":"https:\/\/hudo.com\/si\/wp-json\/wp\/v2\/comments?post=100744"}],"version-history":[{"count":1,"href":"https:\/\/hudo.com\/si\/wp-json\/wp\/v2\/posts\/100744\/revisions"}],"predecessor-version":[{"id":100913,"href":"https:\/\/hudo.com\/si\/wp-json\/wp\/v2\/posts\/100744\/revisions\/100913"}],"wp:attachment":[{"href":"https:\/\/hudo.com\/si\/wp-json\/wp\/v2\/media?parent=100744"}],"wp:term":[{"taxonomy":"category","embeddable":true,"href":"https:\/\/hudo.com\/si\/wp-json\/wp\/v2\/categories?post=100744"},{"taxonomy":"post_tag","embeddable":true,"href":"https:\/\/hudo.com\/si\/wp-json\/wp\/v2\/tags?post=100744"},{"taxonomy":"source","embeddable":true,"href":"https:\/\/hudo.com\/si\/wp-json\/wp\/v2\/source?post=100744"},{"taxonomy":"supertag","embeddable":true,"href":"https:\/\/hudo.com\/si\/wp-json\/wp\/v2\/supertag?post=100744"}],"curies":[{"name":"wp","href":"https:\/\/api.w.org\/{rel}","templated":true}]}}