{"id":100830,"date":"2016-07-25T05:13:00","date_gmt":"2016-07-25T03:13:00","guid":{"rendered":"http:\/\/hudo.com\/si\/2016\/07\/25\/12-ranjenih-v-samomorilskem-napadu-na-bavarskem\/"},"modified":"2016-07-25T05:13:00","modified_gmt":"2016-07-25T03:13:00","slug":"12-ranjenih-v-samomorilskem-napadu-na-bavarskem","status":"publish","type":"post","link":"https:\/\/hudo.com\/si\/aktualno\/12-ranjenih-v-samomorilskem-napadu-na-bavarskem\/","title":{"rendered":"12 ranjenih v samomorilskem napadu na Bavarskem"},"content":{"rendered":"<p>Kategorija: Evropa Mon, 25 Jul 2016 07:13:00 +0200  M\u00fcnchen &#8211; V baru v mestu Ansbach v nem\u0161ki zvezni de\u017eeli Bavarska, kjer je potekal glasbeni festival, se je v nedeljo zve\u010der razstrelil samomorilski napadalec. Pri tem je bilo po navedbah policije ranjenih 12 ljudi, med njimi so trije v kriti\u010dnem stanju. Policija \u0161e preiskuje, ali je \u0161lo za teroristi\u010dni napad, poro\u010dajo tuje tiskovne agencije. V baru se je v nedeljo okoli 22. ure razstrelil 27-letni Sirec, ki je v Nem\u010dijo pri\u0161el pred dvema letoma in so mu nem\u0161ke oblasti lani zavrnile pro\u0161njo za azil, a so mu zaradi nestabilnih razmer v njegovi domovini dovolile za\u010dasno ostati v Nem\u010diji. Po podatkih policije je mo\u0161ki \u017ee dvakrat sku\u0161al narediti samomor in je bil tudi \u017ee na psihiatri\u010dnem zdravljenju. Mo\u0161ki, ki je na sebi nosil nahrbtnik, je po besedah bavarskega notranjega ministra Joachima Herrmanna\u00a0&#8230;<\/p>\n","protected":false},"excerpt":{"rendered":"<p>Kategorija: Evropa Mon, 25 Jul 2016 07:13:00 +0200  M\u00fcnchen &#8211; V baru v mestu Ansbach v nem\u0161ki zvezni de\u017eeli Bavarska, kjer je potekal glasbeni festival, se je v nedeljo zve\u010der razstrelil samomorilski napadalec. Pri tem je bilo po navedbah policije ranjenih 12 ljudi, med njimi so trije v kriti\u010dnem stanju. Policija \u0161e preiskuje, ali je \u0161lo za teroristi\u010dni napad, poro\u010dajo tuje tiskovne agencije. V baru se je v nedeljo okoli 22. ure razstrelil 27-letni Sirec, ki je v Nem\u010dijo pri\u0161el pred dvema letoma in so mu nem\u0161ke oblasti lani zavrnile pro\u0161njo za azil, a so mu zaradi nestabilnih razmer v njegovi domovini dovolile za\u010dasno ostati v Nem\u010diji. Po podatkih policije je mo\u0161ki \u017ee dvakrat sku\u0161al narediti samomor in je bil tudi \u017ee na psihiatri\u010dnem zdravljenju. Mo\u0161ki, ki je na sebi nosil nahrbtnik, je po besedah bavarskega notranjega ministra Joachima Herrmanna\u00a0&#8230;<\/p>\n","protected":false},"author":1,"featured_media":0,"comment_status":"closed","ping_status":"closed","sticky":false,"template":"","format":"standard","meta":{"footnotes":""},"categories":[1179],"tags":[],"source":[4511],"supertag":[],"acf":[],"yoast_head":"<!-- This site is optimized with the Yoast SEO plugin v21.3 - https:\/\/yoast.com\/wordpress\/plugins\/seo\/ -->\n<title>12 ranjenih v samomorilskem napadu na Bavarskem - Hudo Slovenija<\/title>\n<meta name=\"robots\" content=\"index, follow, max-snippet:-1, max-image-preview:large, max-video-preview:-1\" \/>\n<link rel=\"canonical\" href=\"https:\/\/hudo.com\/si\/aktualno\/12-ranjenih-v-samomorilskem-napadu-na-bavarskem\/\" \/>\n<meta property=\"og:locale\" content=\"sl_SI\" \/>\n<meta property=\"og:type\" content=\"article\" \/>\n<meta property=\"og:title\" content=\"12 ranjenih v samomorilskem napadu na Bavarskem - Hudo Slovenija\" \/>\n<meta property=\"og:description\" content=\"Kategorija: Evropa Mon, 25 Jul 2016 07:13:00 +0200 M\u00fcnchen - V baru v mestu Ansbach v nem\u0161ki zvezni de\u017eeli Bavarska, kjer je potekal glasbeni festival, se je v nedeljo zve\u010der razstrelil samomorilski napadalec. Pri tem je bilo po navedbah policije ranjenih 12 ljudi, med njimi so trije v kriti\u010dnem stanju. Policija \u0161e preiskuje, ali je \u0161lo za teroristi\u010dni napad, poro\u010dajo tuje tiskovne agencije. V baru se je v nedeljo okoli 22. ure razstrelil 27-letni Sirec, ki je v Nem\u010dijo pri\u0161el pred dvema letoma in so mu nem\u0161ke oblasti lani zavrnile pro\u0161njo za azil, a so mu zaradi nestabilnih razmer v njegovi domovini dovolile za\u010dasno ostati v Nem\u010diji. Po podatkih policije je mo\u0161ki \u017ee dvakrat sku\u0161al narediti samomor in je bil tudi \u017ee na psihiatri\u010dnem zdravljenju. Mo\u0161ki, ki je na sebi nosil nahrbtnik, je po besedah bavarskega notranjega ministra Joachima Herrmanna\u00a0...\" \/>\n<meta property=\"og:url\" content=\"https:\/\/hudo.com\/si\/aktualno\/12-ranjenih-v-samomorilskem-napadu-na-bavarskem\/\" \/>\n<meta property=\"og:site_name\" content=\"Hudo Slovenija\" \/>\n<meta property=\"article:publisher\" content=\"https:\/\/www.facebook.com\/hudo.si\" \/>\n<meta property=\"article:published_time\" content=\"2016-07-25T03:13:00+00:00\" \/>\n<meta property=\"og:image\" content=\"https:\/\/hudo.com\/si\/wp-content\/uploads\/sites\/2\/2016\/07\/480x290_Reuters_Pictures-20160725051341-15888700.jpeg\" \/>\n\t<meta property=\"og:image:width\" content=\"480\" \/>\n\t<meta property=\"og:image:height\" content=\"290\" \/>\n\t<meta property=\"og:image:type\" content=\"image\/jpeg\" \/>\n<meta name=\"author\" content=\"hudo\" \/>\n<meta name=\"twitter:card\" content=\"summary_large_image\" \/>\n<meta name=\"twitter:creator\" content=\"@hudo_si\" \/>\n<meta name=\"twitter:site\" content=\"@hudo_si\" \/>\n<meta name=\"twitter:label1\" content=\"Written by\" \/>\n\t<meta name=\"twitter:data1\" content=\"hudo\" \/>\n\t<meta name=\"twitter:label2\" content=\"Est. reading time\" \/>\n\t<meta name=\"twitter:data2\" content=\"1 minuta\" \/>\n<script type=\"application\/ld+json\" class=\"yoast-schema-graph\">{\"@context\":\"https:\/\/schema.org\",\"@graph\":[{\"@type\":\"Article\",\"@id\":\"https:\/\/hudo.com\/si\/aktualno\/12-ranjenih-v-samomorilskem-napadu-na-bavarskem\/#article\",\"isPartOf\":{\"@id\":\"https:\/\/hudo.com\/si\/aktualno\/12-ranjenih-v-samomorilskem-napadu-na-bavarskem\/\"},\"author\":{\"name\":\"hudo\",\"@id\":\"https:\/\/hudo.com\/si\/#\/schema\/person\/601cf3379633985b20f7e50f2bb47707\"},\"headline\":\"12 ranjenih v samomorilskem napadu na Bavarskem\",\"datePublished\":\"2016-07-25T03:13:00+00:00\",\"dateModified\":\"2016-07-25T03:13:00+00:00\",\"mainEntityOfPage\":{\"@id\":\"https:\/\/hudo.com\/si\/aktualno\/12-ranjenih-v-samomorilskem-napadu-na-bavarskem\/\"},\"wordCount\":157,\"publisher\":{\"@id\":\"https:\/\/hudo.com\/si\/#organization\"},\"articleSection\":[\"Aktualno\"],\"inLanguage\":\"sl-SI\"},{\"@type\":\"WebPage\",\"@id\":\"https:\/\/hudo.com\/si\/aktualno\/12-ranjenih-v-samomorilskem-napadu-na-bavarskem\/\",\"url\":\"https:\/\/hudo.com\/si\/aktualno\/12-ranjenih-v-samomorilskem-napadu-na-bavarskem\/\",\"name\":\"12 ranjenih v samomorilskem napadu na Bavarskem - Hudo Slovenija\",\"isPartOf\":{\"@id\":\"https:\/\/hudo.com\/si\/#website\"},\"datePublished\":\"2016-07-25T03:13:00+00:00\",\"dateModified\":\"2016-07-25T03:13:00+00:00\",\"breadcrumb\":{\"@id\":\"https:\/\/hudo.com\/si\/aktualno\/12-ranjenih-v-samomorilskem-napadu-na-bavarskem\/#breadcrumb\"},\"inLanguage\":\"sl-SI\",\"potentialAction\":[{\"@type\":\"ReadAction\",\"target\":[\"https:\/\/hudo.com\/si\/aktualno\/12-ranjenih-v-samomorilskem-napadu-na-bavarskem\/\"]}]},{\"@type\":\"BreadcrumbList\",\"@id\":\"https:\/\/hudo.com\/si\/aktualno\/12-ranjenih-v-samomorilskem-napadu-na-bavarskem\/#breadcrumb\",\"itemListElement\":[{\"@type\":\"ListItem\",\"position\":1,\"name\":\"Home\",\"item\":\"https:\/\/hudo.com\/si\/\"},{\"@type\":\"ListItem\",\"position\":2,\"name\":\"12 ranjenih v samomorilskem napadu na Bavarskem\"}]},{\"@type\":\"WebSite\",\"@id\":\"https:\/\/hudo.com\/si\/#website\",\"url\":\"https:\/\/hudo.com\/si\/\",\"name\":\"Hudo Slovenija\",\"description\":\"Vse novice iz Slovenije in sveta\",\"publisher\":{\"@id\":\"https:\/\/hudo.com\/si\/#organization\"},\"potentialAction\":[{\"@type\":\"SearchAction\",\"target\":{\"@type\":\"EntryPoint\",\"urlTemplate\":\"https:\/\/hudo.com\/si\/?s={search_term_string}\"},\"query-input\":\"required name=search_term_string\"}],\"inLanguage\":\"sl-SI\"},{\"@type\":\"Organization\",\"@id\":\"https:\/\/hudo.com\/si\/#organization\",\"name\":\"VSN Media\",\"url\":\"https:\/\/hudo.com\/si\/\",\"logo\":{\"@type\":\"ImageObject\",\"inLanguage\":\"sl-SI\",\"@id\":\"https:\/\/hudo.com\/si\/#\/schema\/logo\/image\/\",\"url\":\"https:\/\/hudo.com\/si\/wp-content\/uploads\/sites\/2\/2021\/03\/hudo-app-2.png\",\"contentUrl\":\"https:\/\/hudo.com\/si\/wp-content\/uploads\/sites\/2\/2021\/03\/hudo-app-2.png\",\"width\":2185,\"height\":2167,\"caption\":\"VSN Media\"},\"image\":{\"@id\":\"https:\/\/hudo.com\/si\/#\/schema\/logo\/image\/\"},\"sameAs\":[\"https:\/\/www.facebook.com\/hudo.si\",\"https:\/\/twitter.com\/hudo_si\"]},{\"@type\":\"Person\",\"@id\":\"https:\/\/hudo.com\/si\/#\/schema\/person\/601cf3379633985b20f7e50f2bb47707\",\"name\":\"hudo\",\"image\":{\"@type\":\"ImageObject\",\"inLanguage\":\"sl-SI\",\"@id\":\"https:\/\/hudo.com\/si\/#\/schema\/person\/image\/\",\"url\":\"https:\/\/secure.gravatar.com\/avatar\/c4ca25fa72cace7a696b52ff5db9e095?s=96&d=mm&r=g\",\"contentUrl\":\"https:\/\/secure.gravatar.com\/avatar\/c4ca25fa72cace7a696b52ff5db9e095?s=96&d=mm&r=g\",\"caption\":\"hudo\"},\"url\":\"https:\/\/hudo.com\/si\/author\/hudo\/\"}]}<\/script>\n<!-- \/ Yoast SEO plugin. -->","yoast_head_json":{"title":"12 ranjenih v samomorilskem napadu na Bavarskem - Hudo Slovenija","robots":{"index":"index","follow":"follow","max-snippet":"max-snippet:-1","max-image-preview":"max-image-preview:large","max-video-preview":"max-video-preview:-1"},"canonical":"https:\/\/hudo.com\/si\/aktualno\/12-ranjenih-v-samomorilskem-napadu-na-bavarskem\/","og_locale":"sl_SI","og_type":"article","og_title":"12 ranjenih v samomorilskem napadu na Bavarskem - Hudo Slovenija","og_description":"Kategorija: Evropa Mon, 25 Jul 2016 07:13:00 +0200 M\u00fcnchen - V baru v mestu Ansbach v nem\u0161ki zvezni de\u017eeli Bavarska, kjer je potekal glasbeni festival, se je v nedeljo zve\u010der razstrelil samomorilski napadalec. Pri tem je bilo po navedbah policije ranjenih 12 ljudi, med njimi so trije v kriti\u010dnem stanju. Policija \u0161e preiskuje, ali je \u0161lo za teroristi\u010dni napad, poro\u010dajo tuje tiskovne agencije. V baru se je v nedeljo okoli 22. ure razstrelil 27-letni Sirec, ki je v Nem\u010dijo pri\u0161el pred dvema letoma in so mu nem\u0161ke oblasti lani zavrnile pro\u0161njo za azil, a so mu zaradi nestabilnih razmer v njegovi domovini dovolile za\u010dasno ostati v Nem\u010diji. Po podatkih policije je mo\u0161ki \u017ee dvakrat sku\u0161al narediti samomor in je bil tudi \u017ee na psihiatri\u010dnem zdravljenju. Mo\u0161ki, ki je na sebi nosil nahrbtnik, je po besedah bavarskega notranjega ministra Joachima Herrmanna\u00a0...","og_url":"https:\/\/hudo.com\/si\/aktualno\/12-ranjenih-v-samomorilskem-napadu-na-bavarskem\/","og_site_name":"Hudo Slovenija","article_publisher":"https:\/\/www.facebook.com\/hudo.si","article_published_time":"2016-07-25T03:13:00+00:00","og_image":[{"width":480,"height":290,"url":"https:\/\/hudo.com\/si\/wp-content\/uploads\/sites\/2\/2016\/07\/480x290_Reuters_Pictures-20160725051341-15888700.jpeg","type":"image\/jpeg"}],"author":"hudo","twitter_card":"summary_large_image","twitter_creator":"@hudo_si","twitter_site":"@hudo_si","twitter_misc":{"Written by":"hudo","Est. reading time":"1 minuta"},"schema":{"@context":"https:\/\/schema.org","@graph":[{"@type":"Article","@id":"https:\/\/hudo.com\/si\/aktualno\/12-ranjenih-v-samomorilskem-napadu-na-bavarskem\/#article","isPartOf":{"@id":"https:\/\/hudo.com\/si\/aktualno\/12-ranjenih-v-samomorilskem-napadu-na-bavarskem\/"},"author":{"name":"hudo","@id":"https:\/\/hudo.com\/si\/#\/schema\/person\/601cf3379633985b20f7e50f2bb47707"},"headline":"12 ranjenih v samomorilskem napadu na Bavarskem","datePublished":"2016-07-25T03:13:00+00:00","dateModified":"2016-07-25T03:13:00+00:00","mainEntityOfPage":{"@id":"https:\/\/hudo.com\/si\/aktualno\/12-ranjenih-v-samomorilskem-napadu-na-bavarskem\/"},"wordCount":157,"publisher":{"@id":"https:\/\/hudo.com\/si\/#organization"},"articleSection":["Aktualno"],"inLanguage":"sl-SI"},{"@type":"WebPage","@id":"https:\/\/hudo.com\/si\/aktualno\/12-ranjenih-v-samomorilskem-napadu-na-bavarskem\/","url":"https:\/\/hudo.com\/si\/aktualno\/12-ranjenih-v-samomorilskem-napadu-na-bavarskem\/","name":"12 ranjenih v samomorilskem napadu na Bavarskem - Hudo Slovenija","isPartOf":{"@id":"https:\/\/hudo.com\/si\/#website"},"datePublished":"2016-07-25T03:13:00+00:00","dateModified":"2016-07-25T03:13:00+00:00","breadcrumb":{"@id":"https:\/\/hudo.com\/si\/aktualno\/12-ranjenih-v-samomorilskem-napadu-na-bavarskem\/#breadcrumb"},"inLanguage":"sl-SI","potentialAction":[{"@type":"ReadAction","target":["https:\/\/hudo.com\/si\/aktualno\/12-ranjenih-v-samomorilskem-napadu-na-bavarskem\/"]}]},{"@type":"BreadcrumbList","@id":"https:\/\/hudo.com\/si\/aktualno\/12-ranjenih-v-samomorilskem-napadu-na-bavarskem\/#breadcrumb","itemListElement":[{"@type":"ListItem","position":1,"name":"Home","item":"https:\/\/hudo.com\/si\/"},{"@type":"ListItem","position":2,"name":"12 ranjenih v samomorilskem napadu na Bavarskem"}]},{"@type":"WebSite","@id":"https:\/\/hudo.com\/si\/#website","url":"https:\/\/hudo.com\/si\/","name":"Hudo Slovenija","description":"Vse novice iz Slovenije in sveta","publisher":{"@id":"https:\/\/hudo.com\/si\/#organization"},"potentialAction":[{"@type":"SearchAction","target":{"@type":"EntryPoint","urlTemplate":"https:\/\/hudo.com\/si\/?s={search_term_string}"},"query-input":"required name=search_term_string"}],"inLanguage":"sl-SI"},{"@type":"Organization","@id":"https:\/\/hudo.com\/si\/#organization","name":"VSN Media","url":"https:\/\/hudo.com\/si\/","logo":{"@type":"ImageObject","inLanguage":"sl-SI","@id":"https:\/\/hudo.com\/si\/#\/schema\/logo\/image\/","url":"https:\/\/hudo.com\/si\/wp-content\/uploads\/sites\/2\/2021\/03\/hudo-app-2.png","contentUrl":"https:\/\/hudo.com\/si\/wp-content\/uploads\/sites\/2\/2021\/03\/hudo-app-2.png","width":2185,"height":2167,"caption":"VSN Media"},"image":{"@id":"https:\/\/hudo.com\/si\/#\/schema\/logo\/image\/"},"sameAs":["https:\/\/www.facebook.com\/hudo.si","https:\/\/twitter.com\/hudo_si"]},{"@type":"Person","@id":"https:\/\/hudo.com\/si\/#\/schema\/person\/601cf3379633985b20f7e50f2bb47707","name":"hudo","image":{"@type":"ImageObject","inLanguage":"sl-SI","@id":"https:\/\/hudo.com\/si\/#\/schema\/person\/image\/","url":"https:\/\/secure.gravatar.com\/avatar\/c4ca25fa72cace7a696b52ff5db9e095?s=96&d=mm&r=g","contentUrl":"https:\/\/secure.gravatar.com\/avatar\/c4ca25fa72cace7a696b52ff5db9e095?s=96&d=mm&r=g","caption":"hudo"},"url":"https:\/\/hudo.com\/si\/author\/hudo\/"}]}},"amp_enabled":true,"_links":{"self":[{"href":"https:\/\/hudo.com\/si\/wp-json\/wp\/v2\/posts\/100830"}],"collection":[{"href":"https:\/\/hudo.com\/si\/wp-json\/wp\/v2\/posts"}],"about":[{"href":"https:\/\/hudo.com\/si\/wp-json\/wp\/v2\/types\/post"}],"author":[{"embeddable":true,"href":"https:\/\/hudo.com\/si\/wp-json\/wp\/v2\/users\/1"}],"replies":[{"embeddable":true,"href":"https:\/\/hudo.com\/si\/wp-json\/wp\/v2\/comments?post=100830"}],"version-history":[{"count":0,"href":"https:\/\/hudo.com\/si\/wp-json\/wp\/v2\/posts\/100830\/revisions"}],"wp:attachment":[{"href":"https:\/\/hudo.com\/si\/wp-json\/wp\/v2\/media?parent=100830"}],"wp:term":[{"taxonomy":"category","embeddable":true,"href":"https:\/\/hudo.com\/si\/wp-json\/wp\/v2\/categories?post=100830"},{"taxonomy":"post_tag","embeddable":true,"href":"https:\/\/hudo.com\/si\/wp-json\/wp\/v2\/tags?post=100830"},{"taxonomy":"source","embeddable":true,"href":"https:\/\/hudo.com\/si\/wp-json\/wp\/v2\/source?post=100830"},{"taxonomy":"supertag","embeddable":true,"href":"https:\/\/hudo.com\/si\/wp-json\/wp\/v2\/supertag?post=100830"}],"curies":[{"name":"wp","href":"https:\/\/api.w.org\/{rel}","templated":true}]}}