{"id":100883,"date":"2016-07-25T03:00:08","date_gmt":"2016-07-25T01:00:08","guid":{"rendered":"http:\/\/hudo.com\/si\/2016\/07\/25\/v-avstriji-prepovedali-izobesanje-turskih-zastav\/"},"modified":"2016-07-26T05:47:58","modified_gmt":"2016-07-26T03:47:58","slug":"v-avstriji-prepovedali-izobesanje-turskih-zastav","status":"publish","type":"post","link":"https:\/\/hudo.com\/si\/aktualno\/v-avstriji-prepovedali-izobesanje-turskih-zastav\/","title":{"rendered":"V Avstriji prepovedali izobe\u0161anje tur\u0161kih zastav"},"content":{"rendered":"<p>\u017dupan avstrijskega mesta Wiener Neustadt okoli 60 kilometrov ju\u017eno od Dunaja je me\u0161\u010dane tur\u0161kega rodu pozval, naj nemudoma prenehajo izobe\u0161ati tur\u0161ke zastave po oknih in balkonih. Kot je poudaril, tuja politika ne sodi v mesto, poro\u010da francoska tiskovna agencija AFP. \u0160tevilni pripadniki tur\u0161ke skupnosti v mestu so rde\u010de zastave z belo zvezdo in polmesecem za\u010deli<\/p>\n","protected":false},"excerpt":{"rendered":"<p>\u017dupan avstrijskega mesta Wiener Neustadt okoli 60 kilometrov ju\u017eno od Dunaja je me\u0161\u010dane tur\u0161kega rodu pozval, naj nemudoma prenehajo izobe\u0161ati tur\u0161ke zastave po oknih in balkonih. Kot je poudaril, tuja politika ne sodi v mesto, poro\u010da francoska tiskovna agencija AFP. \u0160tevilni pripadniki tur\u0161ke skupnosti v mestu so rde\u010de zastave z belo zvezdo in polmesecem za\u010deli<\/p>\n","protected":false},"author":1,"featured_media":0,"comment_status":"closed","ping_status":"closed","sticky":false,"template":"","format":"standard","meta":{"footnotes":""},"categories":[1179],"tags":[],"source":[1710],"supertag":[],"acf":[],"yoast_head":"<!-- This site is optimized with the Yoast SEO plugin v21.3 - https:\/\/yoast.com\/wordpress\/plugins\/seo\/ -->\n<title>V Avstriji prepovedali izobe\u0161anje tur\u0161kih zastav - Hudo Slovenija<\/title>\n<meta name=\"robots\" content=\"index, follow, max-snippet:-1, max-image-preview:large, max-video-preview:-1\" \/>\n<link rel=\"canonical\" href=\"https:\/\/hudo.com\/si\/aktualno\/v-avstriji-prepovedali-izobesanje-turskih-zastav\/\" \/>\n<meta property=\"og:locale\" content=\"sl_SI\" \/>\n<meta property=\"og:type\" content=\"article\" \/>\n<meta property=\"og:title\" content=\"V Avstriji prepovedali izobe\u0161anje tur\u0161kih zastav - Hudo Slovenija\" \/>\n<meta property=\"og:description\" content=\"\u017dupan avstrijskega mesta Wiener Neustadt okoli 60 kilometrov ju\u017eno od Dunaja je me\u0161\u010dane tur\u0161kega rodu pozval, naj nemudoma prenehajo izobe\u0161ati tur\u0161ke zastave po oknih in balkonih. Kot je poudaril, tuja politika ne sodi v mesto, poro\u010da francoska tiskovna agencija AFP. \u0160tevilni pripadniki tur\u0161ke skupnosti v mestu so rde\u010de zastave z belo zvezdo in polmesecem za\u010deli\" \/>\n<meta property=\"og:url\" content=\"https:\/\/hudo.com\/si\/aktualno\/v-avstriji-prepovedali-izobesanje-turskih-zastav\/\" \/>\n<meta property=\"og:site_name\" content=\"Hudo Slovenija\" \/>\n<meta property=\"article:publisher\" content=\"https:\/\/www.facebook.com\/hudo.si\" \/>\n<meta property=\"article:published_time\" content=\"2016-07-25T01:00:08+00:00\" \/>\n<meta property=\"article:modified_time\" content=\"2016-07-26T03:47:58+00:00\" \/>\n<meta property=\"og:image\" content=\"https:\/\/hudo.com\/si\/wp-content\/uploads\/sites\/2\/2016\/07\/avstrijsko-mesto-za-prepoved-izobesanja-turskih-zastav-01.jpg\" \/>\n\t<meta property=\"og:image:width\" content=\"765\" \/>\n\t<meta property=\"og:image:height\" content=\"1080\" \/>\n\t<meta property=\"og:image:type\" content=\"image\/jpeg\" \/>\n<meta name=\"author\" content=\"hudo\" \/>\n<meta name=\"twitter:card\" content=\"summary_large_image\" \/>\n<meta name=\"twitter:creator\" content=\"@hudo_si\" \/>\n<meta name=\"twitter:site\" content=\"@hudo_si\" \/>\n<meta name=\"twitter:label1\" content=\"Written by\" \/>\n\t<meta name=\"twitter:data1\" content=\"hudo\" \/>\n<script type=\"application\/ld+json\" class=\"yoast-schema-graph\">{\"@context\":\"https:\/\/schema.org\",\"@graph\":[{\"@type\":\"Article\",\"@id\":\"https:\/\/hudo.com\/si\/aktualno\/v-avstriji-prepovedali-izobesanje-turskih-zastav\/#article\",\"isPartOf\":{\"@id\":\"https:\/\/hudo.com\/si\/aktualno\/v-avstriji-prepovedali-izobesanje-turskih-zastav\/\"},\"author\":{\"name\":\"hudo\",\"@id\":\"https:\/\/hudo.com\/si\/#\/schema\/person\/601cf3379633985b20f7e50f2bb47707\"},\"headline\":\"V Avstriji prepovedali izobe\u0161anje tur\u0161kih zastav\",\"datePublished\":\"2016-07-25T01:00:08+00:00\",\"dateModified\":\"2016-07-26T03:47:58+00:00\",\"mainEntityOfPage\":{\"@id\":\"https:\/\/hudo.com\/si\/aktualno\/v-avstriji-prepovedali-izobesanje-turskih-zastav\/\"},\"wordCount\":71,\"publisher\":{\"@id\":\"https:\/\/hudo.com\/si\/#organization\"},\"articleSection\":[\"Aktualno\"],\"inLanguage\":\"sl-SI\"},{\"@type\":\"WebPage\",\"@id\":\"https:\/\/hudo.com\/si\/aktualno\/v-avstriji-prepovedali-izobesanje-turskih-zastav\/\",\"url\":\"https:\/\/hudo.com\/si\/aktualno\/v-avstriji-prepovedali-izobesanje-turskih-zastav\/\",\"name\":\"V Avstriji prepovedali izobe\u0161anje tur\u0161kih zastav - Hudo Slovenija\",\"isPartOf\":{\"@id\":\"https:\/\/hudo.com\/si\/#website\"},\"datePublished\":\"2016-07-25T01:00:08+00:00\",\"dateModified\":\"2016-07-26T03:47:58+00:00\",\"breadcrumb\":{\"@id\":\"https:\/\/hudo.com\/si\/aktualno\/v-avstriji-prepovedali-izobesanje-turskih-zastav\/#breadcrumb\"},\"inLanguage\":\"sl-SI\",\"potentialAction\":[{\"@type\":\"ReadAction\",\"target\":[\"https:\/\/hudo.com\/si\/aktualno\/v-avstriji-prepovedali-izobesanje-turskih-zastav\/\"]}]},{\"@type\":\"BreadcrumbList\",\"@id\":\"https:\/\/hudo.com\/si\/aktualno\/v-avstriji-prepovedali-izobesanje-turskih-zastav\/#breadcrumb\",\"itemListElement\":[{\"@type\":\"ListItem\",\"position\":1,\"name\":\"Home\",\"item\":\"https:\/\/hudo.com\/si\/\"},{\"@type\":\"ListItem\",\"position\":2,\"name\":\"V Avstriji prepovedali izobe\u0161anje tur\u0161kih zastav\"}]},{\"@type\":\"WebSite\",\"@id\":\"https:\/\/hudo.com\/si\/#website\",\"url\":\"https:\/\/hudo.com\/si\/\",\"name\":\"Hudo Slovenija\",\"description\":\"Vse novice iz Slovenije in sveta\",\"publisher\":{\"@id\":\"https:\/\/hudo.com\/si\/#organization\"},\"potentialAction\":[{\"@type\":\"SearchAction\",\"target\":{\"@type\":\"EntryPoint\",\"urlTemplate\":\"https:\/\/hudo.com\/si\/?s={search_term_string}\"},\"query-input\":\"required name=search_term_string\"}],\"inLanguage\":\"sl-SI\"},{\"@type\":\"Organization\",\"@id\":\"https:\/\/hudo.com\/si\/#organization\",\"name\":\"VSN Media\",\"url\":\"https:\/\/hudo.com\/si\/\",\"logo\":{\"@type\":\"ImageObject\",\"inLanguage\":\"sl-SI\",\"@id\":\"https:\/\/hudo.com\/si\/#\/schema\/logo\/image\/\",\"url\":\"https:\/\/hudo.com\/si\/wp-content\/uploads\/sites\/2\/2021\/03\/hudo-app-2.png\",\"contentUrl\":\"https:\/\/hudo.com\/si\/wp-content\/uploads\/sites\/2\/2021\/03\/hudo-app-2.png\",\"width\":2185,\"height\":2167,\"caption\":\"VSN Media\"},\"image\":{\"@id\":\"https:\/\/hudo.com\/si\/#\/schema\/logo\/image\/\"},\"sameAs\":[\"https:\/\/www.facebook.com\/hudo.si\",\"https:\/\/twitter.com\/hudo_si\"]},{\"@type\":\"Person\",\"@id\":\"https:\/\/hudo.com\/si\/#\/schema\/person\/601cf3379633985b20f7e50f2bb47707\",\"name\":\"hudo\",\"image\":{\"@type\":\"ImageObject\",\"inLanguage\":\"sl-SI\",\"@id\":\"https:\/\/hudo.com\/si\/#\/schema\/person\/image\/\",\"url\":\"https:\/\/secure.gravatar.com\/avatar\/c4ca25fa72cace7a696b52ff5db9e095?s=96&d=mm&r=g\",\"contentUrl\":\"https:\/\/secure.gravatar.com\/avatar\/c4ca25fa72cace7a696b52ff5db9e095?s=96&d=mm&r=g\",\"caption\":\"hudo\"},\"url\":\"https:\/\/hudo.com\/si\/author\/hudo\/\"}]}<\/script>\n<!-- \/ Yoast SEO plugin. -->","yoast_head_json":{"title":"V Avstriji prepovedali izobe\u0161anje tur\u0161kih zastav - Hudo Slovenija","robots":{"index":"index","follow":"follow","max-snippet":"max-snippet:-1","max-image-preview":"max-image-preview:large","max-video-preview":"max-video-preview:-1"},"canonical":"https:\/\/hudo.com\/si\/aktualno\/v-avstriji-prepovedali-izobesanje-turskih-zastav\/","og_locale":"sl_SI","og_type":"article","og_title":"V Avstriji prepovedali izobe\u0161anje tur\u0161kih zastav - Hudo Slovenija","og_description":"\u017dupan avstrijskega mesta Wiener Neustadt okoli 60 kilometrov ju\u017eno od Dunaja je me\u0161\u010dane tur\u0161kega rodu pozval, naj nemudoma prenehajo izobe\u0161ati tur\u0161ke zastave po oknih in balkonih. Kot je poudaril, tuja politika ne sodi v mesto, poro\u010da francoska tiskovna agencija AFP. \u0160tevilni pripadniki tur\u0161ke skupnosti v mestu so rde\u010de zastave z belo zvezdo in polmesecem za\u010deli","og_url":"https:\/\/hudo.com\/si\/aktualno\/v-avstriji-prepovedali-izobesanje-turskih-zastav\/","og_site_name":"Hudo Slovenija","article_publisher":"https:\/\/www.facebook.com\/hudo.si","article_published_time":"2016-07-25T01:00:08+00:00","article_modified_time":"2016-07-26T03:47:58+00:00","og_image":[{"width":765,"height":1080,"url":"https:\/\/hudo.com\/si\/wp-content\/uploads\/sites\/2\/2016\/07\/avstrijsko-mesto-za-prepoved-izobesanja-turskih-zastav-01.jpg","type":"image\/jpeg"}],"author":"hudo","twitter_card":"summary_large_image","twitter_creator":"@hudo_si","twitter_site":"@hudo_si","twitter_misc":{"Written by":"hudo"},"schema":{"@context":"https:\/\/schema.org","@graph":[{"@type":"Article","@id":"https:\/\/hudo.com\/si\/aktualno\/v-avstriji-prepovedali-izobesanje-turskih-zastav\/#article","isPartOf":{"@id":"https:\/\/hudo.com\/si\/aktualno\/v-avstriji-prepovedali-izobesanje-turskih-zastav\/"},"author":{"name":"hudo","@id":"https:\/\/hudo.com\/si\/#\/schema\/person\/601cf3379633985b20f7e50f2bb47707"},"headline":"V Avstriji prepovedali izobe\u0161anje tur\u0161kih zastav","datePublished":"2016-07-25T01:00:08+00:00","dateModified":"2016-07-26T03:47:58+00:00","mainEntityOfPage":{"@id":"https:\/\/hudo.com\/si\/aktualno\/v-avstriji-prepovedali-izobesanje-turskih-zastav\/"},"wordCount":71,"publisher":{"@id":"https:\/\/hudo.com\/si\/#organization"},"articleSection":["Aktualno"],"inLanguage":"sl-SI"},{"@type":"WebPage","@id":"https:\/\/hudo.com\/si\/aktualno\/v-avstriji-prepovedali-izobesanje-turskih-zastav\/","url":"https:\/\/hudo.com\/si\/aktualno\/v-avstriji-prepovedali-izobesanje-turskih-zastav\/","name":"V Avstriji prepovedali izobe\u0161anje tur\u0161kih zastav - Hudo Slovenija","isPartOf":{"@id":"https:\/\/hudo.com\/si\/#website"},"datePublished":"2016-07-25T01:00:08+00:00","dateModified":"2016-07-26T03:47:58+00:00","breadcrumb":{"@id":"https:\/\/hudo.com\/si\/aktualno\/v-avstriji-prepovedali-izobesanje-turskih-zastav\/#breadcrumb"},"inLanguage":"sl-SI","potentialAction":[{"@type":"ReadAction","target":["https:\/\/hudo.com\/si\/aktualno\/v-avstriji-prepovedali-izobesanje-turskih-zastav\/"]}]},{"@type":"BreadcrumbList","@id":"https:\/\/hudo.com\/si\/aktualno\/v-avstriji-prepovedali-izobesanje-turskih-zastav\/#breadcrumb","itemListElement":[{"@type":"ListItem","position":1,"name":"Home","item":"https:\/\/hudo.com\/si\/"},{"@type":"ListItem","position":2,"name":"V Avstriji prepovedali izobe\u0161anje tur\u0161kih zastav"}]},{"@type":"WebSite","@id":"https:\/\/hudo.com\/si\/#website","url":"https:\/\/hudo.com\/si\/","name":"Hudo Slovenija","description":"Vse novice iz Slovenije in sveta","publisher":{"@id":"https:\/\/hudo.com\/si\/#organization"},"potentialAction":[{"@type":"SearchAction","target":{"@type":"EntryPoint","urlTemplate":"https:\/\/hudo.com\/si\/?s={search_term_string}"},"query-input":"required name=search_term_string"}],"inLanguage":"sl-SI"},{"@type":"Organization","@id":"https:\/\/hudo.com\/si\/#organization","name":"VSN Media","url":"https:\/\/hudo.com\/si\/","logo":{"@type":"ImageObject","inLanguage":"sl-SI","@id":"https:\/\/hudo.com\/si\/#\/schema\/logo\/image\/","url":"https:\/\/hudo.com\/si\/wp-content\/uploads\/sites\/2\/2021\/03\/hudo-app-2.png","contentUrl":"https:\/\/hudo.com\/si\/wp-content\/uploads\/sites\/2\/2021\/03\/hudo-app-2.png","width":2185,"height":2167,"caption":"VSN Media"},"image":{"@id":"https:\/\/hudo.com\/si\/#\/schema\/logo\/image\/"},"sameAs":["https:\/\/www.facebook.com\/hudo.si","https:\/\/twitter.com\/hudo_si"]},{"@type":"Person","@id":"https:\/\/hudo.com\/si\/#\/schema\/person\/601cf3379633985b20f7e50f2bb47707","name":"hudo","image":{"@type":"ImageObject","inLanguage":"sl-SI","@id":"https:\/\/hudo.com\/si\/#\/schema\/person\/image\/","url":"https:\/\/secure.gravatar.com\/avatar\/c4ca25fa72cace7a696b52ff5db9e095?s=96&d=mm&r=g","contentUrl":"https:\/\/secure.gravatar.com\/avatar\/c4ca25fa72cace7a696b52ff5db9e095?s=96&d=mm&r=g","caption":"hudo"},"url":"https:\/\/hudo.com\/si\/author\/hudo\/"}]}},"amp_enabled":true,"_links":{"self":[{"href":"https:\/\/hudo.com\/si\/wp-json\/wp\/v2\/posts\/100883"}],"collection":[{"href":"https:\/\/hudo.com\/si\/wp-json\/wp\/v2\/posts"}],"about":[{"href":"https:\/\/hudo.com\/si\/wp-json\/wp\/v2\/types\/post"}],"author":[{"embeddable":true,"href":"https:\/\/hudo.com\/si\/wp-json\/wp\/v2\/users\/1"}],"replies":[{"embeddable":true,"href":"https:\/\/hudo.com\/si\/wp-json\/wp\/v2\/comments?post=100883"}],"version-history":[{"count":1,"href":"https:\/\/hudo.com\/si\/wp-json\/wp\/v2\/posts\/100883\/revisions"}],"predecessor-version":[{"id":101155,"href":"https:\/\/hudo.com\/si\/wp-json\/wp\/v2\/posts\/100883\/revisions\/101155"}],"wp:attachment":[{"href":"https:\/\/hudo.com\/si\/wp-json\/wp\/v2\/media?parent=100883"}],"wp:term":[{"taxonomy":"category","embeddable":true,"href":"https:\/\/hudo.com\/si\/wp-json\/wp\/v2\/categories?post=100883"},{"taxonomy":"post_tag","embeddable":true,"href":"https:\/\/hudo.com\/si\/wp-json\/wp\/v2\/tags?post=100883"},{"taxonomy":"source","embeddable":true,"href":"https:\/\/hudo.com\/si\/wp-json\/wp\/v2\/source?post=100883"},{"taxonomy":"supertag","embeddable":true,"href":"https:\/\/hudo.com\/si\/wp-json\/wp\/v2\/supertag?post=100883"}],"curies":[{"name":"wp","href":"https:\/\/api.w.org\/{rel}","templated":true}]}}