{"id":101099,"date":"2016-07-25T06:39:43","date_gmt":"2016-07-25T04:39:43","guid":{"rendered":"http:\/\/hudo.com\/si\/2016\/07\/25\/velike-tezave-v-olimpijski-vasi-neuporabna-tudi-polovica-slovenskih-sob-2\/"},"modified":"2016-07-28T11:47:36","modified_gmt":"2016-07-28T09:47:36","slug":"velike-tezave-v-olimpijski-vasi-neuporabna-tudi-polovica-slovenskih-sob-2","status":"publish","type":"post","link":"https:\/\/hudo.com\/si\/aktualno\/velike-tezave-v-olimpijski-vasi-neuporabna-tudi-polovica-slovenskih-sob-2\/","title":{"rendered":"Velike te\u017eave v olimpijski vasi, neuporabna tudi polovica slovenskih sob"},"content":{"rendered":"<p>Dana\u0161nje odprtje olimpijske vasi po prvih poro\u010dilih iz Brazilije povzro\u010da za\u010dudenje in zgra\u017eanje. Vas ni dokon\u010dana in pripravljena na sprejem \u0161portnikov. Uporabna je tudi samo polovica sob, namenjena slovenski vrsti, je potrdil predstavnik Olimpijskega komiteja Slovenije Bla\u017e Perko, ki je \u017ee v Braziliji.<\/p>\n","protected":false},"excerpt":{"rendered":"<p>Dana\u0161nje odprtje olimpijske vasi po prvih poro\u010dilih iz Brazilije povzro\u010da za\u010dudenje in zgra\u017eanje. Vas ni dokon\u010dana in pripravljena na sprejem \u0161portnikov. Uporabna je tudi samo polovica sob, namenjena slovenski vrsti, je potrdil predstavnik Olimpijskega komiteja Slovenije Bla\u017e Perko, ki je \u017ee v Braziliji.<\/p>\n","protected":false},"author":1,"featured_media":0,"comment_status":"closed","ping_status":"closed","sticky":false,"template":"","format":"standard","meta":{"footnotes":""},"categories":[1179],"tags":[],"source":[1717],"supertag":[],"acf":[],"yoast_head":"<!-- This site is optimized with the Yoast SEO plugin v21.3 - https:\/\/yoast.com\/wordpress\/plugins\/seo\/ -->\n<title>Velike te\u017eave v olimpijski vasi, neuporabna tudi polovica slovenskih sob - Hudo Slovenija<\/title>\n<meta name=\"robots\" content=\"index, follow, max-snippet:-1, max-image-preview:large, max-video-preview:-1\" \/>\n<link rel=\"canonical\" href=\"https:\/\/hudo.com\/si\/aktualno\/velike-tezave-v-olimpijski-vasi-neuporabna-tudi-polovica-slovenskih-sob-2\/\" \/>\n<meta property=\"og:locale\" content=\"sl_SI\" \/>\n<meta property=\"og:type\" content=\"article\" \/>\n<meta property=\"og:title\" content=\"Velike te\u017eave v olimpijski vasi, neuporabna tudi polovica slovenskih sob - Hudo Slovenija\" \/>\n<meta property=\"og:description\" content=\"Dana\u0161nje odprtje olimpijske vasi po prvih poro\u010dilih iz Brazilije povzro\u010da za\u010dudenje in zgra\u017eanje. Vas ni dokon\u010dana in pripravljena na sprejem \u0161portnikov. Uporabna je tudi samo polovica sob, namenjena slovenski vrsti, je potrdil predstavnik Olimpijskega komiteja Slovenije Bla\u017e Perko, ki je \u017ee v Braziliji.\" \/>\n<meta property=\"og:url\" content=\"https:\/\/hudo.com\/si\/aktualno\/velike-tezave-v-olimpijski-vasi-neuporabna-tudi-polovica-slovenskih-sob-2\/\" \/>\n<meta property=\"og:site_name\" content=\"Hudo Slovenija\" \/>\n<meta property=\"article:publisher\" content=\"https:\/\/www.facebook.com\/hudo.si\" \/>\n<meta property=\"article:published_time\" content=\"2016-07-25T04:39:43+00:00\" \/>\n<meta property=\"article:modified_time\" content=\"2016-07-28T09:47:36+00:00\" \/>\n<meta property=\"og:image\" content=\"https:\/\/hudo.com\/si\/wp-content\/uploads\/sites\/2\/2016\/07\/c96ca5bf595198055542.jpeg\" \/>\n\t<meta property=\"og:image:width\" content=\"400\" \/>\n\t<meta property=\"og:image:height\" content=\"400\" \/>\n\t<meta property=\"og:image:type\" content=\"image\/jpeg\" \/>\n<meta name=\"author\" content=\"hudo\" \/>\n<meta name=\"twitter:card\" content=\"summary_large_image\" \/>\n<meta name=\"twitter:creator\" content=\"@hudo_si\" \/>\n<meta name=\"twitter:site\" content=\"@hudo_si\" \/>\n<meta name=\"twitter:label1\" content=\"Written by\" \/>\n\t<meta name=\"twitter:data1\" content=\"hudo\" \/>\n<script type=\"application\/ld+json\" class=\"yoast-schema-graph\">{\"@context\":\"https:\/\/schema.org\",\"@graph\":[{\"@type\":\"Article\",\"@id\":\"https:\/\/hudo.com\/si\/aktualno\/velike-tezave-v-olimpijski-vasi-neuporabna-tudi-polovica-slovenskih-sob-2\/#article\",\"isPartOf\":{\"@id\":\"https:\/\/hudo.com\/si\/aktualno\/velike-tezave-v-olimpijski-vasi-neuporabna-tudi-polovica-slovenskih-sob-2\/\"},\"author\":{\"name\":\"hudo\",\"@id\":\"https:\/\/hudo.com\/si\/#\/schema\/person\/601cf3379633985b20f7e50f2bb47707\"},\"headline\":\"Velike te\u017eave v olimpijski vasi, neuporabna tudi polovica slovenskih sob\",\"datePublished\":\"2016-07-25T04:39:43+00:00\",\"dateModified\":\"2016-07-28T09:47:36+00:00\",\"mainEntityOfPage\":{\"@id\":\"https:\/\/hudo.com\/si\/aktualno\/velike-tezave-v-olimpijski-vasi-neuporabna-tudi-polovica-slovenskih-sob-2\/\"},\"wordCount\":60,\"publisher\":{\"@id\":\"https:\/\/hudo.com\/si\/#organization\"},\"articleSection\":[\"Aktualno\"],\"inLanguage\":\"sl-SI\"},{\"@type\":\"WebPage\",\"@id\":\"https:\/\/hudo.com\/si\/aktualno\/velike-tezave-v-olimpijski-vasi-neuporabna-tudi-polovica-slovenskih-sob-2\/\",\"url\":\"https:\/\/hudo.com\/si\/aktualno\/velike-tezave-v-olimpijski-vasi-neuporabna-tudi-polovica-slovenskih-sob-2\/\",\"name\":\"Velike te\u017eave v olimpijski vasi, neuporabna tudi polovica slovenskih sob - Hudo Slovenija\",\"isPartOf\":{\"@id\":\"https:\/\/hudo.com\/si\/#website\"},\"datePublished\":\"2016-07-25T04:39:43+00:00\",\"dateModified\":\"2016-07-28T09:47:36+00:00\",\"breadcrumb\":{\"@id\":\"https:\/\/hudo.com\/si\/aktualno\/velike-tezave-v-olimpijski-vasi-neuporabna-tudi-polovica-slovenskih-sob-2\/#breadcrumb\"},\"inLanguage\":\"sl-SI\",\"potentialAction\":[{\"@type\":\"ReadAction\",\"target\":[\"https:\/\/hudo.com\/si\/aktualno\/velike-tezave-v-olimpijski-vasi-neuporabna-tudi-polovica-slovenskih-sob-2\/\"]}]},{\"@type\":\"BreadcrumbList\",\"@id\":\"https:\/\/hudo.com\/si\/aktualno\/velike-tezave-v-olimpijski-vasi-neuporabna-tudi-polovica-slovenskih-sob-2\/#breadcrumb\",\"itemListElement\":[{\"@type\":\"ListItem\",\"position\":1,\"name\":\"Home\",\"item\":\"https:\/\/hudo.com\/si\/\"},{\"@type\":\"ListItem\",\"position\":2,\"name\":\"Velike te\u017eave v olimpijski vasi, neuporabna tudi polovica slovenskih sob\"}]},{\"@type\":\"WebSite\",\"@id\":\"https:\/\/hudo.com\/si\/#website\",\"url\":\"https:\/\/hudo.com\/si\/\",\"name\":\"Hudo Slovenija\",\"description\":\"Vse novice iz Slovenije in sveta\",\"publisher\":{\"@id\":\"https:\/\/hudo.com\/si\/#organization\"},\"potentialAction\":[{\"@type\":\"SearchAction\",\"target\":{\"@type\":\"EntryPoint\",\"urlTemplate\":\"https:\/\/hudo.com\/si\/?s={search_term_string}\"},\"query-input\":\"required name=search_term_string\"}],\"inLanguage\":\"sl-SI\"},{\"@type\":\"Organization\",\"@id\":\"https:\/\/hudo.com\/si\/#organization\",\"name\":\"VSN Media\",\"url\":\"https:\/\/hudo.com\/si\/\",\"logo\":{\"@type\":\"ImageObject\",\"inLanguage\":\"sl-SI\",\"@id\":\"https:\/\/hudo.com\/si\/#\/schema\/logo\/image\/\",\"url\":\"https:\/\/hudo.com\/si\/wp-content\/uploads\/sites\/2\/2021\/03\/hudo-app-2.png\",\"contentUrl\":\"https:\/\/hudo.com\/si\/wp-content\/uploads\/sites\/2\/2021\/03\/hudo-app-2.png\",\"width\":2185,\"height\":2167,\"caption\":\"VSN Media\"},\"image\":{\"@id\":\"https:\/\/hudo.com\/si\/#\/schema\/logo\/image\/\"},\"sameAs\":[\"https:\/\/www.facebook.com\/hudo.si\",\"https:\/\/twitter.com\/hudo_si\"]},{\"@type\":\"Person\",\"@id\":\"https:\/\/hudo.com\/si\/#\/schema\/person\/601cf3379633985b20f7e50f2bb47707\",\"name\":\"hudo\",\"image\":{\"@type\":\"ImageObject\",\"inLanguage\":\"sl-SI\",\"@id\":\"https:\/\/hudo.com\/si\/#\/schema\/person\/image\/\",\"url\":\"https:\/\/secure.gravatar.com\/avatar\/c4ca25fa72cace7a696b52ff5db9e095?s=96&d=mm&r=g\",\"contentUrl\":\"https:\/\/secure.gravatar.com\/avatar\/c4ca25fa72cace7a696b52ff5db9e095?s=96&d=mm&r=g\",\"caption\":\"hudo\"},\"url\":\"https:\/\/hudo.com\/si\/author\/hudo\/\"}]}<\/script>\n<!-- \/ Yoast SEO plugin. -->","yoast_head_json":{"title":"Velike te\u017eave v olimpijski vasi, neuporabna tudi polovica slovenskih sob - Hudo Slovenija","robots":{"index":"index","follow":"follow","max-snippet":"max-snippet:-1","max-image-preview":"max-image-preview:large","max-video-preview":"max-video-preview:-1"},"canonical":"https:\/\/hudo.com\/si\/aktualno\/velike-tezave-v-olimpijski-vasi-neuporabna-tudi-polovica-slovenskih-sob-2\/","og_locale":"sl_SI","og_type":"article","og_title":"Velike te\u017eave v olimpijski vasi, neuporabna tudi polovica slovenskih sob - Hudo Slovenija","og_description":"Dana\u0161nje odprtje olimpijske vasi po prvih poro\u010dilih iz Brazilije povzro\u010da za\u010dudenje in zgra\u017eanje. Vas ni dokon\u010dana in pripravljena na sprejem \u0161portnikov. Uporabna je tudi samo polovica sob, namenjena slovenski vrsti, je potrdil predstavnik Olimpijskega komiteja Slovenije Bla\u017e Perko, ki je \u017ee v Braziliji.","og_url":"https:\/\/hudo.com\/si\/aktualno\/velike-tezave-v-olimpijski-vasi-neuporabna-tudi-polovica-slovenskih-sob-2\/","og_site_name":"Hudo Slovenija","article_publisher":"https:\/\/www.facebook.com\/hudo.si","article_published_time":"2016-07-25T04:39:43+00:00","article_modified_time":"2016-07-28T09:47:36+00:00","og_image":[{"width":400,"height":400,"url":"https:\/\/hudo.com\/si\/wp-content\/uploads\/sites\/2\/2016\/07\/c96ca5bf595198055542.jpeg","type":"image\/jpeg"}],"author":"hudo","twitter_card":"summary_large_image","twitter_creator":"@hudo_si","twitter_site":"@hudo_si","twitter_misc":{"Written by":"hudo"},"schema":{"@context":"https:\/\/schema.org","@graph":[{"@type":"Article","@id":"https:\/\/hudo.com\/si\/aktualno\/velike-tezave-v-olimpijski-vasi-neuporabna-tudi-polovica-slovenskih-sob-2\/#article","isPartOf":{"@id":"https:\/\/hudo.com\/si\/aktualno\/velike-tezave-v-olimpijski-vasi-neuporabna-tudi-polovica-slovenskih-sob-2\/"},"author":{"name":"hudo","@id":"https:\/\/hudo.com\/si\/#\/schema\/person\/601cf3379633985b20f7e50f2bb47707"},"headline":"Velike te\u017eave v olimpijski vasi, neuporabna tudi polovica slovenskih sob","datePublished":"2016-07-25T04:39:43+00:00","dateModified":"2016-07-28T09:47:36+00:00","mainEntityOfPage":{"@id":"https:\/\/hudo.com\/si\/aktualno\/velike-tezave-v-olimpijski-vasi-neuporabna-tudi-polovica-slovenskih-sob-2\/"},"wordCount":60,"publisher":{"@id":"https:\/\/hudo.com\/si\/#organization"},"articleSection":["Aktualno"],"inLanguage":"sl-SI"},{"@type":"WebPage","@id":"https:\/\/hudo.com\/si\/aktualno\/velike-tezave-v-olimpijski-vasi-neuporabna-tudi-polovica-slovenskih-sob-2\/","url":"https:\/\/hudo.com\/si\/aktualno\/velike-tezave-v-olimpijski-vasi-neuporabna-tudi-polovica-slovenskih-sob-2\/","name":"Velike te\u017eave v olimpijski vasi, neuporabna tudi polovica slovenskih sob - Hudo Slovenija","isPartOf":{"@id":"https:\/\/hudo.com\/si\/#website"},"datePublished":"2016-07-25T04:39:43+00:00","dateModified":"2016-07-28T09:47:36+00:00","breadcrumb":{"@id":"https:\/\/hudo.com\/si\/aktualno\/velike-tezave-v-olimpijski-vasi-neuporabna-tudi-polovica-slovenskih-sob-2\/#breadcrumb"},"inLanguage":"sl-SI","potentialAction":[{"@type":"ReadAction","target":["https:\/\/hudo.com\/si\/aktualno\/velike-tezave-v-olimpijski-vasi-neuporabna-tudi-polovica-slovenskih-sob-2\/"]}]},{"@type":"BreadcrumbList","@id":"https:\/\/hudo.com\/si\/aktualno\/velike-tezave-v-olimpijski-vasi-neuporabna-tudi-polovica-slovenskih-sob-2\/#breadcrumb","itemListElement":[{"@type":"ListItem","position":1,"name":"Home","item":"https:\/\/hudo.com\/si\/"},{"@type":"ListItem","position":2,"name":"Velike te\u017eave v olimpijski vasi, neuporabna tudi polovica slovenskih sob"}]},{"@type":"WebSite","@id":"https:\/\/hudo.com\/si\/#website","url":"https:\/\/hudo.com\/si\/","name":"Hudo Slovenija","description":"Vse novice iz Slovenije in sveta","publisher":{"@id":"https:\/\/hudo.com\/si\/#organization"},"potentialAction":[{"@type":"SearchAction","target":{"@type":"EntryPoint","urlTemplate":"https:\/\/hudo.com\/si\/?s={search_term_string}"},"query-input":"required name=search_term_string"}],"inLanguage":"sl-SI"},{"@type":"Organization","@id":"https:\/\/hudo.com\/si\/#organization","name":"VSN Media","url":"https:\/\/hudo.com\/si\/","logo":{"@type":"ImageObject","inLanguage":"sl-SI","@id":"https:\/\/hudo.com\/si\/#\/schema\/logo\/image\/","url":"https:\/\/hudo.com\/si\/wp-content\/uploads\/sites\/2\/2021\/03\/hudo-app-2.png","contentUrl":"https:\/\/hudo.com\/si\/wp-content\/uploads\/sites\/2\/2021\/03\/hudo-app-2.png","width":2185,"height":2167,"caption":"VSN Media"},"image":{"@id":"https:\/\/hudo.com\/si\/#\/schema\/logo\/image\/"},"sameAs":["https:\/\/www.facebook.com\/hudo.si","https:\/\/twitter.com\/hudo_si"]},{"@type":"Person","@id":"https:\/\/hudo.com\/si\/#\/schema\/person\/601cf3379633985b20f7e50f2bb47707","name":"hudo","image":{"@type":"ImageObject","inLanguage":"sl-SI","@id":"https:\/\/hudo.com\/si\/#\/schema\/person\/image\/","url":"https:\/\/secure.gravatar.com\/avatar\/c4ca25fa72cace7a696b52ff5db9e095?s=96&d=mm&r=g","contentUrl":"https:\/\/secure.gravatar.com\/avatar\/c4ca25fa72cace7a696b52ff5db9e095?s=96&d=mm&r=g","caption":"hudo"},"url":"https:\/\/hudo.com\/si\/author\/hudo\/"}]}},"amp_enabled":true,"_links":{"self":[{"href":"https:\/\/hudo.com\/si\/wp-json\/wp\/v2\/posts\/101099"}],"collection":[{"href":"https:\/\/hudo.com\/si\/wp-json\/wp\/v2\/posts"}],"about":[{"href":"https:\/\/hudo.com\/si\/wp-json\/wp\/v2\/types\/post"}],"author":[{"embeddable":true,"href":"https:\/\/hudo.com\/si\/wp-json\/wp\/v2\/users\/1"}],"replies":[{"embeddable":true,"href":"https:\/\/hudo.com\/si\/wp-json\/wp\/v2\/comments?post=101099"}],"version-history":[{"count":1,"href":"https:\/\/hudo.com\/si\/wp-json\/wp\/v2\/posts\/101099\/revisions"}],"predecessor-version":[{"id":101272,"href":"https:\/\/hudo.com\/si\/wp-json\/wp\/v2\/posts\/101099\/revisions\/101272"}],"wp:attachment":[{"href":"https:\/\/hudo.com\/si\/wp-json\/wp\/v2\/media?parent=101099"}],"wp:term":[{"taxonomy":"category","embeddable":true,"href":"https:\/\/hudo.com\/si\/wp-json\/wp\/v2\/categories?post=101099"},{"taxonomy":"post_tag","embeddable":true,"href":"https:\/\/hudo.com\/si\/wp-json\/wp\/v2\/tags?post=101099"},{"taxonomy":"source","embeddable":true,"href":"https:\/\/hudo.com\/si\/wp-json\/wp\/v2\/source?post=101099"},{"taxonomy":"supertag","embeddable":true,"href":"https:\/\/hudo.com\/si\/wp-json\/wp\/v2\/supertag?post=101099"}],"curies":[{"name":"wp","href":"https:\/\/api.w.org\/{rel}","templated":true}]}}