{"id":10137,"date":"2016-03-31T17:30:00","date_gmt":"2016-03-31T16:30:00","guid":{"rendered":"http:\/\/master.hudo.com\/si\/2016\/03\/31\/spet-burno-v-mariborskem-mestnem-svetu\/"},"modified":"2016-04-01T10:34:44","modified_gmt":"2016-04-01T09:34:44","slug":"spet-burno-v-mariborskem-mestnem-svetu","status":"publish","type":"post","link":"https:\/\/hudo.com\/si\/aktualno\/spet-burno-v-mariborskem-mestnem-svetu\/","title":{"rendered":"Spet burno v mariborskem mestnem svetu"},"content":{"rendered":"<p>Dana\u0161nja seja mestnega sveta je znova prinesla \u0161tevilna presene\u010denja, kot je to zdaj \u017ee obi\u010dajno, pa se je zapletlo \u017ee pri dnevnem redu. \u010ceprav naj bi se na seji prvenstveno ukvarjali s sprejemom prora\u010duna, je ve\u010dinska opozicija kljub nasprotovanju \u017eupana Andreja Fi\u0161travca sprejela predlog Stojana Auerja (LPR), da mestnemu svetu \u0161e pred razpravo o prora\u010dunu predstavi poro\u010dilo komisije za spremljanje poslovanja javnih podjetij. Komisijo je zmotila predvsem neodzivnost Nigrada in njegovih h\u010derinskih podjetij, problematizira pa tudi 1,58 milijona evrov vredno dokapitalizacijo Doma pod gorco, saj mestni svet z njo sploh ni bil seznanjen. Ob tem komisija kot sporno ocenjuje tudi provizijo (113.400 evrov) nepremi\u010dniniski agenciji Medak v lasti biv\u0161e mestne svetnice Danice Gerbec, saj naj bi bilo celotni postopek prodaje vodilo Javno podjetje za gospodarjenje s stavbnimi zemlji\u0161\u010di, zato je na predlog Auerja mestni svet mestno upravo zadol\u017eil, da glede dokapitalizacije doma spro\u017ei ustrezne postopke, od Nigrada in njegovih h\u010derinskih podjetij pa v 30 dneh pridobi vso zahtevano dokumentacijo. Dodatno je del opozicije presenetil s predlogom, da mestni svet predlog prora\u010duna sprejme po hitrem postopku, medtem ko je SMC predlagal, da se prvo in drugo branje opravita na isti seji. \u017dupan in mestna uprava sta obema predlogoma nasprotovala, saj naj ne bi bila samo v neskladju s poslovnikom mestnega sveta, ampak tudi z zakonodajo. &#8220;Glede na to, da je mala verjetnost, da bi se na\u0161i predlogi upo\u0161tevali, je za mesto najbolje, da prora\u010dun sprejmemo \u010dim prej,&#8221; je vseeno menil predlagatelj skraj\u0161anega postopka Aleksander \u017dupanek (ZL). \u0160e ve\u010d zmede je povzro\u010dil predlog SMC, zaradi katerega je direktor mestne uprave Darko Fras zahteval prekinitev seje, da preu\u010dijo, ali je tak sklep sploh mo\u017eno sprejeti. Mestni svetniki so nato sprejeli kompromisni predlog SMC. Razpravo o prora\u010dunu bodo opravili v dvofaznem postopku, drugo branje najkasneje 21. aprila. Prvo branje prora\u010duna je \u0161e v teku. Mari<\/p>\n","protected":false},"excerpt":{"rendered":"<p>Dana\u0161nja seja mestnega sveta je znova prinesla \u0161tevilna presene\u010denja, kot je to zdaj \u017ee obi\u010dajno, pa se je zapletlo \u017ee pri dnevnem redu. \u010ceprav naj bi se na seji prvenstveno ukvarjali s sprejemom prora\u010duna, je ve\u010dinska opozicija kljub nasprotovanju \u017eupana Andreja Fi\u0161travca sprejela predlog Stojana Auerja (LPR), da mestnemu svetu \u0161e pred razpravo o prora\u010dunu predstavi poro\u010dilo komisije za spremljanje poslovanja javnih podjetij. Komisijo je zmotila predvsem neodzivnost Nigrada in njegovih h\u010derinskih podjetij, problematizira pa tudi 1,58 milijona evrov vredno dokapitalizacijo Doma pod gorco, saj mestni svet z njo sploh ni bil seznanjen. Ob tem komisija kot sporno ocenjuje tudi provizijo (113.400 evrov) nepremi\u010dniniski agenciji Medak v lasti biv\u0161e mestne svetnice Danice Gerbec, saj naj bi bilo celotni postopek prodaje vodilo Javno podjetje za gospodarjenje s stavbnimi zemlji\u0161\u010di, zato je na predlog Auerja mestni svet mestno upravo zadol\u017eil, da glede dokapitalizacije doma spro\u017ei ustrezne postopke, od Nigrada in njegovih h\u010derinskih podjetij pa v 30 dneh pridobi vso zahtevano dokumentacijo. Dodatno je del opozicije presenetil s predlogom, da mestni svet predlog prora\u010duna sprejme po hitrem postopku, medtem ko je SMC predlagal, da se prvo in drugo branje opravita na isti seji. \u017dupan in mestna uprava sta obema predlogoma nasprotovala, saj naj ne bi bila samo v neskladju s poslovnikom mestnega sveta, ampak tudi z zakonodajo. &#8220;Glede na to, da je mala verjetnost, da bi se na\u0161i predlogi upo\u0161tevali, je za mesto najbolje, da prora\u010dun sprejmemo \u010dim prej,&#8221; je vseeno menil predlagatelj skraj\u0161anega postopka Aleksander \u017dupanek (ZL). \u0160e ve\u010d zmede je povzro\u010dil predlog SMC, zaradi katerega je direktor mestne uprave Darko Fras zahteval prekinitev seje, da preu\u010dijo, ali je tak sklep sploh mo\u017eno sprejeti. Mestni svetniki so nato sprejeli kompromisni predlog SMC. Razpravo o prora\u010dunu bodo opravili v dvofaznem postopku, drugo branje najkasneje 21. aprila. Prvo branje prora\u010duna je \u0161e v teku. Mari<\/p>\n","protected":false},"author":1,"featured_media":0,"comment_status":"closed","ping_status":"closed","sticky":false,"template":"","format":"standard","meta":{"footnotes":""},"categories":[1179],"tags":[],"source":[1711],"supertag":[],"acf":[],"yoast_head":"<!-- This site is optimized with the Yoast SEO plugin v21.3 - https:\/\/yoast.com\/wordpress\/plugins\/seo\/ -->\n<title>Spet burno v mariborskem mestnem svetu - Hudo Slovenija<\/title>\n<meta name=\"robots\" content=\"index, follow, max-snippet:-1, max-image-preview:large, max-video-preview:-1\" \/>\n<link rel=\"canonical\" href=\"https:\/\/hudo.com\/si\/aktualno\/spet-burno-v-mariborskem-mestnem-svetu\/\" \/>\n<meta property=\"og:locale\" content=\"sl_SI\" \/>\n<meta property=\"og:type\" content=\"article\" \/>\n<meta property=\"og:title\" content=\"Spet burno v mariborskem mestnem svetu - Hudo Slovenija\" \/>\n<meta property=\"og:description\" content=\"Dana\u0161nja seja mestnega sveta je znova prinesla \u0161tevilna presene\u010denja, kot je to zdaj \u017ee obi\u010dajno, pa se je zapletlo \u017ee pri dnevnem redu. \u010ceprav naj bi se na seji prvenstveno ukvarjali s sprejemom prora\u010duna, je ve\u010dinska opozicija kljub nasprotovanju \u017eupana Andreja Fi\u0161travca sprejela predlog Stojana Auerja (LPR), da mestnemu svetu \u0161e pred razpravo o prora\u010dunu predstavi poro\u010dilo komisije za spremljanje poslovanja javnih podjetij. Komisijo je zmotila predvsem neodzivnost Nigrada in njegovih h\u010derinskih podjetij, problematizira pa tudi 1,58 milijona evrov vredno dokapitalizacijo Doma pod gorco, saj mestni svet z njo sploh ni bil seznanjen. Ob tem komisija kot sporno ocenjuje tudi provizijo (113.400 evrov) nepremi\u010dniniski agenciji Medak v lasti biv\u0161e mestne svetnice Danice Gerbec, saj naj bi bilo celotni postopek prodaje vodilo Javno podjetje za gospodarjenje s stavbnimi zemlji\u0161\u010di, zato je na predlog Auerja mestni svet mestno upravo zadol\u017eil, da glede dokapitalizacije doma spro\u017ei ustrezne postopke, od Nigrada in njegovih h\u010derinskih podjetij pa v 30 dneh pridobi vso zahtevano dokumentacijo. Dodatno je del opozicije presenetil s predlogom, da mestni svet predlog prora\u010duna sprejme po hitrem postopku, medtem ko je SMC predlagal, da se prvo in drugo branje opravita na isti seji. \u017dupan in mestna uprava sta obema predlogoma nasprotovala, saj naj ne bi bila samo v neskladju s poslovnikom mestnega sveta, ampak tudi z zakonodajo. &quot;Glede na to, da je mala verjetnost, da bi se na\u0161i predlogi upo\u0161tevali, je za mesto najbolje, da prora\u010dun sprejmemo \u010dim prej,&quot; je vseeno menil predlagatelj skraj\u0161anega postopka Aleksander \u017dupanek (ZL). \u0160e ve\u010d zmede je povzro\u010dil predlog SMC, zaradi katerega je direktor mestne uprave Darko Fras zahteval prekinitev seje, da preu\u010dijo, ali je tak sklep sploh mo\u017eno sprejeti. Mestni svetniki so nato sprejeli kompromisni predlog SMC. Razpravo o prora\u010dunu bodo opravili v dvofaznem postopku, drugo branje najkasneje 21. aprila. Prvo branje prora\u010duna je \u0161e v teku. Mari\" \/>\n<meta property=\"og:url\" content=\"https:\/\/hudo.com\/si\/aktualno\/spet-burno-v-mariborskem-mestnem-svetu\/\" \/>\n<meta property=\"og:site_name\" content=\"Hudo Slovenija\" \/>\n<meta property=\"article:publisher\" content=\"https:\/\/www.facebook.com\/hudo.si\" \/>\n<meta property=\"article:published_time\" content=\"2016-03-31T16:30:00+00:00\" \/>\n<meta property=\"article:modified_time\" content=\"2016-04-01T09:34:44+00:00\" \/>\n<meta property=\"og:image\" content=\"https:\/\/hudo.com\/si\/wp-content\/uploads\/sites\/2\/2016\/03\/0331M11-300.jpg\" \/>\n\t<meta property=\"og:image:width\" content=\"450\" \/>\n\t<meta property=\"og:image:height\" content=\"294\" \/>\n\t<meta property=\"og:image:type\" content=\"image\/jpeg\" \/>\n<meta name=\"author\" content=\"hudo\" \/>\n<meta name=\"twitter:card\" content=\"summary_large_image\" \/>\n<meta name=\"twitter:creator\" content=\"@hudo_si\" \/>\n<meta name=\"twitter:site\" content=\"@hudo_si\" \/>\n<meta name=\"twitter:label1\" content=\"Written by\" \/>\n\t<meta name=\"twitter:data1\" content=\"hudo\" \/>\n\t<meta name=\"twitter:label2\" content=\"Est. reading time\" \/>\n\t<meta name=\"twitter:data2\" content=\"2 minuti\" \/>\n<script type=\"application\/ld+json\" class=\"yoast-schema-graph\">{\"@context\":\"https:\/\/schema.org\",\"@graph\":[{\"@type\":\"Article\",\"@id\":\"https:\/\/hudo.com\/si\/aktualno\/spet-burno-v-mariborskem-mestnem-svetu\/#article\",\"isPartOf\":{\"@id\":\"https:\/\/hudo.com\/si\/aktualno\/spet-burno-v-mariborskem-mestnem-svetu\/\"},\"author\":{\"name\":\"hudo\",\"@id\":\"https:\/\/hudo.com\/si\/#\/schema\/person\/601cf3379633985b20f7e50f2bb47707\"},\"headline\":\"Spet burno v mariborskem mestnem svetu\",\"datePublished\":\"2016-03-31T16:30:00+00:00\",\"dateModified\":\"2016-04-01T09:34:44+00:00\",\"mainEntityOfPage\":{\"@id\":\"https:\/\/hudo.com\/si\/aktualno\/spet-burno-v-mariborskem-mestnem-svetu\/\"},\"wordCount\":328,\"publisher\":{\"@id\":\"https:\/\/hudo.com\/si\/#organization\"},\"articleSection\":[\"Aktualno\"],\"inLanguage\":\"sl-SI\"},{\"@type\":\"WebPage\",\"@id\":\"https:\/\/hudo.com\/si\/aktualno\/spet-burno-v-mariborskem-mestnem-svetu\/\",\"url\":\"https:\/\/hudo.com\/si\/aktualno\/spet-burno-v-mariborskem-mestnem-svetu\/\",\"name\":\"Spet burno v mariborskem mestnem svetu - Hudo Slovenija\",\"isPartOf\":{\"@id\":\"https:\/\/hudo.com\/si\/#website\"},\"datePublished\":\"2016-03-31T16:30:00+00:00\",\"dateModified\":\"2016-04-01T09:34:44+00:00\",\"breadcrumb\":{\"@id\":\"https:\/\/hudo.com\/si\/aktualno\/spet-burno-v-mariborskem-mestnem-svetu\/#breadcrumb\"},\"inLanguage\":\"sl-SI\",\"potentialAction\":[{\"@type\":\"ReadAction\",\"target\":[\"https:\/\/hudo.com\/si\/aktualno\/spet-burno-v-mariborskem-mestnem-svetu\/\"]}]},{\"@type\":\"BreadcrumbList\",\"@id\":\"https:\/\/hudo.com\/si\/aktualno\/spet-burno-v-mariborskem-mestnem-svetu\/#breadcrumb\",\"itemListElement\":[{\"@type\":\"ListItem\",\"position\":1,\"name\":\"Home\",\"item\":\"https:\/\/hudo.com\/si\/\"},{\"@type\":\"ListItem\",\"position\":2,\"name\":\"Spet burno v mariborskem mestnem svetu\"}]},{\"@type\":\"WebSite\",\"@id\":\"https:\/\/hudo.com\/si\/#website\",\"url\":\"https:\/\/hudo.com\/si\/\",\"name\":\"Hudo Slovenija\",\"description\":\"Vse novice iz Slovenije in sveta\",\"publisher\":{\"@id\":\"https:\/\/hudo.com\/si\/#organization\"},\"potentialAction\":[{\"@type\":\"SearchAction\",\"target\":{\"@type\":\"EntryPoint\",\"urlTemplate\":\"https:\/\/hudo.com\/si\/?s={search_term_string}\"},\"query-input\":\"required name=search_term_string\"}],\"inLanguage\":\"sl-SI\"},{\"@type\":\"Organization\",\"@id\":\"https:\/\/hudo.com\/si\/#organization\",\"name\":\"VSN Media\",\"url\":\"https:\/\/hudo.com\/si\/\",\"logo\":{\"@type\":\"ImageObject\",\"inLanguage\":\"sl-SI\",\"@id\":\"https:\/\/hudo.com\/si\/#\/schema\/logo\/image\/\",\"url\":\"https:\/\/hudo.com\/si\/wp-content\/uploads\/sites\/2\/2021\/03\/hudo-app-2.png\",\"contentUrl\":\"https:\/\/hudo.com\/si\/wp-content\/uploads\/sites\/2\/2021\/03\/hudo-app-2.png\",\"width\":2185,\"height\":2167,\"caption\":\"VSN Media\"},\"image\":{\"@id\":\"https:\/\/hudo.com\/si\/#\/schema\/logo\/image\/\"},\"sameAs\":[\"https:\/\/www.facebook.com\/hudo.si\",\"https:\/\/twitter.com\/hudo_si\"]},{\"@type\":\"Person\",\"@id\":\"https:\/\/hudo.com\/si\/#\/schema\/person\/601cf3379633985b20f7e50f2bb47707\",\"name\":\"hudo\",\"image\":{\"@type\":\"ImageObject\",\"inLanguage\":\"sl-SI\",\"@id\":\"https:\/\/hudo.com\/si\/#\/schema\/person\/image\/\",\"url\":\"https:\/\/secure.gravatar.com\/avatar\/c4ca25fa72cace7a696b52ff5db9e095?s=96&d=mm&r=g\",\"contentUrl\":\"https:\/\/secure.gravatar.com\/avatar\/c4ca25fa72cace7a696b52ff5db9e095?s=96&d=mm&r=g\",\"caption\":\"hudo\"},\"url\":\"https:\/\/hudo.com\/si\/author\/hudo\/\"}]}<\/script>\n<!-- \/ Yoast SEO plugin. -->","yoast_head_json":{"title":"Spet burno v mariborskem mestnem svetu - Hudo Slovenija","robots":{"index":"index","follow":"follow","max-snippet":"max-snippet:-1","max-image-preview":"max-image-preview:large","max-video-preview":"max-video-preview:-1"},"canonical":"https:\/\/hudo.com\/si\/aktualno\/spet-burno-v-mariborskem-mestnem-svetu\/","og_locale":"sl_SI","og_type":"article","og_title":"Spet burno v mariborskem mestnem svetu - Hudo Slovenija","og_description":"Dana\u0161nja seja mestnega sveta je znova prinesla \u0161tevilna presene\u010denja, kot je to zdaj \u017ee obi\u010dajno, pa se je zapletlo \u017ee pri dnevnem redu. \u010ceprav naj bi se na seji prvenstveno ukvarjali s sprejemom prora\u010duna, je ve\u010dinska opozicija kljub nasprotovanju \u017eupana Andreja Fi\u0161travca sprejela predlog Stojana Auerja (LPR), da mestnemu svetu \u0161e pred razpravo o prora\u010dunu predstavi poro\u010dilo komisije za spremljanje poslovanja javnih podjetij. Komisijo je zmotila predvsem neodzivnost Nigrada in njegovih h\u010derinskih podjetij, problematizira pa tudi 1,58 milijona evrov vredno dokapitalizacijo Doma pod gorco, saj mestni svet z njo sploh ni bil seznanjen. Ob tem komisija kot sporno ocenjuje tudi provizijo (113.400 evrov) nepremi\u010dniniski agenciji Medak v lasti biv\u0161e mestne svetnice Danice Gerbec, saj naj bi bilo celotni postopek prodaje vodilo Javno podjetje za gospodarjenje s stavbnimi zemlji\u0161\u010di, zato je na predlog Auerja mestni svet mestno upravo zadol\u017eil, da glede dokapitalizacije doma spro\u017ei ustrezne postopke, od Nigrada in njegovih h\u010derinskih podjetij pa v 30 dneh pridobi vso zahtevano dokumentacijo. Dodatno je del opozicije presenetil s predlogom, da mestni svet predlog prora\u010duna sprejme po hitrem postopku, medtem ko je SMC predlagal, da se prvo in drugo branje opravita na isti seji. \u017dupan in mestna uprava sta obema predlogoma nasprotovala, saj naj ne bi bila samo v neskladju s poslovnikom mestnega sveta, ampak tudi z zakonodajo. \"Glede na to, da je mala verjetnost, da bi se na\u0161i predlogi upo\u0161tevali, je za mesto najbolje, da prora\u010dun sprejmemo \u010dim prej,\" je vseeno menil predlagatelj skraj\u0161anega postopka Aleksander \u017dupanek (ZL). \u0160e ve\u010d zmede je povzro\u010dil predlog SMC, zaradi katerega je direktor mestne uprave Darko Fras zahteval prekinitev seje, da preu\u010dijo, ali je tak sklep sploh mo\u017eno sprejeti. Mestni svetniki so nato sprejeli kompromisni predlog SMC. Razpravo o prora\u010dunu bodo opravili v dvofaznem postopku, drugo branje najkasneje 21. aprila. Prvo branje prora\u010duna je \u0161e v teku. Mari","og_url":"https:\/\/hudo.com\/si\/aktualno\/spet-burno-v-mariborskem-mestnem-svetu\/","og_site_name":"Hudo Slovenija","article_publisher":"https:\/\/www.facebook.com\/hudo.si","article_published_time":"2016-03-31T16:30:00+00:00","article_modified_time":"2016-04-01T09:34:44+00:00","og_image":[{"width":450,"height":294,"url":"https:\/\/hudo.com\/si\/wp-content\/uploads\/sites\/2\/2016\/03\/0331M11-300.jpg","type":"image\/jpeg"}],"author":"hudo","twitter_card":"summary_large_image","twitter_creator":"@hudo_si","twitter_site":"@hudo_si","twitter_misc":{"Written by":"hudo","Est. reading time":"2 minuti"},"schema":{"@context":"https:\/\/schema.org","@graph":[{"@type":"Article","@id":"https:\/\/hudo.com\/si\/aktualno\/spet-burno-v-mariborskem-mestnem-svetu\/#article","isPartOf":{"@id":"https:\/\/hudo.com\/si\/aktualno\/spet-burno-v-mariborskem-mestnem-svetu\/"},"author":{"name":"hudo","@id":"https:\/\/hudo.com\/si\/#\/schema\/person\/601cf3379633985b20f7e50f2bb47707"},"headline":"Spet burno v mariborskem mestnem svetu","datePublished":"2016-03-31T16:30:00+00:00","dateModified":"2016-04-01T09:34:44+00:00","mainEntityOfPage":{"@id":"https:\/\/hudo.com\/si\/aktualno\/spet-burno-v-mariborskem-mestnem-svetu\/"},"wordCount":328,"publisher":{"@id":"https:\/\/hudo.com\/si\/#organization"},"articleSection":["Aktualno"],"inLanguage":"sl-SI"},{"@type":"WebPage","@id":"https:\/\/hudo.com\/si\/aktualno\/spet-burno-v-mariborskem-mestnem-svetu\/","url":"https:\/\/hudo.com\/si\/aktualno\/spet-burno-v-mariborskem-mestnem-svetu\/","name":"Spet burno v mariborskem mestnem svetu - Hudo Slovenija","isPartOf":{"@id":"https:\/\/hudo.com\/si\/#website"},"datePublished":"2016-03-31T16:30:00+00:00","dateModified":"2016-04-01T09:34:44+00:00","breadcrumb":{"@id":"https:\/\/hudo.com\/si\/aktualno\/spet-burno-v-mariborskem-mestnem-svetu\/#breadcrumb"},"inLanguage":"sl-SI","potentialAction":[{"@type":"ReadAction","target":["https:\/\/hudo.com\/si\/aktualno\/spet-burno-v-mariborskem-mestnem-svetu\/"]}]},{"@type":"BreadcrumbList","@id":"https:\/\/hudo.com\/si\/aktualno\/spet-burno-v-mariborskem-mestnem-svetu\/#breadcrumb","itemListElement":[{"@type":"ListItem","position":1,"name":"Home","item":"https:\/\/hudo.com\/si\/"},{"@type":"ListItem","position":2,"name":"Spet burno v mariborskem mestnem svetu"}]},{"@type":"WebSite","@id":"https:\/\/hudo.com\/si\/#website","url":"https:\/\/hudo.com\/si\/","name":"Hudo Slovenija","description":"Vse novice iz Slovenije in sveta","publisher":{"@id":"https:\/\/hudo.com\/si\/#organization"},"potentialAction":[{"@type":"SearchAction","target":{"@type":"EntryPoint","urlTemplate":"https:\/\/hudo.com\/si\/?s={search_term_string}"},"query-input":"required name=search_term_string"}],"inLanguage":"sl-SI"},{"@type":"Organization","@id":"https:\/\/hudo.com\/si\/#organization","name":"VSN Media","url":"https:\/\/hudo.com\/si\/","logo":{"@type":"ImageObject","inLanguage":"sl-SI","@id":"https:\/\/hudo.com\/si\/#\/schema\/logo\/image\/","url":"https:\/\/hudo.com\/si\/wp-content\/uploads\/sites\/2\/2021\/03\/hudo-app-2.png","contentUrl":"https:\/\/hudo.com\/si\/wp-content\/uploads\/sites\/2\/2021\/03\/hudo-app-2.png","width":2185,"height":2167,"caption":"VSN Media"},"image":{"@id":"https:\/\/hudo.com\/si\/#\/schema\/logo\/image\/"},"sameAs":["https:\/\/www.facebook.com\/hudo.si","https:\/\/twitter.com\/hudo_si"]},{"@type":"Person","@id":"https:\/\/hudo.com\/si\/#\/schema\/person\/601cf3379633985b20f7e50f2bb47707","name":"hudo","image":{"@type":"ImageObject","inLanguage":"sl-SI","@id":"https:\/\/hudo.com\/si\/#\/schema\/person\/image\/","url":"https:\/\/secure.gravatar.com\/avatar\/c4ca25fa72cace7a696b52ff5db9e095?s=96&d=mm&r=g","contentUrl":"https:\/\/secure.gravatar.com\/avatar\/c4ca25fa72cace7a696b52ff5db9e095?s=96&d=mm&r=g","caption":"hudo"},"url":"https:\/\/hudo.com\/si\/author\/hudo\/"}]}},"amp_enabled":true,"_links":{"self":[{"href":"https:\/\/hudo.com\/si\/wp-json\/wp\/v2\/posts\/10137"}],"collection":[{"href":"https:\/\/hudo.com\/si\/wp-json\/wp\/v2\/posts"}],"about":[{"href":"https:\/\/hudo.com\/si\/wp-json\/wp\/v2\/types\/post"}],"author":[{"embeddable":true,"href":"https:\/\/hudo.com\/si\/wp-json\/wp\/v2\/users\/1"}],"replies":[{"embeddable":true,"href":"https:\/\/hudo.com\/si\/wp-json\/wp\/v2\/comments?post=10137"}],"version-history":[{"count":1,"href":"https:\/\/hudo.com\/si\/wp-json\/wp\/v2\/posts\/10137\/revisions"}],"predecessor-version":[{"id":13275,"href":"https:\/\/hudo.com\/si\/wp-json\/wp\/v2\/posts\/10137\/revisions\/13275"}],"wp:attachment":[{"href":"https:\/\/hudo.com\/si\/wp-json\/wp\/v2\/media?parent=10137"}],"wp:term":[{"taxonomy":"category","embeddable":true,"href":"https:\/\/hudo.com\/si\/wp-json\/wp\/v2\/categories?post=10137"},{"taxonomy":"post_tag","embeddable":true,"href":"https:\/\/hudo.com\/si\/wp-json\/wp\/v2\/tags?post=10137"},{"taxonomy":"source","embeddable":true,"href":"https:\/\/hudo.com\/si\/wp-json\/wp\/v2\/source?post=10137"},{"taxonomy":"supertag","embeddable":true,"href":"https:\/\/hudo.com\/si\/wp-json\/wp\/v2\/supertag?post=10137"}],"curies":[{"name":"wp","href":"https:\/\/api.w.org\/{rel}","templated":true}]}}