{"id":10151,"date":"2016-03-31T16:42:10","date_gmt":"2016-03-31T15:42:10","guid":{"rendered":"http:\/\/master.hudo.com\/si\/2016\/03\/31\/vrata-pravosodnega-sistema-so-se-vedno-trdno-zapahnjena\/"},"modified":"2016-04-01T10:34:50","modified_gmt":"2016-04-01T09:34:50","slug":"vrata-pravosodnega-sistema-so-se-vedno-trdno-zapahnjena","status":"publish","type":"post","link":"https:\/\/hudo.com\/si\/aktualno\/vrata-pravosodnega-sistema-so-se-vedno-trdno-zapahnjena\/","title":{"rendered":"\u201cVrata pravosodnega sistema so \u0161e vedno trdno zapahnjena\u201d"},"content":{"rendered":"<p>&#8220;Slabo delovanje pravosodnih institucij vpliva na razvoj dru\u017ebe in dr\u017eave, zato potrebujemo sodnike, ki so sposobni sprejeti odgovornost za storjene napake. Potrebujemo korenito reformo pravosodja, kjer se bo sodilo po \u010drki zakona in ne po imenu obto\u017eenca,&#8221; je na dana\u0161njem\u00a0shodu pred Vrhovnim sodi\u0161\u010dem zbrane nagovorila evropska poslanka Patricija \u0160ulin.\u00a0Osrednja govorca sta bila \u0161e\u00a0Boris Toma\u0161i\u010d in<\/p>\n","protected":false},"excerpt":{"rendered":"<p>&#8220;Slabo delovanje pravosodnih institucij vpliva na razvoj dru\u017ebe in dr\u017eave, zato potrebujemo sodnike, ki so sposobni sprejeti odgovornost za storjene napake. Potrebujemo korenito reformo pravosodja, kjer se bo sodilo po \u010drki zakona in ne po imenu obto\u017eenca,&#8221; je na dana\u0161njem\u00a0shodu pred Vrhovnim sodi\u0161\u010dem zbrane nagovorila evropska poslanka Patricija \u0160ulin.\u00a0Osrednja govorca sta bila \u0161e\u00a0Boris Toma\u0161i\u010d in<\/p>\n","protected":false},"author":1,"featured_media":0,"comment_status":"closed","ping_status":"closed","sticky":false,"template":"","format":"standard","meta":{"footnotes":""},"categories":[1179],"tags":[],"source":[1710],"supertag":[],"acf":[],"yoast_head":"<!-- This site is optimized with the Yoast SEO plugin v21.3 - https:\/\/yoast.com\/wordpress\/plugins\/seo\/ -->\n<title>\u201cVrata pravosodnega sistema so \u0161e vedno trdno zapahnjena\u201d - Hudo Slovenija<\/title>\n<meta name=\"robots\" content=\"index, follow, max-snippet:-1, max-image-preview:large, max-video-preview:-1\" \/>\n<link rel=\"canonical\" href=\"https:\/\/hudo.com\/si\/aktualno\/vrata-pravosodnega-sistema-so-se-vedno-trdno-zapahnjena\/\" \/>\n<meta property=\"og:locale\" content=\"sl_SI\" \/>\n<meta property=\"og:type\" content=\"article\" \/>\n<meta property=\"og:title\" content=\"\u201cVrata pravosodnega sistema so \u0161e vedno trdno zapahnjena\u201d - Hudo Slovenija\" \/>\n<meta property=\"og:description\" content=\"&#8220;Slabo delovanje pravosodnih institucij vpliva na razvoj dru\u017ebe in dr\u017eave, zato potrebujemo sodnike, ki so sposobni sprejeti odgovornost za storjene napake. Potrebujemo korenito reformo pravosodja, kjer se bo sodilo po \u010drki zakona in ne po imenu obto\u017eenca,&#8221; je na dana\u0161njem\u00a0shodu pred Vrhovnim sodi\u0161\u010dem zbrane nagovorila evropska poslanka Patricija \u0160ulin.\u00a0Osrednja govorca sta bila \u0161e\u00a0Boris Toma\u0161i\u010d in\" \/>\n<meta property=\"og:url\" content=\"https:\/\/hudo.com\/si\/aktualno\/vrata-pravosodnega-sistema-so-se-vedno-trdno-zapahnjena\/\" \/>\n<meta property=\"og:site_name\" content=\"Hudo Slovenija\" \/>\n<meta property=\"article:publisher\" content=\"https:\/\/www.facebook.com\/hudo.si\" \/>\n<meta property=\"article:published_time\" content=\"2016-03-31T15:42:10+00:00\" \/>\n<meta property=\"article:modified_time\" content=\"2016-04-01T09:34:50+00:00\" \/>\n<meta property=\"og:image\" content=\"https:\/\/hudo.com\/si\/wp-content\/uploads\/sites\/2\/2016\/03\/odbor2014-vrata-pravosodnega-sistema-se-vedno-trdno-zapahnjena-01.jpg\" \/>\n\t<meta property=\"og:image:width\" content=\"960\" \/>\n\t<meta property=\"og:image:height\" content=\"720\" \/>\n\t<meta property=\"og:image:type\" content=\"image\/jpeg\" \/>\n<meta name=\"author\" content=\"hudo\" \/>\n<meta name=\"twitter:card\" content=\"summary_large_image\" \/>\n<meta name=\"twitter:creator\" content=\"@hudo_si\" \/>\n<meta name=\"twitter:site\" content=\"@hudo_si\" \/>\n<meta name=\"twitter:label1\" content=\"Written by\" \/>\n\t<meta name=\"twitter:data1\" content=\"hudo\" \/>\n<script type=\"application\/ld+json\" class=\"yoast-schema-graph\">{\"@context\":\"https:\/\/schema.org\",\"@graph\":[{\"@type\":\"Article\",\"@id\":\"https:\/\/hudo.com\/si\/aktualno\/vrata-pravosodnega-sistema-so-se-vedno-trdno-zapahnjena\/#article\",\"isPartOf\":{\"@id\":\"https:\/\/hudo.com\/si\/aktualno\/vrata-pravosodnega-sistema-so-se-vedno-trdno-zapahnjena\/\"},\"author\":{\"name\":\"hudo\",\"@id\":\"https:\/\/hudo.com\/si\/#\/schema\/person\/601cf3379633985b20f7e50f2bb47707\"},\"headline\":\"\u201cVrata pravosodnega sistema so \u0161e vedno trdno zapahnjena\u201d\",\"datePublished\":\"2016-03-31T15:42:10+00:00\",\"dateModified\":\"2016-04-01T09:34:50+00:00\",\"mainEntityOfPage\":{\"@id\":\"https:\/\/hudo.com\/si\/aktualno\/vrata-pravosodnega-sistema-so-se-vedno-trdno-zapahnjena\/\"},\"wordCount\":72,\"publisher\":{\"@id\":\"https:\/\/hudo.com\/si\/#organization\"},\"articleSection\":[\"Aktualno\"],\"inLanguage\":\"sl-SI\"},{\"@type\":\"WebPage\",\"@id\":\"https:\/\/hudo.com\/si\/aktualno\/vrata-pravosodnega-sistema-so-se-vedno-trdno-zapahnjena\/\",\"url\":\"https:\/\/hudo.com\/si\/aktualno\/vrata-pravosodnega-sistema-so-se-vedno-trdno-zapahnjena\/\",\"name\":\"\u201cVrata pravosodnega sistema so \u0161e vedno trdno zapahnjena\u201d - Hudo Slovenija\",\"isPartOf\":{\"@id\":\"https:\/\/hudo.com\/si\/#website\"},\"datePublished\":\"2016-03-31T15:42:10+00:00\",\"dateModified\":\"2016-04-01T09:34:50+00:00\",\"breadcrumb\":{\"@id\":\"https:\/\/hudo.com\/si\/aktualno\/vrata-pravosodnega-sistema-so-se-vedno-trdno-zapahnjena\/#breadcrumb\"},\"inLanguage\":\"sl-SI\",\"potentialAction\":[{\"@type\":\"ReadAction\",\"target\":[\"https:\/\/hudo.com\/si\/aktualno\/vrata-pravosodnega-sistema-so-se-vedno-trdno-zapahnjena\/\"]}]},{\"@type\":\"BreadcrumbList\",\"@id\":\"https:\/\/hudo.com\/si\/aktualno\/vrata-pravosodnega-sistema-so-se-vedno-trdno-zapahnjena\/#breadcrumb\",\"itemListElement\":[{\"@type\":\"ListItem\",\"position\":1,\"name\":\"Home\",\"item\":\"https:\/\/hudo.com\/si\/\"},{\"@type\":\"ListItem\",\"position\":2,\"name\":\"\u201cVrata pravosodnega sistema so \u0161e vedno trdno zapahnjena\u201d\"}]},{\"@type\":\"WebSite\",\"@id\":\"https:\/\/hudo.com\/si\/#website\",\"url\":\"https:\/\/hudo.com\/si\/\",\"name\":\"Hudo Slovenija\",\"description\":\"Vse novice iz Slovenije in sveta\",\"publisher\":{\"@id\":\"https:\/\/hudo.com\/si\/#organization\"},\"potentialAction\":[{\"@type\":\"SearchAction\",\"target\":{\"@type\":\"EntryPoint\",\"urlTemplate\":\"https:\/\/hudo.com\/si\/?s={search_term_string}\"},\"query-input\":\"required name=search_term_string\"}],\"inLanguage\":\"sl-SI\"},{\"@type\":\"Organization\",\"@id\":\"https:\/\/hudo.com\/si\/#organization\",\"name\":\"VSN Media\",\"url\":\"https:\/\/hudo.com\/si\/\",\"logo\":{\"@type\":\"ImageObject\",\"inLanguage\":\"sl-SI\",\"@id\":\"https:\/\/hudo.com\/si\/#\/schema\/logo\/image\/\",\"url\":\"https:\/\/hudo.com\/si\/wp-content\/uploads\/sites\/2\/2021\/03\/hudo-app-2.png\",\"contentUrl\":\"https:\/\/hudo.com\/si\/wp-content\/uploads\/sites\/2\/2021\/03\/hudo-app-2.png\",\"width\":2185,\"height\":2167,\"caption\":\"VSN Media\"},\"image\":{\"@id\":\"https:\/\/hudo.com\/si\/#\/schema\/logo\/image\/\"},\"sameAs\":[\"https:\/\/www.facebook.com\/hudo.si\",\"https:\/\/twitter.com\/hudo_si\"]},{\"@type\":\"Person\",\"@id\":\"https:\/\/hudo.com\/si\/#\/schema\/person\/601cf3379633985b20f7e50f2bb47707\",\"name\":\"hudo\",\"image\":{\"@type\":\"ImageObject\",\"inLanguage\":\"sl-SI\",\"@id\":\"https:\/\/hudo.com\/si\/#\/schema\/person\/image\/\",\"url\":\"https:\/\/secure.gravatar.com\/avatar\/c4ca25fa72cace7a696b52ff5db9e095?s=96&d=mm&r=g\",\"contentUrl\":\"https:\/\/secure.gravatar.com\/avatar\/c4ca25fa72cace7a696b52ff5db9e095?s=96&d=mm&r=g\",\"caption\":\"hudo\"},\"url\":\"https:\/\/hudo.com\/si\/author\/hudo\/\"}]}<\/script>\n<!-- \/ Yoast SEO plugin. -->","yoast_head_json":{"title":"\u201cVrata pravosodnega sistema so \u0161e vedno trdno zapahnjena\u201d - Hudo Slovenija","robots":{"index":"index","follow":"follow","max-snippet":"max-snippet:-1","max-image-preview":"max-image-preview:large","max-video-preview":"max-video-preview:-1"},"canonical":"https:\/\/hudo.com\/si\/aktualno\/vrata-pravosodnega-sistema-so-se-vedno-trdno-zapahnjena\/","og_locale":"sl_SI","og_type":"article","og_title":"\u201cVrata pravosodnega sistema so \u0161e vedno trdno zapahnjena\u201d - Hudo Slovenija","og_description":"&#8220;Slabo delovanje pravosodnih institucij vpliva na razvoj dru\u017ebe in dr\u017eave, zato potrebujemo sodnike, ki so sposobni sprejeti odgovornost za storjene napake. Potrebujemo korenito reformo pravosodja, kjer se bo sodilo po \u010drki zakona in ne po imenu obto\u017eenca,&#8221; je na dana\u0161njem\u00a0shodu pred Vrhovnim sodi\u0161\u010dem zbrane nagovorila evropska poslanka Patricija \u0160ulin.\u00a0Osrednja govorca sta bila \u0161e\u00a0Boris Toma\u0161i\u010d in","og_url":"https:\/\/hudo.com\/si\/aktualno\/vrata-pravosodnega-sistema-so-se-vedno-trdno-zapahnjena\/","og_site_name":"Hudo Slovenija","article_publisher":"https:\/\/www.facebook.com\/hudo.si","article_published_time":"2016-03-31T15:42:10+00:00","article_modified_time":"2016-04-01T09:34:50+00:00","og_image":[{"width":960,"height":720,"url":"https:\/\/hudo.com\/si\/wp-content\/uploads\/sites\/2\/2016\/03\/odbor2014-vrata-pravosodnega-sistema-se-vedno-trdno-zapahnjena-01.jpg","type":"image\/jpeg"}],"author":"hudo","twitter_card":"summary_large_image","twitter_creator":"@hudo_si","twitter_site":"@hudo_si","twitter_misc":{"Written by":"hudo"},"schema":{"@context":"https:\/\/schema.org","@graph":[{"@type":"Article","@id":"https:\/\/hudo.com\/si\/aktualno\/vrata-pravosodnega-sistema-so-se-vedno-trdno-zapahnjena\/#article","isPartOf":{"@id":"https:\/\/hudo.com\/si\/aktualno\/vrata-pravosodnega-sistema-so-se-vedno-trdno-zapahnjena\/"},"author":{"name":"hudo","@id":"https:\/\/hudo.com\/si\/#\/schema\/person\/601cf3379633985b20f7e50f2bb47707"},"headline":"\u201cVrata pravosodnega sistema so \u0161e vedno trdno zapahnjena\u201d","datePublished":"2016-03-31T15:42:10+00:00","dateModified":"2016-04-01T09:34:50+00:00","mainEntityOfPage":{"@id":"https:\/\/hudo.com\/si\/aktualno\/vrata-pravosodnega-sistema-so-se-vedno-trdno-zapahnjena\/"},"wordCount":72,"publisher":{"@id":"https:\/\/hudo.com\/si\/#organization"},"articleSection":["Aktualno"],"inLanguage":"sl-SI"},{"@type":"WebPage","@id":"https:\/\/hudo.com\/si\/aktualno\/vrata-pravosodnega-sistema-so-se-vedno-trdno-zapahnjena\/","url":"https:\/\/hudo.com\/si\/aktualno\/vrata-pravosodnega-sistema-so-se-vedno-trdno-zapahnjena\/","name":"\u201cVrata pravosodnega sistema so \u0161e vedno trdno zapahnjena\u201d - Hudo Slovenija","isPartOf":{"@id":"https:\/\/hudo.com\/si\/#website"},"datePublished":"2016-03-31T15:42:10+00:00","dateModified":"2016-04-01T09:34:50+00:00","breadcrumb":{"@id":"https:\/\/hudo.com\/si\/aktualno\/vrata-pravosodnega-sistema-so-se-vedno-trdno-zapahnjena\/#breadcrumb"},"inLanguage":"sl-SI","potentialAction":[{"@type":"ReadAction","target":["https:\/\/hudo.com\/si\/aktualno\/vrata-pravosodnega-sistema-so-se-vedno-trdno-zapahnjena\/"]}]},{"@type":"BreadcrumbList","@id":"https:\/\/hudo.com\/si\/aktualno\/vrata-pravosodnega-sistema-so-se-vedno-trdno-zapahnjena\/#breadcrumb","itemListElement":[{"@type":"ListItem","position":1,"name":"Home","item":"https:\/\/hudo.com\/si\/"},{"@type":"ListItem","position":2,"name":"\u201cVrata pravosodnega sistema so \u0161e vedno trdno zapahnjena\u201d"}]},{"@type":"WebSite","@id":"https:\/\/hudo.com\/si\/#website","url":"https:\/\/hudo.com\/si\/","name":"Hudo Slovenija","description":"Vse novice iz Slovenije in sveta","publisher":{"@id":"https:\/\/hudo.com\/si\/#organization"},"potentialAction":[{"@type":"SearchAction","target":{"@type":"EntryPoint","urlTemplate":"https:\/\/hudo.com\/si\/?s={search_term_string}"},"query-input":"required name=search_term_string"}],"inLanguage":"sl-SI"},{"@type":"Organization","@id":"https:\/\/hudo.com\/si\/#organization","name":"VSN Media","url":"https:\/\/hudo.com\/si\/","logo":{"@type":"ImageObject","inLanguage":"sl-SI","@id":"https:\/\/hudo.com\/si\/#\/schema\/logo\/image\/","url":"https:\/\/hudo.com\/si\/wp-content\/uploads\/sites\/2\/2021\/03\/hudo-app-2.png","contentUrl":"https:\/\/hudo.com\/si\/wp-content\/uploads\/sites\/2\/2021\/03\/hudo-app-2.png","width":2185,"height":2167,"caption":"VSN Media"},"image":{"@id":"https:\/\/hudo.com\/si\/#\/schema\/logo\/image\/"},"sameAs":["https:\/\/www.facebook.com\/hudo.si","https:\/\/twitter.com\/hudo_si"]},{"@type":"Person","@id":"https:\/\/hudo.com\/si\/#\/schema\/person\/601cf3379633985b20f7e50f2bb47707","name":"hudo","image":{"@type":"ImageObject","inLanguage":"sl-SI","@id":"https:\/\/hudo.com\/si\/#\/schema\/person\/image\/","url":"https:\/\/secure.gravatar.com\/avatar\/c4ca25fa72cace7a696b52ff5db9e095?s=96&d=mm&r=g","contentUrl":"https:\/\/secure.gravatar.com\/avatar\/c4ca25fa72cace7a696b52ff5db9e095?s=96&d=mm&r=g","caption":"hudo"},"url":"https:\/\/hudo.com\/si\/author\/hudo\/"}]}},"amp_enabled":true,"_links":{"self":[{"href":"https:\/\/hudo.com\/si\/wp-json\/wp\/v2\/posts\/10151"}],"collection":[{"href":"https:\/\/hudo.com\/si\/wp-json\/wp\/v2\/posts"}],"about":[{"href":"https:\/\/hudo.com\/si\/wp-json\/wp\/v2\/types\/post"}],"author":[{"embeddable":true,"href":"https:\/\/hudo.com\/si\/wp-json\/wp\/v2\/users\/1"}],"replies":[{"embeddable":true,"href":"https:\/\/hudo.com\/si\/wp-json\/wp\/v2\/comments?post=10151"}],"version-history":[{"count":1,"href":"https:\/\/hudo.com\/si\/wp-json\/wp\/v2\/posts\/10151\/revisions"}],"predecessor-version":[{"id":13284,"href":"https:\/\/hudo.com\/si\/wp-json\/wp\/v2\/posts\/10151\/revisions\/13284"}],"wp:attachment":[{"href":"https:\/\/hudo.com\/si\/wp-json\/wp\/v2\/media?parent=10151"}],"wp:term":[{"taxonomy":"category","embeddable":true,"href":"https:\/\/hudo.com\/si\/wp-json\/wp\/v2\/categories?post=10151"},{"taxonomy":"post_tag","embeddable":true,"href":"https:\/\/hudo.com\/si\/wp-json\/wp\/v2\/tags?post=10151"},{"taxonomy":"source","embeddable":true,"href":"https:\/\/hudo.com\/si\/wp-json\/wp\/v2\/source?post=10151"},{"taxonomy":"supertag","embeddable":true,"href":"https:\/\/hudo.com\/si\/wp-json\/wp\/v2\/supertag?post=10151"}],"curies":[{"name":"wp","href":"https:\/\/api.w.org\/{rel}","templated":true}]}}