{"id":101733,"date":"2016-07-26T10:10:44","date_gmt":"2016-07-26T08:10:44","guid":{"rendered":"http:\/\/hudo.com\/si\/2016\/07\/26\/francija-policija-ubila-moska-ki-sta-zajela-talce-trije-mrtvi\/"},"modified":"2016-07-27T10:42:36","modified_gmt":"2016-07-27T08:42:36","slug":"francija-policija-ubila-moska-ki-sta-zajela-talce-trije-mrtvi","status":"publish","type":"post","link":"https:\/\/hudo.com\/si\/aktualno\/francija-policija-ubila-moska-ki-sta-zajela-talce-trije-mrtvi\/","title":{"rendered":"Francija: Policija ubila mo\u0161ka, ki sta zajela talce, trije mrtvi"},"content":{"rendered":"<p>Po poro\u010danju francoskih medijev sta mo\u0161ka v cerkvi v kraju Saint-Etienne-du-Rouvray blizu Rouena v departmaju Seine-Maritime zadr\u017eevala \u0161est ljudi, med njimi duhovnika\u00a0in dve nuni.\u00a0 Eden od ugrabiteljev naj bi duhovniku prerezal vrat navajajo policijski viri prav tako naj bi ugrabitelj ubil \u0161e enega vernika, ki se je takrat nahajal v cerkvi. Lokalna policija je na<\/p>\n","protected":false},"excerpt":{"rendered":"<p>Po poro\u010danju francoskih medijev sta mo\u0161ka v cerkvi v kraju Saint-Etienne-du-Rouvray blizu Rouena v departmaju Seine-Maritime zadr\u017eevala \u0161est ljudi, med njimi duhovnika\u00a0in dve nuni.\u00a0 Eden od ugrabiteljev naj bi duhovniku prerezal vrat navajajo policijski viri prav tako naj bi ugrabitelj ubil \u0161e enega vernika, ki se je takrat nahajal v cerkvi. Lokalna policija je na<\/p>\n","protected":false},"author":1,"featured_media":0,"comment_status":"closed","ping_status":"closed","sticky":false,"template":"","format":"standard","meta":{"footnotes":""},"categories":[1179],"tags":[],"source":[1710],"supertag":[],"acf":[],"yoast_head":"<!-- This site is optimized with the Yoast SEO plugin v21.3 - https:\/\/yoast.com\/wordpress\/plugins\/seo\/ -->\n<title>Francija: Policija ubila mo\u0161ka, ki sta zajela talce, trije mrtvi - Hudo Slovenija<\/title>\n<meta name=\"robots\" content=\"index, follow, max-snippet:-1, max-image-preview:large, max-video-preview:-1\" \/>\n<link rel=\"canonical\" href=\"https:\/\/hudo.com\/si\/aktualno\/francija-policija-ubila-moska-ki-sta-zajela-talce-trije-mrtvi\/\" \/>\n<meta property=\"og:locale\" content=\"sl_SI\" \/>\n<meta property=\"og:type\" content=\"article\" \/>\n<meta property=\"og:title\" content=\"Francija: Policija ubila mo\u0161ka, ki sta zajela talce, trije mrtvi - Hudo Slovenija\" \/>\n<meta property=\"og:description\" content=\"Po poro\u010danju francoskih medijev sta mo\u0161ka v cerkvi v kraju Saint-Etienne-du-Rouvray blizu Rouena v departmaju Seine-Maritime zadr\u017eevala \u0161est ljudi, med njimi duhovnika\u00a0in dve nuni.\u00a0 Eden od ugrabiteljev naj bi duhovniku prerezal vrat navajajo policijski viri prav tako naj bi ugrabitelj ubil \u0161e enega vernika, ki se je takrat nahajal v cerkvi. Lokalna policija je na\" \/>\n<meta property=\"og:url\" content=\"https:\/\/hudo.com\/si\/aktualno\/francija-policija-ubila-moska-ki-sta-zajela-talce-trije-mrtvi\/\" \/>\n<meta property=\"og:site_name\" content=\"Hudo Slovenija\" \/>\n<meta property=\"article:publisher\" content=\"https:\/\/www.facebook.com\/hudo.si\" \/>\n<meta property=\"article:published_time\" content=\"2016-07-26T08:10:44+00:00\" \/>\n<meta property=\"article:modified_time\" content=\"2016-07-27T08:42:36+00:00\" \/>\n<meta property=\"og:image\" content=\"https:\/\/hudo.com\/si\/wp-content\/uploads\/sites\/2\/2016\/07\/francija-policija-ubila-moska-ki-sta-zajela-talce-trije-mrtvi-01.jpg\" \/>\n\t<meta property=\"og:image:width\" content=\"287\" \/>\n\t<meta property=\"og:image:height\" content=\"176\" \/>\n\t<meta property=\"og:image:type\" content=\"image\/jpeg\" \/>\n<meta name=\"author\" content=\"hudo\" \/>\n<meta name=\"twitter:card\" content=\"summary_large_image\" \/>\n<meta name=\"twitter:creator\" content=\"@hudo_si\" \/>\n<meta name=\"twitter:site\" content=\"@hudo_si\" \/>\n<meta name=\"twitter:label1\" content=\"Written by\" \/>\n\t<meta name=\"twitter:data1\" content=\"hudo\" \/>\n<script type=\"application\/ld+json\" class=\"yoast-schema-graph\">{\"@context\":\"https:\/\/schema.org\",\"@graph\":[{\"@type\":\"Article\",\"@id\":\"https:\/\/hudo.com\/si\/aktualno\/francija-policija-ubila-moska-ki-sta-zajela-talce-trije-mrtvi\/#article\",\"isPartOf\":{\"@id\":\"https:\/\/hudo.com\/si\/aktualno\/francija-policija-ubila-moska-ki-sta-zajela-talce-trije-mrtvi\/\"},\"author\":{\"name\":\"hudo\",\"@id\":\"https:\/\/hudo.com\/si\/#\/schema\/person\/601cf3379633985b20f7e50f2bb47707\"},\"headline\":\"Francija: Policija ubila mo\u0161ka, ki sta zajela talce, trije mrtvi\",\"datePublished\":\"2016-07-26T08:10:44+00:00\",\"dateModified\":\"2016-07-27T08:42:36+00:00\",\"mainEntityOfPage\":{\"@id\":\"https:\/\/hudo.com\/si\/aktualno\/francija-policija-ubila-moska-ki-sta-zajela-talce-trije-mrtvi\/\"},\"wordCount\":70,\"publisher\":{\"@id\":\"https:\/\/hudo.com\/si\/#organization\"},\"articleSection\":[\"Aktualno\"],\"inLanguage\":\"sl-SI\"},{\"@type\":\"WebPage\",\"@id\":\"https:\/\/hudo.com\/si\/aktualno\/francija-policija-ubila-moska-ki-sta-zajela-talce-trije-mrtvi\/\",\"url\":\"https:\/\/hudo.com\/si\/aktualno\/francija-policija-ubila-moska-ki-sta-zajela-talce-trije-mrtvi\/\",\"name\":\"Francija: Policija ubila mo\u0161ka, ki sta zajela talce, trije mrtvi - Hudo Slovenija\",\"isPartOf\":{\"@id\":\"https:\/\/hudo.com\/si\/#website\"},\"datePublished\":\"2016-07-26T08:10:44+00:00\",\"dateModified\":\"2016-07-27T08:42:36+00:00\",\"breadcrumb\":{\"@id\":\"https:\/\/hudo.com\/si\/aktualno\/francija-policija-ubila-moska-ki-sta-zajela-talce-trije-mrtvi\/#breadcrumb\"},\"inLanguage\":\"sl-SI\",\"potentialAction\":[{\"@type\":\"ReadAction\",\"target\":[\"https:\/\/hudo.com\/si\/aktualno\/francija-policija-ubila-moska-ki-sta-zajela-talce-trije-mrtvi\/\"]}]},{\"@type\":\"BreadcrumbList\",\"@id\":\"https:\/\/hudo.com\/si\/aktualno\/francija-policija-ubila-moska-ki-sta-zajela-talce-trije-mrtvi\/#breadcrumb\",\"itemListElement\":[{\"@type\":\"ListItem\",\"position\":1,\"name\":\"Home\",\"item\":\"https:\/\/hudo.com\/si\/\"},{\"@type\":\"ListItem\",\"position\":2,\"name\":\"Francija: Policija ubila mo\u0161ka, ki sta zajela talce, trije mrtvi\"}]},{\"@type\":\"WebSite\",\"@id\":\"https:\/\/hudo.com\/si\/#website\",\"url\":\"https:\/\/hudo.com\/si\/\",\"name\":\"Hudo Slovenija\",\"description\":\"Vse novice iz Slovenije in sveta\",\"publisher\":{\"@id\":\"https:\/\/hudo.com\/si\/#organization\"},\"potentialAction\":[{\"@type\":\"SearchAction\",\"target\":{\"@type\":\"EntryPoint\",\"urlTemplate\":\"https:\/\/hudo.com\/si\/?s={search_term_string}\"},\"query-input\":\"required name=search_term_string\"}],\"inLanguage\":\"sl-SI\"},{\"@type\":\"Organization\",\"@id\":\"https:\/\/hudo.com\/si\/#organization\",\"name\":\"VSN Media\",\"url\":\"https:\/\/hudo.com\/si\/\",\"logo\":{\"@type\":\"ImageObject\",\"inLanguage\":\"sl-SI\",\"@id\":\"https:\/\/hudo.com\/si\/#\/schema\/logo\/image\/\",\"url\":\"https:\/\/hudo.com\/si\/wp-content\/uploads\/sites\/2\/2021\/03\/hudo-app-2.png\",\"contentUrl\":\"https:\/\/hudo.com\/si\/wp-content\/uploads\/sites\/2\/2021\/03\/hudo-app-2.png\",\"width\":2185,\"height\":2167,\"caption\":\"VSN Media\"},\"image\":{\"@id\":\"https:\/\/hudo.com\/si\/#\/schema\/logo\/image\/\"},\"sameAs\":[\"https:\/\/www.facebook.com\/hudo.si\",\"https:\/\/twitter.com\/hudo_si\"]},{\"@type\":\"Person\",\"@id\":\"https:\/\/hudo.com\/si\/#\/schema\/person\/601cf3379633985b20f7e50f2bb47707\",\"name\":\"hudo\",\"image\":{\"@type\":\"ImageObject\",\"inLanguage\":\"sl-SI\",\"@id\":\"https:\/\/hudo.com\/si\/#\/schema\/person\/image\/\",\"url\":\"https:\/\/secure.gravatar.com\/avatar\/c4ca25fa72cace7a696b52ff5db9e095?s=96&d=mm&r=g\",\"contentUrl\":\"https:\/\/secure.gravatar.com\/avatar\/c4ca25fa72cace7a696b52ff5db9e095?s=96&d=mm&r=g\",\"caption\":\"hudo\"},\"url\":\"https:\/\/hudo.com\/si\/author\/hudo\/\"}]}<\/script>\n<!-- \/ Yoast SEO plugin. -->","yoast_head_json":{"title":"Francija: Policija ubila mo\u0161ka, ki sta zajela talce, trije mrtvi - Hudo Slovenija","robots":{"index":"index","follow":"follow","max-snippet":"max-snippet:-1","max-image-preview":"max-image-preview:large","max-video-preview":"max-video-preview:-1"},"canonical":"https:\/\/hudo.com\/si\/aktualno\/francija-policija-ubila-moska-ki-sta-zajela-talce-trije-mrtvi\/","og_locale":"sl_SI","og_type":"article","og_title":"Francija: Policija ubila mo\u0161ka, ki sta zajela talce, trije mrtvi - Hudo Slovenija","og_description":"Po poro\u010danju francoskih medijev sta mo\u0161ka v cerkvi v kraju Saint-Etienne-du-Rouvray blizu Rouena v departmaju Seine-Maritime zadr\u017eevala \u0161est ljudi, med njimi duhovnika\u00a0in dve nuni.\u00a0 Eden od ugrabiteljev naj bi duhovniku prerezal vrat navajajo policijski viri prav tako naj bi ugrabitelj ubil \u0161e enega vernika, ki se je takrat nahajal v cerkvi. Lokalna policija je na","og_url":"https:\/\/hudo.com\/si\/aktualno\/francija-policija-ubila-moska-ki-sta-zajela-talce-trije-mrtvi\/","og_site_name":"Hudo Slovenija","article_publisher":"https:\/\/www.facebook.com\/hudo.si","article_published_time":"2016-07-26T08:10:44+00:00","article_modified_time":"2016-07-27T08:42:36+00:00","og_image":[{"width":287,"height":176,"url":"https:\/\/hudo.com\/si\/wp-content\/uploads\/sites\/2\/2016\/07\/francija-policija-ubila-moska-ki-sta-zajela-talce-trije-mrtvi-01.jpg","type":"image\/jpeg"}],"author":"hudo","twitter_card":"summary_large_image","twitter_creator":"@hudo_si","twitter_site":"@hudo_si","twitter_misc":{"Written by":"hudo"},"schema":{"@context":"https:\/\/schema.org","@graph":[{"@type":"Article","@id":"https:\/\/hudo.com\/si\/aktualno\/francija-policija-ubila-moska-ki-sta-zajela-talce-trije-mrtvi\/#article","isPartOf":{"@id":"https:\/\/hudo.com\/si\/aktualno\/francija-policija-ubila-moska-ki-sta-zajela-talce-trije-mrtvi\/"},"author":{"name":"hudo","@id":"https:\/\/hudo.com\/si\/#\/schema\/person\/601cf3379633985b20f7e50f2bb47707"},"headline":"Francija: Policija ubila mo\u0161ka, ki sta zajela talce, trije mrtvi","datePublished":"2016-07-26T08:10:44+00:00","dateModified":"2016-07-27T08:42:36+00:00","mainEntityOfPage":{"@id":"https:\/\/hudo.com\/si\/aktualno\/francija-policija-ubila-moska-ki-sta-zajela-talce-trije-mrtvi\/"},"wordCount":70,"publisher":{"@id":"https:\/\/hudo.com\/si\/#organization"},"articleSection":["Aktualno"],"inLanguage":"sl-SI"},{"@type":"WebPage","@id":"https:\/\/hudo.com\/si\/aktualno\/francija-policija-ubila-moska-ki-sta-zajela-talce-trije-mrtvi\/","url":"https:\/\/hudo.com\/si\/aktualno\/francija-policija-ubila-moska-ki-sta-zajela-talce-trije-mrtvi\/","name":"Francija: Policija ubila mo\u0161ka, ki sta zajela talce, trije mrtvi - Hudo Slovenija","isPartOf":{"@id":"https:\/\/hudo.com\/si\/#website"},"datePublished":"2016-07-26T08:10:44+00:00","dateModified":"2016-07-27T08:42:36+00:00","breadcrumb":{"@id":"https:\/\/hudo.com\/si\/aktualno\/francija-policija-ubila-moska-ki-sta-zajela-talce-trije-mrtvi\/#breadcrumb"},"inLanguage":"sl-SI","potentialAction":[{"@type":"ReadAction","target":["https:\/\/hudo.com\/si\/aktualno\/francija-policija-ubila-moska-ki-sta-zajela-talce-trije-mrtvi\/"]}]},{"@type":"BreadcrumbList","@id":"https:\/\/hudo.com\/si\/aktualno\/francija-policija-ubila-moska-ki-sta-zajela-talce-trije-mrtvi\/#breadcrumb","itemListElement":[{"@type":"ListItem","position":1,"name":"Home","item":"https:\/\/hudo.com\/si\/"},{"@type":"ListItem","position":2,"name":"Francija: Policija ubila mo\u0161ka, ki sta zajela talce, trije mrtvi"}]},{"@type":"WebSite","@id":"https:\/\/hudo.com\/si\/#website","url":"https:\/\/hudo.com\/si\/","name":"Hudo Slovenija","description":"Vse novice iz Slovenije in sveta","publisher":{"@id":"https:\/\/hudo.com\/si\/#organization"},"potentialAction":[{"@type":"SearchAction","target":{"@type":"EntryPoint","urlTemplate":"https:\/\/hudo.com\/si\/?s={search_term_string}"},"query-input":"required name=search_term_string"}],"inLanguage":"sl-SI"},{"@type":"Organization","@id":"https:\/\/hudo.com\/si\/#organization","name":"VSN Media","url":"https:\/\/hudo.com\/si\/","logo":{"@type":"ImageObject","inLanguage":"sl-SI","@id":"https:\/\/hudo.com\/si\/#\/schema\/logo\/image\/","url":"https:\/\/hudo.com\/si\/wp-content\/uploads\/sites\/2\/2021\/03\/hudo-app-2.png","contentUrl":"https:\/\/hudo.com\/si\/wp-content\/uploads\/sites\/2\/2021\/03\/hudo-app-2.png","width":2185,"height":2167,"caption":"VSN Media"},"image":{"@id":"https:\/\/hudo.com\/si\/#\/schema\/logo\/image\/"},"sameAs":["https:\/\/www.facebook.com\/hudo.si","https:\/\/twitter.com\/hudo_si"]},{"@type":"Person","@id":"https:\/\/hudo.com\/si\/#\/schema\/person\/601cf3379633985b20f7e50f2bb47707","name":"hudo","image":{"@type":"ImageObject","inLanguage":"sl-SI","@id":"https:\/\/hudo.com\/si\/#\/schema\/person\/image\/","url":"https:\/\/secure.gravatar.com\/avatar\/c4ca25fa72cace7a696b52ff5db9e095?s=96&d=mm&r=g","contentUrl":"https:\/\/secure.gravatar.com\/avatar\/c4ca25fa72cace7a696b52ff5db9e095?s=96&d=mm&r=g","caption":"hudo"},"url":"https:\/\/hudo.com\/si\/author\/hudo\/"}]}},"amp_enabled":true,"_links":{"self":[{"href":"https:\/\/hudo.com\/si\/wp-json\/wp\/v2\/posts\/101733"}],"collection":[{"href":"https:\/\/hudo.com\/si\/wp-json\/wp\/v2\/posts"}],"about":[{"href":"https:\/\/hudo.com\/si\/wp-json\/wp\/v2\/types\/post"}],"author":[{"embeddable":true,"href":"https:\/\/hudo.com\/si\/wp-json\/wp\/v2\/users\/1"}],"replies":[{"embeddable":true,"href":"https:\/\/hudo.com\/si\/wp-json\/wp\/v2\/comments?post=101733"}],"version-history":[{"count":1,"href":"https:\/\/hudo.com\/si\/wp-json\/wp\/v2\/posts\/101733\/revisions"}],"predecessor-version":[{"id":101966,"href":"https:\/\/hudo.com\/si\/wp-json\/wp\/v2\/posts\/101733\/revisions\/101966"}],"wp:attachment":[{"href":"https:\/\/hudo.com\/si\/wp-json\/wp\/v2\/media?parent=101733"}],"wp:term":[{"taxonomy":"category","embeddable":true,"href":"https:\/\/hudo.com\/si\/wp-json\/wp\/v2\/categories?post=101733"},{"taxonomy":"post_tag","embeddable":true,"href":"https:\/\/hudo.com\/si\/wp-json\/wp\/v2\/tags?post=101733"},{"taxonomy":"source","embeddable":true,"href":"https:\/\/hudo.com\/si\/wp-json\/wp\/v2\/source?post=101733"},{"taxonomy":"supertag","embeddable":true,"href":"https:\/\/hudo.com\/si\/wp-json\/wp\/v2\/supertag?post=101733"}],"curies":[{"name":"wp","href":"https:\/\/api.w.org\/{rel}","templated":true}]}}