{"id":101737,"date":"2016-07-26T10:00:00","date_gmt":"2016-07-26T08:00:00","guid":{"rendered":"http:\/\/hudo.com\/si\/2016\/07\/26\/kot-senca-v-beli-majici-je-lovil-rumeno\/"},"modified":"2016-07-26T10:00:00","modified_gmt":"2016-07-26T08:00:00","slug":"kot-senca-v-beli-majici-je-lovil-rumeno","status":"publish","type":"post","link":"https:\/\/hudo.com\/si\/aktualno\/kot-senca-v-beli-majici-je-lovil-rumeno\/","title":{"rendered":"Kot senca v beli majici je lovil rumeno"},"content":{"rendered":"<p>Kategorija: Kolesarstvo Tue, 26 Jul 2016 12:00:00 +0200  Pariz \u2013 Ne le tretjo zmago Chrisa Frooma, Britanci so z navdu\u0161enjem pozdravili \u0161e en vrhunski dose\u017eek na leto\u0161nji dirki Po Franciji: 23-letni Adam Yates jo je namre\u010d kon\u010dal z belo majico najbolj\u0161ega kolesarja do 25 let in na tem mestu nasledil Kolumbijca Naira Quintano. Mo\u0161tveni kolega Luke Mezgeca je tako ob\u010dutno presegel pri\u010dakovanja Orice.Yates je mladeni\u010d iz mesta Bury, blizu Manchestra, kolesarstvu se je predal skupaj z bratom dvoj\u010dkom Simonom, s kateri sta del avstralskega mo\u0161tva Orica-BikeExchange. \u0160portni direktor mo\u0161tva Matt Wilson pravi, da sta si po videzu sicer podobna, ne pa tudi po zna\u010daju. Umirjen in ne preve\u010d zgovoren \u00bbne bo uporabil deset besed, \u010de ena zadostuje.\u00ab Leto\u0161nji Tour je bil posebna izku\u0161nja zanj, saj je bil mo\u010dno izpostavljen in je moral ves \u010das odgovarjati na vpra\u0161anja novinarjev,\u00a0&#8230;<\/p>\n","protected":false},"excerpt":{"rendered":"<p>Kategorija: Kolesarstvo Tue, 26 Jul 2016 12:00:00 +0200  Pariz \u2013 Ne le tretjo zmago Chrisa Frooma, Britanci so z navdu\u0161enjem pozdravili \u0161e en vrhunski dose\u017eek na leto\u0161nji dirki Po Franciji: 23-letni Adam Yates jo je namre\u010d kon\u010dal z belo majico najbolj\u0161ega kolesarja do 25 let in na tem mestu nasledil Kolumbijca Naira Quintano. Mo\u0161tveni kolega Luke Mezgeca je tako ob\u010dutno presegel pri\u010dakovanja Orice.Yates je mladeni\u010d iz mesta Bury, blizu Manchestra, kolesarstvu se je predal skupaj z bratom dvoj\u010dkom Simonom, s kateri sta del avstralskega mo\u0161tva Orica-BikeExchange. \u0160portni direktor mo\u0161tva Matt Wilson pravi, da sta si po videzu sicer podobna, ne pa tudi po zna\u010daju. Umirjen in ne preve\u010d zgovoren \u00bbne bo uporabil deset besed, \u010de ena zadostuje.\u00ab Leto\u0161nji Tour je bil posebna izku\u0161nja zanj, saj je bil mo\u010dno izpostavljen in je moral ves \u010das odgovarjati na vpra\u0161anja novinarjev,\u00a0&#8230;<\/p>\n","protected":false},"author":1,"featured_media":0,"comment_status":"closed","ping_status":"closed","sticky":false,"template":"","format":"standard","meta":{"footnotes":""},"categories":[1179],"tags":[],"source":[4511],"supertag":[],"acf":[],"yoast_head":"<!-- This site is optimized with the Yoast SEO plugin v21.3 - https:\/\/yoast.com\/wordpress\/plugins\/seo\/ -->\n<title>Kot senca v beli majici je lovil rumeno - Hudo Slovenija<\/title>\n<meta name=\"robots\" content=\"index, follow, max-snippet:-1, max-image-preview:large, max-video-preview:-1\" \/>\n<link rel=\"canonical\" href=\"https:\/\/hudo.com\/si\/aktualno\/kot-senca-v-beli-majici-je-lovil-rumeno\/\" \/>\n<meta property=\"og:locale\" content=\"sl_SI\" \/>\n<meta property=\"og:type\" content=\"article\" \/>\n<meta property=\"og:title\" content=\"Kot senca v beli majici je lovil rumeno - Hudo Slovenija\" \/>\n<meta property=\"og:description\" content=\"Kategorija: Kolesarstvo Tue, 26 Jul 2016 12:00:00 +0200 Pariz \u2013 Ne le tretjo zmago Chrisa Frooma, Britanci so z navdu\u0161enjem pozdravili \u0161e en vrhunski dose\u017eek na leto\u0161nji dirki Po Franciji: 23-letni Adam Yates jo je namre\u010d kon\u010dal z belo majico najbolj\u0161ega kolesarja do 25 let in na tem mestu nasledil Kolumbijca Naira Quintano. Mo\u0161tveni kolega Luke Mezgeca je tako ob\u010dutno presegel pri\u010dakovanja Orice.Yates je mladeni\u010d iz mesta Bury, blizu Manchestra, kolesarstvu se je predal skupaj z bratom dvoj\u010dkom Simonom, s kateri sta del avstralskega mo\u0161tva Orica-BikeExchange. \u0160portni direktor mo\u0161tva Matt Wilson pravi, da sta si po videzu sicer podobna, ne pa tudi po zna\u010daju. Umirjen in ne preve\u010d zgovoren \u00bbne bo uporabil deset besed, \u010de ena zadostuje.\u00ab Leto\u0161nji Tour je bil posebna izku\u0161nja zanj, saj je bil mo\u010dno izpostavljen in je moral ves \u010das odgovarjati na vpra\u0161anja novinarjev,\u00a0...\" \/>\n<meta property=\"og:url\" content=\"https:\/\/hudo.com\/si\/aktualno\/kot-senca-v-beli-majici-je-lovil-rumeno\/\" \/>\n<meta property=\"og:site_name\" content=\"Hudo Slovenija\" \/>\n<meta property=\"article:publisher\" content=\"https:\/\/www.facebook.com\/hudo.si\" \/>\n<meta property=\"article:published_time\" content=\"2016-07-26T08:00:00+00:00\" \/>\n<meta property=\"og:image\" content=\"https:\/\/hudo.com\/si\/wp-content\/uploads\/sites\/2\/2016\/07\/480x290_Sport__AP_Pictures_20160724.2_hires0.jpeg\" \/>\n\t<meta property=\"og:image:width\" content=\"480\" \/>\n\t<meta property=\"og:image:height\" content=\"290\" \/>\n\t<meta property=\"og:image:type\" content=\"image\/jpeg\" \/>\n<meta name=\"author\" content=\"hudo\" \/>\n<meta name=\"twitter:card\" content=\"summary_large_image\" \/>\n<meta name=\"twitter:creator\" content=\"@hudo_si\" \/>\n<meta name=\"twitter:site\" content=\"@hudo_si\" \/>\n<meta name=\"twitter:label1\" content=\"Written by\" \/>\n\t<meta name=\"twitter:data1\" content=\"hudo\" \/>\n\t<meta name=\"twitter:label2\" content=\"Est. reading time\" \/>\n\t<meta name=\"twitter:data2\" content=\"1 minuta\" \/>\n<script type=\"application\/ld+json\" class=\"yoast-schema-graph\">{\"@context\":\"https:\/\/schema.org\",\"@graph\":[{\"@type\":\"Article\",\"@id\":\"https:\/\/hudo.com\/si\/aktualno\/kot-senca-v-beli-majici-je-lovil-rumeno\/#article\",\"isPartOf\":{\"@id\":\"https:\/\/hudo.com\/si\/aktualno\/kot-senca-v-beli-majici-je-lovil-rumeno\/\"},\"author\":{\"name\":\"hudo\",\"@id\":\"https:\/\/hudo.com\/si\/#\/schema\/person\/601cf3379633985b20f7e50f2bb47707\"},\"headline\":\"Kot senca v beli majici je lovil rumeno\",\"datePublished\":\"2016-07-26T08:00:00+00:00\",\"dateModified\":\"2016-07-26T08:00:00+00:00\",\"mainEntityOfPage\":{\"@id\":\"https:\/\/hudo.com\/si\/aktualno\/kot-senca-v-beli-majici-je-lovil-rumeno\/\"},\"wordCount\":157,\"publisher\":{\"@id\":\"https:\/\/hudo.com\/si\/#organization\"},\"articleSection\":[\"Aktualno\"],\"inLanguage\":\"sl-SI\"},{\"@type\":\"WebPage\",\"@id\":\"https:\/\/hudo.com\/si\/aktualno\/kot-senca-v-beli-majici-je-lovil-rumeno\/\",\"url\":\"https:\/\/hudo.com\/si\/aktualno\/kot-senca-v-beli-majici-je-lovil-rumeno\/\",\"name\":\"Kot senca v beli majici je lovil rumeno - Hudo Slovenija\",\"isPartOf\":{\"@id\":\"https:\/\/hudo.com\/si\/#website\"},\"datePublished\":\"2016-07-26T08:00:00+00:00\",\"dateModified\":\"2016-07-26T08:00:00+00:00\",\"breadcrumb\":{\"@id\":\"https:\/\/hudo.com\/si\/aktualno\/kot-senca-v-beli-majici-je-lovil-rumeno\/#breadcrumb\"},\"inLanguage\":\"sl-SI\",\"potentialAction\":[{\"@type\":\"ReadAction\",\"target\":[\"https:\/\/hudo.com\/si\/aktualno\/kot-senca-v-beli-majici-je-lovil-rumeno\/\"]}]},{\"@type\":\"BreadcrumbList\",\"@id\":\"https:\/\/hudo.com\/si\/aktualno\/kot-senca-v-beli-majici-je-lovil-rumeno\/#breadcrumb\",\"itemListElement\":[{\"@type\":\"ListItem\",\"position\":1,\"name\":\"Home\",\"item\":\"https:\/\/hudo.com\/si\/\"},{\"@type\":\"ListItem\",\"position\":2,\"name\":\"Kot senca v beli majici je lovil rumeno\"}]},{\"@type\":\"WebSite\",\"@id\":\"https:\/\/hudo.com\/si\/#website\",\"url\":\"https:\/\/hudo.com\/si\/\",\"name\":\"Hudo Slovenija\",\"description\":\"Vse novice iz Slovenije in sveta\",\"publisher\":{\"@id\":\"https:\/\/hudo.com\/si\/#organization\"},\"potentialAction\":[{\"@type\":\"SearchAction\",\"target\":{\"@type\":\"EntryPoint\",\"urlTemplate\":\"https:\/\/hudo.com\/si\/?s={search_term_string}\"},\"query-input\":\"required name=search_term_string\"}],\"inLanguage\":\"sl-SI\"},{\"@type\":\"Organization\",\"@id\":\"https:\/\/hudo.com\/si\/#organization\",\"name\":\"VSN Media\",\"url\":\"https:\/\/hudo.com\/si\/\",\"logo\":{\"@type\":\"ImageObject\",\"inLanguage\":\"sl-SI\",\"@id\":\"https:\/\/hudo.com\/si\/#\/schema\/logo\/image\/\",\"url\":\"https:\/\/hudo.com\/si\/wp-content\/uploads\/sites\/2\/2021\/03\/hudo-app-2.png\",\"contentUrl\":\"https:\/\/hudo.com\/si\/wp-content\/uploads\/sites\/2\/2021\/03\/hudo-app-2.png\",\"width\":2185,\"height\":2167,\"caption\":\"VSN Media\"},\"image\":{\"@id\":\"https:\/\/hudo.com\/si\/#\/schema\/logo\/image\/\"},\"sameAs\":[\"https:\/\/www.facebook.com\/hudo.si\",\"https:\/\/twitter.com\/hudo_si\"]},{\"@type\":\"Person\",\"@id\":\"https:\/\/hudo.com\/si\/#\/schema\/person\/601cf3379633985b20f7e50f2bb47707\",\"name\":\"hudo\",\"image\":{\"@type\":\"ImageObject\",\"inLanguage\":\"sl-SI\",\"@id\":\"https:\/\/hudo.com\/si\/#\/schema\/person\/image\/\",\"url\":\"https:\/\/secure.gravatar.com\/avatar\/c4ca25fa72cace7a696b52ff5db9e095?s=96&d=mm&r=g\",\"contentUrl\":\"https:\/\/secure.gravatar.com\/avatar\/c4ca25fa72cace7a696b52ff5db9e095?s=96&d=mm&r=g\",\"caption\":\"hudo\"},\"url\":\"https:\/\/hudo.com\/si\/author\/hudo\/\"}]}<\/script>\n<!-- \/ Yoast SEO plugin. -->","yoast_head_json":{"title":"Kot senca v beli majici je lovil rumeno - Hudo Slovenija","robots":{"index":"index","follow":"follow","max-snippet":"max-snippet:-1","max-image-preview":"max-image-preview:large","max-video-preview":"max-video-preview:-1"},"canonical":"https:\/\/hudo.com\/si\/aktualno\/kot-senca-v-beli-majici-je-lovil-rumeno\/","og_locale":"sl_SI","og_type":"article","og_title":"Kot senca v beli majici je lovil rumeno - Hudo Slovenija","og_description":"Kategorija: Kolesarstvo Tue, 26 Jul 2016 12:00:00 +0200 Pariz \u2013 Ne le tretjo zmago Chrisa Frooma, Britanci so z navdu\u0161enjem pozdravili \u0161e en vrhunski dose\u017eek na leto\u0161nji dirki Po Franciji: 23-letni Adam Yates jo je namre\u010d kon\u010dal z belo majico najbolj\u0161ega kolesarja do 25 let in na tem mestu nasledil Kolumbijca Naira Quintano. Mo\u0161tveni kolega Luke Mezgeca je tako ob\u010dutno presegel pri\u010dakovanja Orice.Yates je mladeni\u010d iz mesta Bury, blizu Manchestra, kolesarstvu se je predal skupaj z bratom dvoj\u010dkom Simonom, s kateri sta del avstralskega mo\u0161tva Orica-BikeExchange. \u0160portni direktor mo\u0161tva Matt Wilson pravi, da sta si po videzu sicer podobna, ne pa tudi po zna\u010daju. Umirjen in ne preve\u010d zgovoren \u00bbne bo uporabil deset besed, \u010de ena zadostuje.\u00ab Leto\u0161nji Tour je bil posebna izku\u0161nja zanj, saj je bil mo\u010dno izpostavljen in je moral ves \u010das odgovarjati na vpra\u0161anja novinarjev,\u00a0...","og_url":"https:\/\/hudo.com\/si\/aktualno\/kot-senca-v-beli-majici-je-lovil-rumeno\/","og_site_name":"Hudo Slovenija","article_publisher":"https:\/\/www.facebook.com\/hudo.si","article_published_time":"2016-07-26T08:00:00+00:00","og_image":[{"width":480,"height":290,"url":"https:\/\/hudo.com\/si\/wp-content\/uploads\/sites\/2\/2016\/07\/480x290_Sport__AP_Pictures_20160724.2_hires0.jpeg","type":"image\/jpeg"}],"author":"hudo","twitter_card":"summary_large_image","twitter_creator":"@hudo_si","twitter_site":"@hudo_si","twitter_misc":{"Written by":"hudo","Est. reading time":"1 minuta"},"schema":{"@context":"https:\/\/schema.org","@graph":[{"@type":"Article","@id":"https:\/\/hudo.com\/si\/aktualno\/kot-senca-v-beli-majici-je-lovil-rumeno\/#article","isPartOf":{"@id":"https:\/\/hudo.com\/si\/aktualno\/kot-senca-v-beli-majici-je-lovil-rumeno\/"},"author":{"name":"hudo","@id":"https:\/\/hudo.com\/si\/#\/schema\/person\/601cf3379633985b20f7e50f2bb47707"},"headline":"Kot senca v beli majici je lovil rumeno","datePublished":"2016-07-26T08:00:00+00:00","dateModified":"2016-07-26T08:00:00+00:00","mainEntityOfPage":{"@id":"https:\/\/hudo.com\/si\/aktualno\/kot-senca-v-beli-majici-je-lovil-rumeno\/"},"wordCount":157,"publisher":{"@id":"https:\/\/hudo.com\/si\/#organization"},"articleSection":["Aktualno"],"inLanguage":"sl-SI"},{"@type":"WebPage","@id":"https:\/\/hudo.com\/si\/aktualno\/kot-senca-v-beli-majici-je-lovil-rumeno\/","url":"https:\/\/hudo.com\/si\/aktualno\/kot-senca-v-beli-majici-je-lovil-rumeno\/","name":"Kot senca v beli majici je lovil rumeno - Hudo Slovenija","isPartOf":{"@id":"https:\/\/hudo.com\/si\/#website"},"datePublished":"2016-07-26T08:00:00+00:00","dateModified":"2016-07-26T08:00:00+00:00","breadcrumb":{"@id":"https:\/\/hudo.com\/si\/aktualno\/kot-senca-v-beli-majici-je-lovil-rumeno\/#breadcrumb"},"inLanguage":"sl-SI","potentialAction":[{"@type":"ReadAction","target":["https:\/\/hudo.com\/si\/aktualno\/kot-senca-v-beli-majici-je-lovil-rumeno\/"]}]},{"@type":"BreadcrumbList","@id":"https:\/\/hudo.com\/si\/aktualno\/kot-senca-v-beli-majici-je-lovil-rumeno\/#breadcrumb","itemListElement":[{"@type":"ListItem","position":1,"name":"Home","item":"https:\/\/hudo.com\/si\/"},{"@type":"ListItem","position":2,"name":"Kot senca v beli majici je lovil rumeno"}]},{"@type":"WebSite","@id":"https:\/\/hudo.com\/si\/#website","url":"https:\/\/hudo.com\/si\/","name":"Hudo Slovenija","description":"Vse novice iz Slovenije in sveta","publisher":{"@id":"https:\/\/hudo.com\/si\/#organization"},"potentialAction":[{"@type":"SearchAction","target":{"@type":"EntryPoint","urlTemplate":"https:\/\/hudo.com\/si\/?s={search_term_string}"},"query-input":"required name=search_term_string"}],"inLanguage":"sl-SI"},{"@type":"Organization","@id":"https:\/\/hudo.com\/si\/#organization","name":"VSN Media","url":"https:\/\/hudo.com\/si\/","logo":{"@type":"ImageObject","inLanguage":"sl-SI","@id":"https:\/\/hudo.com\/si\/#\/schema\/logo\/image\/","url":"https:\/\/hudo.com\/si\/wp-content\/uploads\/sites\/2\/2021\/03\/hudo-app-2.png","contentUrl":"https:\/\/hudo.com\/si\/wp-content\/uploads\/sites\/2\/2021\/03\/hudo-app-2.png","width":2185,"height":2167,"caption":"VSN Media"},"image":{"@id":"https:\/\/hudo.com\/si\/#\/schema\/logo\/image\/"},"sameAs":["https:\/\/www.facebook.com\/hudo.si","https:\/\/twitter.com\/hudo_si"]},{"@type":"Person","@id":"https:\/\/hudo.com\/si\/#\/schema\/person\/601cf3379633985b20f7e50f2bb47707","name":"hudo","image":{"@type":"ImageObject","inLanguage":"sl-SI","@id":"https:\/\/hudo.com\/si\/#\/schema\/person\/image\/","url":"https:\/\/secure.gravatar.com\/avatar\/c4ca25fa72cace7a696b52ff5db9e095?s=96&d=mm&r=g","contentUrl":"https:\/\/secure.gravatar.com\/avatar\/c4ca25fa72cace7a696b52ff5db9e095?s=96&d=mm&r=g","caption":"hudo"},"url":"https:\/\/hudo.com\/si\/author\/hudo\/"}]}},"amp_enabled":true,"_links":{"self":[{"href":"https:\/\/hudo.com\/si\/wp-json\/wp\/v2\/posts\/101737"}],"collection":[{"href":"https:\/\/hudo.com\/si\/wp-json\/wp\/v2\/posts"}],"about":[{"href":"https:\/\/hudo.com\/si\/wp-json\/wp\/v2\/types\/post"}],"author":[{"embeddable":true,"href":"https:\/\/hudo.com\/si\/wp-json\/wp\/v2\/users\/1"}],"replies":[{"embeddable":true,"href":"https:\/\/hudo.com\/si\/wp-json\/wp\/v2\/comments?post=101737"}],"version-history":[{"count":0,"href":"https:\/\/hudo.com\/si\/wp-json\/wp\/v2\/posts\/101737\/revisions"}],"wp:attachment":[{"href":"https:\/\/hudo.com\/si\/wp-json\/wp\/v2\/media?parent=101737"}],"wp:term":[{"taxonomy":"category","embeddable":true,"href":"https:\/\/hudo.com\/si\/wp-json\/wp\/v2\/categories?post=101737"},{"taxonomy":"post_tag","embeddable":true,"href":"https:\/\/hudo.com\/si\/wp-json\/wp\/v2\/tags?post=101737"},{"taxonomy":"source","embeddable":true,"href":"https:\/\/hudo.com\/si\/wp-json\/wp\/v2\/source?post=101737"},{"taxonomy":"supertag","embeddable":true,"href":"https:\/\/hudo.com\/si\/wp-json\/wp\/v2\/supertag?post=101737"}],"curies":[{"name":"wp","href":"https:\/\/api.w.org\/{rel}","templated":true}]}}