{"id":101961,"date":"2016-07-26T10:45:00","date_gmt":"2016-07-26T08:45:00","guid":{"rendered":"http:\/\/hudo.com\/si\/2016\/07\/26\/teroristicni-napadi-v-bruslju-povzrocili-za-milijardo-evrov-gospodarske-skode\/"},"modified":"2016-07-27T06:57:19","modified_gmt":"2016-07-27T04:57:19","slug":"teroristicni-napadi-v-bruslju-povzrocili-za-milijardo-evrov-gospodarske-skode","status":"publish","type":"post","link":"https:\/\/hudo.com\/si\/aktualno\/teroristicni-napadi-v-bruslju-povzrocili-za-milijardo-evrov-gospodarske-skode\/","title":{"rendered":"Teroristi\u010dni napadi v Bruslju povzro\u010dili za milijardo evrov gospodarske \u0161kode"},"content":{"rendered":"<p>Teroristi\u010dni napadi v Bruslju konec marca, ki so zahtevali ve\u010d kot 30 \u017eivljenj, so Belgiji povzro\u010dili za milijardo evrov gospodarske \u0161kode. Samo v Bruslju nastalo \u0161kodo zaradi izpada prihodkov od turizma ocenjujejo na 122,5 milijona evrov. Po besedah belgijskega ministra za gospodarstvo Krisa Peetersa gre za prve ocene gospodarskih posledic \u0161kode, opravljene po teroristi\u010dnih napadih v Parizu novembra lani, ki so prav tako delno vplivali na trgovino in turizem v Bruslju, saj je javno \u017eivljenje v mestu zaradi varnostne blokade za ve\u010d dni povsem zamrlo. Teroristi\u010dni napadi v Bruslju 22. marca so nato zahtevali ve\u010d kot 30 \u017eivljenj. Bruselj je zaradi napadov, ki so prizadeli predvsem turisti\u010dni obisk, zabele\u017eil za 122,5 milijona evrov manj prihodkov, regija Flandrija za 33 milijonov, Valonija pa za 20 milijonov evrov. Napadi, ki so bili usmerjeni na bruseljsko letali\u0161\u010de in na postajo podzemne \u017eeleznice Maelbeek, so vplivali tudi na zmanj\u0161anje prihodka \u0161tevilnih podjetij, \u0161koda pa naj bi zna\u0161ala okoli 760 milijonov evrov. Ponudniki storitev, kot so taksisti, kinematografi, organizatorji zabavnih, umetni\u0161kih ali kulturnih dogodkov, naj bi imeli za 175 milijonov evrov \u0161kode. Skupno naj bi \u0161koda v prvem trimese\u010dju leto\u0161njega leta zna\u0161ala 0,1 odstotka bruto doma\u010dega proizvoda, ka\u017ee analiza, ki jo je za belgijsko gospodarsko ministrstvo opravil in\u0161titut SPF Economie. Dejanske gospodarske posledice napadov kot tudi \u0161kodo, povzro\u010deno podobi Belgije, bo mogo\u010de oceniti \u0161ele \u010dez nekaj mesecev ali let, je \u0161e dejal Peeters, ki ga danes povzema spletni belgijski \u010dasnik Le Soir.Svet<\/p>\n","protected":false},"excerpt":{"rendered":"<p>Teroristi\u010dni napadi v Bruslju konec marca, ki so zahtevali ve\u010d kot 30 \u017eivljenj, so Belgiji povzro\u010dili za milijardo evrov gospodarske \u0161kode. Samo v Bruslju nastalo \u0161kodo zaradi izpada prihodkov od turizma ocenjujejo na 122,5 milijona evrov. Po besedah belgijskega ministra za gospodarstvo Krisa Peetersa gre za prve ocene gospodarskih posledic \u0161kode, opravljene po teroristi\u010dnih napadih v Parizu novembra lani, ki so prav tako delno vplivali na trgovino in turizem v Bruslju, saj je javno \u017eivljenje v mestu zaradi varnostne blokade za ve\u010d dni povsem zamrlo. Teroristi\u010dni napadi v Bruslju 22. marca so nato zahtevali ve\u010d kot 30 \u017eivljenj. Bruselj je zaradi napadov, ki so prizadeli predvsem turisti\u010dni obisk, zabele\u017eil za 122,5 milijona evrov manj prihodkov, regija Flandrija za 33 milijonov, Valonija pa za 20 milijonov evrov. Napadi, ki so bili usmerjeni na bruseljsko letali\u0161\u010de in na postajo podzemne \u017eeleznice Maelbeek, so vplivali tudi na zmanj\u0161anje prihodka \u0161tevilnih podjetij, \u0161koda pa naj bi zna\u0161ala okoli 760 milijonov evrov. Ponudniki storitev, kot so taksisti, kinematografi, organizatorji zabavnih, umetni\u0161kih ali kulturnih dogodkov, naj bi imeli za 175 milijonov evrov \u0161kode. Skupno naj bi \u0161koda v prvem trimese\u010dju leto\u0161njega leta zna\u0161ala 0,1 odstotka bruto doma\u010dega proizvoda, ka\u017ee analiza, ki jo je za belgijsko gospodarsko ministrstvo opravil in\u0161titut SPF Economie. Dejanske gospodarske posledice napadov kot tudi \u0161kodo, povzro\u010deno podobi Belgije, bo mogo\u010de oceniti \u0161ele \u010dez nekaj mesecev ali let, je \u0161e dejal Peeters, ki ga danes povzema spletni belgijski \u010dasnik Le Soir.Svet<\/p>\n","protected":false},"author":1,"featured_media":0,"comment_status":"closed","ping_status":"closed","sticky":false,"template":"","format":"standard","meta":{"footnotes":""},"categories":[1179],"tags":[],"source":[1711],"supertag":[],"acf":[],"yoast_head":"<!-- This site is optimized with the Yoast SEO plugin v21.3 - https:\/\/yoast.com\/wordpress\/plugins\/seo\/ -->\n<title>Teroristi\u010dni napadi v Bruslju povzro\u010dili za milijardo evrov gospodarske \u0161kode - Hudo Slovenija<\/title>\n<meta name=\"robots\" content=\"index, follow, max-snippet:-1, max-image-preview:large, max-video-preview:-1\" \/>\n<link rel=\"canonical\" href=\"https:\/\/hudo.com\/si\/aktualno\/teroristicni-napadi-v-bruslju-povzrocili-za-milijardo-evrov-gospodarske-skode\/\" \/>\n<meta property=\"og:locale\" content=\"sl_SI\" \/>\n<meta property=\"og:type\" content=\"article\" \/>\n<meta property=\"og:title\" content=\"Teroristi\u010dni napadi v Bruslju povzro\u010dili za milijardo evrov gospodarske \u0161kode - Hudo Slovenija\" \/>\n<meta property=\"og:description\" content=\"Teroristi\u010dni napadi v Bruslju konec marca, ki so zahtevali ve\u010d kot 30 \u017eivljenj, so Belgiji povzro\u010dili za milijardo evrov gospodarske \u0161kode. Samo v Bruslju nastalo \u0161kodo zaradi izpada prihodkov od turizma ocenjujejo na 122,5 milijona evrov. Po besedah belgijskega ministra za gospodarstvo Krisa Peetersa gre za prve ocene gospodarskih posledic \u0161kode, opravljene po teroristi\u010dnih napadih v Parizu novembra lani, ki so prav tako delno vplivali na trgovino in turizem v Bruslju, saj je javno \u017eivljenje v mestu zaradi varnostne blokade za ve\u010d dni povsem zamrlo. Teroristi\u010dni napadi v Bruslju 22. marca so nato zahtevali ve\u010d kot 30 \u017eivljenj. Bruselj je zaradi napadov, ki so prizadeli predvsem turisti\u010dni obisk, zabele\u017eil za 122,5 milijona evrov manj prihodkov, regija Flandrija za 33 milijonov, Valonija pa za 20 milijonov evrov. Napadi, ki so bili usmerjeni na bruseljsko letali\u0161\u010de in na postajo podzemne \u017eeleznice Maelbeek, so vplivali tudi na zmanj\u0161anje prihodka \u0161tevilnih podjetij, \u0161koda pa naj bi zna\u0161ala okoli 760 milijonov evrov. Ponudniki storitev, kot so taksisti, kinematografi, organizatorji zabavnih, umetni\u0161kih ali kulturnih dogodkov, naj bi imeli za 175 milijonov evrov \u0161kode. Skupno naj bi \u0161koda v prvem trimese\u010dju leto\u0161njega leta zna\u0161ala 0,1 odstotka bruto doma\u010dega proizvoda, ka\u017ee analiza, ki jo je za belgijsko gospodarsko ministrstvo opravil in\u0161titut SPF Economie. Dejanske gospodarske posledice napadov kot tudi \u0161kodo, povzro\u010deno podobi Belgije, bo mogo\u010de oceniti \u0161ele \u010dez nekaj mesecev ali let, je \u0161e dejal Peeters, ki ga danes povzema spletni belgijski \u010dasnik Le Soir.Svet\" \/>\n<meta property=\"og:url\" content=\"https:\/\/hudo.com\/si\/aktualno\/teroristicni-napadi-v-bruslju-povzrocili-za-milijardo-evrov-gospodarske-skode\/\" \/>\n<meta property=\"og:site_name\" content=\"Hudo Slovenija\" \/>\n<meta property=\"article:publisher\" content=\"https:\/\/www.facebook.com\/hudo.si\" \/>\n<meta property=\"article:published_time\" content=\"2016-07-26T08:45:00+00:00\" \/>\n<meta property=\"article:modified_time\" content=\"2016-07-27T04:57:19+00:00\" \/>\n<meta property=\"og:image\" content=\"https:\/\/hudo.com\/si\/wp-content\/uploads\/sites\/2\/2016\/07\/MDF07044-300.jpg\" \/>\n\t<meta property=\"og:image:width\" content=\"450\" \/>\n\t<meta property=\"og:image:height\" content=\"288\" \/>\n\t<meta property=\"og:image:type\" content=\"image\/jpeg\" \/>\n<meta name=\"author\" content=\"hudo\" \/>\n<meta name=\"twitter:card\" content=\"summary_large_image\" \/>\n<meta name=\"twitter:creator\" content=\"@hudo_si\" \/>\n<meta name=\"twitter:site\" content=\"@hudo_si\" \/>\n<meta name=\"twitter:label1\" content=\"Written by\" \/>\n\t<meta name=\"twitter:data1\" content=\"hudo\" \/>\n\t<meta name=\"twitter:label2\" content=\"Est. reading time\" \/>\n\t<meta name=\"twitter:data2\" content=\"1 minuta\" \/>\n<script type=\"application\/ld+json\" class=\"yoast-schema-graph\">{\"@context\":\"https:\/\/schema.org\",\"@graph\":[{\"@type\":\"Article\",\"@id\":\"https:\/\/hudo.com\/si\/aktualno\/teroristicni-napadi-v-bruslju-povzrocili-za-milijardo-evrov-gospodarske-skode\/#article\",\"isPartOf\":{\"@id\":\"https:\/\/hudo.com\/si\/aktualno\/teroristicni-napadi-v-bruslju-povzrocili-za-milijardo-evrov-gospodarske-skode\/\"},\"author\":{\"name\":\"hudo\",\"@id\":\"https:\/\/hudo.com\/si\/#\/schema\/person\/601cf3379633985b20f7e50f2bb47707\"},\"headline\":\"Teroristi\u010dni napadi v Bruslju povzro\u010dili za milijardo evrov gospodarske \u0161kode\",\"datePublished\":\"2016-07-26T08:45:00+00:00\",\"dateModified\":\"2016-07-27T04:57:19+00:00\",\"mainEntityOfPage\":{\"@id\":\"https:\/\/hudo.com\/si\/aktualno\/teroristicni-napadi-v-bruslju-povzrocili-za-milijardo-evrov-gospodarske-skode\/\"},\"wordCount\":258,\"publisher\":{\"@id\":\"https:\/\/hudo.com\/si\/#organization\"},\"articleSection\":[\"Aktualno\"],\"inLanguage\":\"sl-SI\"},{\"@type\":\"WebPage\",\"@id\":\"https:\/\/hudo.com\/si\/aktualno\/teroristicni-napadi-v-bruslju-povzrocili-za-milijardo-evrov-gospodarske-skode\/\",\"url\":\"https:\/\/hudo.com\/si\/aktualno\/teroristicni-napadi-v-bruslju-povzrocili-za-milijardo-evrov-gospodarske-skode\/\",\"name\":\"Teroristi\u010dni napadi v Bruslju povzro\u010dili za milijardo evrov gospodarske \u0161kode - Hudo Slovenija\",\"isPartOf\":{\"@id\":\"https:\/\/hudo.com\/si\/#website\"},\"datePublished\":\"2016-07-26T08:45:00+00:00\",\"dateModified\":\"2016-07-27T04:57:19+00:00\",\"breadcrumb\":{\"@id\":\"https:\/\/hudo.com\/si\/aktualno\/teroristicni-napadi-v-bruslju-povzrocili-za-milijardo-evrov-gospodarske-skode\/#breadcrumb\"},\"inLanguage\":\"sl-SI\",\"potentialAction\":[{\"@type\":\"ReadAction\",\"target\":[\"https:\/\/hudo.com\/si\/aktualno\/teroristicni-napadi-v-bruslju-povzrocili-za-milijardo-evrov-gospodarske-skode\/\"]}]},{\"@type\":\"BreadcrumbList\",\"@id\":\"https:\/\/hudo.com\/si\/aktualno\/teroristicni-napadi-v-bruslju-povzrocili-za-milijardo-evrov-gospodarske-skode\/#breadcrumb\",\"itemListElement\":[{\"@type\":\"ListItem\",\"position\":1,\"name\":\"Home\",\"item\":\"https:\/\/hudo.com\/si\/\"},{\"@type\":\"ListItem\",\"position\":2,\"name\":\"Teroristi\u010dni napadi v Bruslju povzro\u010dili za milijardo evrov gospodarske \u0161kode\"}]},{\"@type\":\"WebSite\",\"@id\":\"https:\/\/hudo.com\/si\/#website\",\"url\":\"https:\/\/hudo.com\/si\/\",\"name\":\"Hudo Slovenija\",\"description\":\"Vse novice iz Slovenije in sveta\",\"publisher\":{\"@id\":\"https:\/\/hudo.com\/si\/#organization\"},\"potentialAction\":[{\"@type\":\"SearchAction\",\"target\":{\"@type\":\"EntryPoint\",\"urlTemplate\":\"https:\/\/hudo.com\/si\/?s={search_term_string}\"},\"query-input\":\"required name=search_term_string\"}],\"inLanguage\":\"sl-SI\"},{\"@type\":\"Organization\",\"@id\":\"https:\/\/hudo.com\/si\/#organization\",\"name\":\"VSN Media\",\"url\":\"https:\/\/hudo.com\/si\/\",\"logo\":{\"@type\":\"ImageObject\",\"inLanguage\":\"sl-SI\",\"@id\":\"https:\/\/hudo.com\/si\/#\/schema\/logo\/image\/\",\"url\":\"https:\/\/hudo.com\/si\/wp-content\/uploads\/sites\/2\/2021\/03\/hudo-app-2.png\",\"contentUrl\":\"https:\/\/hudo.com\/si\/wp-content\/uploads\/sites\/2\/2021\/03\/hudo-app-2.png\",\"width\":2185,\"height\":2167,\"caption\":\"VSN Media\"},\"image\":{\"@id\":\"https:\/\/hudo.com\/si\/#\/schema\/logo\/image\/\"},\"sameAs\":[\"https:\/\/www.facebook.com\/hudo.si\",\"https:\/\/twitter.com\/hudo_si\"]},{\"@type\":\"Person\",\"@id\":\"https:\/\/hudo.com\/si\/#\/schema\/person\/601cf3379633985b20f7e50f2bb47707\",\"name\":\"hudo\",\"image\":{\"@type\":\"ImageObject\",\"inLanguage\":\"sl-SI\",\"@id\":\"https:\/\/hudo.com\/si\/#\/schema\/person\/image\/\",\"url\":\"https:\/\/secure.gravatar.com\/avatar\/c4ca25fa72cace7a696b52ff5db9e095?s=96&d=mm&r=g\",\"contentUrl\":\"https:\/\/secure.gravatar.com\/avatar\/c4ca25fa72cace7a696b52ff5db9e095?s=96&d=mm&r=g\",\"caption\":\"hudo\"},\"url\":\"https:\/\/hudo.com\/si\/author\/hudo\/\"}]}<\/script>\n<!-- \/ Yoast SEO plugin. -->","yoast_head_json":{"title":"Teroristi\u010dni napadi v Bruslju povzro\u010dili za milijardo evrov gospodarske \u0161kode - Hudo Slovenija","robots":{"index":"index","follow":"follow","max-snippet":"max-snippet:-1","max-image-preview":"max-image-preview:large","max-video-preview":"max-video-preview:-1"},"canonical":"https:\/\/hudo.com\/si\/aktualno\/teroristicni-napadi-v-bruslju-povzrocili-za-milijardo-evrov-gospodarske-skode\/","og_locale":"sl_SI","og_type":"article","og_title":"Teroristi\u010dni napadi v Bruslju povzro\u010dili za milijardo evrov gospodarske \u0161kode - Hudo Slovenija","og_description":"Teroristi\u010dni napadi v Bruslju konec marca, ki so zahtevali ve\u010d kot 30 \u017eivljenj, so Belgiji povzro\u010dili za milijardo evrov gospodarske \u0161kode. Samo v Bruslju nastalo \u0161kodo zaradi izpada prihodkov od turizma ocenjujejo na 122,5 milijona evrov. Po besedah belgijskega ministra za gospodarstvo Krisa Peetersa gre za prve ocene gospodarskih posledic \u0161kode, opravljene po teroristi\u010dnih napadih v Parizu novembra lani, ki so prav tako delno vplivali na trgovino in turizem v Bruslju, saj je javno \u017eivljenje v mestu zaradi varnostne blokade za ve\u010d dni povsem zamrlo. Teroristi\u010dni napadi v Bruslju 22. marca so nato zahtevali ve\u010d kot 30 \u017eivljenj. Bruselj je zaradi napadov, ki so prizadeli predvsem turisti\u010dni obisk, zabele\u017eil za 122,5 milijona evrov manj prihodkov, regija Flandrija za 33 milijonov, Valonija pa za 20 milijonov evrov. Napadi, ki so bili usmerjeni na bruseljsko letali\u0161\u010de in na postajo podzemne \u017eeleznice Maelbeek, so vplivali tudi na zmanj\u0161anje prihodka \u0161tevilnih podjetij, \u0161koda pa naj bi zna\u0161ala okoli 760 milijonov evrov. Ponudniki storitev, kot so taksisti, kinematografi, organizatorji zabavnih, umetni\u0161kih ali kulturnih dogodkov, naj bi imeli za 175 milijonov evrov \u0161kode. Skupno naj bi \u0161koda v prvem trimese\u010dju leto\u0161njega leta zna\u0161ala 0,1 odstotka bruto doma\u010dega proizvoda, ka\u017ee analiza, ki jo je za belgijsko gospodarsko ministrstvo opravil in\u0161titut SPF Economie. Dejanske gospodarske posledice napadov kot tudi \u0161kodo, povzro\u010deno podobi Belgije, bo mogo\u010de oceniti \u0161ele \u010dez nekaj mesecev ali let, je \u0161e dejal Peeters, ki ga danes povzema spletni belgijski \u010dasnik Le Soir.Svet","og_url":"https:\/\/hudo.com\/si\/aktualno\/teroristicni-napadi-v-bruslju-povzrocili-za-milijardo-evrov-gospodarske-skode\/","og_site_name":"Hudo Slovenija","article_publisher":"https:\/\/www.facebook.com\/hudo.si","article_published_time":"2016-07-26T08:45:00+00:00","article_modified_time":"2016-07-27T04:57:19+00:00","og_image":[{"width":450,"height":288,"url":"https:\/\/hudo.com\/si\/wp-content\/uploads\/sites\/2\/2016\/07\/MDF07044-300.jpg","type":"image\/jpeg"}],"author":"hudo","twitter_card":"summary_large_image","twitter_creator":"@hudo_si","twitter_site":"@hudo_si","twitter_misc":{"Written by":"hudo","Est. reading time":"1 minuta"},"schema":{"@context":"https:\/\/schema.org","@graph":[{"@type":"Article","@id":"https:\/\/hudo.com\/si\/aktualno\/teroristicni-napadi-v-bruslju-povzrocili-za-milijardo-evrov-gospodarske-skode\/#article","isPartOf":{"@id":"https:\/\/hudo.com\/si\/aktualno\/teroristicni-napadi-v-bruslju-povzrocili-za-milijardo-evrov-gospodarske-skode\/"},"author":{"name":"hudo","@id":"https:\/\/hudo.com\/si\/#\/schema\/person\/601cf3379633985b20f7e50f2bb47707"},"headline":"Teroristi\u010dni napadi v Bruslju povzro\u010dili za milijardo evrov gospodarske \u0161kode","datePublished":"2016-07-26T08:45:00+00:00","dateModified":"2016-07-27T04:57:19+00:00","mainEntityOfPage":{"@id":"https:\/\/hudo.com\/si\/aktualno\/teroristicni-napadi-v-bruslju-povzrocili-za-milijardo-evrov-gospodarske-skode\/"},"wordCount":258,"publisher":{"@id":"https:\/\/hudo.com\/si\/#organization"},"articleSection":["Aktualno"],"inLanguage":"sl-SI"},{"@type":"WebPage","@id":"https:\/\/hudo.com\/si\/aktualno\/teroristicni-napadi-v-bruslju-povzrocili-za-milijardo-evrov-gospodarske-skode\/","url":"https:\/\/hudo.com\/si\/aktualno\/teroristicni-napadi-v-bruslju-povzrocili-za-milijardo-evrov-gospodarske-skode\/","name":"Teroristi\u010dni napadi v Bruslju povzro\u010dili za milijardo evrov gospodarske \u0161kode - Hudo Slovenija","isPartOf":{"@id":"https:\/\/hudo.com\/si\/#website"},"datePublished":"2016-07-26T08:45:00+00:00","dateModified":"2016-07-27T04:57:19+00:00","breadcrumb":{"@id":"https:\/\/hudo.com\/si\/aktualno\/teroristicni-napadi-v-bruslju-povzrocili-za-milijardo-evrov-gospodarske-skode\/#breadcrumb"},"inLanguage":"sl-SI","potentialAction":[{"@type":"ReadAction","target":["https:\/\/hudo.com\/si\/aktualno\/teroristicni-napadi-v-bruslju-povzrocili-za-milijardo-evrov-gospodarske-skode\/"]}]},{"@type":"BreadcrumbList","@id":"https:\/\/hudo.com\/si\/aktualno\/teroristicni-napadi-v-bruslju-povzrocili-za-milijardo-evrov-gospodarske-skode\/#breadcrumb","itemListElement":[{"@type":"ListItem","position":1,"name":"Home","item":"https:\/\/hudo.com\/si\/"},{"@type":"ListItem","position":2,"name":"Teroristi\u010dni napadi v Bruslju povzro\u010dili za milijardo evrov gospodarske \u0161kode"}]},{"@type":"WebSite","@id":"https:\/\/hudo.com\/si\/#website","url":"https:\/\/hudo.com\/si\/","name":"Hudo Slovenija","description":"Vse novice iz Slovenije in sveta","publisher":{"@id":"https:\/\/hudo.com\/si\/#organization"},"potentialAction":[{"@type":"SearchAction","target":{"@type":"EntryPoint","urlTemplate":"https:\/\/hudo.com\/si\/?s={search_term_string}"},"query-input":"required name=search_term_string"}],"inLanguage":"sl-SI"},{"@type":"Organization","@id":"https:\/\/hudo.com\/si\/#organization","name":"VSN Media","url":"https:\/\/hudo.com\/si\/","logo":{"@type":"ImageObject","inLanguage":"sl-SI","@id":"https:\/\/hudo.com\/si\/#\/schema\/logo\/image\/","url":"https:\/\/hudo.com\/si\/wp-content\/uploads\/sites\/2\/2021\/03\/hudo-app-2.png","contentUrl":"https:\/\/hudo.com\/si\/wp-content\/uploads\/sites\/2\/2021\/03\/hudo-app-2.png","width":2185,"height":2167,"caption":"VSN Media"},"image":{"@id":"https:\/\/hudo.com\/si\/#\/schema\/logo\/image\/"},"sameAs":["https:\/\/www.facebook.com\/hudo.si","https:\/\/twitter.com\/hudo_si"]},{"@type":"Person","@id":"https:\/\/hudo.com\/si\/#\/schema\/person\/601cf3379633985b20f7e50f2bb47707","name":"hudo","image":{"@type":"ImageObject","inLanguage":"sl-SI","@id":"https:\/\/hudo.com\/si\/#\/schema\/person\/image\/","url":"https:\/\/secure.gravatar.com\/avatar\/c4ca25fa72cace7a696b52ff5db9e095?s=96&d=mm&r=g","contentUrl":"https:\/\/secure.gravatar.com\/avatar\/c4ca25fa72cace7a696b52ff5db9e095?s=96&d=mm&r=g","caption":"hudo"},"url":"https:\/\/hudo.com\/si\/author\/hudo\/"}]}},"amp_enabled":true,"_links":{"self":[{"href":"https:\/\/hudo.com\/si\/wp-json\/wp\/v2\/posts\/101961"}],"collection":[{"href":"https:\/\/hudo.com\/si\/wp-json\/wp\/v2\/posts"}],"about":[{"href":"https:\/\/hudo.com\/si\/wp-json\/wp\/v2\/types\/post"}],"author":[{"embeddable":true,"href":"https:\/\/hudo.com\/si\/wp-json\/wp\/v2\/users\/1"}],"replies":[{"embeddable":true,"href":"https:\/\/hudo.com\/si\/wp-json\/wp\/v2\/comments?post=101961"}],"version-history":[{"count":1,"href":"https:\/\/hudo.com\/si\/wp-json\/wp\/v2\/posts\/101961\/revisions"}],"predecessor-version":[{"id":102114,"href":"https:\/\/hudo.com\/si\/wp-json\/wp\/v2\/posts\/101961\/revisions\/102114"}],"wp:attachment":[{"href":"https:\/\/hudo.com\/si\/wp-json\/wp\/v2\/media?parent=101961"}],"wp:term":[{"taxonomy":"category","embeddable":true,"href":"https:\/\/hudo.com\/si\/wp-json\/wp\/v2\/categories?post=101961"},{"taxonomy":"post_tag","embeddable":true,"href":"https:\/\/hudo.com\/si\/wp-json\/wp\/v2\/tags?post=101961"},{"taxonomy":"source","embeddable":true,"href":"https:\/\/hudo.com\/si\/wp-json\/wp\/v2\/source?post=101961"},{"taxonomy":"supertag","embeddable":true,"href":"https:\/\/hudo.com\/si\/wp-json\/wp\/v2\/supertag?post=101961"}],"curies":[{"name":"wp","href":"https:\/\/api.w.org\/{rel}","templated":true}]}}