{"id":10201,"date":"2016-03-31T13:20:52","date_gmt":"2016-03-31T12:20:52","guid":{"rendered":"http:\/\/master.hudo.com\/si\/2016\/03\/31\/izredna-uskladitev-pokojnin-potrebna-a-se-mramor-zelo-pocasi-mehca\/"},"modified":"2016-04-01T08:19:08","modified_gmt":"2016-04-01T07:19:08","slug":"izredna-uskladitev-pokojnin-potrebna-a-se-mramor-zelo-pocasi-mehca","status":"publish","type":"post","link":"https:\/\/hudo.com\/si\/aktualno\/izredna-uskladitev-pokojnin-potrebna-a-se-mramor-zelo-pocasi-mehca\/","title":{"rendered":"Izredna uskladitev pokojnin potrebna, a se Mramor zelo po\u010dasi meh\u010da"},"content":{"rendered":"<p>Vse tri koalicijske stranke se po besedah prvaka DeSUS Karla Erjavca strinjajo, da je izredna uskladitev pokojnin potrebna, a je te\u017eava v prora\u010dunskih sredstvih. Erjavec pa je optimist in ra\u010duna, da bodo sredstva na\u0161li ter bo do uskladitve pri\u0161lo. Kot je ocenil, se minister za finance Du\u0161an Mramor pri tej zadevi &#8220;zelo po\u010dasi meh\u010da&#8221;. Ve\u010d na Svet24.si<\/p>\n","protected":false},"excerpt":{"rendered":"<p>Vse tri koalicijske stranke se po besedah prvaka DeSUS Karla Erjavca strinjajo, da je izredna uskladitev pokojnin potrebna, a je te\u017eava v prora\u010dunskih sredstvih. Erjavec pa je optimist in ra\u010duna, da bodo sredstva na\u0161li ter bo do uskladitve pri\u0161lo. Kot je ocenil, se minister za finance Du\u0161an Mramor pri tej zadevi &#8220;zelo po\u010dasi meh\u010da&#8221;. Ve\u010d na Svet24.si<\/p>\n","protected":false},"author":1,"featured_media":0,"comment_status":"closed","ping_status":"closed","sticky":false,"template":"","format":"standard","meta":{"footnotes":""},"categories":[1179],"tags":[],"source":[1705],"supertag":[],"acf":[],"yoast_head":"<!-- This site is optimized with the Yoast SEO plugin v21.3 - https:\/\/yoast.com\/wordpress\/plugins\/seo\/ -->\n<title>Izredna uskladitev pokojnin potrebna, a se Mramor zelo po\u010dasi meh\u010da - Hudo Slovenija<\/title>\n<meta name=\"robots\" content=\"index, follow, max-snippet:-1, max-image-preview:large, max-video-preview:-1\" \/>\n<link rel=\"canonical\" href=\"https:\/\/hudo.com\/si\/aktualno\/izredna-uskladitev-pokojnin-potrebna-a-se-mramor-zelo-pocasi-mehca\/\" \/>\n<meta property=\"og:locale\" content=\"sl_SI\" \/>\n<meta property=\"og:type\" content=\"article\" \/>\n<meta property=\"og:title\" content=\"Izredna uskladitev pokojnin potrebna, a se Mramor zelo po\u010dasi meh\u010da - Hudo Slovenija\" \/>\n<meta property=\"og:description\" content=\"Vse tri koalicijske stranke se po besedah prvaka DeSUS Karla Erjavca strinjajo, da je izredna uskladitev pokojnin potrebna, a je te\u017eava v prora\u010dunskih sredstvih. Erjavec pa je optimist in ra\u010duna, da bodo sredstva na\u0161li ter bo do uskladitve pri\u0161lo. Kot je ocenil, se minister za finance Du\u0161an Mramor pri tej zadevi &quot;zelo po\u010dasi meh\u010da&quot;. Ve\u010d na Svet24.si\" \/>\n<meta property=\"og:url\" content=\"https:\/\/hudo.com\/si\/aktualno\/izredna-uskladitev-pokojnin-potrebna-a-se-mramor-zelo-pocasi-mehca\/\" \/>\n<meta property=\"og:site_name\" content=\"Hudo Slovenija\" \/>\n<meta property=\"article:publisher\" content=\"https:\/\/www.facebook.com\/hudo.si\" \/>\n<meta property=\"article:published_time\" content=\"2016-03-31T12:20:52+00:00\" \/>\n<meta property=\"article:modified_time\" content=\"2016-04-01T07:19:08+00:00\" \/>\n<meta property=\"og:image\" content=\"https:\/\/hudo.com\/si\/wp-content\/uploads\/sites\/2\/2016\/03\/3228a061449d98992d958ce210845562.jpeg\" \/>\n\t<meta property=\"og:image:width\" content=\"800\" \/>\n\t<meta property=\"og:image:height\" content=\"600\" \/>\n\t<meta property=\"og:image:type\" content=\"image\/jpeg\" \/>\n<meta name=\"author\" content=\"hudo\" \/>\n<meta name=\"twitter:card\" content=\"summary_large_image\" \/>\n<meta name=\"twitter:creator\" content=\"@hudo_si\" \/>\n<meta name=\"twitter:site\" content=\"@hudo_si\" \/>\n<meta name=\"twitter:label1\" content=\"Written by\" \/>\n\t<meta name=\"twitter:data1\" content=\"hudo\" \/>\n<script type=\"application\/ld+json\" class=\"yoast-schema-graph\">{\"@context\":\"https:\/\/schema.org\",\"@graph\":[{\"@type\":\"Article\",\"@id\":\"https:\/\/hudo.com\/si\/aktualno\/izredna-uskladitev-pokojnin-potrebna-a-se-mramor-zelo-pocasi-mehca\/#article\",\"isPartOf\":{\"@id\":\"https:\/\/hudo.com\/si\/aktualno\/izredna-uskladitev-pokojnin-potrebna-a-se-mramor-zelo-pocasi-mehca\/\"},\"author\":{\"name\":\"hudo\",\"@id\":\"https:\/\/hudo.com\/si\/#\/schema\/person\/601cf3379633985b20f7e50f2bb47707\"},\"headline\":\"Izredna uskladitev pokojnin potrebna, a se Mramor zelo po\u010dasi meh\u010da\",\"datePublished\":\"2016-03-31T12:20:52+00:00\",\"dateModified\":\"2016-04-01T07:19:08+00:00\",\"mainEntityOfPage\":{\"@id\":\"https:\/\/hudo.com\/si\/aktualno\/izredna-uskladitev-pokojnin-potrebna-a-se-mramor-zelo-pocasi-mehca\/\"},\"wordCount\":78,\"publisher\":{\"@id\":\"https:\/\/hudo.com\/si\/#organization\"},\"articleSection\":[\"Aktualno\"],\"inLanguage\":\"sl-SI\"},{\"@type\":\"WebPage\",\"@id\":\"https:\/\/hudo.com\/si\/aktualno\/izredna-uskladitev-pokojnin-potrebna-a-se-mramor-zelo-pocasi-mehca\/\",\"url\":\"https:\/\/hudo.com\/si\/aktualno\/izredna-uskladitev-pokojnin-potrebna-a-se-mramor-zelo-pocasi-mehca\/\",\"name\":\"Izredna uskladitev pokojnin potrebna, a se Mramor zelo po\u010dasi meh\u010da - Hudo Slovenija\",\"isPartOf\":{\"@id\":\"https:\/\/hudo.com\/si\/#website\"},\"datePublished\":\"2016-03-31T12:20:52+00:00\",\"dateModified\":\"2016-04-01T07:19:08+00:00\",\"breadcrumb\":{\"@id\":\"https:\/\/hudo.com\/si\/aktualno\/izredna-uskladitev-pokojnin-potrebna-a-se-mramor-zelo-pocasi-mehca\/#breadcrumb\"},\"inLanguage\":\"sl-SI\",\"potentialAction\":[{\"@type\":\"ReadAction\",\"target\":[\"https:\/\/hudo.com\/si\/aktualno\/izredna-uskladitev-pokojnin-potrebna-a-se-mramor-zelo-pocasi-mehca\/\"]}]},{\"@type\":\"BreadcrumbList\",\"@id\":\"https:\/\/hudo.com\/si\/aktualno\/izredna-uskladitev-pokojnin-potrebna-a-se-mramor-zelo-pocasi-mehca\/#breadcrumb\",\"itemListElement\":[{\"@type\":\"ListItem\",\"position\":1,\"name\":\"Home\",\"item\":\"https:\/\/hudo.com\/si\/\"},{\"@type\":\"ListItem\",\"position\":2,\"name\":\"Izredna uskladitev pokojnin potrebna, a se Mramor zelo po\u010dasi meh\u010da\"}]},{\"@type\":\"WebSite\",\"@id\":\"https:\/\/hudo.com\/si\/#website\",\"url\":\"https:\/\/hudo.com\/si\/\",\"name\":\"Hudo Slovenija\",\"description\":\"Vse novice iz Slovenije in sveta\",\"publisher\":{\"@id\":\"https:\/\/hudo.com\/si\/#organization\"},\"potentialAction\":[{\"@type\":\"SearchAction\",\"target\":{\"@type\":\"EntryPoint\",\"urlTemplate\":\"https:\/\/hudo.com\/si\/?s={search_term_string}\"},\"query-input\":\"required name=search_term_string\"}],\"inLanguage\":\"sl-SI\"},{\"@type\":\"Organization\",\"@id\":\"https:\/\/hudo.com\/si\/#organization\",\"name\":\"VSN Media\",\"url\":\"https:\/\/hudo.com\/si\/\",\"logo\":{\"@type\":\"ImageObject\",\"inLanguage\":\"sl-SI\",\"@id\":\"https:\/\/hudo.com\/si\/#\/schema\/logo\/image\/\",\"url\":\"https:\/\/hudo.com\/si\/wp-content\/uploads\/sites\/2\/2021\/03\/hudo-app-2.png\",\"contentUrl\":\"https:\/\/hudo.com\/si\/wp-content\/uploads\/sites\/2\/2021\/03\/hudo-app-2.png\",\"width\":2185,\"height\":2167,\"caption\":\"VSN Media\"},\"image\":{\"@id\":\"https:\/\/hudo.com\/si\/#\/schema\/logo\/image\/\"},\"sameAs\":[\"https:\/\/www.facebook.com\/hudo.si\",\"https:\/\/twitter.com\/hudo_si\"]},{\"@type\":\"Person\",\"@id\":\"https:\/\/hudo.com\/si\/#\/schema\/person\/601cf3379633985b20f7e50f2bb47707\",\"name\":\"hudo\",\"image\":{\"@type\":\"ImageObject\",\"inLanguage\":\"sl-SI\",\"@id\":\"https:\/\/hudo.com\/si\/#\/schema\/person\/image\/\",\"url\":\"https:\/\/secure.gravatar.com\/avatar\/c4ca25fa72cace7a696b52ff5db9e095?s=96&d=mm&r=g\",\"contentUrl\":\"https:\/\/secure.gravatar.com\/avatar\/c4ca25fa72cace7a696b52ff5db9e095?s=96&d=mm&r=g\",\"caption\":\"hudo\"},\"url\":\"https:\/\/hudo.com\/si\/author\/hudo\/\"}]}<\/script>\n<!-- \/ Yoast SEO plugin. -->","yoast_head_json":{"title":"Izredna uskladitev pokojnin potrebna, a se Mramor zelo po\u010dasi meh\u010da - Hudo Slovenija","robots":{"index":"index","follow":"follow","max-snippet":"max-snippet:-1","max-image-preview":"max-image-preview:large","max-video-preview":"max-video-preview:-1"},"canonical":"https:\/\/hudo.com\/si\/aktualno\/izredna-uskladitev-pokojnin-potrebna-a-se-mramor-zelo-pocasi-mehca\/","og_locale":"sl_SI","og_type":"article","og_title":"Izredna uskladitev pokojnin potrebna, a se Mramor zelo po\u010dasi meh\u010da - Hudo Slovenija","og_description":"Vse tri koalicijske stranke se po besedah prvaka DeSUS Karla Erjavca strinjajo, da je izredna uskladitev pokojnin potrebna, a je te\u017eava v prora\u010dunskih sredstvih. Erjavec pa je optimist in ra\u010duna, da bodo sredstva na\u0161li ter bo do uskladitve pri\u0161lo. Kot je ocenil, se minister za finance Du\u0161an Mramor pri tej zadevi \"zelo po\u010dasi meh\u010da\". Ve\u010d na Svet24.si","og_url":"https:\/\/hudo.com\/si\/aktualno\/izredna-uskladitev-pokojnin-potrebna-a-se-mramor-zelo-pocasi-mehca\/","og_site_name":"Hudo Slovenija","article_publisher":"https:\/\/www.facebook.com\/hudo.si","article_published_time":"2016-03-31T12:20:52+00:00","article_modified_time":"2016-04-01T07:19:08+00:00","og_image":[{"width":800,"height":600,"url":"https:\/\/hudo.com\/si\/wp-content\/uploads\/sites\/2\/2016\/03\/3228a061449d98992d958ce210845562.jpeg","type":"image\/jpeg"}],"author":"hudo","twitter_card":"summary_large_image","twitter_creator":"@hudo_si","twitter_site":"@hudo_si","twitter_misc":{"Written by":"hudo"},"schema":{"@context":"https:\/\/schema.org","@graph":[{"@type":"Article","@id":"https:\/\/hudo.com\/si\/aktualno\/izredna-uskladitev-pokojnin-potrebna-a-se-mramor-zelo-pocasi-mehca\/#article","isPartOf":{"@id":"https:\/\/hudo.com\/si\/aktualno\/izredna-uskladitev-pokojnin-potrebna-a-se-mramor-zelo-pocasi-mehca\/"},"author":{"name":"hudo","@id":"https:\/\/hudo.com\/si\/#\/schema\/person\/601cf3379633985b20f7e50f2bb47707"},"headline":"Izredna uskladitev pokojnin potrebna, a se Mramor zelo po\u010dasi meh\u010da","datePublished":"2016-03-31T12:20:52+00:00","dateModified":"2016-04-01T07:19:08+00:00","mainEntityOfPage":{"@id":"https:\/\/hudo.com\/si\/aktualno\/izredna-uskladitev-pokojnin-potrebna-a-se-mramor-zelo-pocasi-mehca\/"},"wordCount":78,"publisher":{"@id":"https:\/\/hudo.com\/si\/#organization"},"articleSection":["Aktualno"],"inLanguage":"sl-SI"},{"@type":"WebPage","@id":"https:\/\/hudo.com\/si\/aktualno\/izredna-uskladitev-pokojnin-potrebna-a-se-mramor-zelo-pocasi-mehca\/","url":"https:\/\/hudo.com\/si\/aktualno\/izredna-uskladitev-pokojnin-potrebna-a-se-mramor-zelo-pocasi-mehca\/","name":"Izredna uskladitev pokojnin potrebna, a se Mramor zelo po\u010dasi meh\u010da - Hudo Slovenija","isPartOf":{"@id":"https:\/\/hudo.com\/si\/#website"},"datePublished":"2016-03-31T12:20:52+00:00","dateModified":"2016-04-01T07:19:08+00:00","breadcrumb":{"@id":"https:\/\/hudo.com\/si\/aktualno\/izredna-uskladitev-pokojnin-potrebna-a-se-mramor-zelo-pocasi-mehca\/#breadcrumb"},"inLanguage":"sl-SI","potentialAction":[{"@type":"ReadAction","target":["https:\/\/hudo.com\/si\/aktualno\/izredna-uskladitev-pokojnin-potrebna-a-se-mramor-zelo-pocasi-mehca\/"]}]},{"@type":"BreadcrumbList","@id":"https:\/\/hudo.com\/si\/aktualno\/izredna-uskladitev-pokojnin-potrebna-a-se-mramor-zelo-pocasi-mehca\/#breadcrumb","itemListElement":[{"@type":"ListItem","position":1,"name":"Home","item":"https:\/\/hudo.com\/si\/"},{"@type":"ListItem","position":2,"name":"Izredna uskladitev pokojnin potrebna, a se Mramor zelo po\u010dasi meh\u010da"}]},{"@type":"WebSite","@id":"https:\/\/hudo.com\/si\/#website","url":"https:\/\/hudo.com\/si\/","name":"Hudo Slovenija","description":"Vse novice iz Slovenije in sveta","publisher":{"@id":"https:\/\/hudo.com\/si\/#organization"},"potentialAction":[{"@type":"SearchAction","target":{"@type":"EntryPoint","urlTemplate":"https:\/\/hudo.com\/si\/?s={search_term_string}"},"query-input":"required name=search_term_string"}],"inLanguage":"sl-SI"},{"@type":"Organization","@id":"https:\/\/hudo.com\/si\/#organization","name":"VSN Media","url":"https:\/\/hudo.com\/si\/","logo":{"@type":"ImageObject","inLanguage":"sl-SI","@id":"https:\/\/hudo.com\/si\/#\/schema\/logo\/image\/","url":"https:\/\/hudo.com\/si\/wp-content\/uploads\/sites\/2\/2021\/03\/hudo-app-2.png","contentUrl":"https:\/\/hudo.com\/si\/wp-content\/uploads\/sites\/2\/2021\/03\/hudo-app-2.png","width":2185,"height":2167,"caption":"VSN Media"},"image":{"@id":"https:\/\/hudo.com\/si\/#\/schema\/logo\/image\/"},"sameAs":["https:\/\/www.facebook.com\/hudo.si","https:\/\/twitter.com\/hudo_si"]},{"@type":"Person","@id":"https:\/\/hudo.com\/si\/#\/schema\/person\/601cf3379633985b20f7e50f2bb47707","name":"hudo","image":{"@type":"ImageObject","inLanguage":"sl-SI","@id":"https:\/\/hudo.com\/si\/#\/schema\/person\/image\/","url":"https:\/\/secure.gravatar.com\/avatar\/c4ca25fa72cace7a696b52ff5db9e095?s=96&d=mm&r=g","contentUrl":"https:\/\/secure.gravatar.com\/avatar\/c4ca25fa72cace7a696b52ff5db9e095?s=96&d=mm&r=g","caption":"hudo"},"url":"https:\/\/hudo.com\/si\/author\/hudo\/"}]}},"amp_enabled":true,"_links":{"self":[{"href":"https:\/\/hudo.com\/si\/wp-json\/wp\/v2\/posts\/10201"}],"collection":[{"href":"https:\/\/hudo.com\/si\/wp-json\/wp\/v2\/posts"}],"about":[{"href":"https:\/\/hudo.com\/si\/wp-json\/wp\/v2\/types\/post"}],"author":[{"embeddable":true,"href":"https:\/\/hudo.com\/si\/wp-json\/wp\/v2\/users\/1"}],"replies":[{"embeddable":true,"href":"https:\/\/hudo.com\/si\/wp-json\/wp\/v2\/comments?post=10201"}],"version-history":[{"count":1,"href":"https:\/\/hudo.com\/si\/wp-json\/wp\/v2\/posts\/10201\/revisions"}],"predecessor-version":[{"id":13311,"href":"https:\/\/hudo.com\/si\/wp-json\/wp\/v2\/posts\/10201\/revisions\/13311"}],"wp:attachment":[{"href":"https:\/\/hudo.com\/si\/wp-json\/wp\/v2\/media?parent=10201"}],"wp:term":[{"taxonomy":"category","embeddable":true,"href":"https:\/\/hudo.com\/si\/wp-json\/wp\/v2\/categories?post=10201"},{"taxonomy":"post_tag","embeddable":true,"href":"https:\/\/hudo.com\/si\/wp-json\/wp\/v2\/tags?post=10201"},{"taxonomy":"source","embeddable":true,"href":"https:\/\/hudo.com\/si\/wp-json\/wp\/v2\/source?post=10201"},{"taxonomy":"supertag","embeddable":true,"href":"https:\/\/hudo.com\/si\/wp-json\/wp\/v2\/supertag?post=10201"}],"curies":[{"name":"wp","href":"https:\/\/api.w.org\/{rel}","templated":true}]}}