{"id":10223,"date":"2016-03-31T12:42:00","date_gmt":"2016-03-31T11:42:00","guid":{"rendered":"http:\/\/master.hudo.com\/si\/2016\/03\/31\/zaradi-bombnega-preplaha-izpraznili-letalisce-v-goteborgu\/"},"modified":"2016-04-01T08:19:19","modified_gmt":"2016-04-01T07:19:19","slug":"zaradi-bombnega-preplaha-izpraznili-letalisce-v-goteborgu","status":"publish","type":"post","link":"https:\/\/hudo.com\/si\/aktualno\/zaradi-bombnega-preplaha-izpraznili-letalisce-v-goteborgu\/","title":{"rendered":"Zaradi bombnega preplaha izpraznili letali\u0161\u010de v G\u00f6teborgu"},"content":{"rendered":"<p>Zaradi gro\u017enje z bombo so danes na letali\u0161\u010du v \u0161vedskem G\u00f6teborgu izpraznili terminal za notranje lete. Anonimno gro\u017enjo so prejeli dopoldne, policija pa sedaj preiskuje sumljivo plasti\u010dno vre\u010do, je za \u0161vedsko televizijo SVT povedal njen predstavnik. Po prejemu gro\u017enje so najprej pove\u010dali navzo\u010dnost policije in pozvali k ve\u010dji previdnosti. V letalskem prometu za zdaj ni pri\u0161lo do motenj. Letali\u0161\u010de G\u00f6teborg-Landvetter je drugo najve\u010dje letali\u0161\u010de na \u0161vedskem po stockholmskem letali\u0161\u010du Arlanda.Svet<\/p>\n","protected":false},"excerpt":{"rendered":"<p>Zaradi gro\u017enje z bombo so danes na letali\u0161\u010du v \u0161vedskem G\u00f6teborgu izpraznili terminal za notranje lete. Anonimno gro\u017enjo so prejeli dopoldne, policija pa sedaj preiskuje sumljivo plasti\u010dno vre\u010do, je za \u0161vedsko televizijo SVT povedal njen predstavnik. Po prejemu gro\u017enje so najprej pove\u010dali navzo\u010dnost policije in pozvali k ve\u010dji previdnosti. V letalskem prometu za zdaj ni pri\u0161lo do motenj. Letali\u0161\u010de G\u00f6teborg-Landvetter je drugo najve\u010dje letali\u0161\u010de na \u0161vedskem po stockholmskem letali\u0161\u010du Arlanda.Svet<\/p>\n","protected":false},"author":1,"featured_media":0,"comment_status":"closed","ping_status":"closed","sticky":false,"template":"","format":"standard","meta":{"footnotes":""},"categories":[1179],"tags":[],"source":[1711],"supertag":[],"acf":[],"yoast_head":"<!-- This site is optimized with the Yoast SEO plugin v21.3 - https:\/\/yoast.com\/wordpress\/plugins\/seo\/ -->\n<title>Zaradi bombnega preplaha izpraznili letali\u0161\u010de v G\u00f6teborgu - Hudo Slovenija<\/title>\n<meta name=\"robots\" content=\"index, follow, max-snippet:-1, max-image-preview:large, max-video-preview:-1\" \/>\n<link rel=\"canonical\" href=\"https:\/\/hudo.com\/si\/aktualno\/zaradi-bombnega-preplaha-izpraznili-letalisce-v-goteborgu\/\" \/>\n<meta property=\"og:locale\" content=\"sl_SI\" \/>\n<meta property=\"og:type\" content=\"article\" \/>\n<meta property=\"og:title\" content=\"Zaradi bombnega preplaha izpraznili letali\u0161\u010de v G\u00f6teborgu - Hudo Slovenija\" \/>\n<meta property=\"og:description\" content=\"Zaradi gro\u017enje z bombo so danes na letali\u0161\u010du v \u0161vedskem G\u00f6teborgu izpraznili terminal za notranje lete. Anonimno gro\u017enjo so prejeli dopoldne, policija pa sedaj preiskuje sumljivo plasti\u010dno vre\u010do, je za \u0161vedsko televizijo SVT povedal njen predstavnik. Po prejemu gro\u017enje so najprej pove\u010dali navzo\u010dnost policije in pozvali k ve\u010dji previdnosti. V letalskem prometu za zdaj ni pri\u0161lo do motenj. Letali\u0161\u010de G\u00f6teborg-Landvetter je drugo najve\u010dje letali\u0161\u010de na \u0161vedskem po stockholmskem letali\u0161\u010du Arlanda.Svet\" \/>\n<meta property=\"og:url\" content=\"https:\/\/hudo.com\/si\/aktualno\/zaradi-bombnega-preplaha-izpraznili-letalisce-v-goteborgu\/\" \/>\n<meta property=\"og:site_name\" content=\"Hudo Slovenija\" \/>\n<meta property=\"article:publisher\" content=\"https:\/\/www.facebook.com\/hudo.si\" \/>\n<meta property=\"article:published_time\" content=\"2016-03-31T11:42:00+00:00\" \/>\n<meta property=\"article:modified_time\" content=\"2016-04-01T07:19:19+00:00\" \/>\n<meta property=\"og:image\" content=\"https:\/\/hudo.com\/si\/wp-content\/uploads\/sites\/2\/2016\/03\/05237537-300.jpg\" \/>\n\t<meta property=\"og:image:width\" content=\"450\" \/>\n\t<meta property=\"og:image:height\" content=\"299\" \/>\n\t<meta property=\"og:image:type\" content=\"image\/jpeg\" \/>\n<meta name=\"author\" content=\"hudo\" \/>\n<meta name=\"twitter:card\" content=\"summary_large_image\" \/>\n<meta name=\"twitter:creator\" content=\"@hudo_si\" \/>\n<meta name=\"twitter:site\" content=\"@hudo_si\" \/>\n<meta name=\"twitter:label1\" content=\"Written by\" \/>\n\t<meta name=\"twitter:data1\" content=\"hudo\" \/>\n<script type=\"application\/ld+json\" class=\"yoast-schema-graph\">{\"@context\":\"https:\/\/schema.org\",\"@graph\":[{\"@type\":\"Article\",\"@id\":\"https:\/\/hudo.com\/si\/aktualno\/zaradi-bombnega-preplaha-izpraznili-letalisce-v-goteborgu\/#article\",\"isPartOf\":{\"@id\":\"https:\/\/hudo.com\/si\/aktualno\/zaradi-bombnega-preplaha-izpraznili-letalisce-v-goteborgu\/\"},\"author\":{\"name\":\"hudo\",\"@id\":\"https:\/\/hudo.com\/si\/#\/schema\/person\/601cf3379633985b20f7e50f2bb47707\"},\"headline\":\"Zaradi bombnega preplaha izpraznili letali\u0161\u010de v G\u00f6teborgu\",\"datePublished\":\"2016-03-31T11:42:00+00:00\",\"dateModified\":\"2016-04-01T07:19:19+00:00\",\"mainEntityOfPage\":{\"@id\":\"https:\/\/hudo.com\/si\/aktualno\/zaradi-bombnega-preplaha-izpraznili-letalisce-v-goteborgu\/\"},\"wordCount\":96,\"publisher\":{\"@id\":\"https:\/\/hudo.com\/si\/#organization\"},\"articleSection\":[\"Aktualno\"],\"inLanguage\":\"sl-SI\"},{\"@type\":\"WebPage\",\"@id\":\"https:\/\/hudo.com\/si\/aktualno\/zaradi-bombnega-preplaha-izpraznili-letalisce-v-goteborgu\/\",\"url\":\"https:\/\/hudo.com\/si\/aktualno\/zaradi-bombnega-preplaha-izpraznili-letalisce-v-goteborgu\/\",\"name\":\"Zaradi bombnega preplaha izpraznili letali\u0161\u010de v G\u00f6teborgu - Hudo Slovenija\",\"isPartOf\":{\"@id\":\"https:\/\/hudo.com\/si\/#website\"},\"datePublished\":\"2016-03-31T11:42:00+00:00\",\"dateModified\":\"2016-04-01T07:19:19+00:00\",\"breadcrumb\":{\"@id\":\"https:\/\/hudo.com\/si\/aktualno\/zaradi-bombnega-preplaha-izpraznili-letalisce-v-goteborgu\/#breadcrumb\"},\"inLanguage\":\"sl-SI\",\"potentialAction\":[{\"@type\":\"ReadAction\",\"target\":[\"https:\/\/hudo.com\/si\/aktualno\/zaradi-bombnega-preplaha-izpraznili-letalisce-v-goteborgu\/\"]}]},{\"@type\":\"BreadcrumbList\",\"@id\":\"https:\/\/hudo.com\/si\/aktualno\/zaradi-bombnega-preplaha-izpraznili-letalisce-v-goteborgu\/#breadcrumb\",\"itemListElement\":[{\"@type\":\"ListItem\",\"position\":1,\"name\":\"Home\",\"item\":\"https:\/\/hudo.com\/si\/\"},{\"@type\":\"ListItem\",\"position\":2,\"name\":\"Zaradi bombnega preplaha izpraznili letali\u0161\u010de v G\u00f6teborgu\"}]},{\"@type\":\"WebSite\",\"@id\":\"https:\/\/hudo.com\/si\/#website\",\"url\":\"https:\/\/hudo.com\/si\/\",\"name\":\"Hudo Slovenija\",\"description\":\"Vse novice iz Slovenije in sveta\",\"publisher\":{\"@id\":\"https:\/\/hudo.com\/si\/#organization\"},\"potentialAction\":[{\"@type\":\"SearchAction\",\"target\":{\"@type\":\"EntryPoint\",\"urlTemplate\":\"https:\/\/hudo.com\/si\/?s={search_term_string}\"},\"query-input\":\"required name=search_term_string\"}],\"inLanguage\":\"sl-SI\"},{\"@type\":\"Organization\",\"@id\":\"https:\/\/hudo.com\/si\/#organization\",\"name\":\"VSN Media\",\"url\":\"https:\/\/hudo.com\/si\/\",\"logo\":{\"@type\":\"ImageObject\",\"inLanguage\":\"sl-SI\",\"@id\":\"https:\/\/hudo.com\/si\/#\/schema\/logo\/image\/\",\"url\":\"https:\/\/hudo.com\/si\/wp-content\/uploads\/sites\/2\/2021\/03\/hudo-app-2.png\",\"contentUrl\":\"https:\/\/hudo.com\/si\/wp-content\/uploads\/sites\/2\/2021\/03\/hudo-app-2.png\",\"width\":2185,\"height\":2167,\"caption\":\"VSN Media\"},\"image\":{\"@id\":\"https:\/\/hudo.com\/si\/#\/schema\/logo\/image\/\"},\"sameAs\":[\"https:\/\/www.facebook.com\/hudo.si\",\"https:\/\/twitter.com\/hudo_si\"]},{\"@type\":\"Person\",\"@id\":\"https:\/\/hudo.com\/si\/#\/schema\/person\/601cf3379633985b20f7e50f2bb47707\",\"name\":\"hudo\",\"image\":{\"@type\":\"ImageObject\",\"inLanguage\":\"sl-SI\",\"@id\":\"https:\/\/hudo.com\/si\/#\/schema\/person\/image\/\",\"url\":\"https:\/\/secure.gravatar.com\/avatar\/c4ca25fa72cace7a696b52ff5db9e095?s=96&d=mm&r=g\",\"contentUrl\":\"https:\/\/secure.gravatar.com\/avatar\/c4ca25fa72cace7a696b52ff5db9e095?s=96&d=mm&r=g\",\"caption\":\"hudo\"},\"url\":\"https:\/\/hudo.com\/si\/author\/hudo\/\"}]}<\/script>\n<!-- \/ Yoast SEO plugin. -->","yoast_head_json":{"title":"Zaradi bombnega preplaha izpraznili letali\u0161\u010de v G\u00f6teborgu - Hudo Slovenija","robots":{"index":"index","follow":"follow","max-snippet":"max-snippet:-1","max-image-preview":"max-image-preview:large","max-video-preview":"max-video-preview:-1"},"canonical":"https:\/\/hudo.com\/si\/aktualno\/zaradi-bombnega-preplaha-izpraznili-letalisce-v-goteborgu\/","og_locale":"sl_SI","og_type":"article","og_title":"Zaradi bombnega preplaha izpraznili letali\u0161\u010de v G\u00f6teborgu - Hudo Slovenija","og_description":"Zaradi gro\u017enje z bombo so danes na letali\u0161\u010du v \u0161vedskem G\u00f6teborgu izpraznili terminal za notranje lete. Anonimno gro\u017enjo so prejeli dopoldne, policija pa sedaj preiskuje sumljivo plasti\u010dno vre\u010do, je za \u0161vedsko televizijo SVT povedal njen predstavnik. Po prejemu gro\u017enje so najprej pove\u010dali navzo\u010dnost policije in pozvali k ve\u010dji previdnosti. V letalskem prometu za zdaj ni pri\u0161lo do motenj. Letali\u0161\u010de G\u00f6teborg-Landvetter je drugo najve\u010dje letali\u0161\u010de na \u0161vedskem po stockholmskem letali\u0161\u010du Arlanda.Svet","og_url":"https:\/\/hudo.com\/si\/aktualno\/zaradi-bombnega-preplaha-izpraznili-letalisce-v-goteborgu\/","og_site_name":"Hudo Slovenija","article_publisher":"https:\/\/www.facebook.com\/hudo.si","article_published_time":"2016-03-31T11:42:00+00:00","article_modified_time":"2016-04-01T07:19:19+00:00","og_image":[{"width":450,"height":299,"url":"https:\/\/hudo.com\/si\/wp-content\/uploads\/sites\/2\/2016\/03\/05237537-300.jpg","type":"image\/jpeg"}],"author":"hudo","twitter_card":"summary_large_image","twitter_creator":"@hudo_si","twitter_site":"@hudo_si","twitter_misc":{"Written by":"hudo"},"schema":{"@context":"https:\/\/schema.org","@graph":[{"@type":"Article","@id":"https:\/\/hudo.com\/si\/aktualno\/zaradi-bombnega-preplaha-izpraznili-letalisce-v-goteborgu\/#article","isPartOf":{"@id":"https:\/\/hudo.com\/si\/aktualno\/zaradi-bombnega-preplaha-izpraznili-letalisce-v-goteborgu\/"},"author":{"name":"hudo","@id":"https:\/\/hudo.com\/si\/#\/schema\/person\/601cf3379633985b20f7e50f2bb47707"},"headline":"Zaradi bombnega preplaha izpraznili letali\u0161\u010de v G\u00f6teborgu","datePublished":"2016-03-31T11:42:00+00:00","dateModified":"2016-04-01T07:19:19+00:00","mainEntityOfPage":{"@id":"https:\/\/hudo.com\/si\/aktualno\/zaradi-bombnega-preplaha-izpraznili-letalisce-v-goteborgu\/"},"wordCount":96,"publisher":{"@id":"https:\/\/hudo.com\/si\/#organization"},"articleSection":["Aktualno"],"inLanguage":"sl-SI"},{"@type":"WebPage","@id":"https:\/\/hudo.com\/si\/aktualno\/zaradi-bombnega-preplaha-izpraznili-letalisce-v-goteborgu\/","url":"https:\/\/hudo.com\/si\/aktualno\/zaradi-bombnega-preplaha-izpraznili-letalisce-v-goteborgu\/","name":"Zaradi bombnega preplaha izpraznili letali\u0161\u010de v G\u00f6teborgu - Hudo Slovenija","isPartOf":{"@id":"https:\/\/hudo.com\/si\/#website"},"datePublished":"2016-03-31T11:42:00+00:00","dateModified":"2016-04-01T07:19:19+00:00","breadcrumb":{"@id":"https:\/\/hudo.com\/si\/aktualno\/zaradi-bombnega-preplaha-izpraznili-letalisce-v-goteborgu\/#breadcrumb"},"inLanguage":"sl-SI","potentialAction":[{"@type":"ReadAction","target":["https:\/\/hudo.com\/si\/aktualno\/zaradi-bombnega-preplaha-izpraznili-letalisce-v-goteborgu\/"]}]},{"@type":"BreadcrumbList","@id":"https:\/\/hudo.com\/si\/aktualno\/zaradi-bombnega-preplaha-izpraznili-letalisce-v-goteborgu\/#breadcrumb","itemListElement":[{"@type":"ListItem","position":1,"name":"Home","item":"https:\/\/hudo.com\/si\/"},{"@type":"ListItem","position":2,"name":"Zaradi bombnega preplaha izpraznili letali\u0161\u010de v G\u00f6teborgu"}]},{"@type":"WebSite","@id":"https:\/\/hudo.com\/si\/#website","url":"https:\/\/hudo.com\/si\/","name":"Hudo Slovenija","description":"Vse novice iz Slovenije in sveta","publisher":{"@id":"https:\/\/hudo.com\/si\/#organization"},"potentialAction":[{"@type":"SearchAction","target":{"@type":"EntryPoint","urlTemplate":"https:\/\/hudo.com\/si\/?s={search_term_string}"},"query-input":"required name=search_term_string"}],"inLanguage":"sl-SI"},{"@type":"Organization","@id":"https:\/\/hudo.com\/si\/#organization","name":"VSN Media","url":"https:\/\/hudo.com\/si\/","logo":{"@type":"ImageObject","inLanguage":"sl-SI","@id":"https:\/\/hudo.com\/si\/#\/schema\/logo\/image\/","url":"https:\/\/hudo.com\/si\/wp-content\/uploads\/sites\/2\/2021\/03\/hudo-app-2.png","contentUrl":"https:\/\/hudo.com\/si\/wp-content\/uploads\/sites\/2\/2021\/03\/hudo-app-2.png","width":2185,"height":2167,"caption":"VSN Media"},"image":{"@id":"https:\/\/hudo.com\/si\/#\/schema\/logo\/image\/"},"sameAs":["https:\/\/www.facebook.com\/hudo.si","https:\/\/twitter.com\/hudo_si"]},{"@type":"Person","@id":"https:\/\/hudo.com\/si\/#\/schema\/person\/601cf3379633985b20f7e50f2bb47707","name":"hudo","image":{"@type":"ImageObject","inLanguage":"sl-SI","@id":"https:\/\/hudo.com\/si\/#\/schema\/person\/image\/","url":"https:\/\/secure.gravatar.com\/avatar\/c4ca25fa72cace7a696b52ff5db9e095?s=96&d=mm&r=g","contentUrl":"https:\/\/secure.gravatar.com\/avatar\/c4ca25fa72cace7a696b52ff5db9e095?s=96&d=mm&r=g","caption":"hudo"},"url":"https:\/\/hudo.com\/si\/author\/hudo\/"}]}},"amp_enabled":true,"_links":{"self":[{"href":"https:\/\/hudo.com\/si\/wp-json\/wp\/v2\/posts\/10223"}],"collection":[{"href":"https:\/\/hudo.com\/si\/wp-json\/wp\/v2\/posts"}],"about":[{"href":"https:\/\/hudo.com\/si\/wp-json\/wp\/v2\/types\/post"}],"author":[{"embeddable":true,"href":"https:\/\/hudo.com\/si\/wp-json\/wp\/v2\/users\/1"}],"replies":[{"embeddable":true,"href":"https:\/\/hudo.com\/si\/wp-json\/wp\/v2\/comments?post=10223"}],"version-history":[{"count":1,"href":"https:\/\/hudo.com\/si\/wp-json\/wp\/v2\/posts\/10223\/revisions"}],"predecessor-version":[{"id":13322,"href":"https:\/\/hudo.com\/si\/wp-json\/wp\/v2\/posts\/10223\/revisions\/13322"}],"wp:attachment":[{"href":"https:\/\/hudo.com\/si\/wp-json\/wp\/v2\/media?parent=10223"}],"wp:term":[{"taxonomy":"category","embeddable":true,"href":"https:\/\/hudo.com\/si\/wp-json\/wp\/v2\/categories?post=10223"},{"taxonomy":"post_tag","embeddable":true,"href":"https:\/\/hudo.com\/si\/wp-json\/wp\/v2\/tags?post=10223"},{"taxonomy":"source","embeddable":true,"href":"https:\/\/hudo.com\/si\/wp-json\/wp\/v2\/source?post=10223"},{"taxonomy":"supertag","embeddable":true,"href":"https:\/\/hudo.com\/si\/wp-json\/wp\/v2\/supertag?post=10223"}],"curies":[{"name":"wp","href":"https:\/\/api.w.org\/{rel}","templated":true}]}}