{"id":10235,"date":"2016-03-31T12:16:00","date_gmt":"2016-03-31T11:16:00","guid":{"rendered":"http:\/\/master.hudo.com\/si\/2016\/03\/31\/olimpijska-in-svetovna-podprvakinja-zaradi-dopinga-dve-leti-brez-tekmovanj\/"},"modified":"2016-04-01T10:35:18","modified_gmt":"2016-04-01T09:35:18","slug":"olimpijska-in-svetovna-podprvakinja-zaradi-dopinga-dve-leti-brez-tekmovanj","status":"publish","type":"post","link":"https:\/\/hudo.com\/si\/aktualno\/olimpijska-in-svetovna-podprvakinja-zaradi-dopinga-dve-leti-brez-tekmovanj\/","title":{"rendered":"Olimpijska in svetovna podprvakinja zaradi dopinga dve leti brez tekmovanj"},"content":{"rendered":"<p>Tur\u0161ka atletska zveza je osem mesecev po razkritju velikega dopin\u0161kega \u0161kandala, v katerega je bila vpletena v Etiopiji rojena teka\u010dica na dolge proge, olimpijska in svetovna podprvakinja, Elvan Abeylegesse predstavila svojo odlo\u010ditev. Zveza je tur\u0161ko atletinjo kaznovala z dveletno prepovedjo tekmovanj. Abeylegessejeva, svetovna podprvakinja iz Osake 2007 na 10.000 metrov ter olimpijska podprvakinja iz Pekinga 2008 na 5000 in 10.000 m, je bila ena od 28 atletov, ki so jih \u0161e enkrat analizirali zaradi jemanja prepovedanih po\u017eivil. Mednarodna atletska zveza je lani avgusta razkrila, da je bilo 28 \u0161portnikov pozitivnih na dopin\u0161kem testu, ko so vnovi\u010d analizirali vzorce s SP 2005 in 2007. Disciplinska komisija tur\u0161ke atletske zveze se je strinjala z dveletno prepovedjo tekmovanj za zdaj 33-letno atletinjo, ki je bila pozitivna na SP 2007 v Osaki prepovedani hormon, steroid stanozolol. Abeylegessejeva je ves \u010das trdila, da je nedol\u017ena ter je to\u017eila Mednarodno atletsko zvezo (Iaaf) zaradi po njenem mnenju o\u010ditnih tehni\u010dnih napak pri opravljenem testu.\u0160port<\/p>\n","protected":false},"excerpt":{"rendered":"<p>Tur\u0161ka atletska zveza je osem mesecev po razkritju velikega dopin\u0161kega \u0161kandala, v katerega je bila vpletena v Etiopiji rojena teka\u010dica na dolge proge, olimpijska in svetovna podprvakinja, Elvan Abeylegesse predstavila svojo odlo\u010ditev. Zveza je tur\u0161ko atletinjo kaznovala z dveletno prepovedjo tekmovanj. Abeylegessejeva, svetovna podprvakinja iz Osake 2007 na 10.000 metrov ter olimpijska podprvakinja iz Pekinga 2008 na 5000 in 10.000 m, je bila ena od 28 atletov, ki so jih \u0161e enkrat analizirali zaradi jemanja prepovedanih po\u017eivil. Mednarodna atletska zveza je lani avgusta razkrila, da je bilo 28 \u0161portnikov pozitivnih na dopin\u0161kem testu, ko so vnovi\u010d analizirali vzorce s SP 2005 in 2007. Disciplinska komisija tur\u0161ke atletske zveze se je strinjala z dveletno prepovedjo tekmovanj za zdaj 33-letno atletinjo, ki je bila pozitivna na SP 2007 v Osaki prepovedani hormon, steroid stanozolol. Abeylegessejeva je ves \u010das trdila, da je nedol\u017ena ter je to\u017eila Mednarodno atletsko zvezo (Iaaf) zaradi po njenem mnenju o\u010ditnih tehni\u010dnih napak pri opravljenem testu.\u0160port<\/p>\n","protected":false},"author":1,"featured_media":0,"comment_status":"closed","ping_status":"closed","sticky":false,"template":"","format":"standard","meta":{"footnotes":""},"categories":[1179],"tags":[],"source":[1711],"supertag":[],"acf":[],"yoast_head":"<!-- This site is optimized with the Yoast SEO plugin v21.3 - https:\/\/yoast.com\/wordpress\/plugins\/seo\/ -->\n<title>Olimpijska in svetovna podprvakinja zaradi dopinga dve leti brez tekmovanj - Hudo Slovenija<\/title>\n<meta name=\"robots\" content=\"index, follow, max-snippet:-1, max-image-preview:large, max-video-preview:-1\" \/>\n<link rel=\"canonical\" href=\"https:\/\/hudo.com\/si\/aktualno\/olimpijska-in-svetovna-podprvakinja-zaradi-dopinga-dve-leti-brez-tekmovanj\/\" \/>\n<meta property=\"og:locale\" content=\"sl_SI\" \/>\n<meta property=\"og:type\" content=\"article\" \/>\n<meta property=\"og:title\" content=\"Olimpijska in svetovna podprvakinja zaradi dopinga dve leti brez tekmovanj - Hudo Slovenija\" \/>\n<meta property=\"og:description\" content=\"Tur\u0161ka atletska zveza je osem mesecev po razkritju velikega dopin\u0161kega \u0161kandala, v katerega je bila vpletena v Etiopiji rojena teka\u010dica na dolge proge, olimpijska in svetovna podprvakinja, Elvan Abeylegesse predstavila svojo odlo\u010ditev. Zveza je tur\u0161ko atletinjo kaznovala z dveletno prepovedjo tekmovanj. Abeylegessejeva, svetovna podprvakinja iz Osake 2007 na 10.000 metrov ter olimpijska podprvakinja iz Pekinga 2008 na 5000 in 10.000 m, je bila ena od 28 atletov, ki so jih \u0161e enkrat analizirali zaradi jemanja prepovedanih po\u017eivil. Mednarodna atletska zveza je lani avgusta razkrila, da je bilo 28 \u0161portnikov pozitivnih na dopin\u0161kem testu, ko so vnovi\u010d analizirali vzorce s SP 2005 in 2007. Disciplinska komisija tur\u0161ke atletske zveze se je strinjala z dveletno prepovedjo tekmovanj za zdaj 33-letno atletinjo, ki je bila pozitivna na SP 2007 v Osaki prepovedani hormon, steroid stanozolol. Abeylegessejeva je ves \u010das trdila, da je nedol\u017ena ter je to\u017eila Mednarodno atletsko zvezo (Iaaf) zaradi po njenem mnenju o\u010ditnih tehni\u010dnih napak pri opravljenem testu.\u0160port\" \/>\n<meta property=\"og:url\" content=\"https:\/\/hudo.com\/si\/aktualno\/olimpijska-in-svetovna-podprvakinja-zaradi-dopinga-dve-leti-brez-tekmovanj\/\" \/>\n<meta property=\"og:site_name\" content=\"Hudo Slovenija\" \/>\n<meta property=\"article:publisher\" content=\"https:\/\/www.facebook.com\/hudo.si\" \/>\n<meta property=\"article:published_time\" content=\"2016-03-31T11:16:00+00:00\" \/>\n<meta property=\"article:modified_time\" content=\"2016-04-01T09:35:18+00:00\" \/>\n<meta property=\"og:image\" content=\"https:\/\/hudo.com\/si\/wp-content\/uploads\/sites\/2\/2016\/03\/00988647F-300.jpg\" \/>\n\t<meta property=\"og:image:width\" content=\"450\" \/>\n\t<meta property=\"og:image:height\" content=\"300\" \/>\n\t<meta property=\"og:image:type\" content=\"image\/jpeg\" \/>\n<meta name=\"author\" content=\"hudo\" \/>\n<meta name=\"twitter:card\" content=\"summary_large_image\" \/>\n<meta name=\"twitter:creator\" content=\"@hudo_si\" \/>\n<meta name=\"twitter:site\" content=\"@hudo_si\" \/>\n<meta name=\"twitter:label1\" content=\"Written by\" \/>\n\t<meta name=\"twitter:data1\" content=\"hudo\" \/>\n\t<meta name=\"twitter:label2\" content=\"Est. reading time\" \/>\n\t<meta name=\"twitter:data2\" content=\"1 minuta\" \/>\n<script type=\"application\/ld+json\" class=\"yoast-schema-graph\">{\"@context\":\"https:\/\/schema.org\",\"@graph\":[{\"@type\":\"Article\",\"@id\":\"https:\/\/hudo.com\/si\/aktualno\/olimpijska-in-svetovna-podprvakinja-zaradi-dopinga-dve-leti-brez-tekmovanj\/#article\",\"isPartOf\":{\"@id\":\"https:\/\/hudo.com\/si\/aktualno\/olimpijska-in-svetovna-podprvakinja-zaradi-dopinga-dve-leti-brez-tekmovanj\/\"},\"author\":{\"name\":\"hudo\",\"@id\":\"https:\/\/hudo.com\/si\/#\/schema\/person\/601cf3379633985b20f7e50f2bb47707\"},\"headline\":\"Olimpijska in svetovna podprvakinja zaradi dopinga dve leti brez tekmovanj\",\"datePublished\":\"2016-03-31T11:16:00+00:00\",\"dateModified\":\"2016-04-01T09:35:18+00:00\",\"mainEntityOfPage\":{\"@id\":\"https:\/\/hudo.com\/si\/aktualno\/olimpijska-in-svetovna-podprvakinja-zaradi-dopinga-dve-leti-brez-tekmovanj\/\"},\"wordCount\":170,\"publisher\":{\"@id\":\"https:\/\/hudo.com\/si\/#organization\"},\"articleSection\":[\"Aktualno\"],\"inLanguage\":\"sl-SI\"},{\"@type\":\"WebPage\",\"@id\":\"https:\/\/hudo.com\/si\/aktualno\/olimpijska-in-svetovna-podprvakinja-zaradi-dopinga-dve-leti-brez-tekmovanj\/\",\"url\":\"https:\/\/hudo.com\/si\/aktualno\/olimpijska-in-svetovna-podprvakinja-zaradi-dopinga-dve-leti-brez-tekmovanj\/\",\"name\":\"Olimpijska in svetovna podprvakinja zaradi dopinga dve leti brez tekmovanj - Hudo Slovenija\",\"isPartOf\":{\"@id\":\"https:\/\/hudo.com\/si\/#website\"},\"datePublished\":\"2016-03-31T11:16:00+00:00\",\"dateModified\":\"2016-04-01T09:35:18+00:00\",\"breadcrumb\":{\"@id\":\"https:\/\/hudo.com\/si\/aktualno\/olimpijska-in-svetovna-podprvakinja-zaradi-dopinga-dve-leti-brez-tekmovanj\/#breadcrumb\"},\"inLanguage\":\"sl-SI\",\"potentialAction\":[{\"@type\":\"ReadAction\",\"target\":[\"https:\/\/hudo.com\/si\/aktualno\/olimpijska-in-svetovna-podprvakinja-zaradi-dopinga-dve-leti-brez-tekmovanj\/\"]}]},{\"@type\":\"BreadcrumbList\",\"@id\":\"https:\/\/hudo.com\/si\/aktualno\/olimpijska-in-svetovna-podprvakinja-zaradi-dopinga-dve-leti-brez-tekmovanj\/#breadcrumb\",\"itemListElement\":[{\"@type\":\"ListItem\",\"position\":1,\"name\":\"Home\",\"item\":\"https:\/\/hudo.com\/si\/\"},{\"@type\":\"ListItem\",\"position\":2,\"name\":\"Olimpijska in svetovna podprvakinja zaradi dopinga dve leti brez tekmovanj\"}]},{\"@type\":\"WebSite\",\"@id\":\"https:\/\/hudo.com\/si\/#website\",\"url\":\"https:\/\/hudo.com\/si\/\",\"name\":\"Hudo Slovenija\",\"description\":\"Vse novice iz Slovenije in sveta\",\"publisher\":{\"@id\":\"https:\/\/hudo.com\/si\/#organization\"},\"potentialAction\":[{\"@type\":\"SearchAction\",\"target\":{\"@type\":\"EntryPoint\",\"urlTemplate\":\"https:\/\/hudo.com\/si\/?s={search_term_string}\"},\"query-input\":\"required name=search_term_string\"}],\"inLanguage\":\"sl-SI\"},{\"@type\":\"Organization\",\"@id\":\"https:\/\/hudo.com\/si\/#organization\",\"name\":\"VSN Media\",\"url\":\"https:\/\/hudo.com\/si\/\",\"logo\":{\"@type\":\"ImageObject\",\"inLanguage\":\"sl-SI\",\"@id\":\"https:\/\/hudo.com\/si\/#\/schema\/logo\/image\/\",\"url\":\"https:\/\/hudo.com\/si\/wp-content\/uploads\/sites\/2\/2021\/03\/hudo-app-2.png\",\"contentUrl\":\"https:\/\/hudo.com\/si\/wp-content\/uploads\/sites\/2\/2021\/03\/hudo-app-2.png\",\"width\":2185,\"height\":2167,\"caption\":\"VSN Media\"},\"image\":{\"@id\":\"https:\/\/hudo.com\/si\/#\/schema\/logo\/image\/\"},\"sameAs\":[\"https:\/\/www.facebook.com\/hudo.si\",\"https:\/\/twitter.com\/hudo_si\"]},{\"@type\":\"Person\",\"@id\":\"https:\/\/hudo.com\/si\/#\/schema\/person\/601cf3379633985b20f7e50f2bb47707\",\"name\":\"hudo\",\"image\":{\"@type\":\"ImageObject\",\"inLanguage\":\"sl-SI\",\"@id\":\"https:\/\/hudo.com\/si\/#\/schema\/person\/image\/\",\"url\":\"https:\/\/secure.gravatar.com\/avatar\/c4ca25fa72cace7a696b52ff5db9e095?s=96&d=mm&r=g\",\"contentUrl\":\"https:\/\/secure.gravatar.com\/avatar\/c4ca25fa72cace7a696b52ff5db9e095?s=96&d=mm&r=g\",\"caption\":\"hudo\"},\"url\":\"https:\/\/hudo.com\/si\/author\/hudo\/\"}]}<\/script>\n<!-- \/ Yoast SEO plugin. -->","yoast_head_json":{"title":"Olimpijska in svetovna podprvakinja zaradi dopinga dve leti brez tekmovanj - Hudo Slovenija","robots":{"index":"index","follow":"follow","max-snippet":"max-snippet:-1","max-image-preview":"max-image-preview:large","max-video-preview":"max-video-preview:-1"},"canonical":"https:\/\/hudo.com\/si\/aktualno\/olimpijska-in-svetovna-podprvakinja-zaradi-dopinga-dve-leti-brez-tekmovanj\/","og_locale":"sl_SI","og_type":"article","og_title":"Olimpijska in svetovna podprvakinja zaradi dopinga dve leti brez tekmovanj - Hudo Slovenija","og_description":"Tur\u0161ka atletska zveza je osem mesecev po razkritju velikega dopin\u0161kega \u0161kandala, v katerega je bila vpletena v Etiopiji rojena teka\u010dica na dolge proge, olimpijska in svetovna podprvakinja, Elvan Abeylegesse predstavila svojo odlo\u010ditev. Zveza je tur\u0161ko atletinjo kaznovala z dveletno prepovedjo tekmovanj. Abeylegessejeva, svetovna podprvakinja iz Osake 2007 na 10.000 metrov ter olimpijska podprvakinja iz Pekinga 2008 na 5000 in 10.000 m, je bila ena od 28 atletov, ki so jih \u0161e enkrat analizirali zaradi jemanja prepovedanih po\u017eivil. Mednarodna atletska zveza je lani avgusta razkrila, da je bilo 28 \u0161portnikov pozitivnih na dopin\u0161kem testu, ko so vnovi\u010d analizirali vzorce s SP 2005 in 2007. Disciplinska komisija tur\u0161ke atletske zveze se je strinjala z dveletno prepovedjo tekmovanj za zdaj 33-letno atletinjo, ki je bila pozitivna na SP 2007 v Osaki prepovedani hormon, steroid stanozolol. Abeylegessejeva je ves \u010das trdila, da je nedol\u017ena ter je to\u017eila Mednarodno atletsko zvezo (Iaaf) zaradi po njenem mnenju o\u010ditnih tehni\u010dnih napak pri opravljenem testu.\u0160port","og_url":"https:\/\/hudo.com\/si\/aktualno\/olimpijska-in-svetovna-podprvakinja-zaradi-dopinga-dve-leti-brez-tekmovanj\/","og_site_name":"Hudo Slovenija","article_publisher":"https:\/\/www.facebook.com\/hudo.si","article_published_time":"2016-03-31T11:16:00+00:00","article_modified_time":"2016-04-01T09:35:18+00:00","og_image":[{"width":450,"height":300,"url":"https:\/\/hudo.com\/si\/wp-content\/uploads\/sites\/2\/2016\/03\/00988647F-300.jpg","type":"image\/jpeg"}],"author":"hudo","twitter_card":"summary_large_image","twitter_creator":"@hudo_si","twitter_site":"@hudo_si","twitter_misc":{"Written by":"hudo","Est. reading time":"1 minuta"},"schema":{"@context":"https:\/\/schema.org","@graph":[{"@type":"Article","@id":"https:\/\/hudo.com\/si\/aktualno\/olimpijska-in-svetovna-podprvakinja-zaradi-dopinga-dve-leti-brez-tekmovanj\/#article","isPartOf":{"@id":"https:\/\/hudo.com\/si\/aktualno\/olimpijska-in-svetovna-podprvakinja-zaradi-dopinga-dve-leti-brez-tekmovanj\/"},"author":{"name":"hudo","@id":"https:\/\/hudo.com\/si\/#\/schema\/person\/601cf3379633985b20f7e50f2bb47707"},"headline":"Olimpijska in svetovna podprvakinja zaradi dopinga dve leti brez tekmovanj","datePublished":"2016-03-31T11:16:00+00:00","dateModified":"2016-04-01T09:35:18+00:00","mainEntityOfPage":{"@id":"https:\/\/hudo.com\/si\/aktualno\/olimpijska-in-svetovna-podprvakinja-zaradi-dopinga-dve-leti-brez-tekmovanj\/"},"wordCount":170,"publisher":{"@id":"https:\/\/hudo.com\/si\/#organization"},"articleSection":["Aktualno"],"inLanguage":"sl-SI"},{"@type":"WebPage","@id":"https:\/\/hudo.com\/si\/aktualno\/olimpijska-in-svetovna-podprvakinja-zaradi-dopinga-dve-leti-brez-tekmovanj\/","url":"https:\/\/hudo.com\/si\/aktualno\/olimpijska-in-svetovna-podprvakinja-zaradi-dopinga-dve-leti-brez-tekmovanj\/","name":"Olimpijska in svetovna podprvakinja zaradi dopinga dve leti brez tekmovanj - Hudo Slovenija","isPartOf":{"@id":"https:\/\/hudo.com\/si\/#website"},"datePublished":"2016-03-31T11:16:00+00:00","dateModified":"2016-04-01T09:35:18+00:00","breadcrumb":{"@id":"https:\/\/hudo.com\/si\/aktualno\/olimpijska-in-svetovna-podprvakinja-zaradi-dopinga-dve-leti-brez-tekmovanj\/#breadcrumb"},"inLanguage":"sl-SI","potentialAction":[{"@type":"ReadAction","target":["https:\/\/hudo.com\/si\/aktualno\/olimpijska-in-svetovna-podprvakinja-zaradi-dopinga-dve-leti-brez-tekmovanj\/"]}]},{"@type":"BreadcrumbList","@id":"https:\/\/hudo.com\/si\/aktualno\/olimpijska-in-svetovna-podprvakinja-zaradi-dopinga-dve-leti-brez-tekmovanj\/#breadcrumb","itemListElement":[{"@type":"ListItem","position":1,"name":"Home","item":"https:\/\/hudo.com\/si\/"},{"@type":"ListItem","position":2,"name":"Olimpijska in svetovna podprvakinja zaradi dopinga dve leti brez tekmovanj"}]},{"@type":"WebSite","@id":"https:\/\/hudo.com\/si\/#website","url":"https:\/\/hudo.com\/si\/","name":"Hudo Slovenija","description":"Vse novice iz Slovenije in sveta","publisher":{"@id":"https:\/\/hudo.com\/si\/#organization"},"potentialAction":[{"@type":"SearchAction","target":{"@type":"EntryPoint","urlTemplate":"https:\/\/hudo.com\/si\/?s={search_term_string}"},"query-input":"required name=search_term_string"}],"inLanguage":"sl-SI"},{"@type":"Organization","@id":"https:\/\/hudo.com\/si\/#organization","name":"VSN Media","url":"https:\/\/hudo.com\/si\/","logo":{"@type":"ImageObject","inLanguage":"sl-SI","@id":"https:\/\/hudo.com\/si\/#\/schema\/logo\/image\/","url":"https:\/\/hudo.com\/si\/wp-content\/uploads\/sites\/2\/2021\/03\/hudo-app-2.png","contentUrl":"https:\/\/hudo.com\/si\/wp-content\/uploads\/sites\/2\/2021\/03\/hudo-app-2.png","width":2185,"height":2167,"caption":"VSN Media"},"image":{"@id":"https:\/\/hudo.com\/si\/#\/schema\/logo\/image\/"},"sameAs":["https:\/\/www.facebook.com\/hudo.si","https:\/\/twitter.com\/hudo_si"]},{"@type":"Person","@id":"https:\/\/hudo.com\/si\/#\/schema\/person\/601cf3379633985b20f7e50f2bb47707","name":"hudo","image":{"@type":"ImageObject","inLanguage":"sl-SI","@id":"https:\/\/hudo.com\/si\/#\/schema\/person\/image\/","url":"https:\/\/secure.gravatar.com\/avatar\/c4ca25fa72cace7a696b52ff5db9e095?s=96&d=mm&r=g","contentUrl":"https:\/\/secure.gravatar.com\/avatar\/c4ca25fa72cace7a696b52ff5db9e095?s=96&d=mm&r=g","caption":"hudo"},"url":"https:\/\/hudo.com\/si\/author\/hudo\/"}]}},"amp_enabled":true,"_links":{"self":[{"href":"https:\/\/hudo.com\/si\/wp-json\/wp\/v2\/posts\/10235"}],"collection":[{"href":"https:\/\/hudo.com\/si\/wp-json\/wp\/v2\/posts"}],"about":[{"href":"https:\/\/hudo.com\/si\/wp-json\/wp\/v2\/types\/post"}],"author":[{"embeddable":true,"href":"https:\/\/hudo.com\/si\/wp-json\/wp\/v2\/users\/1"}],"replies":[{"embeddable":true,"href":"https:\/\/hudo.com\/si\/wp-json\/wp\/v2\/comments?post=10235"}],"version-history":[{"count":1,"href":"https:\/\/hudo.com\/si\/wp-json\/wp\/v2\/posts\/10235\/revisions"}],"predecessor-version":[{"id":13328,"href":"https:\/\/hudo.com\/si\/wp-json\/wp\/v2\/posts\/10235\/revisions\/13328"}],"wp:attachment":[{"href":"https:\/\/hudo.com\/si\/wp-json\/wp\/v2\/media?parent=10235"}],"wp:term":[{"taxonomy":"category","embeddable":true,"href":"https:\/\/hudo.com\/si\/wp-json\/wp\/v2\/categories?post=10235"},{"taxonomy":"post_tag","embeddable":true,"href":"https:\/\/hudo.com\/si\/wp-json\/wp\/v2\/tags?post=10235"},{"taxonomy":"source","embeddable":true,"href":"https:\/\/hudo.com\/si\/wp-json\/wp\/v2\/source?post=10235"},{"taxonomy":"supertag","embeddable":true,"href":"https:\/\/hudo.com\/si\/wp-json\/wp\/v2\/supertag?post=10235"}],"curies":[{"name":"wp","href":"https:\/\/api.w.org\/{rel}","templated":true}]}}