{"id":103374,"date":"2016-07-28T12:57:39","date_gmt":"2016-07-28T10:57:39","guid":{"rendered":"http:\/\/hudo.com\/si\/?p=103374"},"modified":"2016-07-28T12:58:02","modified_gmt":"2016-07-28T10:58:02","slug":"policija-na-hrvaskem-prijela-terorista","status":"publish","type":"post","link":"https:\/\/hudo.com\/si\/aktualno\/policija-na-hrvaskem-prijela-terorista\/","title":{"rendered":"Turista na Hrva\u0161kem prijeli zaradi terorizma"},"content":{"rendered":"<div class=\"text\">\n<p>Hrva\u0161ka policija je Catulaya prijela na podlagi Interpolove tiralice, ki jo je razpisala Tur\u010dija. Ankara sumi, da je sodeloval pri ve\u010d teroristi\u010dnih napadov med letoma 1988 in 2001. V napadih v razli\u010dnih delih Tur\u010dije so umrli vojaki, policisti in civilisti, so \u0161e navedli.<\/p>\n<p>Catulaya sumijo, da je bil pripadnik skupine Osvobodilna vojska delavcev in kmetov Tur\u010dije, TIKKO, kar je voja\u0161ko krilo skrajne levi\u010darske komunisti\u010dne partije Tur\u010dije, je mo\u017eno prebrati na spletu. Ve\u010dino \u010dlanov stranke predstavljajo Kurdi, ki nasprotujejo tur\u0161kim oblastem \u017ee vrsto let. Tar\u010da njihovih napadov je tudi obstoje\u010da oblast na \u010delu s predsednikom dr\u017eave Recepom Tayyipom Erdoganom.<\/p>\n<p>Catulaya so zasli\u0161ali na splitskem sodi\u0161\u010du, preiskovalno sodnik pa je dolo\u010dili 50.000 evrov var\u0161\u010dine. Dr\u017eavno to\u017eilstvo se je na to odlo\u010ditev prito\u017eilo, poro\u010da hrva\u0161ka tiskovna agencija Hina.<\/p>\n<p>Hrva\u0161ka in Tur\u010dija imata pogodbo o mednarodni pravni pomo\u010di. \u010ce bo Zagreb izro\u010dil Catulaya, ki izro\u010ditvi nasprotuje, mu v Tur\u010diji grozi dosmrtna je\u010da. Sam trdi, da \u017ee 25 let ni bil v Tur\u010diji.<\/p>\n<p>Catulay je v Kostanje v soboto prispel z avtomobilom ter najel luksuzno po\u010ditni\u0161ko hi\u0161o z bazenom. Prebivalci so za splitski \u010dasnik povedali, da se ni veliko sprehajal po mestu in da je ve\u010dinoma kupoval hrano.<\/p>\n<\/div>\n","protected":false},"excerpt":{"rendered":"<p>Hrva\u0161ka policija je v sredo v vasi Kostanji pri Omi\u0161u prijela 52-letnega Murata Catulaya, ki ga Tur\u010dija i\u0161\u010de zaradi suma vrste teroristi\u010dnih akcij na njenem ozemlju, poro\u010da danes Slobodna Dalmacija. Osumljeni, ki sicer \u017eivi v Nem\u010diji, je v Kostanje pri\u0161el na po\u010ditnice s soprogo in tremi otroki.<\/p>\n","protected":false},"author":5,"featured_media":103419,"comment_status":"closed","ping_status":"closed","sticky":false,"template":"","format":"standard","meta":{"footnotes":""},"categories":[1179],"tags":[1810,2346,1887],"source":[4511],"supertag":[7150],"acf":[],"yoast_head":"<!-- This site is optimized with the Yoast SEO plugin v21.3 - https:\/\/yoast.com\/wordpress\/plugins\/seo\/ -->\n<title>Turista na Hrva\u0161kem prijeli zaradi terorizma - Hudo Slovenija<\/title>\n<meta name=\"robots\" content=\"index, follow, max-snippet:-1, max-image-preview:large, max-video-preview:-1\" \/>\n<link rel=\"canonical\" href=\"https:\/\/hudo.com\/si\/aktualno\/policija-na-hrvaskem-prijela-terorista\/\" \/>\n<meta property=\"og:locale\" content=\"sl_SI\" \/>\n<meta property=\"og:type\" content=\"article\" \/>\n<meta property=\"og:title\" content=\"Turista na Hrva\u0161kem prijeli zaradi terorizma - Hudo Slovenija\" \/>\n<meta property=\"og:description\" content=\"Hrva\u0161ka policija je v sredo v vasi Kostanji pri Omi\u0161u prijela 52-letnega Murata Catulaya, ki ga Tur\u010dija i\u0161\u010de zaradi suma vrste teroristi\u010dnih akcij na njenem ozemlju, poro\u010da danes Slobodna Dalmacija. Osumljeni, ki sicer \u017eivi v Nem\u010diji, je v Kostanje pri\u0161el na po\u010ditnice s soprogo in tremi otroki.\" \/>\n<meta property=\"og:url\" content=\"https:\/\/hudo.com\/si\/aktualno\/policija-na-hrvaskem-prijela-terorista\/\" \/>\n<meta property=\"og:site_name\" content=\"Hudo Slovenija\" \/>\n<meta property=\"article:publisher\" content=\"https:\/\/www.facebook.com\/hudo.si\" \/>\n<meta property=\"article:published_time\" content=\"2016-07-28T10:57:39+00:00\" \/>\n<meta property=\"article:modified_time\" content=\"2016-07-28T10:58:02+00:00\" \/>\n<meta property=\"og:image\" content=\"https:\/\/hudo.com\/si\/wp-content\/uploads\/sites\/2\/2016\/07\/profimedia-0109964827.jpg\" \/>\n\t<meta property=\"og:image:width\" content=\"1250\" \/>\n\t<meta property=\"og:image:height\" content=\"833\" \/>\n\t<meta property=\"og:image:type\" content=\"image\/jpeg\" \/>\n<meta name=\"author\" content=\"A. G., STA\" \/>\n<meta name=\"twitter:card\" content=\"summary_large_image\" \/>\n<meta name=\"twitter:creator\" content=\"@hudo_si\" \/>\n<meta name=\"twitter:site\" content=\"@hudo_si\" \/>\n<meta name=\"twitter:label1\" content=\"Written by\" \/>\n\t<meta name=\"twitter:data1\" content=\"A. G., STA\" \/>\n\t<meta name=\"twitter:label2\" content=\"Est. reading time\" \/>\n\t<meta name=\"twitter:data2\" content=\"1 minuta\" \/>\n<script type=\"application\/ld+json\" class=\"yoast-schema-graph\">{\"@context\":\"https:\/\/schema.org\",\"@graph\":[{\"@type\":\"Article\",\"@id\":\"https:\/\/hudo.com\/si\/aktualno\/policija-na-hrvaskem-prijela-terorista\/#article\",\"isPartOf\":{\"@id\":\"https:\/\/hudo.com\/si\/aktualno\/policija-na-hrvaskem-prijela-terorista\/\"},\"author\":{\"name\":\"A. G., STA\",\"@id\":\"https:\/\/hudo.com\/si\/#\/schema\/person\/2391667a63ea075ba94f2f2dc6b77537\"},\"headline\":\"Turista na Hrva\u0161kem prijeli zaradi terorizma\",\"datePublished\":\"2016-07-28T10:57:39+00:00\",\"dateModified\":\"2016-07-28T10:58:02+00:00\",\"mainEntityOfPage\":{\"@id\":\"https:\/\/hudo.com\/si\/aktualno\/policija-na-hrvaskem-prijela-terorista\/\"},\"wordCount\":234,\"publisher\":{\"@id\":\"https:\/\/hudo.com\/si\/#organization\"},\"keywords\":[\"hrva\u0161ka\",\"terorizem\",\"tur\u010dija\"],\"articleSection\":[\"Aktualno\"],\"inLanguage\":\"sl-SI\"},{\"@type\":\"WebPage\",\"@id\":\"https:\/\/hudo.com\/si\/aktualno\/policija-na-hrvaskem-prijela-terorista\/\",\"url\":\"https:\/\/hudo.com\/si\/aktualno\/policija-na-hrvaskem-prijela-terorista\/\",\"name\":\"Turista na Hrva\u0161kem prijeli zaradi terorizma - Hudo Slovenija\",\"isPartOf\":{\"@id\":\"https:\/\/hudo.com\/si\/#website\"},\"datePublished\":\"2016-07-28T10:57:39+00:00\",\"dateModified\":\"2016-07-28T10:58:02+00:00\",\"breadcrumb\":{\"@id\":\"https:\/\/hudo.com\/si\/aktualno\/policija-na-hrvaskem-prijela-terorista\/#breadcrumb\"},\"inLanguage\":\"sl-SI\",\"potentialAction\":[{\"@type\":\"ReadAction\",\"target\":[\"https:\/\/hudo.com\/si\/aktualno\/policija-na-hrvaskem-prijela-terorista\/\"]}]},{\"@type\":\"BreadcrumbList\",\"@id\":\"https:\/\/hudo.com\/si\/aktualno\/policija-na-hrvaskem-prijela-terorista\/#breadcrumb\",\"itemListElement\":[{\"@type\":\"ListItem\",\"position\":1,\"name\":\"Home\",\"item\":\"https:\/\/hudo.com\/si\/\"},{\"@type\":\"ListItem\",\"position\":2,\"name\":\"Turista na Hrva\u0161kem prijeli zaradi terorizma\"}]},{\"@type\":\"WebSite\",\"@id\":\"https:\/\/hudo.com\/si\/#website\",\"url\":\"https:\/\/hudo.com\/si\/\",\"name\":\"Hudo Slovenija\",\"description\":\"Vse novice iz Slovenije in sveta\",\"publisher\":{\"@id\":\"https:\/\/hudo.com\/si\/#organization\"},\"potentialAction\":[{\"@type\":\"SearchAction\",\"target\":{\"@type\":\"EntryPoint\",\"urlTemplate\":\"https:\/\/hudo.com\/si\/?s={search_term_string}\"},\"query-input\":\"required name=search_term_string\"}],\"inLanguage\":\"sl-SI\"},{\"@type\":\"Organization\",\"@id\":\"https:\/\/hudo.com\/si\/#organization\",\"name\":\"VSN Media\",\"url\":\"https:\/\/hudo.com\/si\/\",\"logo\":{\"@type\":\"ImageObject\",\"inLanguage\":\"sl-SI\",\"@id\":\"https:\/\/hudo.com\/si\/#\/schema\/logo\/image\/\",\"url\":\"https:\/\/hudo.com\/si\/wp-content\/uploads\/sites\/2\/2021\/03\/hudo-app-2.png\",\"contentUrl\":\"https:\/\/hudo.com\/si\/wp-content\/uploads\/sites\/2\/2021\/03\/hudo-app-2.png\",\"width\":2185,\"height\":2167,\"caption\":\"VSN Media\"},\"image\":{\"@id\":\"https:\/\/hudo.com\/si\/#\/schema\/logo\/image\/\"},\"sameAs\":[\"https:\/\/www.facebook.com\/hudo.si\",\"https:\/\/twitter.com\/hudo_si\"]},{\"@type\":\"Person\",\"@id\":\"https:\/\/hudo.com\/si\/#\/schema\/person\/2391667a63ea075ba94f2f2dc6b77537\",\"name\":\"A. G., STA\",\"image\":{\"@type\":\"ImageObject\",\"inLanguage\":\"sl-SI\",\"@id\":\"https:\/\/hudo.com\/si\/#\/schema\/person\/image\/\",\"url\":\"https:\/\/secure.gravatar.com\/avatar\/e13d22ac3e442658d5025fbbe6238a79?s=96&d=mm&r=g\",\"contentUrl\":\"https:\/\/secure.gravatar.com\/avatar\/e13d22ac3e442658d5025fbbe6238a79?s=96&d=mm&r=g\",\"caption\":\"A. G., STA\"},\"url\":\"https:\/\/hudo.com\/si\/author\/alenka\/\"}]}<\/script>\n<!-- \/ Yoast SEO plugin. -->","yoast_head_json":{"title":"Turista na Hrva\u0161kem prijeli zaradi terorizma - Hudo Slovenija","robots":{"index":"index","follow":"follow","max-snippet":"max-snippet:-1","max-image-preview":"max-image-preview:large","max-video-preview":"max-video-preview:-1"},"canonical":"https:\/\/hudo.com\/si\/aktualno\/policija-na-hrvaskem-prijela-terorista\/","og_locale":"sl_SI","og_type":"article","og_title":"Turista na Hrva\u0161kem prijeli zaradi terorizma - Hudo Slovenija","og_description":"Hrva\u0161ka policija je v sredo v vasi Kostanji pri Omi\u0161u prijela 52-letnega Murata Catulaya, ki ga Tur\u010dija i\u0161\u010de zaradi suma vrste teroristi\u010dnih akcij na njenem ozemlju, poro\u010da danes Slobodna Dalmacija. Osumljeni, ki sicer \u017eivi v Nem\u010diji, je v Kostanje pri\u0161el na po\u010ditnice s soprogo in tremi otroki.","og_url":"https:\/\/hudo.com\/si\/aktualno\/policija-na-hrvaskem-prijela-terorista\/","og_site_name":"Hudo Slovenija","article_publisher":"https:\/\/www.facebook.com\/hudo.si","article_published_time":"2016-07-28T10:57:39+00:00","article_modified_time":"2016-07-28T10:58:02+00:00","og_image":[{"width":1250,"height":833,"url":"https:\/\/hudo.com\/si\/wp-content\/uploads\/sites\/2\/2016\/07\/profimedia-0109964827.jpg","type":"image\/jpeg"}],"author":"A. G., STA","twitter_card":"summary_large_image","twitter_creator":"@hudo_si","twitter_site":"@hudo_si","twitter_misc":{"Written by":"A. G., STA","Est. reading time":"1 minuta"},"schema":{"@context":"https:\/\/schema.org","@graph":[{"@type":"Article","@id":"https:\/\/hudo.com\/si\/aktualno\/policija-na-hrvaskem-prijela-terorista\/#article","isPartOf":{"@id":"https:\/\/hudo.com\/si\/aktualno\/policija-na-hrvaskem-prijela-terorista\/"},"author":{"name":"A. G., STA","@id":"https:\/\/hudo.com\/si\/#\/schema\/person\/2391667a63ea075ba94f2f2dc6b77537"},"headline":"Turista na Hrva\u0161kem prijeli zaradi terorizma","datePublished":"2016-07-28T10:57:39+00:00","dateModified":"2016-07-28T10:58:02+00:00","mainEntityOfPage":{"@id":"https:\/\/hudo.com\/si\/aktualno\/policija-na-hrvaskem-prijela-terorista\/"},"wordCount":234,"publisher":{"@id":"https:\/\/hudo.com\/si\/#organization"},"keywords":["hrva\u0161ka","terorizem","tur\u010dija"],"articleSection":["Aktualno"],"inLanguage":"sl-SI"},{"@type":"WebPage","@id":"https:\/\/hudo.com\/si\/aktualno\/policija-na-hrvaskem-prijela-terorista\/","url":"https:\/\/hudo.com\/si\/aktualno\/policija-na-hrvaskem-prijela-terorista\/","name":"Turista na Hrva\u0161kem prijeli zaradi terorizma - Hudo Slovenija","isPartOf":{"@id":"https:\/\/hudo.com\/si\/#website"},"datePublished":"2016-07-28T10:57:39+00:00","dateModified":"2016-07-28T10:58:02+00:00","breadcrumb":{"@id":"https:\/\/hudo.com\/si\/aktualno\/policija-na-hrvaskem-prijela-terorista\/#breadcrumb"},"inLanguage":"sl-SI","potentialAction":[{"@type":"ReadAction","target":["https:\/\/hudo.com\/si\/aktualno\/policija-na-hrvaskem-prijela-terorista\/"]}]},{"@type":"BreadcrumbList","@id":"https:\/\/hudo.com\/si\/aktualno\/policija-na-hrvaskem-prijela-terorista\/#breadcrumb","itemListElement":[{"@type":"ListItem","position":1,"name":"Home","item":"https:\/\/hudo.com\/si\/"},{"@type":"ListItem","position":2,"name":"Turista na Hrva\u0161kem prijeli zaradi terorizma"}]},{"@type":"WebSite","@id":"https:\/\/hudo.com\/si\/#website","url":"https:\/\/hudo.com\/si\/","name":"Hudo Slovenija","description":"Vse novice iz Slovenije in sveta","publisher":{"@id":"https:\/\/hudo.com\/si\/#organization"},"potentialAction":[{"@type":"SearchAction","target":{"@type":"EntryPoint","urlTemplate":"https:\/\/hudo.com\/si\/?s={search_term_string}"},"query-input":"required name=search_term_string"}],"inLanguage":"sl-SI"},{"@type":"Organization","@id":"https:\/\/hudo.com\/si\/#organization","name":"VSN Media","url":"https:\/\/hudo.com\/si\/","logo":{"@type":"ImageObject","inLanguage":"sl-SI","@id":"https:\/\/hudo.com\/si\/#\/schema\/logo\/image\/","url":"https:\/\/hudo.com\/si\/wp-content\/uploads\/sites\/2\/2021\/03\/hudo-app-2.png","contentUrl":"https:\/\/hudo.com\/si\/wp-content\/uploads\/sites\/2\/2021\/03\/hudo-app-2.png","width":2185,"height":2167,"caption":"VSN Media"},"image":{"@id":"https:\/\/hudo.com\/si\/#\/schema\/logo\/image\/"},"sameAs":["https:\/\/www.facebook.com\/hudo.si","https:\/\/twitter.com\/hudo_si"]},{"@type":"Person","@id":"https:\/\/hudo.com\/si\/#\/schema\/person\/2391667a63ea075ba94f2f2dc6b77537","name":"A. G., STA","image":{"@type":"ImageObject","inLanguage":"sl-SI","@id":"https:\/\/hudo.com\/si\/#\/schema\/person\/image\/","url":"https:\/\/secure.gravatar.com\/avatar\/e13d22ac3e442658d5025fbbe6238a79?s=96&d=mm&r=g","contentUrl":"https:\/\/secure.gravatar.com\/avatar\/e13d22ac3e442658d5025fbbe6238a79?s=96&d=mm&r=g","caption":"A. G., STA"},"url":"https:\/\/hudo.com\/si\/author\/alenka\/"}]}},"amp_enabled":true,"_links":{"self":[{"href":"https:\/\/hudo.com\/si\/wp-json\/wp\/v2\/posts\/103374"}],"collection":[{"href":"https:\/\/hudo.com\/si\/wp-json\/wp\/v2\/posts"}],"about":[{"href":"https:\/\/hudo.com\/si\/wp-json\/wp\/v2\/types\/post"}],"author":[{"embeddable":true,"href":"https:\/\/hudo.com\/si\/wp-json\/wp\/v2\/users\/5"}],"replies":[{"embeddable":true,"href":"https:\/\/hudo.com\/si\/wp-json\/wp\/v2\/comments?post=103374"}],"version-history":[{"count":1,"href":"https:\/\/hudo.com\/si\/wp-json\/wp\/v2\/posts\/103374\/revisions"}],"predecessor-version":[{"id":103420,"href":"https:\/\/hudo.com\/si\/wp-json\/wp\/v2\/posts\/103374\/revisions\/103420"}],"wp:featuredmedia":[{"embeddable":true,"href":"https:\/\/hudo.com\/si\/wp-json\/wp\/v2\/media\/103419"}],"wp:attachment":[{"href":"https:\/\/hudo.com\/si\/wp-json\/wp\/v2\/media?parent=103374"}],"wp:term":[{"taxonomy":"category","embeddable":true,"href":"https:\/\/hudo.com\/si\/wp-json\/wp\/v2\/categories?post=103374"},{"taxonomy":"post_tag","embeddable":true,"href":"https:\/\/hudo.com\/si\/wp-json\/wp\/v2\/tags?post=103374"},{"taxonomy":"source","embeddable":true,"href":"https:\/\/hudo.com\/si\/wp-json\/wp\/v2\/source?post=103374"},{"taxonomy":"supertag","embeddable":true,"href":"https:\/\/hudo.com\/si\/wp-json\/wp\/v2\/supertag?post=103374"}],"curies":[{"name":"wp","href":"https:\/\/api.w.org\/{rel}","templated":true}]}}