{"id":103693,"date":"2016-07-28T16:00:00","date_gmt":"2016-07-28T14:00:00","guid":{"rendered":"http:\/\/hudo.com\/si\/2016\/07\/28\/erdoganov-pogrom-nad-mediji\/"},"modified":"2016-07-28T16:00:00","modified_gmt":"2016-07-28T14:00:00","slug":"erdoganov-pogrom-nad-mediji","status":"publish","type":"post","link":"https:\/\/hudo.com\/si\/aktualno\/erdoganov-pogrom-nad-mediji\/","title":{"rendered":"Erdoganov pogrom nad mediji"},"content":{"rendered":"<p>Kategorija: Krize Thu, 28 Jul 2016 18:00:00 +0200  Ta teden so tur\u0161ke oblasti tako zaprle 131 medijev in izdale zaporni nalog za 99 novinarjev. Do zdaj je bilo aretiranih 22 novinarjev, ki jih lahko brez zasli\u0161anja in mo\u017enosti pomo\u010di odvetnika oblasti v priporu zadr\u017eijo do trideset dni. Imena 42 novinarjev, ki so jih oblasti po na\u0161ih informacijah na \u00bb\u010drno listo\u00ab uvrstile \u017ee nekaj mesecev pred spodletelim pu\u010dem, so bila javno objavljena \u2013 predsednik Recep Tayyip Erdogan jih povezuje z v Zdru\u017eenih dr\u017eavah \u017eive\u010dim klerikom Fethullahom G\u00fclenom, \u00bbdr\u017eavnim sovra\u017enikom \u0161tevilka ena\u00ab, ki ga oblasti obto\u017eujejo organizacije pu\u010da in od ZDA zahtevajo njegovo takoj\u0161njo izro\u010ditev Tur\u010diji. Z dekretom, ki ga uradni Ankari omogo\u010dajo pred tednom dni uvedene izredne razmere, je bilo v zadnjih dneh zaprtih 45 \u010dasopisov, 15 revij, 16 televizijskih kanalov in 29 zalo\u017eni\u0161kih hi\u0161. Pogrom nad mediji,\u00a0&#8230;<\/p>\n","protected":false},"excerpt":{"rendered":"<p>Kategorija: Krize Thu, 28 Jul 2016 18:00:00 +0200  Ta teden so tur\u0161ke oblasti tako zaprle 131 medijev in izdale zaporni nalog za 99 novinarjev. Do zdaj je bilo aretiranih 22 novinarjev, ki jih lahko brez zasli\u0161anja in mo\u017enosti pomo\u010di odvetnika oblasti v priporu zadr\u017eijo do trideset dni. Imena 42 novinarjev, ki so jih oblasti po na\u0161ih informacijah na \u00bb\u010drno listo\u00ab uvrstile \u017ee nekaj mesecev pred spodletelim pu\u010dem, so bila javno objavljena \u2013 predsednik Recep Tayyip Erdogan jih povezuje z v Zdru\u017eenih dr\u017eavah \u017eive\u010dim klerikom Fethullahom G\u00fclenom, \u00bbdr\u017eavnim sovra\u017enikom \u0161tevilka ena\u00ab, ki ga oblasti obto\u017eujejo organizacije pu\u010da in od ZDA zahtevajo njegovo takoj\u0161njo izro\u010ditev Tur\u010diji. Z dekretom, ki ga uradni Ankari omogo\u010dajo pred tednom dni uvedene izredne razmere, je bilo v zadnjih dneh zaprtih 45 \u010dasopisov, 15 revij, 16 televizijskih kanalov in 29 zalo\u017eni\u0161kih hi\u0161. Pogrom nad mediji,\u00a0&#8230;<\/p>\n","protected":false},"author":1,"featured_media":0,"comment_status":"closed","ping_status":"closed","sticky":false,"template":"","format":"standard","meta":{"footnotes":""},"categories":[1179],"tags":[],"source":[4511],"supertag":[],"acf":[],"yoast_head":"<!-- This site is optimized with the Yoast SEO plugin v21.3 - https:\/\/yoast.com\/wordpress\/plugins\/seo\/ -->\n<title>Erdoganov pogrom nad mediji - Hudo Slovenija<\/title>\n<meta name=\"robots\" content=\"index, follow, max-snippet:-1, max-image-preview:large, max-video-preview:-1\" \/>\n<link rel=\"canonical\" href=\"https:\/\/hudo.com\/si\/aktualno\/erdoganov-pogrom-nad-mediji\/\" \/>\n<meta property=\"og:locale\" content=\"sl_SI\" \/>\n<meta property=\"og:type\" content=\"article\" \/>\n<meta property=\"og:title\" content=\"Erdoganov pogrom nad mediji - Hudo Slovenija\" \/>\n<meta property=\"og:description\" content=\"Kategorija: Krize Thu, 28 Jul 2016 18:00:00 +0200 Ta teden so tur\u0161ke oblasti tako zaprle 131 medijev in izdale zaporni nalog za 99 novinarjev. Do zdaj je bilo aretiranih 22 novinarjev, ki jih lahko brez zasli\u0161anja in mo\u017enosti pomo\u010di odvetnika oblasti v priporu zadr\u017eijo do trideset dni. Imena 42 novinarjev, ki so jih oblasti po na\u0161ih informacijah na \u00bb\u010drno listo\u00ab uvrstile \u017ee nekaj mesecev pred spodletelim pu\u010dem, so bila javno objavljena \u2013 predsednik Recep Tayyip Erdogan jih povezuje z v Zdru\u017eenih dr\u017eavah \u017eive\u010dim klerikom Fethullahom G\u00fclenom, \u00bbdr\u017eavnim sovra\u017enikom \u0161tevilka ena\u00ab, ki ga oblasti obto\u017eujejo organizacije pu\u010da in od ZDA zahtevajo njegovo takoj\u0161njo izro\u010ditev Tur\u010diji. Z dekretom, ki ga uradni Ankari omogo\u010dajo pred tednom dni uvedene izredne razmere, je bilo v zadnjih dneh zaprtih 45 \u010dasopisov, 15 revij, 16 televizijskih kanalov in 29 zalo\u017eni\u0161kih hi\u0161. Pogrom nad mediji,\u00a0...\" \/>\n<meta property=\"og:url\" content=\"https:\/\/hudo.com\/si\/aktualno\/erdoganov-pogrom-nad-mediji\/\" \/>\n<meta property=\"og:site_name\" content=\"Hudo Slovenija\" \/>\n<meta property=\"article:publisher\" content=\"https:\/\/www.facebook.com\/hudo.si\" \/>\n<meta property=\"article:published_time\" content=\"2016-07-28T14:00:00+00:00\" \/>\n<meta property=\"og:image\" content=\"https:\/\/hudo.com\/si\/wp-content\/uploads\/sites\/2\/2016\/07\/480x290_AP_Pictures-20160718181357-22390400.jpeg\" \/>\n\t<meta property=\"og:image:width\" content=\"480\" \/>\n\t<meta property=\"og:image:height\" content=\"290\" \/>\n\t<meta property=\"og:image:type\" content=\"image\/jpeg\" \/>\n<meta name=\"author\" content=\"hudo\" \/>\n<meta name=\"twitter:card\" content=\"summary_large_image\" \/>\n<meta name=\"twitter:creator\" content=\"@hudo_si\" \/>\n<meta name=\"twitter:site\" content=\"@hudo_si\" \/>\n<meta name=\"twitter:label1\" content=\"Written by\" \/>\n\t<meta name=\"twitter:data1\" content=\"hudo\" \/>\n\t<meta name=\"twitter:label2\" content=\"Est. reading time\" \/>\n\t<meta name=\"twitter:data2\" content=\"1 minuta\" \/>\n<script type=\"application\/ld+json\" class=\"yoast-schema-graph\">{\"@context\":\"https:\/\/schema.org\",\"@graph\":[{\"@type\":\"Article\",\"@id\":\"https:\/\/hudo.com\/si\/aktualno\/erdoganov-pogrom-nad-mediji\/#article\",\"isPartOf\":{\"@id\":\"https:\/\/hudo.com\/si\/aktualno\/erdoganov-pogrom-nad-mediji\/\"},\"author\":{\"name\":\"hudo\",\"@id\":\"https:\/\/hudo.com\/si\/#\/schema\/person\/601cf3379633985b20f7e50f2bb47707\"},\"headline\":\"Erdoganov pogrom nad mediji\",\"datePublished\":\"2016-07-28T14:00:00+00:00\",\"dateModified\":\"2016-07-28T14:00:00+00:00\",\"mainEntityOfPage\":{\"@id\":\"https:\/\/hudo.com\/si\/aktualno\/erdoganov-pogrom-nad-mediji\/\"},\"wordCount\":149,\"publisher\":{\"@id\":\"https:\/\/hudo.com\/si\/#organization\"},\"articleSection\":[\"Aktualno\"],\"inLanguage\":\"sl-SI\"},{\"@type\":\"WebPage\",\"@id\":\"https:\/\/hudo.com\/si\/aktualno\/erdoganov-pogrom-nad-mediji\/\",\"url\":\"https:\/\/hudo.com\/si\/aktualno\/erdoganov-pogrom-nad-mediji\/\",\"name\":\"Erdoganov pogrom nad mediji - Hudo Slovenija\",\"isPartOf\":{\"@id\":\"https:\/\/hudo.com\/si\/#website\"},\"datePublished\":\"2016-07-28T14:00:00+00:00\",\"dateModified\":\"2016-07-28T14:00:00+00:00\",\"breadcrumb\":{\"@id\":\"https:\/\/hudo.com\/si\/aktualno\/erdoganov-pogrom-nad-mediji\/#breadcrumb\"},\"inLanguage\":\"sl-SI\",\"potentialAction\":[{\"@type\":\"ReadAction\",\"target\":[\"https:\/\/hudo.com\/si\/aktualno\/erdoganov-pogrom-nad-mediji\/\"]}]},{\"@type\":\"BreadcrumbList\",\"@id\":\"https:\/\/hudo.com\/si\/aktualno\/erdoganov-pogrom-nad-mediji\/#breadcrumb\",\"itemListElement\":[{\"@type\":\"ListItem\",\"position\":1,\"name\":\"Home\",\"item\":\"https:\/\/hudo.com\/si\/\"},{\"@type\":\"ListItem\",\"position\":2,\"name\":\"Erdoganov pogrom nad mediji\"}]},{\"@type\":\"WebSite\",\"@id\":\"https:\/\/hudo.com\/si\/#website\",\"url\":\"https:\/\/hudo.com\/si\/\",\"name\":\"Hudo Slovenija\",\"description\":\"Vse novice iz Slovenije in sveta\",\"publisher\":{\"@id\":\"https:\/\/hudo.com\/si\/#organization\"},\"potentialAction\":[{\"@type\":\"SearchAction\",\"target\":{\"@type\":\"EntryPoint\",\"urlTemplate\":\"https:\/\/hudo.com\/si\/?s={search_term_string}\"},\"query-input\":\"required name=search_term_string\"}],\"inLanguage\":\"sl-SI\"},{\"@type\":\"Organization\",\"@id\":\"https:\/\/hudo.com\/si\/#organization\",\"name\":\"VSN Media\",\"url\":\"https:\/\/hudo.com\/si\/\",\"logo\":{\"@type\":\"ImageObject\",\"inLanguage\":\"sl-SI\",\"@id\":\"https:\/\/hudo.com\/si\/#\/schema\/logo\/image\/\",\"url\":\"https:\/\/hudo.com\/si\/wp-content\/uploads\/sites\/2\/2021\/03\/hudo-app-2.png\",\"contentUrl\":\"https:\/\/hudo.com\/si\/wp-content\/uploads\/sites\/2\/2021\/03\/hudo-app-2.png\",\"width\":2185,\"height\":2167,\"caption\":\"VSN Media\"},\"image\":{\"@id\":\"https:\/\/hudo.com\/si\/#\/schema\/logo\/image\/\"},\"sameAs\":[\"https:\/\/www.facebook.com\/hudo.si\",\"https:\/\/twitter.com\/hudo_si\"]},{\"@type\":\"Person\",\"@id\":\"https:\/\/hudo.com\/si\/#\/schema\/person\/601cf3379633985b20f7e50f2bb47707\",\"name\":\"hudo\",\"image\":{\"@type\":\"ImageObject\",\"inLanguage\":\"sl-SI\",\"@id\":\"https:\/\/hudo.com\/si\/#\/schema\/person\/image\/\",\"url\":\"https:\/\/secure.gravatar.com\/avatar\/c4ca25fa72cace7a696b52ff5db9e095?s=96&d=mm&r=g\",\"contentUrl\":\"https:\/\/secure.gravatar.com\/avatar\/c4ca25fa72cace7a696b52ff5db9e095?s=96&d=mm&r=g\",\"caption\":\"hudo\"},\"url\":\"https:\/\/hudo.com\/si\/author\/hudo\/\"}]}<\/script>\n<!-- \/ Yoast SEO plugin. -->","yoast_head_json":{"title":"Erdoganov pogrom nad mediji - Hudo Slovenija","robots":{"index":"index","follow":"follow","max-snippet":"max-snippet:-1","max-image-preview":"max-image-preview:large","max-video-preview":"max-video-preview:-1"},"canonical":"https:\/\/hudo.com\/si\/aktualno\/erdoganov-pogrom-nad-mediji\/","og_locale":"sl_SI","og_type":"article","og_title":"Erdoganov pogrom nad mediji - Hudo Slovenija","og_description":"Kategorija: Krize Thu, 28 Jul 2016 18:00:00 +0200 Ta teden so tur\u0161ke oblasti tako zaprle 131 medijev in izdale zaporni nalog za 99 novinarjev. Do zdaj je bilo aretiranih 22 novinarjev, ki jih lahko brez zasli\u0161anja in mo\u017enosti pomo\u010di odvetnika oblasti v priporu zadr\u017eijo do trideset dni. Imena 42 novinarjev, ki so jih oblasti po na\u0161ih informacijah na \u00bb\u010drno listo\u00ab uvrstile \u017ee nekaj mesecev pred spodletelim pu\u010dem, so bila javno objavljena \u2013 predsednik Recep Tayyip Erdogan jih povezuje z v Zdru\u017eenih dr\u017eavah \u017eive\u010dim klerikom Fethullahom G\u00fclenom, \u00bbdr\u017eavnim sovra\u017enikom \u0161tevilka ena\u00ab, ki ga oblasti obto\u017eujejo organizacije pu\u010da in od ZDA zahtevajo njegovo takoj\u0161njo izro\u010ditev Tur\u010diji. Z dekretom, ki ga uradni Ankari omogo\u010dajo pred tednom dni uvedene izredne razmere, je bilo v zadnjih dneh zaprtih 45 \u010dasopisov, 15 revij, 16 televizijskih kanalov in 29 zalo\u017eni\u0161kih hi\u0161. Pogrom nad mediji,\u00a0...","og_url":"https:\/\/hudo.com\/si\/aktualno\/erdoganov-pogrom-nad-mediji\/","og_site_name":"Hudo Slovenija","article_publisher":"https:\/\/www.facebook.com\/hudo.si","article_published_time":"2016-07-28T14:00:00+00:00","og_image":[{"width":480,"height":290,"url":"https:\/\/hudo.com\/si\/wp-content\/uploads\/sites\/2\/2016\/07\/480x290_AP_Pictures-20160718181357-22390400.jpeg","type":"image\/jpeg"}],"author":"hudo","twitter_card":"summary_large_image","twitter_creator":"@hudo_si","twitter_site":"@hudo_si","twitter_misc":{"Written by":"hudo","Est. reading time":"1 minuta"},"schema":{"@context":"https:\/\/schema.org","@graph":[{"@type":"Article","@id":"https:\/\/hudo.com\/si\/aktualno\/erdoganov-pogrom-nad-mediji\/#article","isPartOf":{"@id":"https:\/\/hudo.com\/si\/aktualno\/erdoganov-pogrom-nad-mediji\/"},"author":{"name":"hudo","@id":"https:\/\/hudo.com\/si\/#\/schema\/person\/601cf3379633985b20f7e50f2bb47707"},"headline":"Erdoganov pogrom nad mediji","datePublished":"2016-07-28T14:00:00+00:00","dateModified":"2016-07-28T14:00:00+00:00","mainEntityOfPage":{"@id":"https:\/\/hudo.com\/si\/aktualno\/erdoganov-pogrom-nad-mediji\/"},"wordCount":149,"publisher":{"@id":"https:\/\/hudo.com\/si\/#organization"},"articleSection":["Aktualno"],"inLanguage":"sl-SI"},{"@type":"WebPage","@id":"https:\/\/hudo.com\/si\/aktualno\/erdoganov-pogrom-nad-mediji\/","url":"https:\/\/hudo.com\/si\/aktualno\/erdoganov-pogrom-nad-mediji\/","name":"Erdoganov pogrom nad mediji - Hudo Slovenija","isPartOf":{"@id":"https:\/\/hudo.com\/si\/#website"},"datePublished":"2016-07-28T14:00:00+00:00","dateModified":"2016-07-28T14:00:00+00:00","breadcrumb":{"@id":"https:\/\/hudo.com\/si\/aktualno\/erdoganov-pogrom-nad-mediji\/#breadcrumb"},"inLanguage":"sl-SI","potentialAction":[{"@type":"ReadAction","target":["https:\/\/hudo.com\/si\/aktualno\/erdoganov-pogrom-nad-mediji\/"]}]},{"@type":"BreadcrumbList","@id":"https:\/\/hudo.com\/si\/aktualno\/erdoganov-pogrom-nad-mediji\/#breadcrumb","itemListElement":[{"@type":"ListItem","position":1,"name":"Home","item":"https:\/\/hudo.com\/si\/"},{"@type":"ListItem","position":2,"name":"Erdoganov pogrom nad mediji"}]},{"@type":"WebSite","@id":"https:\/\/hudo.com\/si\/#website","url":"https:\/\/hudo.com\/si\/","name":"Hudo Slovenija","description":"Vse novice iz Slovenije in sveta","publisher":{"@id":"https:\/\/hudo.com\/si\/#organization"},"potentialAction":[{"@type":"SearchAction","target":{"@type":"EntryPoint","urlTemplate":"https:\/\/hudo.com\/si\/?s={search_term_string}"},"query-input":"required name=search_term_string"}],"inLanguage":"sl-SI"},{"@type":"Organization","@id":"https:\/\/hudo.com\/si\/#organization","name":"VSN Media","url":"https:\/\/hudo.com\/si\/","logo":{"@type":"ImageObject","inLanguage":"sl-SI","@id":"https:\/\/hudo.com\/si\/#\/schema\/logo\/image\/","url":"https:\/\/hudo.com\/si\/wp-content\/uploads\/sites\/2\/2021\/03\/hudo-app-2.png","contentUrl":"https:\/\/hudo.com\/si\/wp-content\/uploads\/sites\/2\/2021\/03\/hudo-app-2.png","width":2185,"height":2167,"caption":"VSN Media"},"image":{"@id":"https:\/\/hudo.com\/si\/#\/schema\/logo\/image\/"},"sameAs":["https:\/\/www.facebook.com\/hudo.si","https:\/\/twitter.com\/hudo_si"]},{"@type":"Person","@id":"https:\/\/hudo.com\/si\/#\/schema\/person\/601cf3379633985b20f7e50f2bb47707","name":"hudo","image":{"@type":"ImageObject","inLanguage":"sl-SI","@id":"https:\/\/hudo.com\/si\/#\/schema\/person\/image\/","url":"https:\/\/secure.gravatar.com\/avatar\/c4ca25fa72cace7a696b52ff5db9e095?s=96&d=mm&r=g","contentUrl":"https:\/\/secure.gravatar.com\/avatar\/c4ca25fa72cace7a696b52ff5db9e095?s=96&d=mm&r=g","caption":"hudo"},"url":"https:\/\/hudo.com\/si\/author\/hudo\/"}]}},"amp_enabled":true,"_links":{"self":[{"href":"https:\/\/hudo.com\/si\/wp-json\/wp\/v2\/posts\/103693"}],"collection":[{"href":"https:\/\/hudo.com\/si\/wp-json\/wp\/v2\/posts"}],"about":[{"href":"https:\/\/hudo.com\/si\/wp-json\/wp\/v2\/types\/post"}],"author":[{"embeddable":true,"href":"https:\/\/hudo.com\/si\/wp-json\/wp\/v2\/users\/1"}],"replies":[{"embeddable":true,"href":"https:\/\/hudo.com\/si\/wp-json\/wp\/v2\/comments?post=103693"}],"version-history":[{"count":0,"href":"https:\/\/hudo.com\/si\/wp-json\/wp\/v2\/posts\/103693\/revisions"}],"wp:attachment":[{"href":"https:\/\/hudo.com\/si\/wp-json\/wp\/v2\/media?parent=103693"}],"wp:term":[{"taxonomy":"category","embeddable":true,"href":"https:\/\/hudo.com\/si\/wp-json\/wp\/v2\/categories?post=103693"},{"taxonomy":"post_tag","embeddable":true,"href":"https:\/\/hudo.com\/si\/wp-json\/wp\/v2\/tags?post=103693"},{"taxonomy":"source","embeddable":true,"href":"https:\/\/hudo.com\/si\/wp-json\/wp\/v2\/source?post=103693"},{"taxonomy":"supertag","embeddable":true,"href":"https:\/\/hudo.com\/si\/wp-json\/wp\/v2\/supertag?post=103693"}],"curies":[{"name":"wp","href":"https:\/\/api.w.org\/{rel}","templated":true}]}}