{"id":103707,"date":"2016-07-28T15:15:00","date_gmt":"2016-07-28T13:15:00","guid":{"rendered":"http:\/\/hudo.com\/si\/2016\/07\/28\/tudi-mladi-slovenci-so-s-papezem-na-katoliskem-woodstocku-v-krakovu\/"},"modified":"2016-07-28T15:15:00","modified_gmt":"2016-07-28T13:15:00","slug":"tudi-mladi-slovenci-so-s-papezem-na-katoliskem-woodstocku-v-krakovu","status":"publish","type":"post","link":"https:\/\/hudo.com\/si\/aktualno\/tudi-mladi-slovenci-so-s-papezem-na-katoliskem-woodstocku-v-krakovu\/","title":{"rendered":"Tudi mladi Slovenci so s pape\u017eem na katoli\u0161kem Woodstocku v Krakovu"},"content":{"rendered":"<p>&#8220;Svetovnega dneva mladih se udele\u017eujem prvi\u010d. Zelo mi je v\u0161e\u010d. Res je lepo, da se lahko tako povezujemo, ne glede na to, da ne poznamo jezika vseh narodov, ki se dogodka udele\u017eujejo.&#8221; Te besede mladega Slovenca Marka Treiberja, ki jih je v\u010deraj za Ve\u010der povedal v pri\u010dakovanju pape\u017ea Fran\u010di\u0161ka, najbolje ponazarjajo duh leto\u0161njih svetovnih dnevov mladih v poljskem Krakovu. Drugo najve\u010dje poljsko mesto na vzhodu dr\u017eave \u017ee ves mesec \u017eivi z mladino z vsega sveta, dogodka se je oprijel vzdevek katoli\u0161ki Woodstock &#8211; v spomin na legendarna koncerta v letih 1967 in 1969. Po podatkih organizatorjev se je zbralo okoli pol milijona mladih iz 187 dr\u017eav. Majhnost, poni\u017enost in usmiljenje Pape\u017eev prvi obisk na Poljskem, evropsko najbolj katoli\u0161ki dr\u017eavi in domovini pokojnega Janeza Pavla II., seveda mineva ob izredno poostrenih varnostnih ukrepih, a je za dana\u0161nji neljubi dogodek poskrbel Fran\u010di\u0161ek sam: po molitvi pred podobo \u010crne Marije v romarskem sredi\u0161\u010du Czestochowa se je spotaknil in padel, a se je s pomo\u010djo spremljevalcev znova hitro postavil na noge. Devetinsedemdesetletni argentinski pape\u017e je tla pod nogami izgubil pred ve\u010d deset tiso\u010d romarji, zbranimi na prizori\u0161\u010du ma\u0161e na prostem. Po padcu je nepo\u0161kodovan za\u010del pridigo, v kateri je ostro kritiziral hlastanje po vplivu in mo\u010di, ljudi pa pozval, naj se, tako kot Bog, naredijo majhne, naj izka\u017eejo poni\u017enost in usmiljenje. Posebej je omenil tudi Marijo, ki &#8220;ni ne vladarica ne glavna igralka, temve\u010d mati in slu\u017eabnica&#8221;. Nocoj se bo Fran\u010di\u0161ek v Krakovu dru\u017eil z mladimi, za katere je velikokrat dejal, da so zanj posebna spodbuda. Mladi pa se seveda dru\u017eijo tudi med seboj. &#8220;Za udele\u017ebo na svetovnih dnevih mladih sem se odlo\u010dil zaradi duhovnosti in \u017eelje po tem, da bi spoznal mlade z vsega sveta, da bi videl, kak\u0161na je njihova kultura, kako oni gledajo na duhovnost. Seveda so si najbolj blizu evropski narodi, nekateri pa so tudi zelo razli\u010dni,&#8221; je o svoji odlo\u010ditvi za odhod na Poljsko dejal \u017dan Ul. Dru\u017eenje se je za\u010delo \u017ee pred<\/p>\n","protected":false},"excerpt":{"rendered":"<p>&#8220;Svetovnega dneva mladih se udele\u017eujem prvi\u010d. Zelo mi je v\u0161e\u010d. Res je lepo, da se lahko tako povezujemo, ne glede na to, da ne poznamo jezika vseh narodov, ki se dogodka udele\u017eujejo.&#8221; Te besede mladega Slovenca Marka Treiberja, ki jih je v\u010deraj za Ve\u010der povedal v pri\u010dakovanju pape\u017ea Fran\u010di\u0161ka, najbolje ponazarjajo duh leto\u0161njih svetovnih dnevov mladih v poljskem Krakovu. Drugo najve\u010dje poljsko mesto na vzhodu dr\u017eave \u017ee ves mesec \u017eivi z mladino z vsega sveta, dogodka se je oprijel vzdevek katoli\u0161ki Woodstock &#8211; v spomin na legendarna koncerta v letih 1967 in 1969. Po podatkih organizatorjev se je zbralo okoli pol milijona mladih iz 187 dr\u017eav. Majhnost, poni\u017enost in usmiljenje Pape\u017eev prvi obisk na Poljskem, evropsko najbolj katoli\u0161ki dr\u017eavi in domovini pokojnega Janeza Pavla II., seveda mineva ob izredno poostrenih varnostnih ukrepih, a je za dana\u0161nji neljubi dogodek poskrbel Fran\u010di\u0161ek sam: po molitvi pred podobo \u010crne Marije v romarskem sredi\u0161\u010du Czestochowa se je spotaknil in padel, a se je s pomo\u010djo spremljevalcev znova hitro postavil na noge. Devetinsedemdesetletni argentinski pape\u017e je tla pod nogami izgubil pred ve\u010d deset tiso\u010d romarji, zbranimi na prizori\u0161\u010du ma\u0161e na prostem. Po padcu je nepo\u0161kodovan za\u010del pridigo, v kateri je ostro kritiziral hlastanje po vplivu in mo\u010di, ljudi pa pozval, naj se, tako kot Bog, naredijo majhne, naj izka\u017eejo poni\u017enost in usmiljenje. Posebej je omenil tudi Marijo, ki &#8220;ni ne vladarica ne glavna igralka, temve\u010d mati in slu\u017eabnica&#8221;. Nocoj se bo Fran\u010di\u0161ek v Krakovu dru\u017eil z mladimi, za katere je velikokrat dejal, da so zanj posebna spodbuda. Mladi pa se seveda dru\u017eijo tudi med seboj. &#8220;Za udele\u017ebo na svetovnih dnevih mladih sem se odlo\u010dil zaradi duhovnosti in \u017eelje po tem, da bi spoznal mlade z vsega sveta, da bi videl, kak\u0161na je njihova kultura, kako oni gledajo na duhovnost. Seveda so si najbolj blizu evropski narodi, nekateri pa so tudi zelo razli\u010dni,&#8221; je o svoji odlo\u010ditvi za odhod na Poljsko dejal \u017dan Ul. Dru\u017eenje se je za\u010delo \u017ee pred<\/p>\n","protected":false},"author":1,"featured_media":0,"comment_status":"closed","ping_status":"closed","sticky":false,"template":"","format":"standard","meta":{"footnotes":""},"categories":[1179],"tags":[],"source":[1711],"supertag":[],"acf":[],"yoast_head":"<!-- This site is optimized with the Yoast SEO plugin v21.3 - https:\/\/yoast.com\/wordpress\/plugins\/seo\/ -->\n<title>Tudi mladi Slovenci so s pape\u017eem na katoli\u0161kem Woodstocku v Krakovu - Hudo Slovenija<\/title>\n<meta name=\"robots\" content=\"index, follow, max-snippet:-1, max-image-preview:large, max-video-preview:-1\" \/>\n<link rel=\"canonical\" href=\"https:\/\/hudo.com\/si\/aktualno\/tudi-mladi-slovenci-so-s-papezem-na-katoliskem-woodstocku-v-krakovu\/\" \/>\n<meta property=\"og:locale\" content=\"sl_SI\" \/>\n<meta property=\"og:type\" content=\"article\" \/>\n<meta property=\"og:title\" content=\"Tudi mladi Slovenci so s pape\u017eem na katoli\u0161kem Woodstocku v Krakovu - Hudo Slovenija\" \/>\n<meta property=\"og:description\" content=\"&quot;Svetovnega dneva mladih se udele\u017eujem prvi\u010d. Zelo mi je v\u0161e\u010d. Res je lepo, da se lahko tako povezujemo, ne glede na to, da ne poznamo jezika vseh narodov, ki se dogodka udele\u017eujejo.&quot; Te besede mladega Slovenca Marka Treiberja, ki jih je v\u010deraj za Ve\u010der povedal v pri\u010dakovanju pape\u017ea Fran\u010di\u0161ka, najbolje ponazarjajo duh leto\u0161njih svetovnih dnevov mladih v poljskem Krakovu. Drugo najve\u010dje poljsko mesto na vzhodu dr\u017eave \u017ee ves mesec \u017eivi z mladino z vsega sveta, dogodka se je oprijel vzdevek katoli\u0161ki Woodstock - v spomin na legendarna koncerta v letih 1967 in 1969. Po podatkih organizatorjev se je zbralo okoli pol milijona mladih iz 187 dr\u017eav. Majhnost, poni\u017enost in usmiljenje Pape\u017eev prvi obisk na Poljskem, evropsko najbolj katoli\u0161ki dr\u017eavi in domovini pokojnega Janeza Pavla II., seveda mineva ob izredno poostrenih varnostnih ukrepih, a je za dana\u0161nji neljubi dogodek poskrbel Fran\u010di\u0161ek sam: po molitvi pred podobo \u010crne Marije v romarskem sredi\u0161\u010du Czestochowa se je spotaknil in padel, a se je s pomo\u010djo spremljevalcev znova hitro postavil na noge. Devetinsedemdesetletni argentinski pape\u017e je tla pod nogami izgubil pred ve\u010d deset tiso\u010d romarji, zbranimi na prizori\u0161\u010du ma\u0161e na prostem. Po padcu je nepo\u0161kodovan za\u010del pridigo, v kateri je ostro kritiziral hlastanje po vplivu in mo\u010di, ljudi pa pozval, naj se, tako kot Bog, naredijo majhne, naj izka\u017eejo poni\u017enost in usmiljenje. Posebej je omenil tudi Marijo, ki &quot;ni ne vladarica ne glavna igralka, temve\u010d mati in slu\u017eabnica&quot;. Nocoj se bo Fran\u010di\u0161ek v Krakovu dru\u017eil z mladimi, za katere je velikokrat dejal, da so zanj posebna spodbuda. Mladi pa se seveda dru\u017eijo tudi med seboj. &quot;Za udele\u017ebo na svetovnih dnevih mladih sem se odlo\u010dil zaradi duhovnosti in \u017eelje po tem, da bi spoznal mlade z vsega sveta, da bi videl, kak\u0161na je njihova kultura, kako oni gledajo na duhovnost. Seveda so si najbolj blizu evropski narodi, nekateri pa so tudi zelo razli\u010dni,&quot; je o svoji odlo\u010ditvi za odhod na Poljsko dejal \u017dan Ul. Dru\u017eenje se je za\u010delo \u017ee pred\" \/>\n<meta property=\"og:url\" content=\"https:\/\/hudo.com\/si\/aktualno\/tudi-mladi-slovenci-so-s-papezem-na-katoliskem-woodstocku-v-krakovu\/\" \/>\n<meta property=\"og:site_name\" content=\"Hudo Slovenija\" \/>\n<meta property=\"article:publisher\" content=\"https:\/\/www.facebook.com\/hudo.si\" \/>\n<meta property=\"article:published_time\" content=\"2016-07-28T13:15:00+00:00\" \/>\n<meta property=\"og:image\" content=\"https:\/\/hudo.com\/si\/wp-content\/uploads\/sites\/2\/2016\/07\/05445399-300.jpg\" \/>\n\t<meta property=\"og:image:width\" content=\"450\" \/>\n\t<meta property=\"og:image:height\" content=\"300\" \/>\n\t<meta property=\"og:image:type\" content=\"image\/jpeg\" \/>\n<meta name=\"author\" content=\"hudo\" \/>\n<meta name=\"twitter:card\" content=\"summary_large_image\" \/>\n<meta name=\"twitter:creator\" content=\"@hudo_si\" \/>\n<meta name=\"twitter:site\" content=\"@hudo_si\" \/>\n<meta name=\"twitter:label1\" content=\"Written by\" \/>\n\t<meta name=\"twitter:data1\" content=\"hudo\" \/>\n\t<meta name=\"twitter:label2\" content=\"Est. reading time\" \/>\n\t<meta name=\"twitter:data2\" content=\"2 minuti\" \/>\n<script type=\"application\/ld+json\" class=\"yoast-schema-graph\">{\"@context\":\"https:\/\/schema.org\",\"@graph\":[{\"@type\":\"Article\",\"@id\":\"https:\/\/hudo.com\/si\/aktualno\/tudi-mladi-slovenci-so-s-papezem-na-katoliskem-woodstocku-v-krakovu\/#article\",\"isPartOf\":{\"@id\":\"https:\/\/hudo.com\/si\/aktualno\/tudi-mladi-slovenci-so-s-papezem-na-katoliskem-woodstocku-v-krakovu\/\"},\"author\":{\"name\":\"hudo\",\"@id\":\"https:\/\/hudo.com\/si\/#\/schema\/person\/601cf3379633985b20f7e50f2bb47707\"},\"headline\":\"Tudi mladi Slovenci so s pape\u017eem na katoli\u0161kem Woodstocku v Krakovu\",\"datePublished\":\"2016-07-28T13:15:00+00:00\",\"dateModified\":\"2016-07-28T13:15:00+00:00\",\"mainEntityOfPage\":{\"@id\":\"https:\/\/hudo.com\/si\/aktualno\/tudi-mladi-slovenci-so-s-papezem-na-katoliskem-woodstocku-v-krakovu\/\"},\"wordCount\":376,\"publisher\":{\"@id\":\"https:\/\/hudo.com\/si\/#organization\"},\"articleSection\":[\"Aktualno\"],\"inLanguage\":\"sl-SI\"},{\"@type\":\"WebPage\",\"@id\":\"https:\/\/hudo.com\/si\/aktualno\/tudi-mladi-slovenci-so-s-papezem-na-katoliskem-woodstocku-v-krakovu\/\",\"url\":\"https:\/\/hudo.com\/si\/aktualno\/tudi-mladi-slovenci-so-s-papezem-na-katoliskem-woodstocku-v-krakovu\/\",\"name\":\"Tudi mladi Slovenci so s pape\u017eem na katoli\u0161kem Woodstocku v Krakovu - Hudo Slovenija\",\"isPartOf\":{\"@id\":\"https:\/\/hudo.com\/si\/#website\"},\"datePublished\":\"2016-07-28T13:15:00+00:00\",\"dateModified\":\"2016-07-28T13:15:00+00:00\",\"breadcrumb\":{\"@id\":\"https:\/\/hudo.com\/si\/aktualno\/tudi-mladi-slovenci-so-s-papezem-na-katoliskem-woodstocku-v-krakovu\/#breadcrumb\"},\"inLanguage\":\"sl-SI\",\"potentialAction\":[{\"@type\":\"ReadAction\",\"target\":[\"https:\/\/hudo.com\/si\/aktualno\/tudi-mladi-slovenci-so-s-papezem-na-katoliskem-woodstocku-v-krakovu\/\"]}]},{\"@type\":\"BreadcrumbList\",\"@id\":\"https:\/\/hudo.com\/si\/aktualno\/tudi-mladi-slovenci-so-s-papezem-na-katoliskem-woodstocku-v-krakovu\/#breadcrumb\",\"itemListElement\":[{\"@type\":\"ListItem\",\"position\":1,\"name\":\"Home\",\"item\":\"https:\/\/hudo.com\/si\/\"},{\"@type\":\"ListItem\",\"position\":2,\"name\":\"Tudi mladi Slovenci so s pape\u017eem na katoli\u0161kem Woodstocku v Krakovu\"}]},{\"@type\":\"WebSite\",\"@id\":\"https:\/\/hudo.com\/si\/#website\",\"url\":\"https:\/\/hudo.com\/si\/\",\"name\":\"Hudo Slovenija\",\"description\":\"Vse novice iz Slovenije in sveta\",\"publisher\":{\"@id\":\"https:\/\/hudo.com\/si\/#organization\"},\"potentialAction\":[{\"@type\":\"SearchAction\",\"target\":{\"@type\":\"EntryPoint\",\"urlTemplate\":\"https:\/\/hudo.com\/si\/?s={search_term_string}\"},\"query-input\":\"required name=search_term_string\"}],\"inLanguage\":\"sl-SI\"},{\"@type\":\"Organization\",\"@id\":\"https:\/\/hudo.com\/si\/#organization\",\"name\":\"VSN Media\",\"url\":\"https:\/\/hudo.com\/si\/\",\"logo\":{\"@type\":\"ImageObject\",\"inLanguage\":\"sl-SI\",\"@id\":\"https:\/\/hudo.com\/si\/#\/schema\/logo\/image\/\",\"url\":\"https:\/\/hudo.com\/si\/wp-content\/uploads\/sites\/2\/2021\/03\/hudo-app-2.png\",\"contentUrl\":\"https:\/\/hudo.com\/si\/wp-content\/uploads\/sites\/2\/2021\/03\/hudo-app-2.png\",\"width\":2185,\"height\":2167,\"caption\":\"VSN Media\"},\"image\":{\"@id\":\"https:\/\/hudo.com\/si\/#\/schema\/logo\/image\/\"},\"sameAs\":[\"https:\/\/www.facebook.com\/hudo.si\",\"https:\/\/twitter.com\/hudo_si\"]},{\"@type\":\"Person\",\"@id\":\"https:\/\/hudo.com\/si\/#\/schema\/person\/601cf3379633985b20f7e50f2bb47707\",\"name\":\"hudo\",\"image\":{\"@type\":\"ImageObject\",\"inLanguage\":\"sl-SI\",\"@id\":\"https:\/\/hudo.com\/si\/#\/schema\/person\/image\/\",\"url\":\"https:\/\/secure.gravatar.com\/avatar\/c4ca25fa72cace7a696b52ff5db9e095?s=96&d=mm&r=g\",\"contentUrl\":\"https:\/\/secure.gravatar.com\/avatar\/c4ca25fa72cace7a696b52ff5db9e095?s=96&d=mm&r=g\",\"caption\":\"hudo\"},\"url\":\"https:\/\/hudo.com\/si\/author\/hudo\/\"}]}<\/script>\n<!-- \/ Yoast SEO plugin. -->","yoast_head_json":{"title":"Tudi mladi Slovenci so s pape\u017eem na katoli\u0161kem Woodstocku v Krakovu - Hudo Slovenija","robots":{"index":"index","follow":"follow","max-snippet":"max-snippet:-1","max-image-preview":"max-image-preview:large","max-video-preview":"max-video-preview:-1"},"canonical":"https:\/\/hudo.com\/si\/aktualno\/tudi-mladi-slovenci-so-s-papezem-na-katoliskem-woodstocku-v-krakovu\/","og_locale":"sl_SI","og_type":"article","og_title":"Tudi mladi Slovenci so s pape\u017eem na katoli\u0161kem Woodstocku v Krakovu - Hudo Slovenija","og_description":"\"Svetovnega dneva mladih se udele\u017eujem prvi\u010d. Zelo mi je v\u0161e\u010d. Res je lepo, da se lahko tako povezujemo, ne glede na to, da ne poznamo jezika vseh narodov, ki se dogodka udele\u017eujejo.\" Te besede mladega Slovenca Marka Treiberja, ki jih je v\u010deraj za Ve\u010der povedal v pri\u010dakovanju pape\u017ea Fran\u010di\u0161ka, najbolje ponazarjajo duh leto\u0161njih svetovnih dnevov mladih v poljskem Krakovu. Drugo najve\u010dje poljsko mesto na vzhodu dr\u017eave \u017ee ves mesec \u017eivi z mladino z vsega sveta, dogodka se je oprijel vzdevek katoli\u0161ki Woodstock - v spomin na legendarna koncerta v letih 1967 in 1969. Po podatkih organizatorjev se je zbralo okoli pol milijona mladih iz 187 dr\u017eav. Majhnost, poni\u017enost in usmiljenje Pape\u017eev prvi obisk na Poljskem, evropsko najbolj katoli\u0161ki dr\u017eavi in domovini pokojnega Janeza Pavla II., seveda mineva ob izredno poostrenih varnostnih ukrepih, a je za dana\u0161nji neljubi dogodek poskrbel Fran\u010di\u0161ek sam: po molitvi pred podobo \u010crne Marije v romarskem sredi\u0161\u010du Czestochowa se je spotaknil in padel, a se je s pomo\u010djo spremljevalcev znova hitro postavil na noge. Devetinsedemdesetletni argentinski pape\u017e je tla pod nogami izgubil pred ve\u010d deset tiso\u010d romarji, zbranimi na prizori\u0161\u010du ma\u0161e na prostem. Po padcu je nepo\u0161kodovan za\u010del pridigo, v kateri je ostro kritiziral hlastanje po vplivu in mo\u010di, ljudi pa pozval, naj se, tako kot Bog, naredijo majhne, naj izka\u017eejo poni\u017enost in usmiljenje. Posebej je omenil tudi Marijo, ki \"ni ne vladarica ne glavna igralka, temve\u010d mati in slu\u017eabnica\". Nocoj se bo Fran\u010di\u0161ek v Krakovu dru\u017eil z mladimi, za katere je velikokrat dejal, da so zanj posebna spodbuda. Mladi pa se seveda dru\u017eijo tudi med seboj. \"Za udele\u017ebo na svetovnih dnevih mladih sem se odlo\u010dil zaradi duhovnosti in \u017eelje po tem, da bi spoznal mlade z vsega sveta, da bi videl, kak\u0161na je njihova kultura, kako oni gledajo na duhovnost. Seveda so si najbolj blizu evropski narodi, nekateri pa so tudi zelo razli\u010dni,\" je o svoji odlo\u010ditvi za odhod na Poljsko dejal \u017dan Ul. Dru\u017eenje se je za\u010delo \u017ee pred","og_url":"https:\/\/hudo.com\/si\/aktualno\/tudi-mladi-slovenci-so-s-papezem-na-katoliskem-woodstocku-v-krakovu\/","og_site_name":"Hudo Slovenija","article_publisher":"https:\/\/www.facebook.com\/hudo.si","article_published_time":"2016-07-28T13:15:00+00:00","og_image":[{"width":450,"height":300,"url":"https:\/\/hudo.com\/si\/wp-content\/uploads\/sites\/2\/2016\/07\/05445399-300.jpg","type":"image\/jpeg"}],"author":"hudo","twitter_card":"summary_large_image","twitter_creator":"@hudo_si","twitter_site":"@hudo_si","twitter_misc":{"Written by":"hudo","Est. reading time":"2 minuti"},"schema":{"@context":"https:\/\/schema.org","@graph":[{"@type":"Article","@id":"https:\/\/hudo.com\/si\/aktualno\/tudi-mladi-slovenci-so-s-papezem-na-katoliskem-woodstocku-v-krakovu\/#article","isPartOf":{"@id":"https:\/\/hudo.com\/si\/aktualno\/tudi-mladi-slovenci-so-s-papezem-na-katoliskem-woodstocku-v-krakovu\/"},"author":{"name":"hudo","@id":"https:\/\/hudo.com\/si\/#\/schema\/person\/601cf3379633985b20f7e50f2bb47707"},"headline":"Tudi mladi Slovenci so s pape\u017eem na katoli\u0161kem Woodstocku v Krakovu","datePublished":"2016-07-28T13:15:00+00:00","dateModified":"2016-07-28T13:15:00+00:00","mainEntityOfPage":{"@id":"https:\/\/hudo.com\/si\/aktualno\/tudi-mladi-slovenci-so-s-papezem-na-katoliskem-woodstocku-v-krakovu\/"},"wordCount":376,"publisher":{"@id":"https:\/\/hudo.com\/si\/#organization"},"articleSection":["Aktualno"],"inLanguage":"sl-SI"},{"@type":"WebPage","@id":"https:\/\/hudo.com\/si\/aktualno\/tudi-mladi-slovenci-so-s-papezem-na-katoliskem-woodstocku-v-krakovu\/","url":"https:\/\/hudo.com\/si\/aktualno\/tudi-mladi-slovenci-so-s-papezem-na-katoliskem-woodstocku-v-krakovu\/","name":"Tudi mladi Slovenci so s pape\u017eem na katoli\u0161kem Woodstocku v Krakovu - Hudo Slovenija","isPartOf":{"@id":"https:\/\/hudo.com\/si\/#website"},"datePublished":"2016-07-28T13:15:00+00:00","dateModified":"2016-07-28T13:15:00+00:00","breadcrumb":{"@id":"https:\/\/hudo.com\/si\/aktualno\/tudi-mladi-slovenci-so-s-papezem-na-katoliskem-woodstocku-v-krakovu\/#breadcrumb"},"inLanguage":"sl-SI","potentialAction":[{"@type":"ReadAction","target":["https:\/\/hudo.com\/si\/aktualno\/tudi-mladi-slovenci-so-s-papezem-na-katoliskem-woodstocku-v-krakovu\/"]}]},{"@type":"BreadcrumbList","@id":"https:\/\/hudo.com\/si\/aktualno\/tudi-mladi-slovenci-so-s-papezem-na-katoliskem-woodstocku-v-krakovu\/#breadcrumb","itemListElement":[{"@type":"ListItem","position":1,"name":"Home","item":"https:\/\/hudo.com\/si\/"},{"@type":"ListItem","position":2,"name":"Tudi mladi Slovenci so s pape\u017eem na katoli\u0161kem Woodstocku v Krakovu"}]},{"@type":"WebSite","@id":"https:\/\/hudo.com\/si\/#website","url":"https:\/\/hudo.com\/si\/","name":"Hudo Slovenija","description":"Vse novice iz Slovenije in sveta","publisher":{"@id":"https:\/\/hudo.com\/si\/#organization"},"potentialAction":[{"@type":"SearchAction","target":{"@type":"EntryPoint","urlTemplate":"https:\/\/hudo.com\/si\/?s={search_term_string}"},"query-input":"required name=search_term_string"}],"inLanguage":"sl-SI"},{"@type":"Organization","@id":"https:\/\/hudo.com\/si\/#organization","name":"VSN Media","url":"https:\/\/hudo.com\/si\/","logo":{"@type":"ImageObject","inLanguage":"sl-SI","@id":"https:\/\/hudo.com\/si\/#\/schema\/logo\/image\/","url":"https:\/\/hudo.com\/si\/wp-content\/uploads\/sites\/2\/2021\/03\/hudo-app-2.png","contentUrl":"https:\/\/hudo.com\/si\/wp-content\/uploads\/sites\/2\/2021\/03\/hudo-app-2.png","width":2185,"height":2167,"caption":"VSN Media"},"image":{"@id":"https:\/\/hudo.com\/si\/#\/schema\/logo\/image\/"},"sameAs":["https:\/\/www.facebook.com\/hudo.si","https:\/\/twitter.com\/hudo_si"]},{"@type":"Person","@id":"https:\/\/hudo.com\/si\/#\/schema\/person\/601cf3379633985b20f7e50f2bb47707","name":"hudo","image":{"@type":"ImageObject","inLanguage":"sl-SI","@id":"https:\/\/hudo.com\/si\/#\/schema\/person\/image\/","url":"https:\/\/secure.gravatar.com\/avatar\/c4ca25fa72cace7a696b52ff5db9e095?s=96&d=mm&r=g","contentUrl":"https:\/\/secure.gravatar.com\/avatar\/c4ca25fa72cace7a696b52ff5db9e095?s=96&d=mm&r=g","caption":"hudo"},"url":"https:\/\/hudo.com\/si\/author\/hudo\/"}]}},"amp_enabled":true,"_links":{"self":[{"href":"https:\/\/hudo.com\/si\/wp-json\/wp\/v2\/posts\/103707"}],"collection":[{"href":"https:\/\/hudo.com\/si\/wp-json\/wp\/v2\/posts"}],"about":[{"href":"https:\/\/hudo.com\/si\/wp-json\/wp\/v2\/types\/post"}],"author":[{"embeddable":true,"href":"https:\/\/hudo.com\/si\/wp-json\/wp\/v2\/users\/1"}],"replies":[{"embeddable":true,"href":"https:\/\/hudo.com\/si\/wp-json\/wp\/v2\/comments?post=103707"}],"version-history":[{"count":0,"href":"https:\/\/hudo.com\/si\/wp-json\/wp\/v2\/posts\/103707\/revisions"}],"wp:attachment":[{"href":"https:\/\/hudo.com\/si\/wp-json\/wp\/v2\/media?parent=103707"}],"wp:term":[{"taxonomy":"category","embeddable":true,"href":"https:\/\/hudo.com\/si\/wp-json\/wp\/v2\/categories?post=103707"},{"taxonomy":"post_tag","embeddable":true,"href":"https:\/\/hudo.com\/si\/wp-json\/wp\/v2\/tags?post=103707"},{"taxonomy":"source","embeddable":true,"href":"https:\/\/hudo.com\/si\/wp-json\/wp\/v2\/source?post=103707"},{"taxonomy":"supertag","embeddable":true,"href":"https:\/\/hudo.com\/si\/wp-json\/wp\/v2\/supertag?post=103707"}],"curies":[{"name":"wp","href":"https:\/\/api.w.org\/{rel}","templated":true}]}}