{"id":10373,"date":"2016-03-04T10:18:29","date_gmt":"2016-03-04T09:18:29","guid":{"rendered":"http:\/\/master.hudo.com\/si\/2016\/03\/04\/oglejte-si-elektricni-vlak-ki-bo-to-pomlad-zacel-voziti-po-ljubljanskih-ulicah-video\/"},"modified":"2016-03-04T10:18:29","modified_gmt":"2016-03-04T09:18:29","slug":"oglejte-si-elektricni-vlak-ki-bo-to-pomlad-zacel-voziti-po-ljubljanskih-ulicah-video","status":"publish","type":"post","link":"https:\/\/hudo.com\/si\/lifestyle\/oglejte-si-elektricni-vlak-ki-bo-to-pomlad-zacel-voziti-po-ljubljanskih-ulicah-video\/","title":{"rendered":"Oglejte si elektri\u010dni vlak, ki bo to pomlad za\u010del voziti po ljubljanskih ulicah (video)"},"content":{"rendered":"<p>Kot pi\u0161e <a href=\"http:\/\/www.zurnal24.si\/ljubljana-elektricni-vlak-vlakec-urban-stoja-video-clanek-266269\"><strong>\u017durnal<\/strong><\/a>, bo elektri\u010dni vlakec z imenom Urban za\u010del voziti aprila tega leta. V primerjavi s staro dizelsko lokomotivo, ki za sabo vle\u010de odprte vagone, bo Urban potnikom nudil ve\u010d varnosti in za\u0161\u010dito pred vremenskimi vplivi. Primeren bo tudi za invalide, ker ga poganja elektro motor, pa ne bo onesna\u017eeval mestnega zraka.<\/p>\n<p>Kompozicijo, ki bo lahko hkrati peljala 51 potnikov, je izdelalo podjetje STOJA. V videu si poglejte posnetek testne vo\u017enje konec februarja.<\/p>\n<figure class=\"wp-caption video\" style=\"padding-top:56.212121212121%\">  \t<div class=\"embed\"><div class=\"embed-notice\">Za ogled vstavljene vsebine morate omogo\u010diti <a href=\"#\" onclick=\"Optanon.ToggleInfoDisplay()\">shranjevanje pi\u0161kotkov v napravi<\/a><\/div><iframe loading=\"lazy\" width=\"660\" height=\"371\"  class=\"optanon-category-C0002-C0003-C0004\" optanon-src=\"https:\/\/www.youtube.com\/embed\/vFSZ_ytw7Dg?autohide=1&#038;fs=1&#038;autoplay=0&#038;iv_load_policy=3&#038;rel=0&#038;modestbranding=1&#038;showinfo=0&#038;hd=1\" frameborder=\"0\" allowfullscreen><\/iframe><\/div>  <\/figure>\n","protected":false},"excerpt":{"rendered":"<p>Stara dizelska lokomotiva se kon\u010dno poslavlja in turiste bo po Stari Ljubljani vozil elektri\u010dni vlakec<\/p>\n","protected":false},"author":1,"featured_media":0,"comment_status":"closed","ping_status":"closed","sticky":false,"template":"","format":"standard","meta":{"footnotes":""},"categories":[1091],"tags":[1633,2000],"source":[1523,1522,1518],"supertag":[],"acf":[],"yoast_head":"<!-- This site is optimized with the Yoast SEO plugin v21.3 - https:\/\/yoast.com\/wordpress\/plugins\/seo\/ -->\n<title>Oglejte si elektri\u010dni vlak, ki bo to pomlad za\u010del voziti po ljubljanskih ulicah (video) - Hudo Slovenija<\/title>\n<meta name=\"robots\" content=\"index, follow, max-snippet:-1, max-image-preview:large, max-video-preview:-1\" \/>\n<link rel=\"canonical\" href=\"https:\/\/hudo.com\/si\/lifestyle\/oglejte-si-elektricni-vlak-ki-bo-to-pomlad-zacel-voziti-po-ljubljanskih-ulicah-video\/\" \/>\n<meta property=\"og:locale\" content=\"sl_SI\" \/>\n<meta property=\"og:type\" content=\"article\" \/>\n<meta property=\"og:title\" content=\"Oglejte si elektri\u010dni vlak, ki bo to pomlad za\u010del voziti po ljubljanskih ulicah (video) - Hudo Slovenija\" \/>\n<meta property=\"og:description\" content=\"Stara dizelska lokomotiva se kon\u010dno poslavlja in turiste bo po Stari Ljubljani vozil elektri\u010dni vlakec\" \/>\n<meta property=\"og:url\" content=\"https:\/\/hudo.com\/si\/lifestyle\/oglejte-si-elektricni-vlak-ki-bo-to-pomlad-zacel-voziti-po-ljubljanskih-ulicah-video\/\" \/>\n<meta property=\"og:site_name\" content=\"Hudo Slovenija\" \/>\n<meta property=\"article:publisher\" content=\"https:\/\/www.facebook.com\/hudo.si\" \/>\n<meta property=\"article:published_time\" content=\"2016-03-04T09:18:29+00:00\" \/>\n<meta property=\"og:image\" content=\"https:\/\/hudo.com\/si\/wp-content\/uploads\/sites\/2\/2016\/03\/oglejte-si-elektricni-vlak-ki-bo-1.jpg\" \/>\n\t<meta property=\"og:image:width\" content=\"1280\" \/>\n\t<meta property=\"og:image:height\" content=\"720\" \/>\n\t<meta property=\"og:image:type\" content=\"image\/jpeg\" \/>\n<meta name=\"author\" content=\"hudo\" \/>\n<meta name=\"twitter:card\" content=\"summary_large_image\" \/>\n<meta name=\"twitter:creator\" content=\"@hudo_si\" \/>\n<meta name=\"twitter:site\" content=\"@hudo_si\" \/>\n<meta name=\"twitter:label1\" content=\"Written by\" \/>\n\t<meta name=\"twitter:data1\" content=\"hudo\" \/>\n<script type=\"application\/ld+json\" class=\"yoast-schema-graph\">{\"@context\":\"https:\/\/schema.org\",\"@graph\":[{\"@type\":\"Article\",\"@id\":\"https:\/\/hudo.com\/si\/lifestyle\/oglejte-si-elektricni-vlak-ki-bo-to-pomlad-zacel-voziti-po-ljubljanskih-ulicah-video\/#article\",\"isPartOf\":{\"@id\":\"https:\/\/hudo.com\/si\/lifestyle\/oglejte-si-elektricni-vlak-ki-bo-to-pomlad-zacel-voziti-po-ljubljanskih-ulicah-video\/\"},\"author\":{\"name\":\"hudo\",\"@id\":\"https:\/\/hudo.com\/si\/#\/schema\/person\/601cf3379633985b20f7e50f2bb47707\"},\"headline\":\"Oglejte si elektri\u010dni vlak, ki bo to pomlad za\u010del voziti po ljubljanskih ulicah (video)\",\"datePublished\":\"2016-03-04T09:18:29+00:00\",\"dateModified\":\"2016-03-04T09:18:29+00:00\",\"mainEntityOfPage\":{\"@id\":\"https:\/\/hudo.com\/si\/lifestyle\/oglejte-si-elektricni-vlak-ki-bo-to-pomlad-zacel-voziti-po-ljubljanskih-ulicah-video\/\"},\"wordCount\":96,\"publisher\":{\"@id\":\"https:\/\/hudo.com\/si\/#organization\"},\"keywords\":[\"Ljubljana\",\"vlak\"],\"articleSection\":[\"Lifestyle\"],\"inLanguage\":\"sl-SI\"},{\"@type\":\"WebPage\",\"@id\":\"https:\/\/hudo.com\/si\/lifestyle\/oglejte-si-elektricni-vlak-ki-bo-to-pomlad-zacel-voziti-po-ljubljanskih-ulicah-video\/\",\"url\":\"https:\/\/hudo.com\/si\/lifestyle\/oglejte-si-elektricni-vlak-ki-bo-to-pomlad-zacel-voziti-po-ljubljanskih-ulicah-video\/\",\"name\":\"Oglejte si elektri\u010dni vlak, ki bo to pomlad za\u010del voziti po ljubljanskih ulicah (video) - Hudo Slovenija\",\"isPartOf\":{\"@id\":\"https:\/\/hudo.com\/si\/#website\"},\"datePublished\":\"2016-03-04T09:18:29+00:00\",\"dateModified\":\"2016-03-04T09:18:29+00:00\",\"breadcrumb\":{\"@id\":\"https:\/\/hudo.com\/si\/lifestyle\/oglejte-si-elektricni-vlak-ki-bo-to-pomlad-zacel-voziti-po-ljubljanskih-ulicah-video\/#breadcrumb\"},\"inLanguage\":\"sl-SI\",\"potentialAction\":[{\"@type\":\"ReadAction\",\"target\":[\"https:\/\/hudo.com\/si\/lifestyle\/oglejte-si-elektricni-vlak-ki-bo-to-pomlad-zacel-voziti-po-ljubljanskih-ulicah-video\/\"]}]},{\"@type\":\"BreadcrumbList\",\"@id\":\"https:\/\/hudo.com\/si\/lifestyle\/oglejte-si-elektricni-vlak-ki-bo-to-pomlad-zacel-voziti-po-ljubljanskih-ulicah-video\/#breadcrumb\",\"itemListElement\":[{\"@type\":\"ListItem\",\"position\":1,\"name\":\"Home\",\"item\":\"https:\/\/hudo.com\/si\/\"},{\"@type\":\"ListItem\",\"position\":2,\"name\":\"Oglejte si elektri\u010dni vlak, ki bo to pomlad za\u010del voziti po ljubljanskih ulicah (video)\"}]},{\"@type\":\"WebSite\",\"@id\":\"https:\/\/hudo.com\/si\/#website\",\"url\":\"https:\/\/hudo.com\/si\/\",\"name\":\"Hudo Slovenija\",\"description\":\"Vse novice iz Slovenije in sveta\",\"publisher\":{\"@id\":\"https:\/\/hudo.com\/si\/#organization\"},\"potentialAction\":[{\"@type\":\"SearchAction\",\"target\":{\"@type\":\"EntryPoint\",\"urlTemplate\":\"https:\/\/hudo.com\/si\/?s={search_term_string}\"},\"query-input\":\"required name=search_term_string\"}],\"inLanguage\":\"sl-SI\"},{\"@type\":\"Organization\",\"@id\":\"https:\/\/hudo.com\/si\/#organization\",\"name\":\"VSN Media\",\"url\":\"https:\/\/hudo.com\/si\/\",\"logo\":{\"@type\":\"ImageObject\",\"inLanguage\":\"sl-SI\",\"@id\":\"https:\/\/hudo.com\/si\/#\/schema\/logo\/image\/\",\"url\":\"https:\/\/hudo.com\/si\/wp-content\/uploads\/sites\/2\/2021\/03\/hudo-app-2.png\",\"contentUrl\":\"https:\/\/hudo.com\/si\/wp-content\/uploads\/sites\/2\/2021\/03\/hudo-app-2.png\",\"width\":2185,\"height\":2167,\"caption\":\"VSN Media\"},\"image\":{\"@id\":\"https:\/\/hudo.com\/si\/#\/schema\/logo\/image\/\"},\"sameAs\":[\"https:\/\/www.facebook.com\/hudo.si\",\"https:\/\/twitter.com\/hudo_si\"]},{\"@type\":\"Person\",\"@id\":\"https:\/\/hudo.com\/si\/#\/schema\/person\/601cf3379633985b20f7e50f2bb47707\",\"name\":\"hudo\",\"image\":{\"@type\":\"ImageObject\",\"inLanguage\":\"sl-SI\",\"@id\":\"https:\/\/hudo.com\/si\/#\/schema\/person\/image\/\",\"url\":\"https:\/\/secure.gravatar.com\/avatar\/c4ca25fa72cace7a696b52ff5db9e095?s=96&d=mm&r=g\",\"contentUrl\":\"https:\/\/secure.gravatar.com\/avatar\/c4ca25fa72cace7a696b52ff5db9e095?s=96&d=mm&r=g\",\"caption\":\"hudo\"},\"url\":\"https:\/\/hudo.com\/si\/author\/hudo\/\"}]}<\/script>\n<!-- \/ Yoast SEO plugin. -->","yoast_head_json":{"title":"Oglejte si elektri\u010dni vlak, ki bo to pomlad za\u010del voziti po ljubljanskih ulicah (video) - Hudo Slovenija","robots":{"index":"index","follow":"follow","max-snippet":"max-snippet:-1","max-image-preview":"max-image-preview:large","max-video-preview":"max-video-preview:-1"},"canonical":"https:\/\/hudo.com\/si\/lifestyle\/oglejte-si-elektricni-vlak-ki-bo-to-pomlad-zacel-voziti-po-ljubljanskih-ulicah-video\/","og_locale":"sl_SI","og_type":"article","og_title":"Oglejte si elektri\u010dni vlak, ki bo to pomlad za\u010del voziti po ljubljanskih ulicah (video) - Hudo Slovenija","og_description":"Stara dizelska lokomotiva se kon\u010dno poslavlja in turiste bo po Stari Ljubljani vozil elektri\u010dni vlakec","og_url":"https:\/\/hudo.com\/si\/lifestyle\/oglejte-si-elektricni-vlak-ki-bo-to-pomlad-zacel-voziti-po-ljubljanskih-ulicah-video\/","og_site_name":"Hudo Slovenija","article_publisher":"https:\/\/www.facebook.com\/hudo.si","article_published_time":"2016-03-04T09:18:29+00:00","og_image":[{"width":1280,"height":720,"url":"https:\/\/hudo.com\/si\/wp-content\/uploads\/sites\/2\/2016\/03\/oglejte-si-elektricni-vlak-ki-bo-1.jpg","type":"image\/jpeg"}],"author":"hudo","twitter_card":"summary_large_image","twitter_creator":"@hudo_si","twitter_site":"@hudo_si","twitter_misc":{"Written by":"hudo"},"schema":{"@context":"https:\/\/schema.org","@graph":[{"@type":"Article","@id":"https:\/\/hudo.com\/si\/lifestyle\/oglejte-si-elektricni-vlak-ki-bo-to-pomlad-zacel-voziti-po-ljubljanskih-ulicah-video\/#article","isPartOf":{"@id":"https:\/\/hudo.com\/si\/lifestyle\/oglejte-si-elektricni-vlak-ki-bo-to-pomlad-zacel-voziti-po-ljubljanskih-ulicah-video\/"},"author":{"name":"hudo","@id":"https:\/\/hudo.com\/si\/#\/schema\/person\/601cf3379633985b20f7e50f2bb47707"},"headline":"Oglejte si elektri\u010dni vlak, ki bo to pomlad za\u010del voziti po ljubljanskih ulicah (video)","datePublished":"2016-03-04T09:18:29+00:00","dateModified":"2016-03-04T09:18:29+00:00","mainEntityOfPage":{"@id":"https:\/\/hudo.com\/si\/lifestyle\/oglejte-si-elektricni-vlak-ki-bo-to-pomlad-zacel-voziti-po-ljubljanskih-ulicah-video\/"},"wordCount":96,"publisher":{"@id":"https:\/\/hudo.com\/si\/#organization"},"keywords":["Ljubljana","vlak"],"articleSection":["Lifestyle"],"inLanguage":"sl-SI"},{"@type":"WebPage","@id":"https:\/\/hudo.com\/si\/lifestyle\/oglejte-si-elektricni-vlak-ki-bo-to-pomlad-zacel-voziti-po-ljubljanskih-ulicah-video\/","url":"https:\/\/hudo.com\/si\/lifestyle\/oglejte-si-elektricni-vlak-ki-bo-to-pomlad-zacel-voziti-po-ljubljanskih-ulicah-video\/","name":"Oglejte si elektri\u010dni vlak, ki bo to pomlad za\u010del voziti po ljubljanskih ulicah (video) - Hudo Slovenija","isPartOf":{"@id":"https:\/\/hudo.com\/si\/#website"},"datePublished":"2016-03-04T09:18:29+00:00","dateModified":"2016-03-04T09:18:29+00:00","breadcrumb":{"@id":"https:\/\/hudo.com\/si\/lifestyle\/oglejte-si-elektricni-vlak-ki-bo-to-pomlad-zacel-voziti-po-ljubljanskih-ulicah-video\/#breadcrumb"},"inLanguage":"sl-SI","potentialAction":[{"@type":"ReadAction","target":["https:\/\/hudo.com\/si\/lifestyle\/oglejte-si-elektricni-vlak-ki-bo-to-pomlad-zacel-voziti-po-ljubljanskih-ulicah-video\/"]}]},{"@type":"BreadcrumbList","@id":"https:\/\/hudo.com\/si\/lifestyle\/oglejte-si-elektricni-vlak-ki-bo-to-pomlad-zacel-voziti-po-ljubljanskih-ulicah-video\/#breadcrumb","itemListElement":[{"@type":"ListItem","position":1,"name":"Home","item":"https:\/\/hudo.com\/si\/"},{"@type":"ListItem","position":2,"name":"Oglejte si elektri\u010dni vlak, ki bo to pomlad za\u010del voziti po ljubljanskih ulicah (video)"}]},{"@type":"WebSite","@id":"https:\/\/hudo.com\/si\/#website","url":"https:\/\/hudo.com\/si\/","name":"Hudo Slovenija","description":"Vse novice iz Slovenije in sveta","publisher":{"@id":"https:\/\/hudo.com\/si\/#organization"},"potentialAction":[{"@type":"SearchAction","target":{"@type":"EntryPoint","urlTemplate":"https:\/\/hudo.com\/si\/?s={search_term_string}"},"query-input":"required name=search_term_string"}],"inLanguage":"sl-SI"},{"@type":"Organization","@id":"https:\/\/hudo.com\/si\/#organization","name":"VSN Media","url":"https:\/\/hudo.com\/si\/","logo":{"@type":"ImageObject","inLanguage":"sl-SI","@id":"https:\/\/hudo.com\/si\/#\/schema\/logo\/image\/","url":"https:\/\/hudo.com\/si\/wp-content\/uploads\/sites\/2\/2021\/03\/hudo-app-2.png","contentUrl":"https:\/\/hudo.com\/si\/wp-content\/uploads\/sites\/2\/2021\/03\/hudo-app-2.png","width":2185,"height":2167,"caption":"VSN Media"},"image":{"@id":"https:\/\/hudo.com\/si\/#\/schema\/logo\/image\/"},"sameAs":["https:\/\/www.facebook.com\/hudo.si","https:\/\/twitter.com\/hudo_si"]},{"@type":"Person","@id":"https:\/\/hudo.com\/si\/#\/schema\/person\/601cf3379633985b20f7e50f2bb47707","name":"hudo","image":{"@type":"ImageObject","inLanguage":"sl-SI","@id":"https:\/\/hudo.com\/si\/#\/schema\/person\/image\/","url":"https:\/\/secure.gravatar.com\/avatar\/c4ca25fa72cace7a696b52ff5db9e095?s=96&d=mm&r=g","contentUrl":"https:\/\/secure.gravatar.com\/avatar\/c4ca25fa72cace7a696b52ff5db9e095?s=96&d=mm&r=g","caption":"hudo"},"url":"https:\/\/hudo.com\/si\/author\/hudo\/"}]}},"amp_enabled":true,"_links":{"self":[{"href":"https:\/\/hudo.com\/si\/wp-json\/wp\/v2\/posts\/10373"}],"collection":[{"href":"https:\/\/hudo.com\/si\/wp-json\/wp\/v2\/posts"}],"about":[{"href":"https:\/\/hudo.com\/si\/wp-json\/wp\/v2\/types\/post"}],"author":[{"embeddable":true,"href":"https:\/\/hudo.com\/si\/wp-json\/wp\/v2\/users\/1"}],"replies":[{"embeddable":true,"href":"https:\/\/hudo.com\/si\/wp-json\/wp\/v2\/comments?post=10373"}],"version-history":[{"count":0,"href":"https:\/\/hudo.com\/si\/wp-json\/wp\/v2\/posts\/10373\/revisions"}],"wp:attachment":[{"href":"https:\/\/hudo.com\/si\/wp-json\/wp\/v2\/media?parent=10373"}],"wp:term":[{"taxonomy":"category","embeddable":true,"href":"https:\/\/hudo.com\/si\/wp-json\/wp\/v2\/categories?post=10373"},{"taxonomy":"post_tag","embeddable":true,"href":"https:\/\/hudo.com\/si\/wp-json\/wp\/v2\/tags?post=10373"},{"taxonomy":"source","embeddable":true,"href":"https:\/\/hudo.com\/si\/wp-json\/wp\/v2\/source?post=10373"},{"taxonomy":"supertag","embeddable":true,"href":"https:\/\/hudo.com\/si\/wp-json\/wp\/v2\/supertag?post=10373"}],"curies":[{"name":"wp","href":"https:\/\/api.w.org\/{rel}","templated":true}]}}