{"id":103744,"date":"2016-07-28T18:00:00","date_gmt":"2016-07-28T16:00:00","guid":{"rendered":"http:\/\/hudo.com\/si\/2016\/07\/28\/vijolicasti-v-aberdeenu-brez-hodzica\/"},"modified":"2016-07-29T09:37:48","modified_gmt":"2016-07-29T07:37:48","slug":"vijolicasti-v-aberdeenu-brez-hodzica","status":"publish","type":"post","link":"https:\/\/hudo.com\/si\/aktualno\/vijolicasti-v-aberdeenu-brez-hodzica\/","title":{"rendered":"Vijoli\u010dasti v Aberdeenu brez Hod\u017ei\u0107a"},"content":{"rendered":"<p>Nogometa\u0161i Maribora se ogrevajo za prvo tekmo tretjega kroga evropske lige proti Aberdeenu. Trener Darko Milani\u010d je nekoliko preme\u0161al postavo. Na desni strani obrambe bo prvi\u010d zaigral Denis \u0160me, Adisa Hod\u017ei\u0107a, ki je za\u010del obe tekmi proti Levskemu, ni na klopi. Na polo\u017eaju osrednjega branilca bo ob Marku \u0160ulerju za\u010del povratnik po po\u0161kodbi Rodrigo Defendi. V primerjavi s postavo v Sofiji, je prednost pred Damjanom Boharjem dobil Dare Vr\u0161i\u010d.  Vijoli\u010daste bo sicer pri\u010dakalo dobro vzdu\u0161je. Na stadionu Pittodrie bo po ocenah gostiteljev vsaj 18 tiso\u010d navija\u010dev.  Aberdeen &#8211; Maribor (20.45) Stadion Pittodrie, sodnik: Tore Hansen (Norve\u0161ka) Aberdeen: Lewis, Logan, Shinnie, Considine, Taylor, Reynolds, Rooney, McGinn, Hayes, Stockley, Jack. Maribor: Handanovi\u0107, \u0160me, \u0160uler, Defendi, Jan\u017ea, Vrhovec, Kabha, Hoti\u0107, Vr\u0161i\u010d, Tavares, Novakovi\u0107.\u0160port<\/p>\n","protected":false},"excerpt":{"rendered":"<p>Nogometa\u0161i Maribora se ogrevajo za prvo tekmo tretjega kroga evropske lige proti Aberdeenu. Trener Darko Milani\u010d je nekoliko preme\u0161al postavo. Na desni strani obrambe bo prvi\u010d zaigral Denis \u0160me, Adisa Hod\u017ei\u0107a, ki je za\u010del obe tekmi proti Levskemu, ni na klopi. Na polo\u017eaju osrednjega branilca bo ob Marku \u0160ulerju za\u010del povratnik po po\u0161kodbi Rodrigo Defendi. V primerjavi s postavo v Sofiji, je prednost pred Damjanom Boharjem dobil Dare Vr\u0161i\u010d.  Vijoli\u010daste bo sicer pri\u010dakalo dobro vzdu\u0161je. Na stadionu Pittodrie bo po ocenah gostiteljev vsaj 18 tiso\u010d navija\u010dev.  Aberdeen &#8211; Maribor (20.45) Stadion Pittodrie, sodnik: Tore Hansen (Norve\u0161ka) Aberdeen: Lewis, Logan, Shinnie, Considine, Taylor, Reynolds, Rooney, McGinn, Hayes, Stockley, Jack. Maribor: Handanovi\u0107, \u0160me, \u0160uler, Defendi, Jan\u017ea, Vrhovec, Kabha, Hoti\u0107, Vr\u0161i\u010d, Tavares, Novakovi\u0107.\u0160port<\/p>\n","protected":false},"author":1,"featured_media":0,"comment_status":"closed","ping_status":"closed","sticky":false,"template":"","format":"standard","meta":{"footnotes":""},"categories":[1179],"tags":[],"source":[1711],"supertag":[],"acf":[],"yoast_head":"<!-- This site is optimized with the Yoast SEO plugin v21.3 - https:\/\/yoast.com\/wordpress\/plugins\/seo\/ -->\n<title>Vijoli\u010dasti v Aberdeenu brez Hod\u017ei\u0107a - Hudo Slovenija<\/title>\n<meta name=\"robots\" content=\"index, follow, max-snippet:-1, max-image-preview:large, max-video-preview:-1\" \/>\n<link rel=\"canonical\" href=\"https:\/\/hudo.com\/si\/aktualno\/vijolicasti-v-aberdeenu-brez-hodzica\/\" \/>\n<meta property=\"og:locale\" content=\"sl_SI\" \/>\n<meta property=\"og:type\" content=\"article\" \/>\n<meta property=\"og:title\" content=\"Vijoli\u010dasti v Aberdeenu brez Hod\u017ei\u0107a - Hudo Slovenija\" \/>\n<meta property=\"og:description\" content=\"Nogometa\u0161i Maribora se ogrevajo za prvo tekmo tretjega kroga evropske lige proti Aberdeenu. Trener Darko Milani\u010d je nekoliko preme\u0161al postavo. Na desni strani obrambe bo prvi\u010d zaigral Denis \u0160me, Adisa Hod\u017ei\u0107a, ki je za\u010del obe tekmi proti Levskemu, ni na klopi. Na polo\u017eaju osrednjega branilca bo ob Marku \u0160ulerju za\u010del povratnik po po\u0161kodbi Rodrigo Defendi. V primerjavi s postavo v Sofiji, je prednost pred Damjanom Boharjem dobil Dare Vr\u0161i\u010d. Vijoli\u010daste bo sicer pri\u010dakalo dobro vzdu\u0161je. Na stadionu Pittodrie bo po ocenah gostiteljev vsaj 18 tiso\u010d navija\u010dev. Aberdeen - Maribor (20.45) Stadion Pittodrie, sodnik: Tore Hansen (Norve\u0161ka) Aberdeen: Lewis, Logan, Shinnie, Considine, Taylor, Reynolds, Rooney, McGinn, Hayes, Stockley, Jack. Maribor: Handanovi\u0107, \u0160me, \u0160uler, Defendi, Jan\u017ea, Vrhovec, Kabha, Hoti\u0107, Vr\u0161i\u010d, Tavares, Novakovi\u0107.\u0160port\" \/>\n<meta property=\"og:url\" content=\"https:\/\/hudo.com\/si\/aktualno\/vijolicasti-v-aberdeenu-brez-hodzica\/\" \/>\n<meta property=\"og:site_name\" content=\"Hudo Slovenija\" \/>\n<meta property=\"article:publisher\" content=\"https:\/\/www.facebook.com\/hudo.si\" \/>\n<meta property=\"article:published_time\" content=\"2016-07-28T16:00:00+00:00\" \/>\n<meta property=\"article:modified_time\" content=\"2016-07-29T07:37:48+00:00\" \/>\n<meta property=\"og:image\" content=\"https:\/\/hudo.com\/si\/wp-content\/uploads\/sites\/2\/2016\/07\/CoeHXgOWEAA_S0M-300.jpg\" \/>\n\t<meta property=\"og:image:width\" content=\"450\" \/>\n\t<meta property=\"og:image:height\" content=\"253\" \/>\n\t<meta property=\"og:image:type\" content=\"image\/jpeg\" \/>\n<meta name=\"author\" content=\"hudo\" \/>\n<meta name=\"twitter:card\" content=\"summary_large_image\" \/>\n<meta name=\"twitter:creator\" content=\"@hudo_si\" \/>\n<meta name=\"twitter:site\" content=\"@hudo_si\" \/>\n<meta name=\"twitter:label1\" content=\"Written by\" \/>\n\t<meta name=\"twitter:data1\" content=\"hudo\" \/>\n\t<meta name=\"twitter:label2\" content=\"Est. reading time\" \/>\n\t<meta name=\"twitter:data2\" content=\"1 minuta\" \/>\n<script type=\"application\/ld+json\" class=\"yoast-schema-graph\">{\"@context\":\"https:\/\/schema.org\",\"@graph\":[{\"@type\":\"Article\",\"@id\":\"https:\/\/hudo.com\/si\/aktualno\/vijolicasti-v-aberdeenu-brez-hodzica\/#article\",\"isPartOf\":{\"@id\":\"https:\/\/hudo.com\/si\/aktualno\/vijolicasti-v-aberdeenu-brez-hodzica\/\"},\"author\":{\"name\":\"hudo\",\"@id\":\"https:\/\/hudo.com\/si\/#\/schema\/person\/601cf3379633985b20f7e50f2bb47707\"},\"headline\":\"Vijoli\u010dasti v Aberdeenu brez Hod\u017ei\u0107a\",\"datePublished\":\"2016-07-28T16:00:00+00:00\",\"dateModified\":\"2016-07-29T07:37:48+00:00\",\"mainEntityOfPage\":{\"@id\":\"https:\/\/hudo.com\/si\/aktualno\/vijolicasti-v-aberdeenu-brez-hodzica\/\"},\"wordCount\":143,\"publisher\":{\"@id\":\"https:\/\/hudo.com\/si\/#organization\"},\"articleSection\":[\"Aktualno\"],\"inLanguage\":\"sl-SI\"},{\"@type\":\"WebPage\",\"@id\":\"https:\/\/hudo.com\/si\/aktualno\/vijolicasti-v-aberdeenu-brez-hodzica\/\",\"url\":\"https:\/\/hudo.com\/si\/aktualno\/vijolicasti-v-aberdeenu-brez-hodzica\/\",\"name\":\"Vijoli\u010dasti v Aberdeenu brez Hod\u017ei\u0107a - Hudo Slovenija\",\"isPartOf\":{\"@id\":\"https:\/\/hudo.com\/si\/#website\"},\"datePublished\":\"2016-07-28T16:00:00+00:00\",\"dateModified\":\"2016-07-29T07:37:48+00:00\",\"breadcrumb\":{\"@id\":\"https:\/\/hudo.com\/si\/aktualno\/vijolicasti-v-aberdeenu-brez-hodzica\/#breadcrumb\"},\"inLanguage\":\"sl-SI\",\"potentialAction\":[{\"@type\":\"ReadAction\",\"target\":[\"https:\/\/hudo.com\/si\/aktualno\/vijolicasti-v-aberdeenu-brez-hodzica\/\"]}]},{\"@type\":\"BreadcrumbList\",\"@id\":\"https:\/\/hudo.com\/si\/aktualno\/vijolicasti-v-aberdeenu-brez-hodzica\/#breadcrumb\",\"itemListElement\":[{\"@type\":\"ListItem\",\"position\":1,\"name\":\"Home\",\"item\":\"https:\/\/hudo.com\/si\/\"},{\"@type\":\"ListItem\",\"position\":2,\"name\":\"Vijoli\u010dasti v Aberdeenu brez Hod\u017ei\u0107a\"}]},{\"@type\":\"WebSite\",\"@id\":\"https:\/\/hudo.com\/si\/#website\",\"url\":\"https:\/\/hudo.com\/si\/\",\"name\":\"Hudo Slovenija\",\"description\":\"Vse novice iz Slovenije in sveta\",\"publisher\":{\"@id\":\"https:\/\/hudo.com\/si\/#organization\"},\"potentialAction\":[{\"@type\":\"SearchAction\",\"target\":{\"@type\":\"EntryPoint\",\"urlTemplate\":\"https:\/\/hudo.com\/si\/?s={search_term_string}\"},\"query-input\":\"required name=search_term_string\"}],\"inLanguage\":\"sl-SI\"},{\"@type\":\"Organization\",\"@id\":\"https:\/\/hudo.com\/si\/#organization\",\"name\":\"VSN Media\",\"url\":\"https:\/\/hudo.com\/si\/\",\"logo\":{\"@type\":\"ImageObject\",\"inLanguage\":\"sl-SI\",\"@id\":\"https:\/\/hudo.com\/si\/#\/schema\/logo\/image\/\",\"url\":\"https:\/\/hudo.com\/si\/wp-content\/uploads\/sites\/2\/2021\/03\/hudo-app-2.png\",\"contentUrl\":\"https:\/\/hudo.com\/si\/wp-content\/uploads\/sites\/2\/2021\/03\/hudo-app-2.png\",\"width\":2185,\"height\":2167,\"caption\":\"VSN Media\"},\"image\":{\"@id\":\"https:\/\/hudo.com\/si\/#\/schema\/logo\/image\/\"},\"sameAs\":[\"https:\/\/www.facebook.com\/hudo.si\",\"https:\/\/twitter.com\/hudo_si\"]},{\"@type\":\"Person\",\"@id\":\"https:\/\/hudo.com\/si\/#\/schema\/person\/601cf3379633985b20f7e50f2bb47707\",\"name\":\"hudo\",\"image\":{\"@type\":\"ImageObject\",\"inLanguage\":\"sl-SI\",\"@id\":\"https:\/\/hudo.com\/si\/#\/schema\/person\/image\/\",\"url\":\"https:\/\/secure.gravatar.com\/avatar\/c4ca25fa72cace7a696b52ff5db9e095?s=96&d=mm&r=g\",\"contentUrl\":\"https:\/\/secure.gravatar.com\/avatar\/c4ca25fa72cace7a696b52ff5db9e095?s=96&d=mm&r=g\",\"caption\":\"hudo\"},\"url\":\"https:\/\/hudo.com\/si\/author\/hudo\/\"}]}<\/script>\n<!-- \/ Yoast SEO plugin. -->","yoast_head_json":{"title":"Vijoli\u010dasti v Aberdeenu brez Hod\u017ei\u0107a - Hudo Slovenija","robots":{"index":"index","follow":"follow","max-snippet":"max-snippet:-1","max-image-preview":"max-image-preview:large","max-video-preview":"max-video-preview:-1"},"canonical":"https:\/\/hudo.com\/si\/aktualno\/vijolicasti-v-aberdeenu-brez-hodzica\/","og_locale":"sl_SI","og_type":"article","og_title":"Vijoli\u010dasti v Aberdeenu brez Hod\u017ei\u0107a - Hudo Slovenija","og_description":"Nogometa\u0161i Maribora se ogrevajo za prvo tekmo tretjega kroga evropske lige proti Aberdeenu. Trener Darko Milani\u010d je nekoliko preme\u0161al postavo. Na desni strani obrambe bo prvi\u010d zaigral Denis \u0160me, Adisa Hod\u017ei\u0107a, ki je za\u010del obe tekmi proti Levskemu, ni na klopi. Na polo\u017eaju osrednjega branilca bo ob Marku \u0160ulerju za\u010del povratnik po po\u0161kodbi Rodrigo Defendi. V primerjavi s postavo v Sofiji, je prednost pred Damjanom Boharjem dobil Dare Vr\u0161i\u010d. Vijoli\u010daste bo sicer pri\u010dakalo dobro vzdu\u0161je. Na stadionu Pittodrie bo po ocenah gostiteljev vsaj 18 tiso\u010d navija\u010dev. Aberdeen - Maribor (20.45) Stadion Pittodrie, sodnik: Tore Hansen (Norve\u0161ka) Aberdeen: Lewis, Logan, Shinnie, Considine, Taylor, Reynolds, Rooney, McGinn, Hayes, Stockley, Jack. Maribor: Handanovi\u0107, \u0160me, \u0160uler, Defendi, Jan\u017ea, Vrhovec, Kabha, Hoti\u0107, Vr\u0161i\u010d, Tavares, Novakovi\u0107.\u0160port","og_url":"https:\/\/hudo.com\/si\/aktualno\/vijolicasti-v-aberdeenu-brez-hodzica\/","og_site_name":"Hudo Slovenija","article_publisher":"https:\/\/www.facebook.com\/hudo.si","article_published_time":"2016-07-28T16:00:00+00:00","article_modified_time":"2016-07-29T07:37:48+00:00","og_image":[{"width":450,"height":253,"url":"https:\/\/hudo.com\/si\/wp-content\/uploads\/sites\/2\/2016\/07\/CoeHXgOWEAA_S0M-300.jpg","type":"image\/jpeg"}],"author":"hudo","twitter_card":"summary_large_image","twitter_creator":"@hudo_si","twitter_site":"@hudo_si","twitter_misc":{"Written by":"hudo","Est. reading time":"1 minuta"},"schema":{"@context":"https:\/\/schema.org","@graph":[{"@type":"Article","@id":"https:\/\/hudo.com\/si\/aktualno\/vijolicasti-v-aberdeenu-brez-hodzica\/#article","isPartOf":{"@id":"https:\/\/hudo.com\/si\/aktualno\/vijolicasti-v-aberdeenu-brez-hodzica\/"},"author":{"name":"hudo","@id":"https:\/\/hudo.com\/si\/#\/schema\/person\/601cf3379633985b20f7e50f2bb47707"},"headline":"Vijoli\u010dasti v Aberdeenu brez Hod\u017ei\u0107a","datePublished":"2016-07-28T16:00:00+00:00","dateModified":"2016-07-29T07:37:48+00:00","mainEntityOfPage":{"@id":"https:\/\/hudo.com\/si\/aktualno\/vijolicasti-v-aberdeenu-brez-hodzica\/"},"wordCount":143,"publisher":{"@id":"https:\/\/hudo.com\/si\/#organization"},"articleSection":["Aktualno"],"inLanguage":"sl-SI"},{"@type":"WebPage","@id":"https:\/\/hudo.com\/si\/aktualno\/vijolicasti-v-aberdeenu-brez-hodzica\/","url":"https:\/\/hudo.com\/si\/aktualno\/vijolicasti-v-aberdeenu-brez-hodzica\/","name":"Vijoli\u010dasti v Aberdeenu brez Hod\u017ei\u0107a - Hudo Slovenija","isPartOf":{"@id":"https:\/\/hudo.com\/si\/#website"},"datePublished":"2016-07-28T16:00:00+00:00","dateModified":"2016-07-29T07:37:48+00:00","breadcrumb":{"@id":"https:\/\/hudo.com\/si\/aktualno\/vijolicasti-v-aberdeenu-brez-hodzica\/#breadcrumb"},"inLanguage":"sl-SI","potentialAction":[{"@type":"ReadAction","target":["https:\/\/hudo.com\/si\/aktualno\/vijolicasti-v-aberdeenu-brez-hodzica\/"]}]},{"@type":"BreadcrumbList","@id":"https:\/\/hudo.com\/si\/aktualno\/vijolicasti-v-aberdeenu-brez-hodzica\/#breadcrumb","itemListElement":[{"@type":"ListItem","position":1,"name":"Home","item":"https:\/\/hudo.com\/si\/"},{"@type":"ListItem","position":2,"name":"Vijoli\u010dasti v Aberdeenu brez Hod\u017ei\u0107a"}]},{"@type":"WebSite","@id":"https:\/\/hudo.com\/si\/#website","url":"https:\/\/hudo.com\/si\/","name":"Hudo Slovenija","description":"Vse novice iz Slovenije in sveta","publisher":{"@id":"https:\/\/hudo.com\/si\/#organization"},"potentialAction":[{"@type":"SearchAction","target":{"@type":"EntryPoint","urlTemplate":"https:\/\/hudo.com\/si\/?s={search_term_string}"},"query-input":"required name=search_term_string"}],"inLanguage":"sl-SI"},{"@type":"Organization","@id":"https:\/\/hudo.com\/si\/#organization","name":"VSN Media","url":"https:\/\/hudo.com\/si\/","logo":{"@type":"ImageObject","inLanguage":"sl-SI","@id":"https:\/\/hudo.com\/si\/#\/schema\/logo\/image\/","url":"https:\/\/hudo.com\/si\/wp-content\/uploads\/sites\/2\/2021\/03\/hudo-app-2.png","contentUrl":"https:\/\/hudo.com\/si\/wp-content\/uploads\/sites\/2\/2021\/03\/hudo-app-2.png","width":2185,"height":2167,"caption":"VSN Media"},"image":{"@id":"https:\/\/hudo.com\/si\/#\/schema\/logo\/image\/"},"sameAs":["https:\/\/www.facebook.com\/hudo.si","https:\/\/twitter.com\/hudo_si"]},{"@type":"Person","@id":"https:\/\/hudo.com\/si\/#\/schema\/person\/601cf3379633985b20f7e50f2bb47707","name":"hudo","image":{"@type":"ImageObject","inLanguage":"sl-SI","@id":"https:\/\/hudo.com\/si\/#\/schema\/person\/image\/","url":"https:\/\/secure.gravatar.com\/avatar\/c4ca25fa72cace7a696b52ff5db9e095?s=96&d=mm&r=g","contentUrl":"https:\/\/secure.gravatar.com\/avatar\/c4ca25fa72cace7a696b52ff5db9e095?s=96&d=mm&r=g","caption":"hudo"},"url":"https:\/\/hudo.com\/si\/author\/hudo\/"}]}},"amp_enabled":true,"_links":{"self":[{"href":"https:\/\/hudo.com\/si\/wp-json\/wp\/v2\/posts\/103744"}],"collection":[{"href":"https:\/\/hudo.com\/si\/wp-json\/wp\/v2\/posts"}],"about":[{"href":"https:\/\/hudo.com\/si\/wp-json\/wp\/v2\/types\/post"}],"author":[{"embeddable":true,"href":"https:\/\/hudo.com\/si\/wp-json\/wp\/v2\/users\/1"}],"replies":[{"embeddable":true,"href":"https:\/\/hudo.com\/si\/wp-json\/wp\/v2\/comments?post=103744"}],"version-history":[{"count":1,"href":"https:\/\/hudo.com\/si\/wp-json\/wp\/v2\/posts\/103744\/revisions"}],"predecessor-version":[{"id":103803,"href":"https:\/\/hudo.com\/si\/wp-json\/wp\/v2\/posts\/103744\/revisions\/103803"}],"wp:attachment":[{"href":"https:\/\/hudo.com\/si\/wp-json\/wp\/v2\/media?parent=103744"}],"wp:term":[{"taxonomy":"category","embeddable":true,"href":"https:\/\/hudo.com\/si\/wp-json\/wp\/v2\/categories?post=103744"},{"taxonomy":"post_tag","embeddable":true,"href":"https:\/\/hudo.com\/si\/wp-json\/wp\/v2\/tags?post=103744"},{"taxonomy":"source","embeddable":true,"href":"https:\/\/hudo.com\/si\/wp-json\/wp\/v2\/source?post=103744"},{"taxonomy":"supertag","embeddable":true,"href":"https:\/\/hudo.com\/si\/wp-json\/wp\/v2\/supertag?post=103744"}],"curies":[{"name":"wp","href":"https:\/\/api.w.org\/{rel}","templated":true}]}}