{"id":10377,"date":"2016-03-04T09:48:51","date_gmt":"2016-03-04T08:48:51","guid":{"rendered":"http:\/\/master.hudo.com\/si\/2016\/03\/04\/v-kaksnih-vozilih-se-vozijo-svetovni-voditelji\/"},"modified":"2016-03-04T09:48:51","modified_gmt":"2016-03-04T08:48:51","slug":"v-kaksnih-vozilih-se-vozijo-svetovni-voditelji","status":"publish","type":"post","link":"https:\/\/hudo.com\/si\/lifestyle\/v-kaksnih-vozilih-se-vozijo-svetovni-voditelji\/","title":{"rendered":"V kak\u0161nih vozilih se vozijo svetovni voditelji"},"content":{"rendered":"<p>Naj bo eno ali drugo, prav zagotovo niste mogli spregledati presti\u017enih avtomobilov z zatemnjenimi stekli, za katerimi so se skrivali pomembne\u017ei.\u00a0 Od tragi\u010dnega umora Johna F. Kennedyja, ki se je pripetil, medtem ko se je predsednik vozil v odprti limuzini Lincoln Continental SS-100-X, so avtomobili svetovnih voditeljev dobili pomembno vlogo. Poleg manifestacije presti\u017ea in mo\u010di je njihova najpomembnej\u0161a funkcija zavarovati pomembno osebo, ki jo preva\u017eajo.<\/p>\n<p><em>\u00a0<a href=\"http:\/\/moski.hudo.com\/lifestyle\/avtomobilizem\/v-kaksnih-vozilih-se-vozijo-svetovni-voditelji\/galerija\/jfk\/\" rel=\"attachment wp-att-199256\"><img loading=\"lazy\" decoding=\"async\" class=\"alignnone size-large wp-image-199256\" src=\"http:\/\/moski.hudo.com\/wp-content\/uploads\/2016\/03\/jfk-660x345.jpg\" alt=\"jfk\" width=\"660\" height=\"345\" \/><\/a><\/em><\/p>\n<h2><strong>Luksuzni avtomobili nekaterih svetovnih voditeljev so pravi oklepniki<\/strong><strong>\u00a0<\/strong><\/h2>\n<p>Eno prvih vozil, posebej zasnovanih za za\u0161\u010dito pomembne osebe, je znameniti\u00a0 \u00bbpapamobil\u00ab, ki je danes znamke Mercedes-Benz. V sedanji neprebojni obliki je bil razvit po napadu Alija Agce na pape\u017ea Janeza Pavla II. leta 1981 in je odtlej nepogre\u0161ljivo prevozno sredstvo vseh pape\u017eev.<\/p>\n<p><a href=\"http:\/\/moski.hudo.com\/lifestyle\/avtomobilizem\/v-kaksnih-vozilih-se-vozijo-svetovni-voditelji\/galerija\/beast\/\" rel=\"attachment wp-att-199257\"><img loading=\"lazy\" decoding=\"async\" class=\"alignnone size-large wp-image-199257\" src=\"http:\/\/moski.hudo.com\/wp-content\/uploads\/2016\/03\/beast-660x385.jpg\" alt=\"beast\" width=\"660\" height=\"385\" \/><\/a><\/p>\n<p>Morda najbolj fascinantno dr\u017eavni\u0161ko vozilo je \u010drni lepotec znamke Cadillac ameri\u0161kega predsednika Baracka Obame, poznan tudi po ljubkovalnem imenu The Beast ( Zver). Avtomobil nudi popolno za\u0161\u010dito pred teroristi\u010dnimi napadi, hkrati pa omogo\u010da predsedniku nemoteno povezavo z administrativnim osebjem. Oklep avtomobila je narejen iz neprebojnega materiala, ki mu ne more do \u017eivega niti bombni napad, notranjost vozila pa najpomembnej\u0161emu mo\u017eu v Ameriki nudi popolno udobje. V notranjosti avtomobila se skriva \u0161e cela vrsta varnostnih naprav in orodij, med drugim celo epruvete s krvjo istega tipa, kot jo imajo \u010dlani prve dru\u017eine.<strong>\u00a0<\/strong><\/p>\n<h2><strong>Drugi pa prisegajo na preproste, a kakovostne avtomobile<\/strong><strong>\u00a0<\/strong><\/h2>\n<p>Med prvo peterico avtomobilov, ki jih povezujemo s svetovnimi voditelji in pomembne\u017ei, so zagotovo tudi Rolls-Royce, Lincoln in Bentley. Toda nekatere pomembne osebnosti dana\u0161njega \u010dasa ne \u010dutijo potrebe, da bi se naokoli vozile s presti\u017enimi avtomobili. Raje prisegajo na cenovno dostopne ljudske avtomobile.<\/p>\n<p>Tako se na primer pape\u017e Fran\u010di\u0161ek najraje naokoli preva\u017ea z Renaultom 4 oziroma popularno katrco. Pape\u017e meni, da ni prav nobene potrebe, da je Rimokatoli\u0161ka cerkev razsipna, poleg tega pa svojim kolegom \u017eeli z vzorom pokazati, da presti\u017e in bogastvo nista vse. Poleg pape\u017ea se s katrco rad zapelje tudi slovenski predsednik Borut Pahor.<\/p>\n<figure>\n\t\t\t\t\t<img loading=\"lazy\" decoding=\"async\" width=\"660\" height=\"320\" src=\"data:image\/gif;base64,R0lGODlhAQABAAAAACH5BAEKAAEALAAAAAABAAEAAAICTAEAOw==\" class=\"lazyload\" data-src=\"http:\/\/moski.hudo.com\/wp-content\/uploads\/2016\/03\/mujica-320x155.jpg\" data-srcset=\"http:\/\/moski.hudo.com\/wp-content\/uploads\/2016\/03\/mujica-660x320.jpg 660w,http:\/\/moski.hudo.com\/wp-content\/uploads\/2016\/03\/mujica-320x155.jpg 330w\" sizes=\"(max-width: 660px) 100vw, 660px\"\/><figcaption>Biv\u0161i urugvajski predsednik v svojem ljubljenem hro\u0161\u010du<\/figcaption><\/figure>\n<p>Tudi predsednik Urugvaja Jos\u00e9 Mujica prisega na kakovost starega \u00bboldtimerja\u00ab &#8211;\u00a0 Volkswagnovega hro\u0161\u010da. S svojim ljubljencem, za katerega meni, da mu ni para, sporo\u010da tudi svojim dr\u017eavljanom, da jim zaupa, saj ne potrebuje \u00bboklepa\u00ab, ki bi ga \u0161\u010ditil pred njimi.<\/p>\n<p>Presti\u017eni ali ne, avtomobili svetovnih voditeljev so prav zagotovo vse prej kot povpre\u010dni. Vsem pa sta skupna kakovost in prepoznaven dizajn, ki vedno pritegne na\u0161o pozornost.<\/p>\n","protected":false},"excerpt":{"rendered":"<p>Se vam je \u017ee zgodilo, da ste obti\u010dali v prometnem zastoju, ki je nastal zaradi obiska pomembnega dr\u017eavnika? Ali pa ste se morda ob obisku angle\u0161ke kraljice v Ljubljani pridru\u017eili mno\u017eici, ki je pri\u0161la pozdravit slavnostni sprevod?<\/p>\n","protected":false},"author":1,"featured_media":0,"comment_status":"closed","ping_status":"closed","sticky":false,"template":"","format":"standard","meta":{"footnotes":""},"categories":[1091],"tags":[2001,2002,1521,1668,1632],"source":[1523,1522,1518],"supertag":[],"acf":[],"yoast_head":"<!-- This site is optimized with the Yoast SEO plugin v21.3 - https:\/\/yoast.com\/wordpress\/plugins\/seo\/ -->\n<title>V kak\u0161nih vozilih se vozijo svetovni voditelji - Hudo Slovenija<\/title>\n<meta name=\"robots\" content=\"index, follow, max-snippet:-1, max-image-preview:large, max-video-preview:-1\" \/>\n<link rel=\"canonical\" href=\"https:\/\/hudo.com\/si\/lifestyle\/v-kaksnih-vozilih-se-vozijo-svetovni-voditelji\/\" \/>\n<meta property=\"og:locale\" content=\"sl_SI\" \/>\n<meta property=\"og:type\" content=\"article\" \/>\n<meta property=\"og:title\" content=\"V kak\u0161nih vozilih se vozijo svetovni voditelji - Hudo Slovenija\" \/>\n<meta property=\"og:description\" content=\"Se vam je \u017ee zgodilo, da ste obti\u010dali v prometnem zastoju, ki je nastal zaradi obiska pomembnega dr\u017eavnika? Ali pa ste se morda ob obisku angle\u0161ke kraljice v Ljubljani pridru\u017eili mno\u017eici, ki je pri\u0161la pozdravit slavnostni sprevod?\" \/>\n<meta property=\"og:url\" content=\"https:\/\/hudo.com\/si\/lifestyle\/v-kaksnih-vozilih-se-vozijo-svetovni-voditelji\/\" \/>\n<meta property=\"og:site_name\" content=\"Hudo Slovenija\" \/>\n<meta property=\"article:publisher\" content=\"https:\/\/www.facebook.com\/hudo.si\" \/>\n<meta property=\"article:published_time\" content=\"2016-03-04T08:48:51+00:00\" \/>\n<meta property=\"og:image\" content=\"https:\/\/hudo.com\/si\/wp-content\/uploads\/sites\/2\/2016\/03\/beast-1.jpg\" \/>\n\t<meta property=\"og:image:width\" content=\"1024\" \/>\n\t<meta property=\"og:image:height\" content=\"598\" \/>\n\t<meta property=\"og:image:type\" content=\"image\/jpeg\" \/>\n<meta name=\"author\" content=\"hudo\" \/>\n<meta name=\"twitter:card\" content=\"summary_large_image\" \/>\n<meta name=\"twitter:creator\" content=\"@hudo_si\" \/>\n<meta name=\"twitter:site\" content=\"@hudo_si\" \/>\n<meta name=\"twitter:label1\" content=\"Written by\" \/>\n\t<meta name=\"twitter:data1\" content=\"hudo\" \/>\n\t<meta name=\"twitter:label2\" content=\"Est. reading time\" \/>\n\t<meta name=\"twitter:data2\" content=\"2 minuti\" \/>\n<script type=\"application\/ld+json\" class=\"yoast-schema-graph\">{\"@context\":\"https:\/\/schema.org\",\"@graph\":[{\"@type\":\"Article\",\"@id\":\"https:\/\/hudo.com\/si\/lifestyle\/v-kaksnih-vozilih-se-vozijo-svetovni-voditelji\/#article\",\"isPartOf\":{\"@id\":\"https:\/\/hudo.com\/si\/lifestyle\/v-kaksnih-vozilih-se-vozijo-svetovni-voditelji\/\"},\"author\":{\"name\":\"hudo\",\"@id\":\"https:\/\/hudo.com\/si\/#\/schema\/person\/601cf3379633985b20f7e50f2bb47707\"},\"headline\":\"V kak\u0161nih vozilih se vozijo svetovni voditelji\",\"datePublished\":\"2016-03-04T08:48:51+00:00\",\"dateModified\":\"2016-03-04T08:48:51+00:00\",\"mainEntityOfPage\":{\"@id\":\"https:\/\/hudo.com\/si\/lifestyle\/v-kaksnih-vozilih-se-vozijo-svetovni-voditelji\/\"},\"wordCount\":426,\"publisher\":{\"@id\":\"https:\/\/hudo.com\/si\/#organization\"},\"keywords\":[\"ameri\u0161ki predsednik\",\"politik\",\"starinski avtomobili\",\"Volkswagen\",\"zanimivosti o avtomobilih\"],\"articleSection\":[\"Lifestyle\"],\"inLanguage\":\"sl-SI\"},{\"@type\":\"WebPage\",\"@id\":\"https:\/\/hudo.com\/si\/lifestyle\/v-kaksnih-vozilih-se-vozijo-svetovni-voditelji\/\",\"url\":\"https:\/\/hudo.com\/si\/lifestyle\/v-kaksnih-vozilih-se-vozijo-svetovni-voditelji\/\",\"name\":\"V kak\u0161nih vozilih se vozijo svetovni voditelji - Hudo Slovenija\",\"isPartOf\":{\"@id\":\"https:\/\/hudo.com\/si\/#website\"},\"datePublished\":\"2016-03-04T08:48:51+00:00\",\"dateModified\":\"2016-03-04T08:48:51+00:00\",\"breadcrumb\":{\"@id\":\"https:\/\/hudo.com\/si\/lifestyle\/v-kaksnih-vozilih-se-vozijo-svetovni-voditelji\/#breadcrumb\"},\"inLanguage\":\"sl-SI\",\"potentialAction\":[{\"@type\":\"ReadAction\",\"target\":[\"https:\/\/hudo.com\/si\/lifestyle\/v-kaksnih-vozilih-se-vozijo-svetovni-voditelji\/\"]}]},{\"@type\":\"BreadcrumbList\",\"@id\":\"https:\/\/hudo.com\/si\/lifestyle\/v-kaksnih-vozilih-se-vozijo-svetovni-voditelji\/#breadcrumb\",\"itemListElement\":[{\"@type\":\"ListItem\",\"position\":1,\"name\":\"Home\",\"item\":\"https:\/\/hudo.com\/si\/\"},{\"@type\":\"ListItem\",\"position\":2,\"name\":\"V kak\u0161nih vozilih se vozijo svetovni voditelji\"}]},{\"@type\":\"WebSite\",\"@id\":\"https:\/\/hudo.com\/si\/#website\",\"url\":\"https:\/\/hudo.com\/si\/\",\"name\":\"Hudo Slovenija\",\"description\":\"Vse novice iz Slovenije in sveta\",\"publisher\":{\"@id\":\"https:\/\/hudo.com\/si\/#organization\"},\"potentialAction\":[{\"@type\":\"SearchAction\",\"target\":{\"@type\":\"EntryPoint\",\"urlTemplate\":\"https:\/\/hudo.com\/si\/?s={search_term_string}\"},\"query-input\":\"required name=search_term_string\"}],\"inLanguage\":\"sl-SI\"},{\"@type\":\"Organization\",\"@id\":\"https:\/\/hudo.com\/si\/#organization\",\"name\":\"VSN Media\",\"url\":\"https:\/\/hudo.com\/si\/\",\"logo\":{\"@type\":\"ImageObject\",\"inLanguage\":\"sl-SI\",\"@id\":\"https:\/\/hudo.com\/si\/#\/schema\/logo\/image\/\",\"url\":\"https:\/\/hudo.com\/si\/wp-content\/uploads\/sites\/2\/2021\/03\/hudo-app-2.png\",\"contentUrl\":\"https:\/\/hudo.com\/si\/wp-content\/uploads\/sites\/2\/2021\/03\/hudo-app-2.png\",\"width\":2185,\"height\":2167,\"caption\":\"VSN Media\"},\"image\":{\"@id\":\"https:\/\/hudo.com\/si\/#\/schema\/logo\/image\/\"},\"sameAs\":[\"https:\/\/www.facebook.com\/hudo.si\",\"https:\/\/twitter.com\/hudo_si\"]},{\"@type\":\"Person\",\"@id\":\"https:\/\/hudo.com\/si\/#\/schema\/person\/601cf3379633985b20f7e50f2bb47707\",\"name\":\"hudo\",\"image\":{\"@type\":\"ImageObject\",\"inLanguage\":\"sl-SI\",\"@id\":\"https:\/\/hudo.com\/si\/#\/schema\/person\/image\/\",\"url\":\"https:\/\/secure.gravatar.com\/avatar\/c4ca25fa72cace7a696b52ff5db9e095?s=96&d=mm&r=g\",\"contentUrl\":\"https:\/\/secure.gravatar.com\/avatar\/c4ca25fa72cace7a696b52ff5db9e095?s=96&d=mm&r=g\",\"caption\":\"hudo\"},\"url\":\"https:\/\/hudo.com\/si\/author\/hudo\/\"}]}<\/script>\n<!-- \/ Yoast SEO plugin. -->","yoast_head_json":{"title":"V kak\u0161nih vozilih se vozijo svetovni voditelji - Hudo Slovenija","robots":{"index":"index","follow":"follow","max-snippet":"max-snippet:-1","max-image-preview":"max-image-preview:large","max-video-preview":"max-video-preview:-1"},"canonical":"https:\/\/hudo.com\/si\/lifestyle\/v-kaksnih-vozilih-se-vozijo-svetovni-voditelji\/","og_locale":"sl_SI","og_type":"article","og_title":"V kak\u0161nih vozilih se vozijo svetovni voditelji - Hudo Slovenija","og_description":"Se vam je \u017ee zgodilo, da ste obti\u010dali v prometnem zastoju, ki je nastal zaradi obiska pomembnega dr\u017eavnika? Ali pa ste se morda ob obisku angle\u0161ke kraljice v Ljubljani pridru\u017eili mno\u017eici, ki je pri\u0161la pozdravit slavnostni sprevod?","og_url":"https:\/\/hudo.com\/si\/lifestyle\/v-kaksnih-vozilih-se-vozijo-svetovni-voditelji\/","og_site_name":"Hudo Slovenija","article_publisher":"https:\/\/www.facebook.com\/hudo.si","article_published_time":"2016-03-04T08:48:51+00:00","og_image":[{"width":1024,"height":598,"url":"https:\/\/hudo.com\/si\/wp-content\/uploads\/sites\/2\/2016\/03\/beast-1.jpg","type":"image\/jpeg"}],"author":"hudo","twitter_card":"summary_large_image","twitter_creator":"@hudo_si","twitter_site":"@hudo_si","twitter_misc":{"Written by":"hudo","Est. reading time":"2 minuti"},"schema":{"@context":"https:\/\/schema.org","@graph":[{"@type":"Article","@id":"https:\/\/hudo.com\/si\/lifestyle\/v-kaksnih-vozilih-se-vozijo-svetovni-voditelji\/#article","isPartOf":{"@id":"https:\/\/hudo.com\/si\/lifestyle\/v-kaksnih-vozilih-se-vozijo-svetovni-voditelji\/"},"author":{"name":"hudo","@id":"https:\/\/hudo.com\/si\/#\/schema\/person\/601cf3379633985b20f7e50f2bb47707"},"headline":"V kak\u0161nih vozilih se vozijo svetovni voditelji","datePublished":"2016-03-04T08:48:51+00:00","dateModified":"2016-03-04T08:48:51+00:00","mainEntityOfPage":{"@id":"https:\/\/hudo.com\/si\/lifestyle\/v-kaksnih-vozilih-se-vozijo-svetovni-voditelji\/"},"wordCount":426,"publisher":{"@id":"https:\/\/hudo.com\/si\/#organization"},"keywords":["ameri\u0161ki predsednik","politik","starinski avtomobili","Volkswagen","zanimivosti o avtomobilih"],"articleSection":["Lifestyle"],"inLanguage":"sl-SI"},{"@type":"WebPage","@id":"https:\/\/hudo.com\/si\/lifestyle\/v-kaksnih-vozilih-se-vozijo-svetovni-voditelji\/","url":"https:\/\/hudo.com\/si\/lifestyle\/v-kaksnih-vozilih-se-vozijo-svetovni-voditelji\/","name":"V kak\u0161nih vozilih se vozijo svetovni voditelji - Hudo Slovenija","isPartOf":{"@id":"https:\/\/hudo.com\/si\/#website"},"datePublished":"2016-03-04T08:48:51+00:00","dateModified":"2016-03-04T08:48:51+00:00","breadcrumb":{"@id":"https:\/\/hudo.com\/si\/lifestyle\/v-kaksnih-vozilih-se-vozijo-svetovni-voditelji\/#breadcrumb"},"inLanguage":"sl-SI","potentialAction":[{"@type":"ReadAction","target":["https:\/\/hudo.com\/si\/lifestyle\/v-kaksnih-vozilih-se-vozijo-svetovni-voditelji\/"]}]},{"@type":"BreadcrumbList","@id":"https:\/\/hudo.com\/si\/lifestyle\/v-kaksnih-vozilih-se-vozijo-svetovni-voditelji\/#breadcrumb","itemListElement":[{"@type":"ListItem","position":1,"name":"Home","item":"https:\/\/hudo.com\/si\/"},{"@type":"ListItem","position":2,"name":"V kak\u0161nih vozilih se vozijo svetovni voditelji"}]},{"@type":"WebSite","@id":"https:\/\/hudo.com\/si\/#website","url":"https:\/\/hudo.com\/si\/","name":"Hudo Slovenija","description":"Vse novice iz Slovenije in sveta","publisher":{"@id":"https:\/\/hudo.com\/si\/#organization"},"potentialAction":[{"@type":"SearchAction","target":{"@type":"EntryPoint","urlTemplate":"https:\/\/hudo.com\/si\/?s={search_term_string}"},"query-input":"required name=search_term_string"}],"inLanguage":"sl-SI"},{"@type":"Organization","@id":"https:\/\/hudo.com\/si\/#organization","name":"VSN Media","url":"https:\/\/hudo.com\/si\/","logo":{"@type":"ImageObject","inLanguage":"sl-SI","@id":"https:\/\/hudo.com\/si\/#\/schema\/logo\/image\/","url":"https:\/\/hudo.com\/si\/wp-content\/uploads\/sites\/2\/2021\/03\/hudo-app-2.png","contentUrl":"https:\/\/hudo.com\/si\/wp-content\/uploads\/sites\/2\/2021\/03\/hudo-app-2.png","width":2185,"height":2167,"caption":"VSN Media"},"image":{"@id":"https:\/\/hudo.com\/si\/#\/schema\/logo\/image\/"},"sameAs":["https:\/\/www.facebook.com\/hudo.si","https:\/\/twitter.com\/hudo_si"]},{"@type":"Person","@id":"https:\/\/hudo.com\/si\/#\/schema\/person\/601cf3379633985b20f7e50f2bb47707","name":"hudo","image":{"@type":"ImageObject","inLanguage":"sl-SI","@id":"https:\/\/hudo.com\/si\/#\/schema\/person\/image\/","url":"https:\/\/secure.gravatar.com\/avatar\/c4ca25fa72cace7a696b52ff5db9e095?s=96&d=mm&r=g","contentUrl":"https:\/\/secure.gravatar.com\/avatar\/c4ca25fa72cace7a696b52ff5db9e095?s=96&d=mm&r=g","caption":"hudo"},"url":"https:\/\/hudo.com\/si\/author\/hudo\/"}]}},"amp_enabled":true,"_links":{"self":[{"href":"https:\/\/hudo.com\/si\/wp-json\/wp\/v2\/posts\/10377"}],"collection":[{"href":"https:\/\/hudo.com\/si\/wp-json\/wp\/v2\/posts"}],"about":[{"href":"https:\/\/hudo.com\/si\/wp-json\/wp\/v2\/types\/post"}],"author":[{"embeddable":true,"href":"https:\/\/hudo.com\/si\/wp-json\/wp\/v2\/users\/1"}],"replies":[{"embeddable":true,"href":"https:\/\/hudo.com\/si\/wp-json\/wp\/v2\/comments?post=10377"}],"version-history":[{"count":0,"href":"https:\/\/hudo.com\/si\/wp-json\/wp\/v2\/posts\/10377\/revisions"}],"wp:attachment":[{"href":"https:\/\/hudo.com\/si\/wp-json\/wp\/v2\/media?parent=10377"}],"wp:term":[{"taxonomy":"category","embeddable":true,"href":"https:\/\/hudo.com\/si\/wp-json\/wp\/v2\/categories?post=10377"},{"taxonomy":"post_tag","embeddable":true,"href":"https:\/\/hudo.com\/si\/wp-json\/wp\/v2\/tags?post=10377"},{"taxonomy":"source","embeddable":true,"href":"https:\/\/hudo.com\/si\/wp-json\/wp\/v2\/source?post=10377"},{"taxonomy":"supertag","embeddable":true,"href":"https:\/\/hudo.com\/si\/wp-json\/wp\/v2\/supertag?post=10377"}],"curies":[{"name":"wp","href":"https:\/\/api.w.org\/{rel}","templated":true}]}}