{"id":103775,"date":"2016-07-28T21:09:00","date_gmt":"2016-07-28T19:09:00","guid":{"rendered":"http:\/\/hudo.com\/si\/2016\/07\/28\/kokoskov-s-seznama-crtal-bratoza-bolcino-mahkovica-in-lapornika\/"},"modified":"2016-07-29T05:11:59","modified_gmt":"2016-07-29T03:11:59","slug":"kokoskov-s-seznama-crtal-bratoza-bolcino-mahkovica-in-lapornika","status":"publish","type":"post","link":"https:\/\/hudo.com\/si\/aktualno\/kokoskov-s-seznama-crtal-bratoza-bolcino-mahkovica-in-lapornika\/","title":{"rendered":"Koko\u0161kov s seznama \u010drtal Brato\u017ea, Bol\u010dino, Mahkovica in Lapornika"},"content":{"rendered":"<p>Kategorija: Ko\u0161arka Thu, 28 Jul 2016 23:09:00 +0200  Ljubljana &#8211; Selektor slovenske ko\u0161arkarske reprezentance Igor Koko\u0161kov je po \u0161tiridnevnem ciklusu priprav na kvalifikacije za evropsko prvenstvo 2017 opravil rez in se zahvalil \u0161tirim igralcem. Sedemnajst\u010dlansko zasedbo so morali zapustiti Domen Brato\u017e, Toma\u017e Bol\u010dina, Luka Lapornik in Bla\u017e Mahkovic. V ponedeljek se bo pripravam pridru\u017eila nova \u010detverica ko\u0161arkarjev. Soigralcem se bodo pridru\u017eili kapetan Goran Dragi\u0107, ki doslej z ekipo ni smel trenirati zaradi pravil lige NBA, ter Vlatko \u010can\u010dar, Luka Kraljevi\u0107 in \u017dan Mark \u0160i\u0161ko, ki so se nedavno vrnili z evropskega prvenstva do 20 let. Prvi trening edinega reprezentan\u010dnega kandidata, ki nastopa v ligi NBA, in \u010detverice mladcev bodo v ponedeljek lahko vsi ljubitelji ko\u0161arke spremljali v \u017eivo. Trening v ljubljanski dvorani Sto\u017eice, ki se bo za\u010del ob 17.30, bo namre\u010d odprt za javnost. \u00bbNajte\u017eji del moje slu\u017ebe je, ko se moram\u00a0&#8230;<\/p>\n","protected":false},"excerpt":{"rendered":"<p>Kategorija: Ko\u0161arka Thu, 28 Jul 2016 23:09:00 +0200  Ljubljana &#8211; Selektor slovenske ko\u0161arkarske reprezentance Igor Koko\u0161kov je po \u0161tiridnevnem ciklusu priprav na kvalifikacije za evropsko prvenstvo 2017 opravil rez in se zahvalil \u0161tirim igralcem. Sedemnajst\u010dlansko zasedbo so morali zapustiti Domen Brato\u017e, Toma\u017e Bol\u010dina, Luka Lapornik in Bla\u017e Mahkovic. V ponedeljek se bo pripravam pridru\u017eila nova \u010detverica ko\u0161arkarjev. Soigralcem se bodo pridru\u017eili kapetan Goran Dragi\u0107, ki doslej z ekipo ni smel trenirati zaradi pravil lige NBA, ter Vlatko \u010can\u010dar, Luka Kraljevi\u0107 in \u017dan Mark \u0160i\u0161ko, ki so se nedavno vrnili z evropskega prvenstva do 20 let. Prvi trening edinega reprezentan\u010dnega kandidata, ki nastopa v ligi NBA, in \u010detverice mladcev bodo v ponedeljek lahko vsi ljubitelji ko\u0161arke spremljali v \u017eivo. Trening v ljubljanski dvorani Sto\u017eice, ki se bo za\u010del ob 17.30, bo namre\u010d odprt za javnost. \u00bbNajte\u017eji del moje slu\u017ebe je, ko se moram\u00a0&#8230;<\/p>\n","protected":false},"author":1,"featured_media":0,"comment_status":"closed","ping_status":"closed","sticky":false,"template":"","format":"standard","meta":{"footnotes":""},"categories":[1179],"tags":[],"source":[4511],"supertag":[],"acf":[],"yoast_head":"<!-- This site is optimized with the Yoast SEO plugin v21.3 - https:\/\/yoast.com\/wordpress\/plugins\/seo\/ -->\n<title>Koko\u0161kov s seznama \u010drtal Brato\u017ea, Bol\u010dino, Mahkovica in Lapornika - Hudo Slovenija<\/title>\n<meta name=\"robots\" content=\"index, follow, max-snippet:-1, max-image-preview:large, max-video-preview:-1\" \/>\n<link rel=\"canonical\" href=\"https:\/\/hudo.com\/si\/aktualno\/kokoskov-s-seznama-crtal-bratoza-bolcino-mahkovica-in-lapornika\/\" \/>\n<meta property=\"og:locale\" content=\"sl_SI\" \/>\n<meta property=\"og:type\" content=\"article\" \/>\n<meta property=\"og:title\" content=\"Koko\u0161kov s seznama \u010drtal Brato\u017ea, Bol\u010dino, Mahkovica in Lapornika - Hudo Slovenija\" \/>\n<meta property=\"og:description\" content=\"Kategorija: Ko\u0161arka Thu, 28 Jul 2016 23:09:00 +0200 Ljubljana - Selektor slovenske ko\u0161arkarske reprezentance Igor Koko\u0161kov je po \u0161tiridnevnem ciklusu priprav na kvalifikacije za evropsko prvenstvo 2017 opravil rez in se zahvalil \u0161tirim igralcem. Sedemnajst\u010dlansko zasedbo so morali zapustiti Domen Brato\u017e, Toma\u017e Bol\u010dina, Luka Lapornik in Bla\u017e Mahkovic. V ponedeljek se bo pripravam pridru\u017eila nova \u010detverica ko\u0161arkarjev. Soigralcem se bodo pridru\u017eili kapetan Goran Dragi\u0107, ki doslej z ekipo ni smel trenirati zaradi pravil lige NBA, ter Vlatko \u010can\u010dar, Luka Kraljevi\u0107 in \u017dan Mark \u0160i\u0161ko, ki so se nedavno vrnili z evropskega prvenstva do 20 let. Prvi trening edinega reprezentan\u010dnega kandidata, ki nastopa v ligi NBA, in \u010detverice mladcev bodo v ponedeljek lahko vsi ljubitelji ko\u0161arke spremljali v \u017eivo. Trening v ljubljanski dvorani Sto\u017eice, ki se bo za\u010del ob 17.30, bo namre\u010d odprt za javnost. \u00bbNajte\u017eji del moje slu\u017ebe je, ko se moram\u00a0...\" \/>\n<meta property=\"og:url\" content=\"https:\/\/hudo.com\/si\/aktualno\/kokoskov-s-seznama-crtal-bratoza-bolcino-mahkovica-in-lapornika\/\" \/>\n<meta property=\"og:site_name\" content=\"Hudo Slovenija\" \/>\n<meta property=\"article:publisher\" content=\"https:\/\/www.facebook.com\/hudo.si\" \/>\n<meta property=\"article:published_time\" content=\"2016-07-28T19:09:00+00:00\" \/>\n<meta property=\"article:modified_time\" content=\"2016-07-29T03:11:59+00:00\" \/>\n<meta property=\"og:image\" content=\"https:\/\/hudo.com\/si\/wp-content\/uploads\/sites\/2\/2016\/07\/480x290_Delo_Foto-20160212160717-77136100.jpeg\" \/>\n\t<meta property=\"og:image:width\" content=\"480\" \/>\n\t<meta property=\"og:image:height\" content=\"290\" \/>\n\t<meta property=\"og:image:type\" content=\"image\/jpeg\" \/>\n<meta name=\"author\" content=\"hudo\" \/>\n<meta name=\"twitter:card\" content=\"summary_large_image\" \/>\n<meta name=\"twitter:creator\" content=\"@hudo_si\" \/>\n<meta name=\"twitter:site\" content=\"@hudo_si\" \/>\n<meta name=\"twitter:label1\" content=\"Written by\" \/>\n\t<meta name=\"twitter:data1\" content=\"hudo\" \/>\n\t<meta name=\"twitter:label2\" content=\"Est. reading time\" \/>\n\t<meta name=\"twitter:data2\" content=\"1 minuta\" \/>\n<script type=\"application\/ld+json\" class=\"yoast-schema-graph\">{\"@context\":\"https:\/\/schema.org\",\"@graph\":[{\"@type\":\"Article\",\"@id\":\"https:\/\/hudo.com\/si\/aktualno\/kokoskov-s-seznama-crtal-bratoza-bolcino-mahkovica-in-lapornika\/#article\",\"isPartOf\":{\"@id\":\"https:\/\/hudo.com\/si\/aktualno\/kokoskov-s-seznama-crtal-bratoza-bolcino-mahkovica-in-lapornika\/\"},\"author\":{\"name\":\"hudo\",\"@id\":\"https:\/\/hudo.com\/si\/#\/schema\/person\/601cf3379633985b20f7e50f2bb47707\"},\"headline\":\"Koko\u0161kov s seznama \u010drtal Brato\u017ea, Bol\u010dino, Mahkovica in Lapornika\",\"datePublished\":\"2016-07-28T19:09:00+00:00\",\"dateModified\":\"2016-07-29T03:11:59+00:00\",\"mainEntityOfPage\":{\"@id\":\"https:\/\/hudo.com\/si\/aktualno\/kokoskov-s-seznama-crtal-bratoza-bolcino-mahkovica-in-lapornika\/\"},\"wordCount\":163,\"publisher\":{\"@id\":\"https:\/\/hudo.com\/si\/#organization\"},\"articleSection\":[\"Aktualno\"],\"inLanguage\":\"sl-SI\"},{\"@type\":\"WebPage\",\"@id\":\"https:\/\/hudo.com\/si\/aktualno\/kokoskov-s-seznama-crtal-bratoza-bolcino-mahkovica-in-lapornika\/\",\"url\":\"https:\/\/hudo.com\/si\/aktualno\/kokoskov-s-seznama-crtal-bratoza-bolcino-mahkovica-in-lapornika\/\",\"name\":\"Koko\u0161kov s seznama \u010drtal Brato\u017ea, Bol\u010dino, Mahkovica in Lapornika - Hudo Slovenija\",\"isPartOf\":{\"@id\":\"https:\/\/hudo.com\/si\/#website\"},\"datePublished\":\"2016-07-28T19:09:00+00:00\",\"dateModified\":\"2016-07-29T03:11:59+00:00\",\"breadcrumb\":{\"@id\":\"https:\/\/hudo.com\/si\/aktualno\/kokoskov-s-seznama-crtal-bratoza-bolcino-mahkovica-in-lapornika\/#breadcrumb\"},\"inLanguage\":\"sl-SI\",\"potentialAction\":[{\"@type\":\"ReadAction\",\"target\":[\"https:\/\/hudo.com\/si\/aktualno\/kokoskov-s-seznama-crtal-bratoza-bolcino-mahkovica-in-lapornika\/\"]}]},{\"@type\":\"BreadcrumbList\",\"@id\":\"https:\/\/hudo.com\/si\/aktualno\/kokoskov-s-seznama-crtal-bratoza-bolcino-mahkovica-in-lapornika\/#breadcrumb\",\"itemListElement\":[{\"@type\":\"ListItem\",\"position\":1,\"name\":\"Home\",\"item\":\"https:\/\/hudo.com\/si\/\"},{\"@type\":\"ListItem\",\"position\":2,\"name\":\"Koko\u0161kov s seznama \u010drtal Brato\u017ea, Bol\u010dino, Mahkovica in Lapornika\"}]},{\"@type\":\"WebSite\",\"@id\":\"https:\/\/hudo.com\/si\/#website\",\"url\":\"https:\/\/hudo.com\/si\/\",\"name\":\"Hudo Slovenija\",\"description\":\"Vse novice iz Slovenije in sveta\",\"publisher\":{\"@id\":\"https:\/\/hudo.com\/si\/#organization\"},\"potentialAction\":[{\"@type\":\"SearchAction\",\"target\":{\"@type\":\"EntryPoint\",\"urlTemplate\":\"https:\/\/hudo.com\/si\/?s={search_term_string}\"},\"query-input\":\"required name=search_term_string\"}],\"inLanguage\":\"sl-SI\"},{\"@type\":\"Organization\",\"@id\":\"https:\/\/hudo.com\/si\/#organization\",\"name\":\"VSN Media\",\"url\":\"https:\/\/hudo.com\/si\/\",\"logo\":{\"@type\":\"ImageObject\",\"inLanguage\":\"sl-SI\",\"@id\":\"https:\/\/hudo.com\/si\/#\/schema\/logo\/image\/\",\"url\":\"https:\/\/hudo.com\/si\/wp-content\/uploads\/sites\/2\/2021\/03\/hudo-app-2.png\",\"contentUrl\":\"https:\/\/hudo.com\/si\/wp-content\/uploads\/sites\/2\/2021\/03\/hudo-app-2.png\",\"width\":2185,\"height\":2167,\"caption\":\"VSN Media\"},\"image\":{\"@id\":\"https:\/\/hudo.com\/si\/#\/schema\/logo\/image\/\"},\"sameAs\":[\"https:\/\/www.facebook.com\/hudo.si\",\"https:\/\/twitter.com\/hudo_si\"]},{\"@type\":\"Person\",\"@id\":\"https:\/\/hudo.com\/si\/#\/schema\/person\/601cf3379633985b20f7e50f2bb47707\",\"name\":\"hudo\",\"image\":{\"@type\":\"ImageObject\",\"inLanguage\":\"sl-SI\",\"@id\":\"https:\/\/hudo.com\/si\/#\/schema\/person\/image\/\",\"url\":\"https:\/\/secure.gravatar.com\/avatar\/c4ca25fa72cace7a696b52ff5db9e095?s=96&d=mm&r=g\",\"contentUrl\":\"https:\/\/secure.gravatar.com\/avatar\/c4ca25fa72cace7a696b52ff5db9e095?s=96&d=mm&r=g\",\"caption\":\"hudo\"},\"url\":\"https:\/\/hudo.com\/si\/author\/hudo\/\"}]}<\/script>\n<!-- \/ Yoast SEO plugin. -->","yoast_head_json":{"title":"Koko\u0161kov s seznama \u010drtal Brato\u017ea, Bol\u010dino, Mahkovica in Lapornika - Hudo Slovenija","robots":{"index":"index","follow":"follow","max-snippet":"max-snippet:-1","max-image-preview":"max-image-preview:large","max-video-preview":"max-video-preview:-1"},"canonical":"https:\/\/hudo.com\/si\/aktualno\/kokoskov-s-seznama-crtal-bratoza-bolcino-mahkovica-in-lapornika\/","og_locale":"sl_SI","og_type":"article","og_title":"Koko\u0161kov s seznama \u010drtal Brato\u017ea, Bol\u010dino, Mahkovica in Lapornika - Hudo Slovenija","og_description":"Kategorija: Ko\u0161arka Thu, 28 Jul 2016 23:09:00 +0200 Ljubljana - Selektor slovenske ko\u0161arkarske reprezentance Igor Koko\u0161kov je po \u0161tiridnevnem ciklusu priprav na kvalifikacije za evropsko prvenstvo 2017 opravil rez in se zahvalil \u0161tirim igralcem. Sedemnajst\u010dlansko zasedbo so morali zapustiti Domen Brato\u017e, Toma\u017e Bol\u010dina, Luka Lapornik in Bla\u017e Mahkovic. V ponedeljek se bo pripravam pridru\u017eila nova \u010detverica ko\u0161arkarjev. Soigralcem se bodo pridru\u017eili kapetan Goran Dragi\u0107, ki doslej z ekipo ni smel trenirati zaradi pravil lige NBA, ter Vlatko \u010can\u010dar, Luka Kraljevi\u0107 in \u017dan Mark \u0160i\u0161ko, ki so se nedavno vrnili z evropskega prvenstva do 20 let. Prvi trening edinega reprezentan\u010dnega kandidata, ki nastopa v ligi NBA, in \u010detverice mladcev bodo v ponedeljek lahko vsi ljubitelji ko\u0161arke spremljali v \u017eivo. Trening v ljubljanski dvorani Sto\u017eice, ki se bo za\u010del ob 17.30, bo namre\u010d odprt za javnost. \u00bbNajte\u017eji del moje slu\u017ebe je, ko se moram\u00a0...","og_url":"https:\/\/hudo.com\/si\/aktualno\/kokoskov-s-seznama-crtal-bratoza-bolcino-mahkovica-in-lapornika\/","og_site_name":"Hudo Slovenija","article_publisher":"https:\/\/www.facebook.com\/hudo.si","article_published_time":"2016-07-28T19:09:00+00:00","article_modified_time":"2016-07-29T03:11:59+00:00","og_image":[{"width":480,"height":290,"url":"https:\/\/hudo.com\/si\/wp-content\/uploads\/sites\/2\/2016\/07\/480x290_Delo_Foto-20160212160717-77136100.jpeg","type":"image\/jpeg"}],"author":"hudo","twitter_card":"summary_large_image","twitter_creator":"@hudo_si","twitter_site":"@hudo_si","twitter_misc":{"Written by":"hudo","Est. reading time":"1 minuta"},"schema":{"@context":"https:\/\/schema.org","@graph":[{"@type":"Article","@id":"https:\/\/hudo.com\/si\/aktualno\/kokoskov-s-seznama-crtal-bratoza-bolcino-mahkovica-in-lapornika\/#article","isPartOf":{"@id":"https:\/\/hudo.com\/si\/aktualno\/kokoskov-s-seznama-crtal-bratoza-bolcino-mahkovica-in-lapornika\/"},"author":{"name":"hudo","@id":"https:\/\/hudo.com\/si\/#\/schema\/person\/601cf3379633985b20f7e50f2bb47707"},"headline":"Koko\u0161kov s seznama \u010drtal Brato\u017ea, Bol\u010dino, Mahkovica in Lapornika","datePublished":"2016-07-28T19:09:00+00:00","dateModified":"2016-07-29T03:11:59+00:00","mainEntityOfPage":{"@id":"https:\/\/hudo.com\/si\/aktualno\/kokoskov-s-seznama-crtal-bratoza-bolcino-mahkovica-in-lapornika\/"},"wordCount":163,"publisher":{"@id":"https:\/\/hudo.com\/si\/#organization"},"articleSection":["Aktualno"],"inLanguage":"sl-SI"},{"@type":"WebPage","@id":"https:\/\/hudo.com\/si\/aktualno\/kokoskov-s-seznama-crtal-bratoza-bolcino-mahkovica-in-lapornika\/","url":"https:\/\/hudo.com\/si\/aktualno\/kokoskov-s-seznama-crtal-bratoza-bolcino-mahkovica-in-lapornika\/","name":"Koko\u0161kov s seznama \u010drtal Brato\u017ea, Bol\u010dino, Mahkovica in Lapornika - Hudo Slovenija","isPartOf":{"@id":"https:\/\/hudo.com\/si\/#website"},"datePublished":"2016-07-28T19:09:00+00:00","dateModified":"2016-07-29T03:11:59+00:00","breadcrumb":{"@id":"https:\/\/hudo.com\/si\/aktualno\/kokoskov-s-seznama-crtal-bratoza-bolcino-mahkovica-in-lapornika\/#breadcrumb"},"inLanguage":"sl-SI","potentialAction":[{"@type":"ReadAction","target":["https:\/\/hudo.com\/si\/aktualno\/kokoskov-s-seznama-crtal-bratoza-bolcino-mahkovica-in-lapornika\/"]}]},{"@type":"BreadcrumbList","@id":"https:\/\/hudo.com\/si\/aktualno\/kokoskov-s-seznama-crtal-bratoza-bolcino-mahkovica-in-lapornika\/#breadcrumb","itemListElement":[{"@type":"ListItem","position":1,"name":"Home","item":"https:\/\/hudo.com\/si\/"},{"@type":"ListItem","position":2,"name":"Koko\u0161kov s seznama \u010drtal Brato\u017ea, Bol\u010dino, Mahkovica in Lapornika"}]},{"@type":"WebSite","@id":"https:\/\/hudo.com\/si\/#website","url":"https:\/\/hudo.com\/si\/","name":"Hudo Slovenija","description":"Vse novice iz Slovenije in sveta","publisher":{"@id":"https:\/\/hudo.com\/si\/#organization"},"potentialAction":[{"@type":"SearchAction","target":{"@type":"EntryPoint","urlTemplate":"https:\/\/hudo.com\/si\/?s={search_term_string}"},"query-input":"required name=search_term_string"}],"inLanguage":"sl-SI"},{"@type":"Organization","@id":"https:\/\/hudo.com\/si\/#organization","name":"VSN Media","url":"https:\/\/hudo.com\/si\/","logo":{"@type":"ImageObject","inLanguage":"sl-SI","@id":"https:\/\/hudo.com\/si\/#\/schema\/logo\/image\/","url":"https:\/\/hudo.com\/si\/wp-content\/uploads\/sites\/2\/2021\/03\/hudo-app-2.png","contentUrl":"https:\/\/hudo.com\/si\/wp-content\/uploads\/sites\/2\/2021\/03\/hudo-app-2.png","width":2185,"height":2167,"caption":"VSN Media"},"image":{"@id":"https:\/\/hudo.com\/si\/#\/schema\/logo\/image\/"},"sameAs":["https:\/\/www.facebook.com\/hudo.si","https:\/\/twitter.com\/hudo_si"]},{"@type":"Person","@id":"https:\/\/hudo.com\/si\/#\/schema\/person\/601cf3379633985b20f7e50f2bb47707","name":"hudo","image":{"@type":"ImageObject","inLanguage":"sl-SI","@id":"https:\/\/hudo.com\/si\/#\/schema\/person\/image\/","url":"https:\/\/secure.gravatar.com\/avatar\/c4ca25fa72cace7a696b52ff5db9e095?s=96&d=mm&r=g","contentUrl":"https:\/\/secure.gravatar.com\/avatar\/c4ca25fa72cace7a696b52ff5db9e095?s=96&d=mm&r=g","caption":"hudo"},"url":"https:\/\/hudo.com\/si\/author\/hudo\/"}]}},"amp_enabled":true,"_links":{"self":[{"href":"https:\/\/hudo.com\/si\/wp-json\/wp\/v2\/posts\/103775"}],"collection":[{"href":"https:\/\/hudo.com\/si\/wp-json\/wp\/v2\/posts"}],"about":[{"href":"https:\/\/hudo.com\/si\/wp-json\/wp\/v2\/types\/post"}],"author":[{"embeddable":true,"href":"https:\/\/hudo.com\/si\/wp-json\/wp\/v2\/users\/1"}],"replies":[{"embeddable":true,"href":"https:\/\/hudo.com\/si\/wp-json\/wp\/v2\/comments?post=103775"}],"version-history":[{"count":1,"href":"https:\/\/hudo.com\/si\/wp-json\/wp\/v2\/posts\/103775\/revisions"}],"predecessor-version":[{"id":103855,"href":"https:\/\/hudo.com\/si\/wp-json\/wp\/v2\/posts\/103775\/revisions\/103855"}],"wp:attachment":[{"href":"https:\/\/hudo.com\/si\/wp-json\/wp\/v2\/media?parent=103775"}],"wp:term":[{"taxonomy":"category","embeddable":true,"href":"https:\/\/hudo.com\/si\/wp-json\/wp\/v2\/categories?post=103775"},{"taxonomy":"post_tag","embeddable":true,"href":"https:\/\/hudo.com\/si\/wp-json\/wp\/v2\/tags?post=103775"},{"taxonomy":"source","embeddable":true,"href":"https:\/\/hudo.com\/si\/wp-json\/wp\/v2\/source?post=103775"},{"taxonomy":"supertag","embeddable":true,"href":"https:\/\/hudo.com\/si\/wp-json\/wp\/v2\/supertag?post=103775"}],"curies":[{"name":"wp","href":"https:\/\/api.w.org\/{rel}","templated":true}]}}