{"id":103787,"date":"2016-07-28T20:00:00","date_gmt":"2016-07-28T18:00:00","guid":{"rendered":"http:\/\/hudo.com\/si\/2016\/07\/28\/rajoy-bo-poskusal-sestaviti-spansko-vlado\/"},"modified":"2016-07-28T20:00:00","modified_gmt":"2016-07-28T18:00:00","slug":"rajoy-bo-poskusal-sestaviti-spansko-vlado","status":"publish","type":"post","link":"https:\/\/hudo.com\/si\/aktualno\/rajoy-bo-poskusal-sestaviti-spansko-vlado\/","title":{"rendered":"Rajoy bo posku\u0161al sestaviti \u0161pansko vlado"},"content":{"rendered":"<p>\u0160panski kralj Felipe VI. je predsedniku \u0161panske konservativne ljudske stranke (PP) Marianu Rajoyu dal mandat, da sestavi vlado po sedmih mesecih politi\u010dne blokade. &#8220;Kralj me je vpra\u0161al, ali bom sku\u0161al oblikovati vlado, jaz pa sem sprejel to nalogo,&#8221; je na tiskovni konferenci povedal predsednik vlade, ki opravlja teko\u010de posle. Podvojil da bo napore, da dobi potrebno podporo v parlamentu, poro\u010da francoska tiskovna agencija AFP. Predsednik socialisti\u010dne PSOE Pedro Sanchez pa je po sre\u010danju s kraljem dejal, da bo njegova stranka na morebitnem glasovanju o imenovanju Rajoya za novega predsednika vlade glasovala proti, navaja nem\u0161ka tiskovna agencija dpa. Nasprotovanje so po navedbah AFP izrazile tudi \u017ee druge stranke. \u0160panija je od parlamentarnih volitev 20. decembra lani v politi\u010dni blokadi, saj strankam ni uspelo oblikovati koalicije. Zato so morali 26. junija na pred\u010dasne volitve. Rajoyeva PP je dobila 137 poslanskih mandatov v 350-\u010dlanskem parlamentu, kar je 14 ve\u010d kot na decembrskih volitvah. Tako ponovno ni osvojila ve\u010dine. Vse druge ve\u010dje stranke pa so junija izgubile bodisi v glasovih bodisi tudi v poslanskih sede\u017eih.Svet<\/p>\n","protected":false},"excerpt":{"rendered":"<p>\u0160panski kralj Felipe VI. je predsedniku \u0161panske konservativne ljudske stranke (PP) Marianu Rajoyu dal mandat, da sestavi vlado po sedmih mesecih politi\u010dne blokade. &#8220;Kralj me je vpra\u0161al, ali bom sku\u0161al oblikovati vlado, jaz pa sem sprejel to nalogo,&#8221; je na tiskovni konferenci povedal predsednik vlade, ki opravlja teko\u010de posle. Podvojil da bo napore, da dobi potrebno podporo v parlamentu, poro\u010da francoska tiskovna agencija AFP. Predsednik socialisti\u010dne PSOE Pedro Sanchez pa je po sre\u010danju s kraljem dejal, da bo njegova stranka na morebitnem glasovanju o imenovanju Rajoya za novega predsednika vlade glasovala proti, navaja nem\u0161ka tiskovna agencija dpa. Nasprotovanje so po navedbah AFP izrazile tudi \u017ee druge stranke. \u0160panija je od parlamentarnih volitev 20. decembra lani v politi\u010dni blokadi, saj strankam ni uspelo oblikovati koalicije. Zato so morali 26. junija na pred\u010dasne volitve. Rajoyeva PP je dobila 137 poslanskih mandatov v 350-\u010dlanskem parlamentu, kar je 14 ve\u010d kot na decembrskih volitvah. Tako ponovno ni osvojila ve\u010dine. Vse druge ve\u010dje stranke pa so junija izgubile bodisi v glasovih bodisi tudi v poslanskih sede\u017eih.Svet<\/p>\n","protected":false},"author":1,"featured_media":0,"comment_status":"closed","ping_status":"closed","sticky":false,"template":"","format":"standard","meta":{"footnotes":""},"categories":[1179],"tags":[],"source":[1711],"supertag":[],"acf":[],"yoast_head":"<!-- This site is optimized with the Yoast SEO plugin v21.3 - https:\/\/yoast.com\/wordpress\/plugins\/seo\/ -->\n<title>Rajoy bo posku\u0161al sestaviti \u0161pansko vlado - Hudo Slovenija<\/title>\n<meta name=\"robots\" content=\"index, follow, max-snippet:-1, max-image-preview:large, max-video-preview:-1\" \/>\n<link rel=\"canonical\" href=\"https:\/\/hudo.com\/si\/aktualno\/rajoy-bo-poskusal-sestaviti-spansko-vlado\/\" \/>\n<meta property=\"og:locale\" content=\"sl_SI\" \/>\n<meta property=\"og:type\" content=\"article\" \/>\n<meta property=\"og:title\" content=\"Rajoy bo posku\u0161al sestaviti \u0161pansko vlado - Hudo Slovenija\" \/>\n<meta property=\"og:description\" content=\"\u0160panski kralj Felipe VI. je predsedniku \u0161panske konservativne ljudske stranke (PP) Marianu Rajoyu dal mandat, da sestavi vlado po sedmih mesecih politi\u010dne blokade. &quot;Kralj me je vpra\u0161al, ali bom sku\u0161al oblikovati vlado, jaz pa sem sprejel to nalogo,&quot; je na tiskovni konferenci povedal predsednik vlade, ki opravlja teko\u010de posle. Podvojil da bo napore, da dobi potrebno podporo v parlamentu, poro\u010da francoska tiskovna agencija AFP. Predsednik socialisti\u010dne PSOE Pedro Sanchez pa je po sre\u010danju s kraljem dejal, da bo njegova stranka na morebitnem glasovanju o imenovanju Rajoya za novega predsednika vlade glasovala proti, navaja nem\u0161ka tiskovna agencija dpa. Nasprotovanje so po navedbah AFP izrazile tudi \u017ee druge stranke. \u0160panija je od parlamentarnih volitev 20. decembra lani v politi\u010dni blokadi, saj strankam ni uspelo oblikovati koalicije. Zato so morali 26. junija na pred\u010dasne volitve. Rajoyeva PP je dobila 137 poslanskih mandatov v 350-\u010dlanskem parlamentu, kar je 14 ve\u010d kot na decembrskih volitvah. Tako ponovno ni osvojila ve\u010dine. Vse druge ve\u010dje stranke pa so junija izgubile bodisi v glasovih bodisi tudi v poslanskih sede\u017eih.Svet\" \/>\n<meta property=\"og:url\" content=\"https:\/\/hudo.com\/si\/aktualno\/rajoy-bo-poskusal-sestaviti-spansko-vlado\/\" \/>\n<meta property=\"og:site_name\" content=\"Hudo Slovenija\" \/>\n<meta property=\"article:publisher\" content=\"https:\/\/www.facebook.com\/hudo.si\" \/>\n<meta property=\"article:published_time\" content=\"2016-07-28T18:00:00+00:00\" \/>\n<meta property=\"og:image\" content=\"https:\/\/hudo.com\/si\/wp-content\/uploads\/sites\/2\/2016\/07\/05445573-300.jpg\" \/>\n\t<meta property=\"og:image:width\" content=\"450\" \/>\n\t<meta property=\"og:image:height\" content=\"656\" \/>\n\t<meta property=\"og:image:type\" content=\"image\/jpeg\" \/>\n<meta name=\"author\" content=\"hudo\" \/>\n<meta name=\"twitter:card\" content=\"summary_large_image\" \/>\n<meta name=\"twitter:creator\" content=\"@hudo_si\" \/>\n<meta name=\"twitter:site\" content=\"@hudo_si\" \/>\n<meta name=\"twitter:label1\" content=\"Written by\" \/>\n\t<meta name=\"twitter:data1\" content=\"hudo\" \/>\n\t<meta name=\"twitter:label2\" content=\"Est. reading time\" \/>\n\t<meta name=\"twitter:data2\" content=\"1 minuta\" \/>\n<script type=\"application\/ld+json\" class=\"yoast-schema-graph\">{\"@context\":\"https:\/\/schema.org\",\"@graph\":[{\"@type\":\"Article\",\"@id\":\"https:\/\/hudo.com\/si\/aktualno\/rajoy-bo-poskusal-sestaviti-spansko-vlado\/#article\",\"isPartOf\":{\"@id\":\"https:\/\/hudo.com\/si\/aktualno\/rajoy-bo-poskusal-sestaviti-spansko-vlado\/\"},\"author\":{\"name\":\"hudo\",\"@id\":\"https:\/\/hudo.com\/si\/#\/schema\/person\/601cf3379633985b20f7e50f2bb47707\"},\"headline\":\"Rajoy bo posku\u0161al sestaviti \u0161pansko vlado\",\"datePublished\":\"2016-07-28T18:00:00+00:00\",\"dateModified\":\"2016-07-28T18:00:00+00:00\",\"mainEntityOfPage\":{\"@id\":\"https:\/\/hudo.com\/si\/aktualno\/rajoy-bo-poskusal-sestaviti-spansko-vlado\/\"},\"wordCount\":189,\"publisher\":{\"@id\":\"https:\/\/hudo.com\/si\/#organization\"},\"articleSection\":[\"Aktualno\"],\"inLanguage\":\"sl-SI\"},{\"@type\":\"WebPage\",\"@id\":\"https:\/\/hudo.com\/si\/aktualno\/rajoy-bo-poskusal-sestaviti-spansko-vlado\/\",\"url\":\"https:\/\/hudo.com\/si\/aktualno\/rajoy-bo-poskusal-sestaviti-spansko-vlado\/\",\"name\":\"Rajoy bo posku\u0161al sestaviti \u0161pansko vlado - Hudo Slovenija\",\"isPartOf\":{\"@id\":\"https:\/\/hudo.com\/si\/#website\"},\"datePublished\":\"2016-07-28T18:00:00+00:00\",\"dateModified\":\"2016-07-28T18:00:00+00:00\",\"breadcrumb\":{\"@id\":\"https:\/\/hudo.com\/si\/aktualno\/rajoy-bo-poskusal-sestaviti-spansko-vlado\/#breadcrumb\"},\"inLanguage\":\"sl-SI\",\"potentialAction\":[{\"@type\":\"ReadAction\",\"target\":[\"https:\/\/hudo.com\/si\/aktualno\/rajoy-bo-poskusal-sestaviti-spansko-vlado\/\"]}]},{\"@type\":\"BreadcrumbList\",\"@id\":\"https:\/\/hudo.com\/si\/aktualno\/rajoy-bo-poskusal-sestaviti-spansko-vlado\/#breadcrumb\",\"itemListElement\":[{\"@type\":\"ListItem\",\"position\":1,\"name\":\"Home\",\"item\":\"https:\/\/hudo.com\/si\/\"},{\"@type\":\"ListItem\",\"position\":2,\"name\":\"Rajoy bo posku\u0161al sestaviti \u0161pansko vlado\"}]},{\"@type\":\"WebSite\",\"@id\":\"https:\/\/hudo.com\/si\/#website\",\"url\":\"https:\/\/hudo.com\/si\/\",\"name\":\"Hudo Slovenija\",\"description\":\"Vse novice iz Slovenije in sveta\",\"publisher\":{\"@id\":\"https:\/\/hudo.com\/si\/#organization\"},\"potentialAction\":[{\"@type\":\"SearchAction\",\"target\":{\"@type\":\"EntryPoint\",\"urlTemplate\":\"https:\/\/hudo.com\/si\/?s={search_term_string}\"},\"query-input\":\"required name=search_term_string\"}],\"inLanguage\":\"sl-SI\"},{\"@type\":\"Organization\",\"@id\":\"https:\/\/hudo.com\/si\/#organization\",\"name\":\"VSN Media\",\"url\":\"https:\/\/hudo.com\/si\/\",\"logo\":{\"@type\":\"ImageObject\",\"inLanguage\":\"sl-SI\",\"@id\":\"https:\/\/hudo.com\/si\/#\/schema\/logo\/image\/\",\"url\":\"https:\/\/hudo.com\/si\/wp-content\/uploads\/sites\/2\/2021\/03\/hudo-app-2.png\",\"contentUrl\":\"https:\/\/hudo.com\/si\/wp-content\/uploads\/sites\/2\/2021\/03\/hudo-app-2.png\",\"width\":2185,\"height\":2167,\"caption\":\"VSN Media\"},\"image\":{\"@id\":\"https:\/\/hudo.com\/si\/#\/schema\/logo\/image\/\"},\"sameAs\":[\"https:\/\/www.facebook.com\/hudo.si\",\"https:\/\/twitter.com\/hudo_si\"]},{\"@type\":\"Person\",\"@id\":\"https:\/\/hudo.com\/si\/#\/schema\/person\/601cf3379633985b20f7e50f2bb47707\",\"name\":\"hudo\",\"image\":{\"@type\":\"ImageObject\",\"inLanguage\":\"sl-SI\",\"@id\":\"https:\/\/hudo.com\/si\/#\/schema\/person\/image\/\",\"url\":\"https:\/\/secure.gravatar.com\/avatar\/c4ca25fa72cace7a696b52ff5db9e095?s=96&d=mm&r=g\",\"contentUrl\":\"https:\/\/secure.gravatar.com\/avatar\/c4ca25fa72cace7a696b52ff5db9e095?s=96&d=mm&r=g\",\"caption\":\"hudo\"},\"url\":\"https:\/\/hudo.com\/si\/author\/hudo\/\"}]}<\/script>\n<!-- \/ Yoast SEO plugin. -->","yoast_head_json":{"title":"Rajoy bo posku\u0161al sestaviti \u0161pansko vlado - Hudo Slovenija","robots":{"index":"index","follow":"follow","max-snippet":"max-snippet:-1","max-image-preview":"max-image-preview:large","max-video-preview":"max-video-preview:-1"},"canonical":"https:\/\/hudo.com\/si\/aktualno\/rajoy-bo-poskusal-sestaviti-spansko-vlado\/","og_locale":"sl_SI","og_type":"article","og_title":"Rajoy bo posku\u0161al sestaviti \u0161pansko vlado - Hudo Slovenija","og_description":"\u0160panski kralj Felipe VI. je predsedniku \u0161panske konservativne ljudske stranke (PP) Marianu Rajoyu dal mandat, da sestavi vlado po sedmih mesecih politi\u010dne blokade. \"Kralj me je vpra\u0161al, ali bom sku\u0161al oblikovati vlado, jaz pa sem sprejel to nalogo,\" je na tiskovni konferenci povedal predsednik vlade, ki opravlja teko\u010de posle. Podvojil da bo napore, da dobi potrebno podporo v parlamentu, poro\u010da francoska tiskovna agencija AFP. Predsednik socialisti\u010dne PSOE Pedro Sanchez pa je po sre\u010danju s kraljem dejal, da bo njegova stranka na morebitnem glasovanju o imenovanju Rajoya za novega predsednika vlade glasovala proti, navaja nem\u0161ka tiskovna agencija dpa. Nasprotovanje so po navedbah AFP izrazile tudi \u017ee druge stranke. \u0160panija je od parlamentarnih volitev 20. decembra lani v politi\u010dni blokadi, saj strankam ni uspelo oblikovati koalicije. Zato so morali 26. junija na pred\u010dasne volitve. Rajoyeva PP je dobila 137 poslanskih mandatov v 350-\u010dlanskem parlamentu, kar je 14 ve\u010d kot na decembrskih volitvah. Tako ponovno ni osvojila ve\u010dine. Vse druge ve\u010dje stranke pa so junija izgubile bodisi v glasovih bodisi tudi v poslanskih sede\u017eih.Svet","og_url":"https:\/\/hudo.com\/si\/aktualno\/rajoy-bo-poskusal-sestaviti-spansko-vlado\/","og_site_name":"Hudo Slovenija","article_publisher":"https:\/\/www.facebook.com\/hudo.si","article_published_time":"2016-07-28T18:00:00+00:00","og_image":[{"width":450,"height":656,"url":"https:\/\/hudo.com\/si\/wp-content\/uploads\/sites\/2\/2016\/07\/05445573-300.jpg","type":"image\/jpeg"}],"author":"hudo","twitter_card":"summary_large_image","twitter_creator":"@hudo_si","twitter_site":"@hudo_si","twitter_misc":{"Written by":"hudo","Est. reading time":"1 minuta"},"schema":{"@context":"https:\/\/schema.org","@graph":[{"@type":"Article","@id":"https:\/\/hudo.com\/si\/aktualno\/rajoy-bo-poskusal-sestaviti-spansko-vlado\/#article","isPartOf":{"@id":"https:\/\/hudo.com\/si\/aktualno\/rajoy-bo-poskusal-sestaviti-spansko-vlado\/"},"author":{"name":"hudo","@id":"https:\/\/hudo.com\/si\/#\/schema\/person\/601cf3379633985b20f7e50f2bb47707"},"headline":"Rajoy bo posku\u0161al sestaviti \u0161pansko vlado","datePublished":"2016-07-28T18:00:00+00:00","dateModified":"2016-07-28T18:00:00+00:00","mainEntityOfPage":{"@id":"https:\/\/hudo.com\/si\/aktualno\/rajoy-bo-poskusal-sestaviti-spansko-vlado\/"},"wordCount":189,"publisher":{"@id":"https:\/\/hudo.com\/si\/#organization"},"articleSection":["Aktualno"],"inLanguage":"sl-SI"},{"@type":"WebPage","@id":"https:\/\/hudo.com\/si\/aktualno\/rajoy-bo-poskusal-sestaviti-spansko-vlado\/","url":"https:\/\/hudo.com\/si\/aktualno\/rajoy-bo-poskusal-sestaviti-spansko-vlado\/","name":"Rajoy bo posku\u0161al sestaviti \u0161pansko vlado - Hudo Slovenija","isPartOf":{"@id":"https:\/\/hudo.com\/si\/#website"},"datePublished":"2016-07-28T18:00:00+00:00","dateModified":"2016-07-28T18:00:00+00:00","breadcrumb":{"@id":"https:\/\/hudo.com\/si\/aktualno\/rajoy-bo-poskusal-sestaviti-spansko-vlado\/#breadcrumb"},"inLanguage":"sl-SI","potentialAction":[{"@type":"ReadAction","target":["https:\/\/hudo.com\/si\/aktualno\/rajoy-bo-poskusal-sestaviti-spansko-vlado\/"]}]},{"@type":"BreadcrumbList","@id":"https:\/\/hudo.com\/si\/aktualno\/rajoy-bo-poskusal-sestaviti-spansko-vlado\/#breadcrumb","itemListElement":[{"@type":"ListItem","position":1,"name":"Home","item":"https:\/\/hudo.com\/si\/"},{"@type":"ListItem","position":2,"name":"Rajoy bo posku\u0161al sestaviti \u0161pansko vlado"}]},{"@type":"WebSite","@id":"https:\/\/hudo.com\/si\/#website","url":"https:\/\/hudo.com\/si\/","name":"Hudo Slovenija","description":"Vse novice iz Slovenije in sveta","publisher":{"@id":"https:\/\/hudo.com\/si\/#organization"},"potentialAction":[{"@type":"SearchAction","target":{"@type":"EntryPoint","urlTemplate":"https:\/\/hudo.com\/si\/?s={search_term_string}"},"query-input":"required name=search_term_string"}],"inLanguage":"sl-SI"},{"@type":"Organization","@id":"https:\/\/hudo.com\/si\/#organization","name":"VSN Media","url":"https:\/\/hudo.com\/si\/","logo":{"@type":"ImageObject","inLanguage":"sl-SI","@id":"https:\/\/hudo.com\/si\/#\/schema\/logo\/image\/","url":"https:\/\/hudo.com\/si\/wp-content\/uploads\/sites\/2\/2021\/03\/hudo-app-2.png","contentUrl":"https:\/\/hudo.com\/si\/wp-content\/uploads\/sites\/2\/2021\/03\/hudo-app-2.png","width":2185,"height":2167,"caption":"VSN Media"},"image":{"@id":"https:\/\/hudo.com\/si\/#\/schema\/logo\/image\/"},"sameAs":["https:\/\/www.facebook.com\/hudo.si","https:\/\/twitter.com\/hudo_si"]},{"@type":"Person","@id":"https:\/\/hudo.com\/si\/#\/schema\/person\/601cf3379633985b20f7e50f2bb47707","name":"hudo","image":{"@type":"ImageObject","inLanguage":"sl-SI","@id":"https:\/\/hudo.com\/si\/#\/schema\/person\/image\/","url":"https:\/\/secure.gravatar.com\/avatar\/c4ca25fa72cace7a696b52ff5db9e095?s=96&d=mm&r=g","contentUrl":"https:\/\/secure.gravatar.com\/avatar\/c4ca25fa72cace7a696b52ff5db9e095?s=96&d=mm&r=g","caption":"hudo"},"url":"https:\/\/hudo.com\/si\/author\/hudo\/"}]}},"amp_enabled":true,"_links":{"self":[{"href":"https:\/\/hudo.com\/si\/wp-json\/wp\/v2\/posts\/103787"}],"collection":[{"href":"https:\/\/hudo.com\/si\/wp-json\/wp\/v2\/posts"}],"about":[{"href":"https:\/\/hudo.com\/si\/wp-json\/wp\/v2\/types\/post"}],"author":[{"embeddable":true,"href":"https:\/\/hudo.com\/si\/wp-json\/wp\/v2\/users\/1"}],"replies":[{"embeddable":true,"href":"https:\/\/hudo.com\/si\/wp-json\/wp\/v2\/comments?post=103787"}],"version-history":[{"count":0,"href":"https:\/\/hudo.com\/si\/wp-json\/wp\/v2\/posts\/103787\/revisions"}],"wp:attachment":[{"href":"https:\/\/hudo.com\/si\/wp-json\/wp\/v2\/media?parent=103787"}],"wp:term":[{"taxonomy":"category","embeddable":true,"href":"https:\/\/hudo.com\/si\/wp-json\/wp\/v2\/categories?post=103787"},{"taxonomy":"post_tag","embeddable":true,"href":"https:\/\/hudo.com\/si\/wp-json\/wp\/v2\/tags?post=103787"},{"taxonomy":"source","embeddable":true,"href":"https:\/\/hudo.com\/si\/wp-json\/wp\/v2\/source?post=103787"},{"taxonomy":"supertag","embeddable":true,"href":"https:\/\/hudo.com\/si\/wp-json\/wp\/v2\/supertag?post=103787"}],"curies":[{"name":"wp","href":"https:\/\/api.w.org\/{rel}","templated":true}]}}