{"id":103851,"date":"2016-07-28T21:30:00","date_gmt":"2016-07-28T19:30:00","guid":{"rendered":"http:\/\/hudo.com\/si\/2016\/07\/28\/zrelost-maribora-prisla-na-plan-3\/"},"modified":"2016-07-29T23:37:39","modified_gmt":"2016-07-29T21:37:39","slug":"zrelost-maribora-prisla-na-plan-3","status":"publish","type":"post","link":"https:\/\/hudo.com\/si\/aktualno\/zrelost-maribora-prisla-na-plan-3\/","title":{"rendered":"&#8220;Zrelost Maribora pri\u0161la na plan&#8221;"},"content":{"rendered":"<p>\u017delel je rezultat, ki omogo\u010da napredovanje, in dobil ga je. &#8220;Za nami je izredno te\u017eka tekma. Fantje si zaslu\u017eijo \u010destitke za borbo, za boj. Povedli smo na izjemno vro\u010dem igri\u0161\u010du, imamo rezultat, ki nas \u0161e dr\u017ei v igri,&#8221; je po tekmi v Aberdeenu ocenil trener Maribora Darko Milani\u010d. &#8220;Nas pa \u010daka \u0161e izjemno napornih in te\u017ekih 90 minut v Mariboru. Vsaj 90 minut.&#8221; Prvi del napovedi kapitana vijoli\u010daste barke o Aberdeenu, ki na doma\u010dem igri\u0161\u010du igra ofenzivno, prebija po bokih in z dolgimi podajami i\u0161\u010de napadalce v kazenskem prostoru, se je uresni\u010dil. &#8220;V Mariboru pri\u010dakujem druga\u010dno tekmo. Na\u0161 nasprotnik ne bo igral na na\u010din, kot je igral na doma\u010dem igri\u0161\u010du,&#8221; je prepri\u010dan Primorec na \u0161tajerski klopi. \u0160kotski mediji, pa tudi trener Aberdeena Derek McInnes, so vijoli\u010daste pred obra\u010dunom postavljali v vlogo favorita. So jo upravi\u010dili? &#8220;Zadovoljen sem, kako smo nastopali, zadovoljen sem z rezultatom, \u0161e vedno pa se ne postavljam v vlogo favorita. Vse je \u0161e odprto,&#8221; je na vpra\u0161anje \u0161kotskega novinarskega kolega previdno odgovoril slovenski trener. Na igri\u0161\u010de je postavil nekoliko druga\u010dno enajsterico kot na tekmah proti Levskemu. Na desnem boku je za\u010del Denis \u0160me. Nazadnje je na tej poziciji igral, ko je \u0161e bil \u010dlan Kopra. &#8220;Vesel sem, da je Denis odigral tako dobro. Z njim na desnem boku smo se prilagodili igri nasprotnika. Potrebovali smo vi\u0161ino na tej poziciji. Tudi v napad je ob\u010dasno dobro pogledal,&#8221; je Milani\u010d pohvalil Velenj\u010dana. V primerjavi s tekmo v Sofiji je v zvezni vrsti namesto Damjana Boharja za\u010del Dare Vr\u0161i\u010d. &#8220;Nasprotnika smo \u017eeleli umiriti z dobro posestjo. Dare je zelo dober, ko je treba zadr\u017eati \u017eogo v posesti. To nam je v dolo\u010denih trenutkih tudi dobro uspevalo,&#8221; je drugo ro\u0161ado po tekmi pojasnil trener. Tudi rde\u010di \u0161e niso obupali nad napredovanjem. &#8220;Maribor je ekipa, ki ne dobi veliko golov. Njihova zrelost vsaki\u010d znova pride na plano. A ni\u010d \u0161e ni zgubljeno. Moramo se potruditi in v Mariboru dose\u010di napredovanje,&#8221; je dejal trener Aberdeena Derek McInnes.\u0160port<\/p>\n","protected":false},"excerpt":{"rendered":"<p>\u017delel je rezultat, ki omogo\u010da napredovanje, in dobil ga je. &#8220;Za nami je izredno te\u017eka tekma. Fantje si zaslu\u017eijo \u010destitke za borbo, za boj. Povedli smo na izjemno vro\u010dem igri\u0161\u010du, imamo rezultat, ki nas \u0161e dr\u017ei v igri,&#8221; je po tekmi v Aberdeenu ocenil trener Maribora Darko Milani\u010d. &#8220;Nas pa \u010daka \u0161e izjemno napornih in te\u017ekih 90 minut v Mariboru. Vsaj 90 minut.&#8221; Prvi del napovedi kapitana vijoli\u010daste barke o Aberdeenu, ki na doma\u010dem igri\u0161\u010du igra ofenzivno, prebija po bokih in z dolgimi podajami i\u0161\u010de napadalce v kazenskem prostoru, se je uresni\u010dil. &#8220;V Mariboru pri\u010dakujem druga\u010dno tekmo. Na\u0161 nasprotnik ne bo igral na na\u010din, kot je igral na doma\u010dem igri\u0161\u010du,&#8221; je prepri\u010dan Primorec na \u0161tajerski klopi. \u0160kotski mediji, pa tudi trener Aberdeena Derek McInnes, so vijoli\u010daste pred obra\u010dunom postavljali v vlogo favorita. So jo upravi\u010dili? &#8220;Zadovoljen sem, kako smo nastopali, zadovoljen sem z rezultatom, \u0161e vedno pa se ne postavljam v vlogo favorita. Vse je \u0161e odprto,&#8221; je na vpra\u0161anje \u0161kotskega novinarskega kolega previdno odgovoril slovenski trener. Na igri\u0161\u010de je postavil nekoliko druga\u010dno enajsterico kot na tekmah proti Levskemu. Na desnem boku je za\u010del Denis \u0160me. Nazadnje je na tej poziciji igral, ko je \u0161e bil \u010dlan Kopra. &#8220;Vesel sem, da je Denis odigral tako dobro. Z njim na desnem boku smo se prilagodili igri nasprotnika. Potrebovali smo vi\u0161ino na tej poziciji. Tudi v napad je ob\u010dasno dobro pogledal,&#8221; je Milani\u010d pohvalil Velenj\u010dana. V primerjavi s tekmo v Sofiji je v zvezni vrsti namesto Damjana Boharja za\u010del Dare Vr\u0161i\u010d. &#8220;Nasprotnika smo \u017eeleli umiriti z dobro posestjo. Dare je zelo dober, ko je treba zadr\u017eati \u017eogo v posesti. To nam je v dolo\u010denih trenutkih tudi dobro uspevalo,&#8221; je drugo ro\u0161ado po tekmi pojasnil trener. Tudi rde\u010di \u0161e niso obupali nad napredovanjem. &#8220;Maribor je ekipa, ki ne dobi veliko golov. Njihova zrelost vsaki\u010d znova pride na plano. A ni\u010d \u0161e ni zgubljeno. Moramo se potruditi in v Mariboru dose\u010di napredovanje,&#8221; je dejal trener Aberdeena Derek McInnes.\u0160port<\/p>\n","protected":false},"author":1,"featured_media":0,"comment_status":"closed","ping_status":"closed","sticky":false,"template":"","format":"standard","meta":{"footnotes":""},"categories":[1179],"tags":[],"source":[1711],"supertag":[],"acf":[],"yoast_head":"<!-- This site is optimized with the Yoast SEO plugin v21.3 - https:\/\/yoast.com\/wordpress\/plugins\/seo\/ -->\n<title>&quot;Zrelost Maribora pri\u0161la na plan&quot; - Hudo Slovenija<\/title>\n<meta name=\"robots\" content=\"index, follow, max-snippet:-1, max-image-preview:large, max-video-preview:-1\" \/>\n<link rel=\"canonical\" href=\"https:\/\/hudo.com\/si\/aktualno\/zrelost-maribora-prisla-na-plan-3\/\" \/>\n<meta property=\"og:locale\" content=\"sl_SI\" \/>\n<meta property=\"og:type\" content=\"article\" \/>\n<meta property=\"og:title\" content=\"&quot;Zrelost Maribora pri\u0161la na plan&quot; - Hudo Slovenija\" \/>\n<meta property=\"og:description\" content=\"\u017delel je rezultat, ki omogo\u010da napredovanje, in dobil ga je. &quot;Za nami je izredno te\u017eka tekma. Fantje si zaslu\u017eijo \u010destitke za borbo, za boj. Povedli smo na izjemno vro\u010dem igri\u0161\u010du, imamo rezultat, ki nas \u0161e dr\u017ei v igri,&quot; je po tekmi v Aberdeenu ocenil trener Maribora Darko Milani\u010d. &quot;Nas pa \u010daka \u0161e izjemno napornih in te\u017ekih 90 minut v Mariboru. Vsaj 90 minut.&quot; Prvi del napovedi kapitana vijoli\u010daste barke o Aberdeenu, ki na doma\u010dem igri\u0161\u010du igra ofenzivno, prebija po bokih in z dolgimi podajami i\u0161\u010de napadalce v kazenskem prostoru, se je uresni\u010dil. &quot;V Mariboru pri\u010dakujem druga\u010dno tekmo. Na\u0161 nasprotnik ne bo igral na na\u010din, kot je igral na doma\u010dem igri\u0161\u010du,&quot; je prepri\u010dan Primorec na \u0161tajerski klopi. \u0160kotski mediji, pa tudi trener Aberdeena Derek McInnes, so vijoli\u010daste pred obra\u010dunom postavljali v vlogo favorita. So jo upravi\u010dili? &quot;Zadovoljen sem, kako smo nastopali, zadovoljen sem z rezultatom, \u0161e vedno pa se ne postavljam v vlogo favorita. Vse je \u0161e odprto,&quot; je na vpra\u0161anje \u0161kotskega novinarskega kolega previdno odgovoril slovenski trener. Na igri\u0161\u010de je postavil nekoliko druga\u010dno enajsterico kot na tekmah proti Levskemu. Na desnem boku je za\u010del Denis \u0160me. Nazadnje je na tej poziciji igral, ko je \u0161e bil \u010dlan Kopra. &quot;Vesel sem, da je Denis odigral tako dobro. Z njim na desnem boku smo se prilagodili igri nasprotnika. Potrebovali smo vi\u0161ino na tej poziciji. Tudi v napad je ob\u010dasno dobro pogledal,&quot; je Milani\u010d pohvalil Velenj\u010dana. V primerjavi s tekmo v Sofiji je v zvezni vrsti namesto Damjana Boharja za\u010del Dare Vr\u0161i\u010d. &quot;Nasprotnika smo \u017eeleli umiriti z dobro posestjo. Dare je zelo dober, ko je treba zadr\u017eati \u017eogo v posesti. To nam je v dolo\u010denih trenutkih tudi dobro uspevalo,&quot; je drugo ro\u0161ado po tekmi pojasnil trener. Tudi rde\u010di \u0161e niso obupali nad napredovanjem. &quot;Maribor je ekipa, ki ne dobi veliko golov. Njihova zrelost vsaki\u010d znova pride na plano. A ni\u010d \u0161e ni zgubljeno. Moramo se potruditi in v Mariboru dose\u010di napredovanje,&quot; je dejal trener Aberdeena Derek McInnes.\u0160port\" \/>\n<meta property=\"og:url\" content=\"https:\/\/hudo.com\/si\/aktualno\/zrelost-maribora-prisla-na-plan-3\/\" \/>\n<meta property=\"og:site_name\" content=\"Hudo Slovenija\" \/>\n<meta property=\"article:publisher\" content=\"https:\/\/www.facebook.com\/hudo.si\" \/>\n<meta property=\"article:published_time\" content=\"2016-07-28T19:30:00+00:00\" \/>\n<meta property=\"article:modified_time\" content=\"2016-07-29T21:37:39+00:00\" \/>\n<meta property=\"og:image\" content=\"https:\/\/hudo.com\/si\/wp-content\/uploads\/sites\/2\/2016\/07\/0727Evropa1-300-2.jpg\" \/>\n\t<meta property=\"og:image:width\" content=\"450\" \/>\n\t<meta property=\"og:image:height\" content=\"463\" \/>\n\t<meta property=\"og:image:type\" content=\"image\/jpeg\" \/>\n<meta name=\"author\" content=\"hudo\" \/>\n<meta name=\"twitter:card\" content=\"summary_large_image\" \/>\n<meta name=\"twitter:creator\" content=\"@hudo_si\" \/>\n<meta name=\"twitter:site\" content=\"@hudo_si\" \/>\n<meta name=\"twitter:label1\" content=\"Written by\" \/>\n\t<meta name=\"twitter:data1\" content=\"hudo\" \/>\n\t<meta name=\"twitter:label2\" content=\"Est. reading time\" \/>\n\t<meta name=\"twitter:data2\" content=\"2 minuti\" \/>\n<script type=\"application\/ld+json\" class=\"yoast-schema-graph\">{\"@context\":\"https:\/\/schema.org\",\"@graph\":[{\"@type\":\"Article\",\"@id\":\"https:\/\/hudo.com\/si\/aktualno\/zrelost-maribora-prisla-na-plan-3\/#article\",\"isPartOf\":{\"@id\":\"https:\/\/hudo.com\/si\/aktualno\/zrelost-maribora-prisla-na-plan-3\/\"},\"author\":{\"name\":\"hudo\",\"@id\":\"https:\/\/hudo.com\/si\/#\/schema\/person\/601cf3379633985b20f7e50f2bb47707\"},\"headline\":\"&#8220;Zrelost Maribora pri\u0161la na plan&#8221;\",\"datePublished\":\"2016-07-28T19:30:00+00:00\",\"dateModified\":\"2016-07-29T21:37:39+00:00\",\"mainEntityOfPage\":{\"@id\":\"https:\/\/hudo.com\/si\/aktualno\/zrelost-maribora-prisla-na-plan-3\/\"},\"wordCount\":364,\"publisher\":{\"@id\":\"https:\/\/hudo.com\/si\/#organization\"},\"articleSection\":[\"Aktualno\"],\"inLanguage\":\"sl-SI\"},{\"@type\":\"WebPage\",\"@id\":\"https:\/\/hudo.com\/si\/aktualno\/zrelost-maribora-prisla-na-plan-3\/\",\"url\":\"https:\/\/hudo.com\/si\/aktualno\/zrelost-maribora-prisla-na-plan-3\/\",\"name\":\"\\\"Zrelost Maribora pri\u0161la na plan\\\" - Hudo Slovenija\",\"isPartOf\":{\"@id\":\"https:\/\/hudo.com\/si\/#website\"},\"datePublished\":\"2016-07-28T19:30:00+00:00\",\"dateModified\":\"2016-07-29T21:37:39+00:00\",\"breadcrumb\":{\"@id\":\"https:\/\/hudo.com\/si\/aktualno\/zrelost-maribora-prisla-na-plan-3\/#breadcrumb\"},\"inLanguage\":\"sl-SI\",\"potentialAction\":[{\"@type\":\"ReadAction\",\"target\":[\"https:\/\/hudo.com\/si\/aktualno\/zrelost-maribora-prisla-na-plan-3\/\"]}]},{\"@type\":\"BreadcrumbList\",\"@id\":\"https:\/\/hudo.com\/si\/aktualno\/zrelost-maribora-prisla-na-plan-3\/#breadcrumb\",\"itemListElement\":[{\"@type\":\"ListItem\",\"position\":1,\"name\":\"Home\",\"item\":\"https:\/\/hudo.com\/si\/\"},{\"@type\":\"ListItem\",\"position\":2,\"name\":\"&#8220;Zrelost Maribora pri\u0161la na plan&#8221;\"}]},{\"@type\":\"WebSite\",\"@id\":\"https:\/\/hudo.com\/si\/#website\",\"url\":\"https:\/\/hudo.com\/si\/\",\"name\":\"Hudo Slovenija\",\"description\":\"Vse novice iz Slovenije in sveta\",\"publisher\":{\"@id\":\"https:\/\/hudo.com\/si\/#organization\"},\"potentialAction\":[{\"@type\":\"SearchAction\",\"target\":{\"@type\":\"EntryPoint\",\"urlTemplate\":\"https:\/\/hudo.com\/si\/?s={search_term_string}\"},\"query-input\":\"required name=search_term_string\"}],\"inLanguage\":\"sl-SI\"},{\"@type\":\"Organization\",\"@id\":\"https:\/\/hudo.com\/si\/#organization\",\"name\":\"VSN Media\",\"url\":\"https:\/\/hudo.com\/si\/\",\"logo\":{\"@type\":\"ImageObject\",\"inLanguage\":\"sl-SI\",\"@id\":\"https:\/\/hudo.com\/si\/#\/schema\/logo\/image\/\",\"url\":\"https:\/\/hudo.com\/si\/wp-content\/uploads\/sites\/2\/2021\/03\/hudo-app-2.png\",\"contentUrl\":\"https:\/\/hudo.com\/si\/wp-content\/uploads\/sites\/2\/2021\/03\/hudo-app-2.png\",\"width\":2185,\"height\":2167,\"caption\":\"VSN Media\"},\"image\":{\"@id\":\"https:\/\/hudo.com\/si\/#\/schema\/logo\/image\/\"},\"sameAs\":[\"https:\/\/www.facebook.com\/hudo.si\",\"https:\/\/twitter.com\/hudo_si\"]},{\"@type\":\"Person\",\"@id\":\"https:\/\/hudo.com\/si\/#\/schema\/person\/601cf3379633985b20f7e50f2bb47707\",\"name\":\"hudo\",\"image\":{\"@type\":\"ImageObject\",\"inLanguage\":\"sl-SI\",\"@id\":\"https:\/\/hudo.com\/si\/#\/schema\/person\/image\/\",\"url\":\"https:\/\/secure.gravatar.com\/avatar\/c4ca25fa72cace7a696b52ff5db9e095?s=96&d=mm&r=g\",\"contentUrl\":\"https:\/\/secure.gravatar.com\/avatar\/c4ca25fa72cace7a696b52ff5db9e095?s=96&d=mm&r=g\",\"caption\":\"hudo\"},\"url\":\"https:\/\/hudo.com\/si\/author\/hudo\/\"}]}<\/script>\n<!-- \/ Yoast SEO plugin. -->","yoast_head_json":{"title":"\"Zrelost Maribora pri\u0161la na plan\" - Hudo Slovenija","robots":{"index":"index","follow":"follow","max-snippet":"max-snippet:-1","max-image-preview":"max-image-preview:large","max-video-preview":"max-video-preview:-1"},"canonical":"https:\/\/hudo.com\/si\/aktualno\/zrelost-maribora-prisla-na-plan-3\/","og_locale":"sl_SI","og_type":"article","og_title":"\"Zrelost Maribora pri\u0161la na plan\" - Hudo Slovenija","og_description":"\u017delel je rezultat, ki omogo\u010da napredovanje, in dobil ga je. \"Za nami je izredno te\u017eka tekma. Fantje si zaslu\u017eijo \u010destitke za borbo, za boj. Povedli smo na izjemno vro\u010dem igri\u0161\u010du, imamo rezultat, ki nas \u0161e dr\u017ei v igri,\" je po tekmi v Aberdeenu ocenil trener Maribora Darko Milani\u010d. \"Nas pa \u010daka \u0161e izjemno napornih in te\u017ekih 90 minut v Mariboru. Vsaj 90 minut.\" Prvi del napovedi kapitana vijoli\u010daste barke o Aberdeenu, ki na doma\u010dem igri\u0161\u010du igra ofenzivno, prebija po bokih in z dolgimi podajami i\u0161\u010de napadalce v kazenskem prostoru, se je uresni\u010dil. \"V Mariboru pri\u010dakujem druga\u010dno tekmo. Na\u0161 nasprotnik ne bo igral na na\u010din, kot je igral na doma\u010dem igri\u0161\u010du,\" je prepri\u010dan Primorec na \u0161tajerski klopi. \u0160kotski mediji, pa tudi trener Aberdeena Derek McInnes, so vijoli\u010daste pred obra\u010dunom postavljali v vlogo favorita. So jo upravi\u010dili? \"Zadovoljen sem, kako smo nastopali, zadovoljen sem z rezultatom, \u0161e vedno pa se ne postavljam v vlogo favorita. Vse je \u0161e odprto,\" je na vpra\u0161anje \u0161kotskega novinarskega kolega previdno odgovoril slovenski trener. Na igri\u0161\u010de je postavil nekoliko druga\u010dno enajsterico kot na tekmah proti Levskemu. Na desnem boku je za\u010del Denis \u0160me. Nazadnje je na tej poziciji igral, ko je \u0161e bil \u010dlan Kopra. \"Vesel sem, da je Denis odigral tako dobro. Z njim na desnem boku smo se prilagodili igri nasprotnika. Potrebovali smo vi\u0161ino na tej poziciji. Tudi v napad je ob\u010dasno dobro pogledal,\" je Milani\u010d pohvalil Velenj\u010dana. V primerjavi s tekmo v Sofiji je v zvezni vrsti namesto Damjana Boharja za\u010del Dare Vr\u0161i\u010d. \"Nasprotnika smo \u017eeleli umiriti z dobro posestjo. Dare je zelo dober, ko je treba zadr\u017eati \u017eogo v posesti. To nam je v dolo\u010denih trenutkih tudi dobro uspevalo,\" je drugo ro\u0161ado po tekmi pojasnil trener. Tudi rde\u010di \u0161e niso obupali nad napredovanjem. \"Maribor je ekipa, ki ne dobi veliko golov. Njihova zrelost vsaki\u010d znova pride na plano. A ni\u010d \u0161e ni zgubljeno. Moramo se potruditi in v Mariboru dose\u010di napredovanje,\" je dejal trener Aberdeena Derek McInnes.\u0160port","og_url":"https:\/\/hudo.com\/si\/aktualno\/zrelost-maribora-prisla-na-plan-3\/","og_site_name":"Hudo Slovenija","article_publisher":"https:\/\/www.facebook.com\/hudo.si","article_published_time":"2016-07-28T19:30:00+00:00","article_modified_time":"2016-07-29T21:37:39+00:00","og_image":[{"width":450,"height":463,"url":"https:\/\/hudo.com\/si\/wp-content\/uploads\/sites\/2\/2016\/07\/0727Evropa1-300-2.jpg","type":"image\/jpeg"}],"author":"hudo","twitter_card":"summary_large_image","twitter_creator":"@hudo_si","twitter_site":"@hudo_si","twitter_misc":{"Written by":"hudo","Est. reading time":"2 minuti"},"schema":{"@context":"https:\/\/schema.org","@graph":[{"@type":"Article","@id":"https:\/\/hudo.com\/si\/aktualno\/zrelost-maribora-prisla-na-plan-3\/#article","isPartOf":{"@id":"https:\/\/hudo.com\/si\/aktualno\/zrelost-maribora-prisla-na-plan-3\/"},"author":{"name":"hudo","@id":"https:\/\/hudo.com\/si\/#\/schema\/person\/601cf3379633985b20f7e50f2bb47707"},"headline":"&#8220;Zrelost Maribora pri\u0161la na plan&#8221;","datePublished":"2016-07-28T19:30:00+00:00","dateModified":"2016-07-29T21:37:39+00:00","mainEntityOfPage":{"@id":"https:\/\/hudo.com\/si\/aktualno\/zrelost-maribora-prisla-na-plan-3\/"},"wordCount":364,"publisher":{"@id":"https:\/\/hudo.com\/si\/#organization"},"articleSection":["Aktualno"],"inLanguage":"sl-SI"},{"@type":"WebPage","@id":"https:\/\/hudo.com\/si\/aktualno\/zrelost-maribora-prisla-na-plan-3\/","url":"https:\/\/hudo.com\/si\/aktualno\/zrelost-maribora-prisla-na-plan-3\/","name":"\"Zrelost Maribora pri\u0161la na plan\" - Hudo Slovenija","isPartOf":{"@id":"https:\/\/hudo.com\/si\/#website"},"datePublished":"2016-07-28T19:30:00+00:00","dateModified":"2016-07-29T21:37:39+00:00","breadcrumb":{"@id":"https:\/\/hudo.com\/si\/aktualno\/zrelost-maribora-prisla-na-plan-3\/#breadcrumb"},"inLanguage":"sl-SI","potentialAction":[{"@type":"ReadAction","target":["https:\/\/hudo.com\/si\/aktualno\/zrelost-maribora-prisla-na-plan-3\/"]}]},{"@type":"BreadcrumbList","@id":"https:\/\/hudo.com\/si\/aktualno\/zrelost-maribora-prisla-na-plan-3\/#breadcrumb","itemListElement":[{"@type":"ListItem","position":1,"name":"Home","item":"https:\/\/hudo.com\/si\/"},{"@type":"ListItem","position":2,"name":"&#8220;Zrelost Maribora pri\u0161la na plan&#8221;"}]},{"@type":"WebSite","@id":"https:\/\/hudo.com\/si\/#website","url":"https:\/\/hudo.com\/si\/","name":"Hudo Slovenija","description":"Vse novice iz Slovenije in sveta","publisher":{"@id":"https:\/\/hudo.com\/si\/#organization"},"potentialAction":[{"@type":"SearchAction","target":{"@type":"EntryPoint","urlTemplate":"https:\/\/hudo.com\/si\/?s={search_term_string}"},"query-input":"required name=search_term_string"}],"inLanguage":"sl-SI"},{"@type":"Organization","@id":"https:\/\/hudo.com\/si\/#organization","name":"VSN Media","url":"https:\/\/hudo.com\/si\/","logo":{"@type":"ImageObject","inLanguage":"sl-SI","@id":"https:\/\/hudo.com\/si\/#\/schema\/logo\/image\/","url":"https:\/\/hudo.com\/si\/wp-content\/uploads\/sites\/2\/2021\/03\/hudo-app-2.png","contentUrl":"https:\/\/hudo.com\/si\/wp-content\/uploads\/sites\/2\/2021\/03\/hudo-app-2.png","width":2185,"height":2167,"caption":"VSN Media"},"image":{"@id":"https:\/\/hudo.com\/si\/#\/schema\/logo\/image\/"},"sameAs":["https:\/\/www.facebook.com\/hudo.si","https:\/\/twitter.com\/hudo_si"]},{"@type":"Person","@id":"https:\/\/hudo.com\/si\/#\/schema\/person\/601cf3379633985b20f7e50f2bb47707","name":"hudo","image":{"@type":"ImageObject","inLanguage":"sl-SI","@id":"https:\/\/hudo.com\/si\/#\/schema\/person\/image\/","url":"https:\/\/secure.gravatar.com\/avatar\/c4ca25fa72cace7a696b52ff5db9e095?s=96&d=mm&r=g","contentUrl":"https:\/\/secure.gravatar.com\/avatar\/c4ca25fa72cace7a696b52ff5db9e095?s=96&d=mm&r=g","caption":"hudo"},"url":"https:\/\/hudo.com\/si\/author\/hudo\/"}]}},"amp_enabled":true,"_links":{"self":[{"href":"https:\/\/hudo.com\/si\/wp-json\/wp\/v2\/posts\/103851"}],"collection":[{"href":"https:\/\/hudo.com\/si\/wp-json\/wp\/v2\/posts"}],"about":[{"href":"https:\/\/hudo.com\/si\/wp-json\/wp\/v2\/types\/post"}],"author":[{"embeddable":true,"href":"https:\/\/hudo.com\/si\/wp-json\/wp\/v2\/users\/1"}],"replies":[{"embeddable":true,"href":"https:\/\/hudo.com\/si\/wp-json\/wp\/v2\/comments?post=103851"}],"version-history":[{"count":1,"href":"https:\/\/hudo.com\/si\/wp-json\/wp\/v2\/posts\/103851\/revisions"}],"predecessor-version":[{"id":103884,"href":"https:\/\/hudo.com\/si\/wp-json\/wp\/v2\/posts\/103851\/revisions\/103884"}],"wp:attachment":[{"href":"https:\/\/hudo.com\/si\/wp-json\/wp\/v2\/media?parent=103851"}],"wp:term":[{"taxonomy":"category","embeddable":true,"href":"https:\/\/hudo.com\/si\/wp-json\/wp\/v2\/categories?post=103851"},{"taxonomy":"post_tag","embeddable":true,"href":"https:\/\/hudo.com\/si\/wp-json\/wp\/v2\/tags?post=103851"},{"taxonomy":"source","embeddable":true,"href":"https:\/\/hudo.com\/si\/wp-json\/wp\/v2\/source?post=103851"},{"taxonomy":"supertag","embeddable":true,"href":"https:\/\/hudo.com\/si\/wp-json\/wp\/v2\/supertag?post=103851"}],"curies":[{"name":"wp","href":"https:\/\/api.w.org\/{rel}","templated":true}]}}