{"id":104265,"date":"2016-07-29T09:45:00","date_gmt":"2016-07-29T07:45:00","guid":{"rendered":"http:\/\/hudo.com\/si\/2016\/07\/29\/papez-v-auschwitzu-tiho-molil\/"},"modified":"2016-07-30T07:57:24","modified_gmt":"2016-07-30T05:57:24","slug":"papez-v-auschwitzu-tiho-molil","status":"publish","type":"post","link":"https:\/\/hudo.com\/si\/aktualno\/papez-v-auschwitzu-tiho-molil\/","title":{"rendered":"Pape\u017e v Auschwitzu tiho molil"},"content":{"rendered":"<p>Pape\u017e Fran\u010di\u0161ek, ki se ob svetovnem dnevu mladih mudi na ve\u010ddnevnem obisku na Poljskem, je danes obiskal nekdanje nacisti\u010dno koncentracijsko tabori\u0161\u010de Auschwitz-Birkenau. Pape\u017e se je sam sprehodil skozi vrata z zloglasnim napisom Arbeit macht frei (Delo osvobaja). Na prizori\u0161\u010du mori\u0161\u010da okoli 1,1 milijona ve\u010dinoma judovskih \u017ertev je tiho molil. Fran\u010di\u0161ek se je nato sre\u010dal z nekaterimi pre\u017eivelimi in tistimi, ki so Jude med vojno re\u0161evali. Med njimi je bila Helena Dunicz Niwinska, stara 101 leto, ki je igrala violino v orkestru v koncentracijskem tabori\u0161\u010du. Pape\u017e je pred zidom, pred katerim so nacisti streljali tabori\u0161\u010dnike, pri\u017egal sve\u010do in s sklonjeno glavo tiho molil, nato pa je obiskal celico, v kateri je bil poljski duhovnik in svetnik Maximilian Kolbe, ki je umrl v Auschwitzu. V judovskih organizacijah pape\u017eev obisk v Auschwitzu razlagajo kot pomemben signal. Jorge Mario Bergoglio je podoben signal podal \u017ee pred dvema letoma, ko je obiskal muzej Jad Va\u0161em v Jeruzalemu, ki je posve\u010den \u017ertvam holokavsta. Sicer pa je tretji pape\u017e, ki je obiskal Auschwitz, za Janezom Pavlom II. in Benediktom XVI. Na dogodke v \u010dasu nacizma je pape\u017e posredno spomnil \u017ee med poletom na Poljsko, kamor je dopotoval v sredo. Novinarjem je dejal, da je svet danes v vojni, a ne verski. &#8220;Svet je \u017ee nekaj \u010dasa v vojnah &#8211; ena se je za\u010dela leta 1914, ena je bila med letoma 1939 in 1945, zdaj pa imamo to,&#8221; je dodal. Poljsko, ki ima do beguncev odklonilno stali\u0161\u010de, pa je pozval, naj te ljudi sprejme. Sveti o\u010de bo danes obiskal tudi pediatri\u010dno bolni\u0161nico v Krakovu, v velikem krakovskem parku Blonia, kjer poteka sre\u010danje katoli\u0161ke mladine z vsega sveta, svetovni dan mladih, pa bo potekal kri\u017eev pot. Pape\u017eev obisk na Poljskem v lu\u010di zadnjih napadov v Franciji in Nem\u010diji spremljajo poostreni varnostni ukrepi, Poljska je za\u010dasno znova uvedla nadzor na mejah s sosedami v EU. Sre\u010danja katoli\u0161ke mladine v Krakovu se udele\u017eujejo ve\u010d sto tiso\u010d ljudi, a morda tudi zaradi zadnjih krvavih dogodkov v Evropi ma<\/p>\n","protected":false},"excerpt":{"rendered":"<p>Pape\u017e Fran\u010di\u0161ek, ki se ob svetovnem dnevu mladih mudi na ve\u010ddnevnem obisku na Poljskem, je danes obiskal nekdanje nacisti\u010dno koncentracijsko tabori\u0161\u010de Auschwitz-Birkenau. Pape\u017e se je sam sprehodil skozi vrata z zloglasnim napisom Arbeit macht frei (Delo osvobaja). Na prizori\u0161\u010du mori\u0161\u010da okoli 1,1 milijona ve\u010dinoma judovskih \u017ertev je tiho molil. Fran\u010di\u0161ek se je nato sre\u010dal z nekaterimi pre\u017eivelimi in tistimi, ki so Jude med vojno re\u0161evali. Med njimi je bila Helena Dunicz Niwinska, stara 101 leto, ki je igrala violino v orkestru v koncentracijskem tabori\u0161\u010du. Pape\u017e je pred zidom, pred katerim so nacisti streljali tabori\u0161\u010dnike, pri\u017egal sve\u010do in s sklonjeno glavo tiho molil, nato pa je obiskal celico, v kateri je bil poljski duhovnik in svetnik Maximilian Kolbe, ki je umrl v Auschwitzu. V judovskih organizacijah pape\u017eev obisk v Auschwitzu razlagajo kot pomemben signal. Jorge Mario Bergoglio je podoben signal podal \u017ee pred dvema letoma, ko je obiskal muzej Jad Va\u0161em v Jeruzalemu, ki je posve\u010den \u017ertvam holokavsta. Sicer pa je tretji pape\u017e, ki je obiskal Auschwitz, za Janezom Pavlom II. in Benediktom XVI. Na dogodke v \u010dasu nacizma je pape\u017e posredno spomnil \u017ee med poletom na Poljsko, kamor je dopotoval v sredo. Novinarjem je dejal, da je svet danes v vojni, a ne verski. &#8220;Svet je \u017ee nekaj \u010dasa v vojnah &#8211; ena se je za\u010dela leta 1914, ena je bila med letoma 1939 in 1945, zdaj pa imamo to,&#8221; je dodal. Poljsko, ki ima do beguncev odklonilno stali\u0161\u010de, pa je pozval, naj te ljudi sprejme. Sveti o\u010de bo danes obiskal tudi pediatri\u010dno bolni\u0161nico v Krakovu, v velikem krakovskem parku Blonia, kjer poteka sre\u010danje katoli\u0161ke mladine z vsega sveta, svetovni dan mladih, pa bo potekal kri\u017eev pot. Pape\u017eev obisk na Poljskem v lu\u010di zadnjih napadov v Franciji in Nem\u010diji spremljajo poostreni varnostni ukrepi, Poljska je za\u010dasno znova uvedla nadzor na mejah s sosedami v EU. Sre\u010danja katoli\u0161ke mladine v Krakovu se udele\u017eujejo ve\u010d sto tiso\u010d ljudi, a morda tudi zaradi zadnjih krvavih dogodkov v Evropi ma<\/p>\n","protected":false},"author":1,"featured_media":0,"comment_status":"closed","ping_status":"closed","sticky":false,"template":"","format":"standard","meta":{"footnotes":""},"categories":[1179],"tags":[],"source":[1711],"supertag":[],"acf":[],"yoast_head":"<!-- This site is optimized with the Yoast SEO plugin v21.3 - https:\/\/yoast.com\/wordpress\/plugins\/seo\/ -->\n<title>Pape\u017e v Auschwitzu tiho molil - Hudo Slovenija<\/title>\n<meta name=\"robots\" content=\"index, follow, max-snippet:-1, max-image-preview:large, max-video-preview:-1\" \/>\n<link rel=\"canonical\" href=\"https:\/\/hudo.com\/si\/aktualno\/papez-v-auschwitzu-tiho-molil\/\" \/>\n<meta property=\"og:locale\" content=\"sl_SI\" \/>\n<meta property=\"og:type\" content=\"article\" \/>\n<meta property=\"og:title\" content=\"Pape\u017e v Auschwitzu tiho molil - Hudo Slovenija\" \/>\n<meta property=\"og:description\" content=\"Pape\u017e Fran\u010di\u0161ek, ki se ob svetovnem dnevu mladih mudi na ve\u010ddnevnem obisku na Poljskem, je danes obiskal nekdanje nacisti\u010dno koncentracijsko tabori\u0161\u010de Auschwitz-Birkenau. Pape\u017e se je sam sprehodil skozi vrata z zloglasnim napisom Arbeit macht frei (Delo osvobaja). Na prizori\u0161\u010du mori\u0161\u010da okoli 1,1 milijona ve\u010dinoma judovskih \u017ertev je tiho molil. Fran\u010di\u0161ek se je nato sre\u010dal z nekaterimi pre\u017eivelimi in tistimi, ki so Jude med vojno re\u0161evali. Med njimi je bila Helena Dunicz Niwinska, stara 101 leto, ki je igrala violino v orkestru v koncentracijskem tabori\u0161\u010du. Pape\u017e je pred zidom, pred katerim so nacisti streljali tabori\u0161\u010dnike, pri\u017egal sve\u010do in s sklonjeno glavo tiho molil, nato pa je obiskal celico, v kateri je bil poljski duhovnik in svetnik Maximilian Kolbe, ki je umrl v Auschwitzu. V judovskih organizacijah pape\u017eev obisk v Auschwitzu razlagajo kot pomemben signal. Jorge Mario Bergoglio je podoben signal podal \u017ee pred dvema letoma, ko je obiskal muzej Jad Va\u0161em v Jeruzalemu, ki je posve\u010den \u017ertvam holokavsta. Sicer pa je tretji pape\u017e, ki je obiskal Auschwitz, za Janezom Pavlom II. in Benediktom XVI. Na dogodke v \u010dasu nacizma je pape\u017e posredno spomnil \u017ee med poletom na Poljsko, kamor je dopotoval v sredo. Novinarjem je dejal, da je svet danes v vojni, a ne verski. &quot;Svet je \u017ee nekaj \u010dasa v vojnah - ena se je za\u010dela leta 1914, ena je bila med letoma 1939 in 1945, zdaj pa imamo to,&quot; je dodal. Poljsko, ki ima do beguncev odklonilno stali\u0161\u010de, pa je pozval, naj te ljudi sprejme. Sveti o\u010de bo danes obiskal tudi pediatri\u010dno bolni\u0161nico v Krakovu, v velikem krakovskem parku Blonia, kjer poteka sre\u010danje katoli\u0161ke mladine z vsega sveta, svetovni dan mladih, pa bo potekal kri\u017eev pot. Pape\u017eev obisk na Poljskem v lu\u010di zadnjih napadov v Franciji in Nem\u010diji spremljajo poostreni varnostni ukrepi, Poljska je za\u010dasno znova uvedla nadzor na mejah s sosedami v EU. Sre\u010danja katoli\u0161ke mladine v Krakovu se udele\u017eujejo ve\u010d sto tiso\u010d ljudi, a morda tudi zaradi zadnjih krvavih dogodkov v Evropi ma\" \/>\n<meta property=\"og:url\" content=\"https:\/\/hudo.com\/si\/aktualno\/papez-v-auschwitzu-tiho-molil\/\" \/>\n<meta property=\"og:site_name\" content=\"Hudo Slovenija\" \/>\n<meta property=\"article:publisher\" content=\"https:\/\/www.facebook.com\/hudo.si\" \/>\n<meta property=\"article:published_time\" content=\"2016-07-29T07:45:00+00:00\" \/>\n<meta property=\"article:modified_time\" content=\"2016-07-30T05:57:24+00:00\" \/>\n<meta property=\"og:image\" content=\"https:\/\/hudo.com\/si\/wp-content\/uploads\/sites\/2\/2016\/07\/05447041-300.jpg\" \/>\n\t<meta property=\"og:image:width\" content=\"450\" \/>\n\t<meta property=\"og:image:height\" content=\"300\" \/>\n\t<meta property=\"og:image:type\" content=\"image\/jpeg\" \/>\n<meta name=\"author\" content=\"hudo\" \/>\n<meta name=\"twitter:card\" content=\"summary_large_image\" \/>\n<meta name=\"twitter:creator\" content=\"@hudo_si\" \/>\n<meta name=\"twitter:site\" content=\"@hudo_si\" \/>\n<meta name=\"twitter:label1\" content=\"Written by\" \/>\n\t<meta name=\"twitter:data1\" content=\"hudo\" \/>\n\t<meta name=\"twitter:label2\" content=\"Est. reading time\" \/>\n\t<meta name=\"twitter:data2\" content=\"2 minuti\" \/>\n<script type=\"application\/ld+json\" class=\"yoast-schema-graph\">{\"@context\":\"https:\/\/schema.org\",\"@graph\":[{\"@type\":\"Article\",\"@id\":\"https:\/\/hudo.com\/si\/aktualno\/papez-v-auschwitzu-tiho-molil\/#article\",\"isPartOf\":{\"@id\":\"https:\/\/hudo.com\/si\/aktualno\/papez-v-auschwitzu-tiho-molil\/\"},\"author\":{\"name\":\"hudo\",\"@id\":\"https:\/\/hudo.com\/si\/#\/schema\/person\/601cf3379633985b20f7e50f2bb47707\"},\"headline\":\"Pape\u017e v Auschwitzu tiho molil\",\"datePublished\":\"2016-07-29T07:45:00+00:00\",\"dateModified\":\"2016-07-30T05:57:24+00:00\",\"mainEntityOfPage\":{\"@id\":\"https:\/\/hudo.com\/si\/aktualno\/papez-v-auschwitzu-tiho-molil\/\"},\"wordCount\":361,\"publisher\":{\"@id\":\"https:\/\/hudo.com\/si\/#organization\"},\"articleSection\":[\"Aktualno\"],\"inLanguage\":\"sl-SI\"},{\"@type\":\"WebPage\",\"@id\":\"https:\/\/hudo.com\/si\/aktualno\/papez-v-auschwitzu-tiho-molil\/\",\"url\":\"https:\/\/hudo.com\/si\/aktualno\/papez-v-auschwitzu-tiho-molil\/\",\"name\":\"Pape\u017e v Auschwitzu tiho molil - Hudo Slovenija\",\"isPartOf\":{\"@id\":\"https:\/\/hudo.com\/si\/#website\"},\"datePublished\":\"2016-07-29T07:45:00+00:00\",\"dateModified\":\"2016-07-30T05:57:24+00:00\",\"breadcrumb\":{\"@id\":\"https:\/\/hudo.com\/si\/aktualno\/papez-v-auschwitzu-tiho-molil\/#breadcrumb\"},\"inLanguage\":\"sl-SI\",\"potentialAction\":[{\"@type\":\"ReadAction\",\"target\":[\"https:\/\/hudo.com\/si\/aktualno\/papez-v-auschwitzu-tiho-molil\/\"]}]},{\"@type\":\"BreadcrumbList\",\"@id\":\"https:\/\/hudo.com\/si\/aktualno\/papez-v-auschwitzu-tiho-molil\/#breadcrumb\",\"itemListElement\":[{\"@type\":\"ListItem\",\"position\":1,\"name\":\"Home\",\"item\":\"https:\/\/hudo.com\/si\/\"},{\"@type\":\"ListItem\",\"position\":2,\"name\":\"Pape\u017e v Auschwitzu tiho molil\"}]},{\"@type\":\"WebSite\",\"@id\":\"https:\/\/hudo.com\/si\/#website\",\"url\":\"https:\/\/hudo.com\/si\/\",\"name\":\"Hudo Slovenija\",\"description\":\"Vse novice iz Slovenije in sveta\",\"publisher\":{\"@id\":\"https:\/\/hudo.com\/si\/#organization\"},\"potentialAction\":[{\"@type\":\"SearchAction\",\"target\":{\"@type\":\"EntryPoint\",\"urlTemplate\":\"https:\/\/hudo.com\/si\/?s={search_term_string}\"},\"query-input\":\"required name=search_term_string\"}],\"inLanguage\":\"sl-SI\"},{\"@type\":\"Organization\",\"@id\":\"https:\/\/hudo.com\/si\/#organization\",\"name\":\"VSN Media\",\"url\":\"https:\/\/hudo.com\/si\/\",\"logo\":{\"@type\":\"ImageObject\",\"inLanguage\":\"sl-SI\",\"@id\":\"https:\/\/hudo.com\/si\/#\/schema\/logo\/image\/\",\"url\":\"https:\/\/hudo.com\/si\/wp-content\/uploads\/sites\/2\/2021\/03\/hudo-app-2.png\",\"contentUrl\":\"https:\/\/hudo.com\/si\/wp-content\/uploads\/sites\/2\/2021\/03\/hudo-app-2.png\",\"width\":2185,\"height\":2167,\"caption\":\"VSN Media\"},\"image\":{\"@id\":\"https:\/\/hudo.com\/si\/#\/schema\/logo\/image\/\"},\"sameAs\":[\"https:\/\/www.facebook.com\/hudo.si\",\"https:\/\/twitter.com\/hudo_si\"]},{\"@type\":\"Person\",\"@id\":\"https:\/\/hudo.com\/si\/#\/schema\/person\/601cf3379633985b20f7e50f2bb47707\",\"name\":\"hudo\",\"image\":{\"@type\":\"ImageObject\",\"inLanguage\":\"sl-SI\",\"@id\":\"https:\/\/hudo.com\/si\/#\/schema\/person\/image\/\",\"url\":\"https:\/\/secure.gravatar.com\/avatar\/c4ca25fa72cace7a696b52ff5db9e095?s=96&d=mm&r=g\",\"contentUrl\":\"https:\/\/secure.gravatar.com\/avatar\/c4ca25fa72cace7a696b52ff5db9e095?s=96&d=mm&r=g\",\"caption\":\"hudo\"},\"url\":\"https:\/\/hudo.com\/si\/author\/hudo\/\"}]}<\/script>\n<!-- \/ Yoast SEO plugin. -->","yoast_head_json":{"title":"Pape\u017e v Auschwitzu tiho molil - Hudo Slovenija","robots":{"index":"index","follow":"follow","max-snippet":"max-snippet:-1","max-image-preview":"max-image-preview:large","max-video-preview":"max-video-preview:-1"},"canonical":"https:\/\/hudo.com\/si\/aktualno\/papez-v-auschwitzu-tiho-molil\/","og_locale":"sl_SI","og_type":"article","og_title":"Pape\u017e v Auschwitzu tiho molil - Hudo Slovenija","og_description":"Pape\u017e Fran\u010di\u0161ek, ki se ob svetovnem dnevu mladih mudi na ve\u010ddnevnem obisku na Poljskem, je danes obiskal nekdanje nacisti\u010dno koncentracijsko tabori\u0161\u010de Auschwitz-Birkenau. Pape\u017e se je sam sprehodil skozi vrata z zloglasnim napisom Arbeit macht frei (Delo osvobaja). Na prizori\u0161\u010du mori\u0161\u010da okoli 1,1 milijona ve\u010dinoma judovskih \u017ertev je tiho molil. Fran\u010di\u0161ek se je nato sre\u010dal z nekaterimi pre\u017eivelimi in tistimi, ki so Jude med vojno re\u0161evali. Med njimi je bila Helena Dunicz Niwinska, stara 101 leto, ki je igrala violino v orkestru v koncentracijskem tabori\u0161\u010du. Pape\u017e je pred zidom, pred katerim so nacisti streljali tabori\u0161\u010dnike, pri\u017egal sve\u010do in s sklonjeno glavo tiho molil, nato pa je obiskal celico, v kateri je bil poljski duhovnik in svetnik Maximilian Kolbe, ki je umrl v Auschwitzu. V judovskih organizacijah pape\u017eev obisk v Auschwitzu razlagajo kot pomemben signal. Jorge Mario Bergoglio je podoben signal podal \u017ee pred dvema letoma, ko je obiskal muzej Jad Va\u0161em v Jeruzalemu, ki je posve\u010den \u017ertvam holokavsta. Sicer pa je tretji pape\u017e, ki je obiskal Auschwitz, za Janezom Pavlom II. in Benediktom XVI. Na dogodke v \u010dasu nacizma je pape\u017e posredno spomnil \u017ee med poletom na Poljsko, kamor je dopotoval v sredo. Novinarjem je dejal, da je svet danes v vojni, a ne verski. \"Svet je \u017ee nekaj \u010dasa v vojnah - ena se je za\u010dela leta 1914, ena je bila med letoma 1939 in 1945, zdaj pa imamo to,\" je dodal. Poljsko, ki ima do beguncev odklonilno stali\u0161\u010de, pa je pozval, naj te ljudi sprejme. Sveti o\u010de bo danes obiskal tudi pediatri\u010dno bolni\u0161nico v Krakovu, v velikem krakovskem parku Blonia, kjer poteka sre\u010danje katoli\u0161ke mladine z vsega sveta, svetovni dan mladih, pa bo potekal kri\u017eev pot. Pape\u017eev obisk na Poljskem v lu\u010di zadnjih napadov v Franciji in Nem\u010diji spremljajo poostreni varnostni ukrepi, Poljska je za\u010dasno znova uvedla nadzor na mejah s sosedami v EU. Sre\u010danja katoli\u0161ke mladine v Krakovu se udele\u017eujejo ve\u010d sto tiso\u010d ljudi, a morda tudi zaradi zadnjih krvavih dogodkov v Evropi ma","og_url":"https:\/\/hudo.com\/si\/aktualno\/papez-v-auschwitzu-tiho-molil\/","og_site_name":"Hudo Slovenija","article_publisher":"https:\/\/www.facebook.com\/hudo.si","article_published_time":"2016-07-29T07:45:00+00:00","article_modified_time":"2016-07-30T05:57:24+00:00","og_image":[{"width":450,"height":300,"url":"https:\/\/hudo.com\/si\/wp-content\/uploads\/sites\/2\/2016\/07\/05447041-300.jpg","type":"image\/jpeg"}],"author":"hudo","twitter_card":"summary_large_image","twitter_creator":"@hudo_si","twitter_site":"@hudo_si","twitter_misc":{"Written by":"hudo","Est. reading time":"2 minuti"},"schema":{"@context":"https:\/\/schema.org","@graph":[{"@type":"Article","@id":"https:\/\/hudo.com\/si\/aktualno\/papez-v-auschwitzu-tiho-molil\/#article","isPartOf":{"@id":"https:\/\/hudo.com\/si\/aktualno\/papez-v-auschwitzu-tiho-molil\/"},"author":{"name":"hudo","@id":"https:\/\/hudo.com\/si\/#\/schema\/person\/601cf3379633985b20f7e50f2bb47707"},"headline":"Pape\u017e v Auschwitzu tiho molil","datePublished":"2016-07-29T07:45:00+00:00","dateModified":"2016-07-30T05:57:24+00:00","mainEntityOfPage":{"@id":"https:\/\/hudo.com\/si\/aktualno\/papez-v-auschwitzu-tiho-molil\/"},"wordCount":361,"publisher":{"@id":"https:\/\/hudo.com\/si\/#organization"},"articleSection":["Aktualno"],"inLanguage":"sl-SI"},{"@type":"WebPage","@id":"https:\/\/hudo.com\/si\/aktualno\/papez-v-auschwitzu-tiho-molil\/","url":"https:\/\/hudo.com\/si\/aktualno\/papez-v-auschwitzu-tiho-molil\/","name":"Pape\u017e v Auschwitzu tiho molil - Hudo Slovenija","isPartOf":{"@id":"https:\/\/hudo.com\/si\/#website"},"datePublished":"2016-07-29T07:45:00+00:00","dateModified":"2016-07-30T05:57:24+00:00","breadcrumb":{"@id":"https:\/\/hudo.com\/si\/aktualno\/papez-v-auschwitzu-tiho-molil\/#breadcrumb"},"inLanguage":"sl-SI","potentialAction":[{"@type":"ReadAction","target":["https:\/\/hudo.com\/si\/aktualno\/papez-v-auschwitzu-tiho-molil\/"]}]},{"@type":"BreadcrumbList","@id":"https:\/\/hudo.com\/si\/aktualno\/papez-v-auschwitzu-tiho-molil\/#breadcrumb","itemListElement":[{"@type":"ListItem","position":1,"name":"Home","item":"https:\/\/hudo.com\/si\/"},{"@type":"ListItem","position":2,"name":"Pape\u017e v Auschwitzu tiho molil"}]},{"@type":"WebSite","@id":"https:\/\/hudo.com\/si\/#website","url":"https:\/\/hudo.com\/si\/","name":"Hudo Slovenija","description":"Vse novice iz Slovenije in sveta","publisher":{"@id":"https:\/\/hudo.com\/si\/#organization"},"potentialAction":[{"@type":"SearchAction","target":{"@type":"EntryPoint","urlTemplate":"https:\/\/hudo.com\/si\/?s={search_term_string}"},"query-input":"required name=search_term_string"}],"inLanguage":"sl-SI"},{"@type":"Organization","@id":"https:\/\/hudo.com\/si\/#organization","name":"VSN Media","url":"https:\/\/hudo.com\/si\/","logo":{"@type":"ImageObject","inLanguage":"sl-SI","@id":"https:\/\/hudo.com\/si\/#\/schema\/logo\/image\/","url":"https:\/\/hudo.com\/si\/wp-content\/uploads\/sites\/2\/2021\/03\/hudo-app-2.png","contentUrl":"https:\/\/hudo.com\/si\/wp-content\/uploads\/sites\/2\/2021\/03\/hudo-app-2.png","width":2185,"height":2167,"caption":"VSN Media"},"image":{"@id":"https:\/\/hudo.com\/si\/#\/schema\/logo\/image\/"},"sameAs":["https:\/\/www.facebook.com\/hudo.si","https:\/\/twitter.com\/hudo_si"]},{"@type":"Person","@id":"https:\/\/hudo.com\/si\/#\/schema\/person\/601cf3379633985b20f7e50f2bb47707","name":"hudo","image":{"@type":"ImageObject","inLanguage":"sl-SI","@id":"https:\/\/hudo.com\/si\/#\/schema\/person\/image\/","url":"https:\/\/secure.gravatar.com\/avatar\/c4ca25fa72cace7a696b52ff5db9e095?s=96&d=mm&r=g","contentUrl":"https:\/\/secure.gravatar.com\/avatar\/c4ca25fa72cace7a696b52ff5db9e095?s=96&d=mm&r=g","caption":"hudo"},"url":"https:\/\/hudo.com\/si\/author\/hudo\/"}]}},"amp_enabled":true,"_links":{"self":[{"href":"https:\/\/hudo.com\/si\/wp-json\/wp\/v2\/posts\/104265"}],"collection":[{"href":"https:\/\/hudo.com\/si\/wp-json\/wp\/v2\/posts"}],"about":[{"href":"https:\/\/hudo.com\/si\/wp-json\/wp\/v2\/types\/post"}],"author":[{"embeddable":true,"href":"https:\/\/hudo.com\/si\/wp-json\/wp\/v2\/users\/1"}],"replies":[{"embeddable":true,"href":"https:\/\/hudo.com\/si\/wp-json\/wp\/v2\/comments?post=104265"}],"version-history":[{"count":1,"href":"https:\/\/hudo.com\/si\/wp-json\/wp\/v2\/posts\/104265\/revisions"}],"predecessor-version":[{"id":104356,"href":"https:\/\/hudo.com\/si\/wp-json\/wp\/v2\/posts\/104265\/revisions\/104356"}],"wp:attachment":[{"href":"https:\/\/hudo.com\/si\/wp-json\/wp\/v2\/media?parent=104265"}],"wp:term":[{"taxonomy":"category","embeddable":true,"href":"https:\/\/hudo.com\/si\/wp-json\/wp\/v2\/categories?post=104265"},{"taxonomy":"post_tag","embeddable":true,"href":"https:\/\/hudo.com\/si\/wp-json\/wp\/v2\/tags?post=104265"},{"taxonomy":"source","embeddable":true,"href":"https:\/\/hudo.com\/si\/wp-json\/wp\/v2\/source?post=104265"},{"taxonomy":"supertag","embeddable":true,"href":"https:\/\/hudo.com\/si\/wp-json\/wp\/v2\/supertag?post=104265"}],"curies":[{"name":"wp","href":"https:\/\/api.w.org\/{rel}","templated":true}]}}