{"id":104503,"date":"2016-07-28T22:00:00","date_gmt":"2016-07-28T20:00:00","guid":{"rendered":"http:\/\/hudo.com\/si\/2016\/07\/28\/terce-odhaja-iz-ece\/"},"modified":"2016-07-29T20:42:32","modified_gmt":"2016-07-29T18:42:32","slug":"terce-odhaja-iz-ece","status":"publish","type":"post","link":"https:\/\/hudo.com\/si\/aktualno\/terce-odhaja-iz-ece\/","title":{"rendered":"Ter\u010de odhaja iz ECE"},"content":{"rendered":"<p>Po petih letih vodenja podjetja ECE Mitja Ter\u010de odhaja na delo v tujino. Kje bo nadaljeval svojo kariero, ni razkril, povedal je le, da ostaja na podro\u010dju energetike, konkretneje, na podro\u010dju obnovljivih virov energije. V petih letih, odkar je bil na \u010delu ECE, je podjetje reorganiziral, moderniziral in usmeril v trg. V prvi polovici leto\u0161njega leta so ustvarili 2,5 milijona evrov dobi\u010dka, kar je enako celoletnemu planu in primerljivo z lanskim celoletnim dobi\u010dkom. Bil je pobudnik in gonilna sila zdru\u017eitve z Elektro Gorenjska Prodaja lani jeseni. ECE je le pol leta po zdru\u017eitvi postal prvi med ponudniki elektri\u010dne energije in drugih energentov po \u0161tevilu odjemalcev, ki jim je prvi v Sloveniji brezpla\u010dno ponudil elektri\u010dno energijo iz obnovljivih virov, pridobljenih zgolj v Sloveniji. Podjetje je sinergije u\u010dinke zdru\u017eitve, na\u010drtovane za leto 2019, doseglo \u017ee v prvi polovici leta 2016, kar pomeni, da bodo celotni u\u010dinki \u017ee v prvem letu skupnega delovanja ve\u010d kot dvakrat ve\u010dji od na\u010drtovanih po petih letih. V \u010dasu njegovega direktovanja so kot prvi izdali inovativne grafi\u010dne ra\u010dune, postavili mobilno aplikacijo, spletno aplikacijo za pridobitev personaliziranega potrdila o uporabi elektri\u010dne energije iz obnovljivih virov. Nazadnje so letos, spet prvi, odprli spletno trgovino z vsemi gospodinjskimi aparati, ki za svoje delovanje potrebujejo elektriko. Glede na njegov odlo\u010den na\u010din vodenja in direktno, neposredno komunikacijo (zadeve, ki niso dobro urejene, je vedno komentiral brez dlake na jeziku, spustil se je tudi v boj z Zvezo potro\u0161nikov Slovenije) in dejstva, da je podjetje finan\u010dno gledano vodil zelo dobro, je bilo za pri\u010dakovati, da ga bo prej ali slej pot popeljala iz Celja. &#8220;V tujini bom lahko delal po pravi poslovni, ne po politi\u010dni logiki, ki velja za Slovenijo,&#8221; je ob odhodu dodal Ter\u010de. (rp)Gospodarstvo<\/p>\n","protected":false},"excerpt":{"rendered":"<p>Po petih letih vodenja podjetja ECE Mitja Ter\u010de odhaja na delo v tujino. Kje bo nadaljeval svojo kariero, ni razkril, povedal je le, da ostaja na podro\u010dju energetike, konkretneje, na podro\u010dju obnovljivih virov energije. V petih letih, odkar je bil na \u010delu ECE, je podjetje reorganiziral, moderniziral in usmeril v trg. V prvi polovici leto\u0161njega leta so ustvarili 2,5 milijona evrov dobi\u010dka, kar je enako celoletnemu planu in primerljivo z lanskim celoletnim dobi\u010dkom. Bil je pobudnik in gonilna sila zdru\u017eitve z Elektro Gorenjska Prodaja lani jeseni. ECE je le pol leta po zdru\u017eitvi postal prvi med ponudniki elektri\u010dne energije in drugih energentov po \u0161tevilu odjemalcev, ki jim je prvi v Sloveniji brezpla\u010dno ponudil elektri\u010dno energijo iz obnovljivih virov, pridobljenih zgolj v Sloveniji. Podjetje je sinergije u\u010dinke zdru\u017eitve, na\u010drtovane za leto 2019, doseglo \u017ee v prvi polovici leta 2016, kar pomeni, da bodo celotni u\u010dinki \u017ee v prvem letu skupnega delovanja ve\u010d kot dvakrat ve\u010dji od na\u010drtovanih po petih letih. V \u010dasu njegovega direktovanja so kot prvi izdali inovativne grafi\u010dne ra\u010dune, postavili mobilno aplikacijo, spletno aplikacijo za pridobitev personaliziranega potrdila o uporabi elektri\u010dne energije iz obnovljivih virov. Nazadnje so letos, spet prvi, odprli spletno trgovino z vsemi gospodinjskimi aparati, ki za svoje delovanje potrebujejo elektriko. Glede na njegov odlo\u010den na\u010din vodenja in direktno, neposredno komunikacijo (zadeve, ki niso dobro urejene, je vedno komentiral brez dlake na jeziku, spustil se je tudi v boj z Zvezo potro\u0161nikov Slovenije) in dejstva, da je podjetje finan\u010dno gledano vodil zelo dobro, je bilo za pri\u010dakovati, da ga bo prej ali slej pot popeljala iz Celja. &#8220;V tujini bom lahko delal po pravi poslovni, ne po politi\u010dni logiki, ki velja za Slovenijo,&#8221; je ob odhodu dodal Ter\u010de. (rp)Gospodarstvo<\/p>\n","protected":false},"author":1,"featured_media":0,"comment_status":"closed","ping_status":"closed","sticky":false,"template":"","format":"standard","meta":{"footnotes":""},"categories":[1179],"tags":[],"source":[1711],"supertag":[],"acf":[],"yoast_head":"<!-- This site is optimized with the Yoast SEO plugin v21.3 - https:\/\/yoast.com\/wordpress\/plugins\/seo\/ -->\n<title>Ter\u010de odhaja iz ECE - Hudo Slovenija<\/title>\n<meta name=\"robots\" content=\"index, follow, max-snippet:-1, max-image-preview:large, max-video-preview:-1\" \/>\n<link rel=\"canonical\" href=\"https:\/\/hudo.com\/si\/aktualno\/terce-odhaja-iz-ece\/\" \/>\n<meta property=\"og:locale\" content=\"sl_SI\" \/>\n<meta property=\"og:type\" content=\"article\" \/>\n<meta property=\"og:title\" content=\"Ter\u010de odhaja iz ECE - Hudo Slovenija\" \/>\n<meta property=\"og:description\" content=\"Po petih letih vodenja podjetja ECE Mitja Ter\u010de odhaja na delo v tujino. Kje bo nadaljeval svojo kariero, ni razkril, povedal je le, da ostaja na podro\u010dju energetike, konkretneje, na podro\u010dju obnovljivih virov energije. V petih letih, odkar je bil na \u010delu ECE, je podjetje reorganiziral, moderniziral in usmeril v trg. V prvi polovici leto\u0161njega leta so ustvarili 2,5 milijona evrov dobi\u010dka, kar je enako celoletnemu planu in primerljivo z lanskim celoletnim dobi\u010dkom. Bil je pobudnik in gonilna sila zdru\u017eitve z Elektro Gorenjska Prodaja lani jeseni. ECE je le pol leta po zdru\u017eitvi postal prvi med ponudniki elektri\u010dne energije in drugih energentov po \u0161tevilu odjemalcev, ki jim je prvi v Sloveniji brezpla\u010dno ponudil elektri\u010dno energijo iz obnovljivih virov, pridobljenih zgolj v Sloveniji. Podjetje je sinergije u\u010dinke zdru\u017eitve, na\u010drtovane za leto 2019, doseglo \u017ee v prvi polovici leta 2016, kar pomeni, da bodo celotni u\u010dinki \u017ee v prvem letu skupnega delovanja ve\u010d kot dvakrat ve\u010dji od na\u010drtovanih po petih letih. V \u010dasu njegovega direktovanja so kot prvi izdali inovativne grafi\u010dne ra\u010dune, postavili mobilno aplikacijo, spletno aplikacijo za pridobitev personaliziranega potrdila o uporabi elektri\u010dne energije iz obnovljivih virov. Nazadnje so letos, spet prvi, odprli spletno trgovino z vsemi gospodinjskimi aparati, ki za svoje delovanje potrebujejo elektriko. Glede na njegov odlo\u010den na\u010din vodenja in direktno, neposredno komunikacijo (zadeve, ki niso dobro urejene, je vedno komentiral brez dlake na jeziku, spustil se je tudi v boj z Zvezo potro\u0161nikov Slovenije) in dejstva, da je podjetje finan\u010dno gledano vodil zelo dobro, je bilo za pri\u010dakovati, da ga bo prej ali slej pot popeljala iz Celja. &quot;V tujini bom lahko delal po pravi poslovni, ne po politi\u010dni logiki, ki velja za Slovenijo,&quot; je ob odhodu dodal Ter\u010de. (rp)Gospodarstvo\" \/>\n<meta property=\"og:url\" content=\"https:\/\/hudo.com\/si\/aktualno\/terce-odhaja-iz-ece\/\" \/>\n<meta property=\"og:site_name\" content=\"Hudo Slovenija\" \/>\n<meta property=\"article:publisher\" content=\"https:\/\/www.facebook.com\/hudo.si\" \/>\n<meta property=\"article:published_time\" content=\"2016-07-28T20:00:00+00:00\" \/>\n<meta property=\"article:modified_time\" content=\"2016-07-29T18:42:32+00:00\" \/>\n<meta property=\"og:image\" content=\"https:\/\/hudo.com\/si\/wp-content\/uploads\/sites\/2\/2016\/07\/mitjatercedirektorecefotoernadih-300.jpg\" \/>\n\t<meta property=\"og:image:width\" content=\"450\" \/>\n\t<meta property=\"og:image:height\" content=\"300\" \/>\n\t<meta property=\"og:image:type\" content=\"image\/jpeg\" \/>\n<meta name=\"author\" content=\"hudo\" \/>\n<meta name=\"twitter:card\" content=\"summary_large_image\" \/>\n<meta name=\"twitter:creator\" content=\"@hudo_si\" \/>\n<meta name=\"twitter:site\" content=\"@hudo_si\" \/>\n<meta name=\"twitter:label1\" content=\"Written by\" \/>\n\t<meta name=\"twitter:data1\" content=\"hudo\" \/>\n\t<meta name=\"twitter:label2\" content=\"Est. reading time\" \/>\n\t<meta name=\"twitter:data2\" content=\"2 minuti\" \/>\n<script type=\"application\/ld+json\" class=\"yoast-schema-graph\">{\"@context\":\"https:\/\/schema.org\",\"@graph\":[{\"@type\":\"Article\",\"@id\":\"https:\/\/hudo.com\/si\/aktualno\/terce-odhaja-iz-ece\/#article\",\"isPartOf\":{\"@id\":\"https:\/\/hudo.com\/si\/aktualno\/terce-odhaja-iz-ece\/\"},\"author\":{\"name\":\"hudo\",\"@id\":\"https:\/\/hudo.com\/si\/#\/schema\/person\/601cf3379633985b20f7e50f2bb47707\"},\"headline\":\"Ter\u010de odhaja iz ECE\",\"datePublished\":\"2016-07-28T20:00:00+00:00\",\"dateModified\":\"2016-07-29T18:42:32+00:00\",\"mainEntityOfPage\":{\"@id\":\"https:\/\/hudo.com\/si\/aktualno\/terce-odhaja-iz-ece\/\"},\"wordCount\":312,\"publisher\":{\"@id\":\"https:\/\/hudo.com\/si\/#organization\"},\"articleSection\":[\"Aktualno\"],\"inLanguage\":\"sl-SI\"},{\"@type\":\"WebPage\",\"@id\":\"https:\/\/hudo.com\/si\/aktualno\/terce-odhaja-iz-ece\/\",\"url\":\"https:\/\/hudo.com\/si\/aktualno\/terce-odhaja-iz-ece\/\",\"name\":\"Ter\u010de odhaja iz ECE - Hudo Slovenija\",\"isPartOf\":{\"@id\":\"https:\/\/hudo.com\/si\/#website\"},\"datePublished\":\"2016-07-28T20:00:00+00:00\",\"dateModified\":\"2016-07-29T18:42:32+00:00\",\"breadcrumb\":{\"@id\":\"https:\/\/hudo.com\/si\/aktualno\/terce-odhaja-iz-ece\/#breadcrumb\"},\"inLanguage\":\"sl-SI\",\"potentialAction\":[{\"@type\":\"ReadAction\",\"target\":[\"https:\/\/hudo.com\/si\/aktualno\/terce-odhaja-iz-ece\/\"]}]},{\"@type\":\"BreadcrumbList\",\"@id\":\"https:\/\/hudo.com\/si\/aktualno\/terce-odhaja-iz-ece\/#breadcrumb\",\"itemListElement\":[{\"@type\":\"ListItem\",\"position\":1,\"name\":\"Home\",\"item\":\"https:\/\/hudo.com\/si\/\"},{\"@type\":\"ListItem\",\"position\":2,\"name\":\"Ter\u010de odhaja iz ECE\"}]},{\"@type\":\"WebSite\",\"@id\":\"https:\/\/hudo.com\/si\/#website\",\"url\":\"https:\/\/hudo.com\/si\/\",\"name\":\"Hudo Slovenija\",\"description\":\"Vse novice iz Slovenije in sveta\",\"publisher\":{\"@id\":\"https:\/\/hudo.com\/si\/#organization\"},\"potentialAction\":[{\"@type\":\"SearchAction\",\"target\":{\"@type\":\"EntryPoint\",\"urlTemplate\":\"https:\/\/hudo.com\/si\/?s={search_term_string}\"},\"query-input\":\"required name=search_term_string\"}],\"inLanguage\":\"sl-SI\"},{\"@type\":\"Organization\",\"@id\":\"https:\/\/hudo.com\/si\/#organization\",\"name\":\"VSN Media\",\"url\":\"https:\/\/hudo.com\/si\/\",\"logo\":{\"@type\":\"ImageObject\",\"inLanguage\":\"sl-SI\",\"@id\":\"https:\/\/hudo.com\/si\/#\/schema\/logo\/image\/\",\"url\":\"https:\/\/hudo.com\/si\/wp-content\/uploads\/sites\/2\/2021\/03\/hudo-app-2.png\",\"contentUrl\":\"https:\/\/hudo.com\/si\/wp-content\/uploads\/sites\/2\/2021\/03\/hudo-app-2.png\",\"width\":2185,\"height\":2167,\"caption\":\"VSN Media\"},\"image\":{\"@id\":\"https:\/\/hudo.com\/si\/#\/schema\/logo\/image\/\"},\"sameAs\":[\"https:\/\/www.facebook.com\/hudo.si\",\"https:\/\/twitter.com\/hudo_si\"]},{\"@type\":\"Person\",\"@id\":\"https:\/\/hudo.com\/si\/#\/schema\/person\/601cf3379633985b20f7e50f2bb47707\",\"name\":\"hudo\",\"image\":{\"@type\":\"ImageObject\",\"inLanguage\":\"sl-SI\",\"@id\":\"https:\/\/hudo.com\/si\/#\/schema\/person\/image\/\",\"url\":\"https:\/\/secure.gravatar.com\/avatar\/c4ca25fa72cace7a696b52ff5db9e095?s=96&d=mm&r=g\",\"contentUrl\":\"https:\/\/secure.gravatar.com\/avatar\/c4ca25fa72cace7a696b52ff5db9e095?s=96&d=mm&r=g\",\"caption\":\"hudo\"},\"url\":\"https:\/\/hudo.com\/si\/author\/hudo\/\"}]}<\/script>\n<!-- \/ Yoast SEO plugin. -->","yoast_head_json":{"title":"Ter\u010de odhaja iz ECE - Hudo Slovenija","robots":{"index":"index","follow":"follow","max-snippet":"max-snippet:-1","max-image-preview":"max-image-preview:large","max-video-preview":"max-video-preview:-1"},"canonical":"https:\/\/hudo.com\/si\/aktualno\/terce-odhaja-iz-ece\/","og_locale":"sl_SI","og_type":"article","og_title":"Ter\u010de odhaja iz ECE - Hudo Slovenija","og_description":"Po petih letih vodenja podjetja ECE Mitja Ter\u010de odhaja na delo v tujino. Kje bo nadaljeval svojo kariero, ni razkril, povedal je le, da ostaja na podro\u010dju energetike, konkretneje, na podro\u010dju obnovljivih virov energije. V petih letih, odkar je bil na \u010delu ECE, je podjetje reorganiziral, moderniziral in usmeril v trg. V prvi polovici leto\u0161njega leta so ustvarili 2,5 milijona evrov dobi\u010dka, kar je enako celoletnemu planu in primerljivo z lanskim celoletnim dobi\u010dkom. Bil je pobudnik in gonilna sila zdru\u017eitve z Elektro Gorenjska Prodaja lani jeseni. ECE je le pol leta po zdru\u017eitvi postal prvi med ponudniki elektri\u010dne energije in drugih energentov po \u0161tevilu odjemalcev, ki jim je prvi v Sloveniji brezpla\u010dno ponudil elektri\u010dno energijo iz obnovljivih virov, pridobljenih zgolj v Sloveniji. Podjetje je sinergije u\u010dinke zdru\u017eitve, na\u010drtovane za leto 2019, doseglo \u017ee v prvi polovici leta 2016, kar pomeni, da bodo celotni u\u010dinki \u017ee v prvem letu skupnega delovanja ve\u010d kot dvakrat ve\u010dji od na\u010drtovanih po petih letih. V \u010dasu njegovega direktovanja so kot prvi izdali inovativne grafi\u010dne ra\u010dune, postavili mobilno aplikacijo, spletno aplikacijo za pridobitev personaliziranega potrdila o uporabi elektri\u010dne energije iz obnovljivih virov. Nazadnje so letos, spet prvi, odprli spletno trgovino z vsemi gospodinjskimi aparati, ki za svoje delovanje potrebujejo elektriko. Glede na njegov odlo\u010den na\u010din vodenja in direktno, neposredno komunikacijo (zadeve, ki niso dobro urejene, je vedno komentiral brez dlake na jeziku, spustil se je tudi v boj z Zvezo potro\u0161nikov Slovenije) in dejstva, da je podjetje finan\u010dno gledano vodil zelo dobro, je bilo za pri\u010dakovati, da ga bo prej ali slej pot popeljala iz Celja. \"V tujini bom lahko delal po pravi poslovni, ne po politi\u010dni logiki, ki velja za Slovenijo,\" je ob odhodu dodal Ter\u010de. (rp)Gospodarstvo","og_url":"https:\/\/hudo.com\/si\/aktualno\/terce-odhaja-iz-ece\/","og_site_name":"Hudo Slovenija","article_publisher":"https:\/\/www.facebook.com\/hudo.si","article_published_time":"2016-07-28T20:00:00+00:00","article_modified_time":"2016-07-29T18:42:32+00:00","og_image":[{"width":450,"height":300,"url":"https:\/\/hudo.com\/si\/wp-content\/uploads\/sites\/2\/2016\/07\/mitjatercedirektorecefotoernadih-300.jpg","type":"image\/jpeg"}],"author":"hudo","twitter_card":"summary_large_image","twitter_creator":"@hudo_si","twitter_site":"@hudo_si","twitter_misc":{"Written by":"hudo","Est. reading time":"2 minuti"},"schema":{"@context":"https:\/\/schema.org","@graph":[{"@type":"Article","@id":"https:\/\/hudo.com\/si\/aktualno\/terce-odhaja-iz-ece\/#article","isPartOf":{"@id":"https:\/\/hudo.com\/si\/aktualno\/terce-odhaja-iz-ece\/"},"author":{"name":"hudo","@id":"https:\/\/hudo.com\/si\/#\/schema\/person\/601cf3379633985b20f7e50f2bb47707"},"headline":"Ter\u010de odhaja iz ECE","datePublished":"2016-07-28T20:00:00+00:00","dateModified":"2016-07-29T18:42:32+00:00","mainEntityOfPage":{"@id":"https:\/\/hudo.com\/si\/aktualno\/terce-odhaja-iz-ece\/"},"wordCount":312,"publisher":{"@id":"https:\/\/hudo.com\/si\/#organization"},"articleSection":["Aktualno"],"inLanguage":"sl-SI"},{"@type":"WebPage","@id":"https:\/\/hudo.com\/si\/aktualno\/terce-odhaja-iz-ece\/","url":"https:\/\/hudo.com\/si\/aktualno\/terce-odhaja-iz-ece\/","name":"Ter\u010de odhaja iz ECE - Hudo Slovenija","isPartOf":{"@id":"https:\/\/hudo.com\/si\/#website"},"datePublished":"2016-07-28T20:00:00+00:00","dateModified":"2016-07-29T18:42:32+00:00","breadcrumb":{"@id":"https:\/\/hudo.com\/si\/aktualno\/terce-odhaja-iz-ece\/#breadcrumb"},"inLanguage":"sl-SI","potentialAction":[{"@type":"ReadAction","target":["https:\/\/hudo.com\/si\/aktualno\/terce-odhaja-iz-ece\/"]}]},{"@type":"BreadcrumbList","@id":"https:\/\/hudo.com\/si\/aktualno\/terce-odhaja-iz-ece\/#breadcrumb","itemListElement":[{"@type":"ListItem","position":1,"name":"Home","item":"https:\/\/hudo.com\/si\/"},{"@type":"ListItem","position":2,"name":"Ter\u010de odhaja iz ECE"}]},{"@type":"WebSite","@id":"https:\/\/hudo.com\/si\/#website","url":"https:\/\/hudo.com\/si\/","name":"Hudo Slovenija","description":"Vse novice iz Slovenije in sveta","publisher":{"@id":"https:\/\/hudo.com\/si\/#organization"},"potentialAction":[{"@type":"SearchAction","target":{"@type":"EntryPoint","urlTemplate":"https:\/\/hudo.com\/si\/?s={search_term_string}"},"query-input":"required name=search_term_string"}],"inLanguage":"sl-SI"},{"@type":"Organization","@id":"https:\/\/hudo.com\/si\/#organization","name":"VSN Media","url":"https:\/\/hudo.com\/si\/","logo":{"@type":"ImageObject","inLanguage":"sl-SI","@id":"https:\/\/hudo.com\/si\/#\/schema\/logo\/image\/","url":"https:\/\/hudo.com\/si\/wp-content\/uploads\/sites\/2\/2021\/03\/hudo-app-2.png","contentUrl":"https:\/\/hudo.com\/si\/wp-content\/uploads\/sites\/2\/2021\/03\/hudo-app-2.png","width":2185,"height":2167,"caption":"VSN Media"},"image":{"@id":"https:\/\/hudo.com\/si\/#\/schema\/logo\/image\/"},"sameAs":["https:\/\/www.facebook.com\/hudo.si","https:\/\/twitter.com\/hudo_si"]},{"@type":"Person","@id":"https:\/\/hudo.com\/si\/#\/schema\/person\/601cf3379633985b20f7e50f2bb47707","name":"hudo","image":{"@type":"ImageObject","inLanguage":"sl-SI","@id":"https:\/\/hudo.com\/si\/#\/schema\/person\/image\/","url":"https:\/\/secure.gravatar.com\/avatar\/c4ca25fa72cace7a696b52ff5db9e095?s=96&d=mm&r=g","contentUrl":"https:\/\/secure.gravatar.com\/avatar\/c4ca25fa72cace7a696b52ff5db9e095?s=96&d=mm&r=g","caption":"hudo"},"url":"https:\/\/hudo.com\/si\/author\/hudo\/"}]}},"amp_enabled":true,"_links":{"self":[{"href":"https:\/\/hudo.com\/si\/wp-json\/wp\/v2\/posts\/104503"}],"collection":[{"href":"https:\/\/hudo.com\/si\/wp-json\/wp\/v2\/posts"}],"about":[{"href":"https:\/\/hudo.com\/si\/wp-json\/wp\/v2\/types\/post"}],"author":[{"embeddable":true,"href":"https:\/\/hudo.com\/si\/wp-json\/wp\/v2\/users\/1"}],"replies":[{"embeddable":true,"href":"https:\/\/hudo.com\/si\/wp-json\/wp\/v2\/comments?post=104503"}],"version-history":[{"count":1,"href":"https:\/\/hudo.com\/si\/wp-json\/wp\/v2\/posts\/104503\/revisions"}],"predecessor-version":[{"id":104552,"href":"https:\/\/hudo.com\/si\/wp-json\/wp\/v2\/posts\/104503\/revisions\/104552"}],"wp:attachment":[{"href":"https:\/\/hudo.com\/si\/wp-json\/wp\/v2\/media?parent=104503"}],"wp:term":[{"taxonomy":"category","embeddable":true,"href":"https:\/\/hudo.com\/si\/wp-json\/wp\/v2\/categories?post=104503"},{"taxonomy":"post_tag","embeddable":true,"href":"https:\/\/hudo.com\/si\/wp-json\/wp\/v2\/tags?post=104503"},{"taxonomy":"source","embeddable":true,"href":"https:\/\/hudo.com\/si\/wp-json\/wp\/v2\/source?post=104503"},{"taxonomy":"supertag","embeddable":true,"href":"https:\/\/hudo.com\/si\/wp-json\/wp\/v2\/supertag?post=104503"}],"curies":[{"name":"wp","href":"https:\/\/api.w.org\/{rel}","templated":true}]}}