{"id":104951,"date":"2016-07-30T10:00:00","date_gmt":"2016-07-30T08:00:00","guid":{"rendered":"http:\/\/hudo.com\/si\/2016\/07\/30\/v-belgiji-aretirali-brata-ki-sta-nacrtovala-teroristicni-napad-2\/"},"modified":"2016-07-31T06:22:35","modified_gmt":"2016-07-31T04:22:35","slug":"v-belgiji-aretirali-brata-ki-sta-nacrtovala-teroristicni-napad-2","status":"publish","type":"post","link":"https:\/\/hudo.com\/si\/aktualno\/v-belgiji-aretirali-brata-ki-sta-nacrtovala-teroristicni-napad-2\/","title":{"rendered":"V Belgiji aretirali brata, ki sta na\u010drtovala teroristi\u010dni napad"},"content":{"rendered":"<p>Belgijsko to\u017eilstvo je sporo\u010dilo, da so enote protiteroristi\u010dne policije aretirale mo\u0161ka, ki sta na\u010drtovala teroristi\u010dni napad v Belgiji. Mo\u0161ka, sicer brata Noureddina H. in Hamzo H., so sino\u010di aretirali med hi\u0161nimi preiskavami na obmo\u010dju Monsa in Liega. Policija med preiskavami ni na\u0161la eksploziva ali oro\u017eja. Po poro\u010danju belgijskih medijev pa naj bi odkrili konkretne na\u010drte za izvedbo napada. Doslej niso potrdili povezave med aretiranima bratoma in teroristi, ki so 22. marca izvedli napada na bruseljskem letali\u0161\u010du in postaji podzemne \u017eeleznice.Svet<\/p>\n","protected":false},"excerpt":{"rendered":"<p>Belgijsko to\u017eilstvo je sporo\u010dilo, da so enote protiteroristi\u010dne policije aretirale mo\u0161ka, ki sta na\u010drtovala teroristi\u010dni napad v Belgiji. Mo\u0161ka, sicer brata Noureddina H. in Hamzo H., so sino\u010di aretirali med hi\u0161nimi preiskavami na obmo\u010dju Monsa in Liega. Policija med preiskavami ni na\u0161la eksploziva ali oro\u017eja. Po poro\u010danju belgijskih medijev pa naj bi odkrili konkretne na\u010drte za izvedbo napada. Doslej niso potrdili povezave med aretiranima bratoma in teroristi, ki so 22. marca izvedli napada na bruseljskem letali\u0161\u010du in postaji podzemne \u017eeleznice.Svet<\/p>\n","protected":false},"author":1,"featured_media":0,"comment_status":"closed","ping_status":"closed","sticky":false,"template":"","format":"standard","meta":{"footnotes":""},"categories":[1179],"tags":[],"source":[1711],"supertag":[],"acf":[],"yoast_head":"<!-- This site is optimized with the Yoast SEO plugin v21.3 - https:\/\/yoast.com\/wordpress\/plugins\/seo\/ -->\n<title>V Belgiji aretirali brata, ki sta na\u010drtovala teroristi\u010dni napad - Hudo Slovenija<\/title>\n<meta name=\"robots\" content=\"index, follow, max-snippet:-1, max-image-preview:large, max-video-preview:-1\" \/>\n<link rel=\"canonical\" href=\"https:\/\/hudo.com\/si\/aktualno\/v-belgiji-aretirali-brata-ki-sta-nacrtovala-teroristicni-napad-2\/\" \/>\n<meta property=\"og:locale\" content=\"sl_SI\" \/>\n<meta property=\"og:type\" content=\"article\" \/>\n<meta property=\"og:title\" content=\"V Belgiji aretirali brata, ki sta na\u010drtovala teroristi\u010dni napad - Hudo Slovenija\" \/>\n<meta property=\"og:description\" content=\"Belgijsko to\u017eilstvo je sporo\u010dilo, da so enote protiteroristi\u010dne policije aretirale mo\u0161ka, ki sta na\u010drtovala teroristi\u010dni napad v Belgiji. Mo\u0161ka, sicer brata Noureddina H. in Hamzo H., so sino\u010di aretirali med hi\u0161nimi preiskavami na obmo\u010dju Monsa in Liega. Policija med preiskavami ni na\u0161la eksploziva ali oro\u017eja. Po poro\u010danju belgijskih medijev pa naj bi odkrili konkretne na\u010drte za izvedbo napada. Doslej niso potrdili povezave med aretiranima bratoma in teroristi, ki so 22. marca izvedli napada na bruseljskem letali\u0161\u010du in postaji podzemne \u017eeleznice.Svet\" \/>\n<meta property=\"og:url\" content=\"https:\/\/hudo.com\/si\/aktualno\/v-belgiji-aretirali-brata-ki-sta-nacrtovala-teroristicni-napad-2\/\" \/>\n<meta property=\"og:site_name\" content=\"Hudo Slovenija\" \/>\n<meta property=\"article:publisher\" content=\"https:\/\/www.facebook.com\/hudo.si\" \/>\n<meta property=\"article:published_time\" content=\"2016-07-30T08:00:00+00:00\" \/>\n<meta property=\"article:modified_time\" content=\"2016-07-31T04:22:35+00:00\" \/>\n<meta property=\"og:image\" content=\"https:\/\/hudo.com\/si\/wp-content\/uploads\/sites\/2\/2016\/07\/MDF07044-300-1.jpg\" \/>\n\t<meta property=\"og:image:width\" content=\"450\" \/>\n\t<meta property=\"og:image:height\" content=\"288\" \/>\n\t<meta property=\"og:image:type\" content=\"image\/jpeg\" \/>\n<meta name=\"author\" content=\"hudo\" \/>\n<meta name=\"twitter:card\" content=\"summary_large_image\" \/>\n<meta name=\"twitter:creator\" content=\"@hudo_si\" \/>\n<meta name=\"twitter:site\" content=\"@hudo_si\" \/>\n<meta name=\"twitter:label1\" content=\"Written by\" \/>\n\t<meta name=\"twitter:data1\" content=\"hudo\" \/>\n<script type=\"application\/ld+json\" class=\"yoast-schema-graph\">{\"@context\":\"https:\/\/schema.org\",\"@graph\":[{\"@type\":\"Article\",\"@id\":\"https:\/\/hudo.com\/si\/aktualno\/v-belgiji-aretirali-brata-ki-sta-nacrtovala-teroristicni-napad-2\/#article\",\"isPartOf\":{\"@id\":\"https:\/\/hudo.com\/si\/aktualno\/v-belgiji-aretirali-brata-ki-sta-nacrtovala-teroristicni-napad-2\/\"},\"author\":{\"name\":\"hudo\",\"@id\":\"https:\/\/hudo.com\/si\/#\/schema\/person\/601cf3379633985b20f7e50f2bb47707\"},\"headline\":\"V Belgiji aretirali brata, ki sta na\u010drtovala teroristi\u010dni napad\",\"datePublished\":\"2016-07-30T08:00:00+00:00\",\"dateModified\":\"2016-07-31T04:22:35+00:00\",\"mainEntityOfPage\":{\"@id\":\"https:\/\/hudo.com\/si\/aktualno\/v-belgiji-aretirali-brata-ki-sta-nacrtovala-teroristicni-napad-2\/\"},\"wordCount\":106,\"publisher\":{\"@id\":\"https:\/\/hudo.com\/si\/#organization\"},\"articleSection\":[\"Aktualno\"],\"inLanguage\":\"sl-SI\"},{\"@type\":\"WebPage\",\"@id\":\"https:\/\/hudo.com\/si\/aktualno\/v-belgiji-aretirali-brata-ki-sta-nacrtovala-teroristicni-napad-2\/\",\"url\":\"https:\/\/hudo.com\/si\/aktualno\/v-belgiji-aretirali-brata-ki-sta-nacrtovala-teroristicni-napad-2\/\",\"name\":\"V Belgiji aretirali brata, ki sta na\u010drtovala teroristi\u010dni napad - Hudo Slovenija\",\"isPartOf\":{\"@id\":\"https:\/\/hudo.com\/si\/#website\"},\"datePublished\":\"2016-07-30T08:00:00+00:00\",\"dateModified\":\"2016-07-31T04:22:35+00:00\",\"breadcrumb\":{\"@id\":\"https:\/\/hudo.com\/si\/aktualno\/v-belgiji-aretirali-brata-ki-sta-nacrtovala-teroristicni-napad-2\/#breadcrumb\"},\"inLanguage\":\"sl-SI\",\"potentialAction\":[{\"@type\":\"ReadAction\",\"target\":[\"https:\/\/hudo.com\/si\/aktualno\/v-belgiji-aretirali-brata-ki-sta-nacrtovala-teroristicni-napad-2\/\"]}]},{\"@type\":\"BreadcrumbList\",\"@id\":\"https:\/\/hudo.com\/si\/aktualno\/v-belgiji-aretirali-brata-ki-sta-nacrtovala-teroristicni-napad-2\/#breadcrumb\",\"itemListElement\":[{\"@type\":\"ListItem\",\"position\":1,\"name\":\"Home\",\"item\":\"https:\/\/hudo.com\/si\/\"},{\"@type\":\"ListItem\",\"position\":2,\"name\":\"V Belgiji aretirali brata, ki sta na\u010drtovala teroristi\u010dni napad\"}]},{\"@type\":\"WebSite\",\"@id\":\"https:\/\/hudo.com\/si\/#website\",\"url\":\"https:\/\/hudo.com\/si\/\",\"name\":\"Hudo Slovenija\",\"description\":\"Vse novice iz Slovenije in sveta\",\"publisher\":{\"@id\":\"https:\/\/hudo.com\/si\/#organization\"},\"potentialAction\":[{\"@type\":\"SearchAction\",\"target\":{\"@type\":\"EntryPoint\",\"urlTemplate\":\"https:\/\/hudo.com\/si\/?s={search_term_string}\"},\"query-input\":\"required name=search_term_string\"}],\"inLanguage\":\"sl-SI\"},{\"@type\":\"Organization\",\"@id\":\"https:\/\/hudo.com\/si\/#organization\",\"name\":\"VSN Media\",\"url\":\"https:\/\/hudo.com\/si\/\",\"logo\":{\"@type\":\"ImageObject\",\"inLanguage\":\"sl-SI\",\"@id\":\"https:\/\/hudo.com\/si\/#\/schema\/logo\/image\/\",\"url\":\"https:\/\/hudo.com\/si\/wp-content\/uploads\/sites\/2\/2021\/03\/hudo-app-2.png\",\"contentUrl\":\"https:\/\/hudo.com\/si\/wp-content\/uploads\/sites\/2\/2021\/03\/hudo-app-2.png\",\"width\":2185,\"height\":2167,\"caption\":\"VSN Media\"},\"image\":{\"@id\":\"https:\/\/hudo.com\/si\/#\/schema\/logo\/image\/\"},\"sameAs\":[\"https:\/\/www.facebook.com\/hudo.si\",\"https:\/\/twitter.com\/hudo_si\"]},{\"@type\":\"Person\",\"@id\":\"https:\/\/hudo.com\/si\/#\/schema\/person\/601cf3379633985b20f7e50f2bb47707\",\"name\":\"hudo\",\"image\":{\"@type\":\"ImageObject\",\"inLanguage\":\"sl-SI\",\"@id\":\"https:\/\/hudo.com\/si\/#\/schema\/person\/image\/\",\"url\":\"https:\/\/secure.gravatar.com\/avatar\/c4ca25fa72cace7a696b52ff5db9e095?s=96&d=mm&r=g\",\"contentUrl\":\"https:\/\/secure.gravatar.com\/avatar\/c4ca25fa72cace7a696b52ff5db9e095?s=96&d=mm&r=g\",\"caption\":\"hudo\"},\"url\":\"https:\/\/hudo.com\/si\/author\/hudo\/\"}]}<\/script>\n<!-- \/ Yoast SEO plugin. -->","yoast_head_json":{"title":"V Belgiji aretirali brata, ki sta na\u010drtovala teroristi\u010dni napad - Hudo Slovenija","robots":{"index":"index","follow":"follow","max-snippet":"max-snippet:-1","max-image-preview":"max-image-preview:large","max-video-preview":"max-video-preview:-1"},"canonical":"https:\/\/hudo.com\/si\/aktualno\/v-belgiji-aretirali-brata-ki-sta-nacrtovala-teroristicni-napad-2\/","og_locale":"sl_SI","og_type":"article","og_title":"V Belgiji aretirali brata, ki sta na\u010drtovala teroristi\u010dni napad - Hudo Slovenija","og_description":"Belgijsko to\u017eilstvo je sporo\u010dilo, da so enote protiteroristi\u010dne policije aretirale mo\u0161ka, ki sta na\u010drtovala teroristi\u010dni napad v Belgiji. Mo\u0161ka, sicer brata Noureddina H. in Hamzo H., so sino\u010di aretirali med hi\u0161nimi preiskavami na obmo\u010dju Monsa in Liega. Policija med preiskavami ni na\u0161la eksploziva ali oro\u017eja. Po poro\u010danju belgijskih medijev pa naj bi odkrili konkretne na\u010drte za izvedbo napada. Doslej niso potrdili povezave med aretiranima bratoma in teroristi, ki so 22. marca izvedli napada na bruseljskem letali\u0161\u010du in postaji podzemne \u017eeleznice.Svet","og_url":"https:\/\/hudo.com\/si\/aktualno\/v-belgiji-aretirali-brata-ki-sta-nacrtovala-teroristicni-napad-2\/","og_site_name":"Hudo Slovenija","article_publisher":"https:\/\/www.facebook.com\/hudo.si","article_published_time":"2016-07-30T08:00:00+00:00","article_modified_time":"2016-07-31T04:22:35+00:00","og_image":[{"width":450,"height":288,"url":"https:\/\/hudo.com\/si\/wp-content\/uploads\/sites\/2\/2016\/07\/MDF07044-300-1.jpg","type":"image\/jpeg"}],"author":"hudo","twitter_card":"summary_large_image","twitter_creator":"@hudo_si","twitter_site":"@hudo_si","twitter_misc":{"Written by":"hudo"},"schema":{"@context":"https:\/\/schema.org","@graph":[{"@type":"Article","@id":"https:\/\/hudo.com\/si\/aktualno\/v-belgiji-aretirali-brata-ki-sta-nacrtovala-teroristicni-napad-2\/#article","isPartOf":{"@id":"https:\/\/hudo.com\/si\/aktualno\/v-belgiji-aretirali-brata-ki-sta-nacrtovala-teroristicni-napad-2\/"},"author":{"name":"hudo","@id":"https:\/\/hudo.com\/si\/#\/schema\/person\/601cf3379633985b20f7e50f2bb47707"},"headline":"V Belgiji aretirali brata, ki sta na\u010drtovala teroristi\u010dni napad","datePublished":"2016-07-30T08:00:00+00:00","dateModified":"2016-07-31T04:22:35+00:00","mainEntityOfPage":{"@id":"https:\/\/hudo.com\/si\/aktualno\/v-belgiji-aretirali-brata-ki-sta-nacrtovala-teroristicni-napad-2\/"},"wordCount":106,"publisher":{"@id":"https:\/\/hudo.com\/si\/#organization"},"articleSection":["Aktualno"],"inLanguage":"sl-SI"},{"@type":"WebPage","@id":"https:\/\/hudo.com\/si\/aktualno\/v-belgiji-aretirali-brata-ki-sta-nacrtovala-teroristicni-napad-2\/","url":"https:\/\/hudo.com\/si\/aktualno\/v-belgiji-aretirali-brata-ki-sta-nacrtovala-teroristicni-napad-2\/","name":"V Belgiji aretirali brata, ki sta na\u010drtovala teroristi\u010dni napad - Hudo Slovenija","isPartOf":{"@id":"https:\/\/hudo.com\/si\/#website"},"datePublished":"2016-07-30T08:00:00+00:00","dateModified":"2016-07-31T04:22:35+00:00","breadcrumb":{"@id":"https:\/\/hudo.com\/si\/aktualno\/v-belgiji-aretirali-brata-ki-sta-nacrtovala-teroristicni-napad-2\/#breadcrumb"},"inLanguage":"sl-SI","potentialAction":[{"@type":"ReadAction","target":["https:\/\/hudo.com\/si\/aktualno\/v-belgiji-aretirali-brata-ki-sta-nacrtovala-teroristicni-napad-2\/"]}]},{"@type":"BreadcrumbList","@id":"https:\/\/hudo.com\/si\/aktualno\/v-belgiji-aretirali-brata-ki-sta-nacrtovala-teroristicni-napad-2\/#breadcrumb","itemListElement":[{"@type":"ListItem","position":1,"name":"Home","item":"https:\/\/hudo.com\/si\/"},{"@type":"ListItem","position":2,"name":"V Belgiji aretirali brata, ki sta na\u010drtovala teroristi\u010dni napad"}]},{"@type":"WebSite","@id":"https:\/\/hudo.com\/si\/#website","url":"https:\/\/hudo.com\/si\/","name":"Hudo Slovenija","description":"Vse novice iz Slovenije in sveta","publisher":{"@id":"https:\/\/hudo.com\/si\/#organization"},"potentialAction":[{"@type":"SearchAction","target":{"@type":"EntryPoint","urlTemplate":"https:\/\/hudo.com\/si\/?s={search_term_string}"},"query-input":"required name=search_term_string"}],"inLanguage":"sl-SI"},{"@type":"Organization","@id":"https:\/\/hudo.com\/si\/#organization","name":"VSN Media","url":"https:\/\/hudo.com\/si\/","logo":{"@type":"ImageObject","inLanguage":"sl-SI","@id":"https:\/\/hudo.com\/si\/#\/schema\/logo\/image\/","url":"https:\/\/hudo.com\/si\/wp-content\/uploads\/sites\/2\/2021\/03\/hudo-app-2.png","contentUrl":"https:\/\/hudo.com\/si\/wp-content\/uploads\/sites\/2\/2021\/03\/hudo-app-2.png","width":2185,"height":2167,"caption":"VSN Media"},"image":{"@id":"https:\/\/hudo.com\/si\/#\/schema\/logo\/image\/"},"sameAs":["https:\/\/www.facebook.com\/hudo.si","https:\/\/twitter.com\/hudo_si"]},{"@type":"Person","@id":"https:\/\/hudo.com\/si\/#\/schema\/person\/601cf3379633985b20f7e50f2bb47707","name":"hudo","image":{"@type":"ImageObject","inLanguage":"sl-SI","@id":"https:\/\/hudo.com\/si\/#\/schema\/person\/image\/","url":"https:\/\/secure.gravatar.com\/avatar\/c4ca25fa72cace7a696b52ff5db9e095?s=96&d=mm&r=g","contentUrl":"https:\/\/secure.gravatar.com\/avatar\/c4ca25fa72cace7a696b52ff5db9e095?s=96&d=mm&r=g","caption":"hudo"},"url":"https:\/\/hudo.com\/si\/author\/hudo\/"}]}},"amp_enabled":true,"_links":{"self":[{"href":"https:\/\/hudo.com\/si\/wp-json\/wp\/v2\/posts\/104951"}],"collection":[{"href":"https:\/\/hudo.com\/si\/wp-json\/wp\/v2\/posts"}],"about":[{"href":"https:\/\/hudo.com\/si\/wp-json\/wp\/v2\/types\/post"}],"author":[{"embeddable":true,"href":"https:\/\/hudo.com\/si\/wp-json\/wp\/v2\/users\/1"}],"replies":[{"embeddable":true,"href":"https:\/\/hudo.com\/si\/wp-json\/wp\/v2\/comments?post=104951"}],"version-history":[{"count":1,"href":"https:\/\/hudo.com\/si\/wp-json\/wp\/v2\/posts\/104951\/revisions"}],"predecessor-version":[{"id":105032,"href":"https:\/\/hudo.com\/si\/wp-json\/wp\/v2\/posts\/104951\/revisions\/105032"}],"wp:attachment":[{"href":"https:\/\/hudo.com\/si\/wp-json\/wp\/v2\/media?parent=104951"}],"wp:term":[{"taxonomy":"category","embeddable":true,"href":"https:\/\/hudo.com\/si\/wp-json\/wp\/v2\/categories?post=104951"},{"taxonomy":"post_tag","embeddable":true,"href":"https:\/\/hudo.com\/si\/wp-json\/wp\/v2\/tags?post=104951"},{"taxonomy":"source","embeddable":true,"href":"https:\/\/hudo.com\/si\/wp-json\/wp\/v2\/source?post=104951"},{"taxonomy":"supertag","embeddable":true,"href":"https:\/\/hudo.com\/si\/wp-json\/wp\/v2\/supertag?post=104951"}],"curies":[{"name":"wp","href":"https:\/\/api.w.org\/{rel}","templated":true}]}}