{"id":105233,"date":"2016-07-31T10:00:00","date_gmt":"2016-07-31T08:00:00","guid":{"rendered":"http:\/\/hudo.com\/si\/2016\/07\/31\/teden-sredozemske-obale\/"},"modified":"2016-07-31T10:00:00","modified_gmt":"2016-07-31T08:00:00","slug":"teden-sredozemske-obale","status":"publish","type":"post","link":"https:\/\/hudo.com\/si\/aktualno\/teden-sredozemske-obale\/","title":{"rendered":"Teden sredozemske obale"},"content":{"rendered":"<p>Kategorija: Okolje Sun, 31 Jul 2016 12:00:00 +0200  Ljubljana &#8211; Na slovenski obali bo od 23. septembra do 1. oktobra Teden sredozemske obale in makroregionalnih strategij, za katerega se je mogo\u010de registrirati do 10. septembra oziroma do zapolnitve mest. Omenjeni teden je drugi v nizu dogodkov, ki jih Slovenija organizira med predsedovanjem Strategiji EU za Alpsko regijo (EUSALP). V primeru EUSALP gre namre\u010d \u017ee za \u010detrto makrostrategijo znotraj EU in tretjo, katere del je tudi Slovenija (preostali sta \u0161e Podonavska in Jadransko-Jonska strategija). Slovenska obala bo postala prizori\u0161\u010de vrste dogodkov na temo povezanosti. Tak\u0161na sre\u010danja pripomorejo pri zavedanju, da lahko vsak posameznik, institucija in organizacija prispevajo k bolj\u0161emu in kvalitetnej\u0161emu \u017eivljenju v so\u017eitju z naravo, le skupaj pa lahko spremenimo na\u010din razmi\u0161ljanja in delovanja in dose\u017eemo pomembne premike.<\/p>\n","protected":false},"excerpt":{"rendered":"<p>Kategorija: Okolje Sun, 31 Jul 2016 12:00:00 +0200  Ljubljana &#8211; Na slovenski obali bo od 23. septembra do 1. oktobra Teden sredozemske obale in makroregionalnih strategij, za katerega se je mogo\u010de registrirati do 10. septembra oziroma do zapolnitve mest. Omenjeni teden je drugi v nizu dogodkov, ki jih Slovenija organizira med predsedovanjem Strategiji EU za Alpsko regijo (EUSALP). V primeru EUSALP gre namre\u010d \u017ee za \u010detrto makrostrategijo znotraj EU in tretjo, katere del je tudi Slovenija (preostali sta \u0161e Podonavska in Jadransko-Jonska strategija). Slovenska obala bo postala prizori\u0161\u010de vrste dogodkov na temo povezanosti. Tak\u0161na sre\u010danja pripomorejo pri zavedanju, da lahko vsak posameznik, institucija in organizacija prispevajo k bolj\u0161emu in kvalitetnej\u0161emu \u017eivljenju v so\u017eitju z naravo, le skupaj pa lahko spremenimo na\u010din razmi\u0161ljanja in delovanja in dose\u017eemo pomembne premike.<\/p>\n","protected":false},"author":1,"featured_media":0,"comment_status":"closed","ping_status":"closed","sticky":false,"template":"","format":"standard","meta":{"footnotes":""},"categories":[1179],"tags":[],"source":[4511],"supertag":[],"acf":[],"yoast_head":"<!-- This site is optimized with the Yoast SEO plugin v21.3 - https:\/\/yoast.com\/wordpress\/plugins\/seo\/ -->\n<title>Teden sredozemske obale - Hudo Slovenija<\/title>\n<meta name=\"robots\" content=\"index, follow, max-snippet:-1, max-image-preview:large, max-video-preview:-1\" \/>\n<link rel=\"canonical\" href=\"https:\/\/hudo.com\/si\/aktualno\/teden-sredozemske-obale\/\" \/>\n<meta property=\"og:locale\" content=\"sl_SI\" \/>\n<meta property=\"og:type\" content=\"article\" \/>\n<meta property=\"og:title\" content=\"Teden sredozemske obale - Hudo Slovenija\" \/>\n<meta property=\"og:description\" content=\"Kategorija: Okolje Sun, 31 Jul 2016 12:00:00 +0200 Ljubljana - Na slovenski obali bo od 23. septembra do 1. oktobra Teden sredozemske obale in makroregionalnih strategij, za katerega se je mogo\u010de registrirati do 10. septembra oziroma do zapolnitve mest. Omenjeni teden je drugi v nizu dogodkov, ki jih Slovenija organizira med predsedovanjem Strategiji EU za Alpsko regijo (EUSALP). V primeru EUSALP gre namre\u010d \u017ee za \u010detrto makrostrategijo znotraj EU in tretjo, katere del je tudi Slovenija (preostali sta \u0161e Podonavska in Jadransko-Jonska strategija). Slovenska obala bo postala prizori\u0161\u010de vrste dogodkov na temo povezanosti. Tak\u0161na sre\u010danja pripomorejo pri zavedanju, da lahko vsak posameznik, institucija in organizacija prispevajo k bolj\u0161emu in kvalitetnej\u0161emu \u017eivljenju v so\u017eitju z naravo, le skupaj pa lahko spremenimo na\u010din razmi\u0161ljanja in delovanja in dose\u017eemo pomembne premike.\" \/>\n<meta property=\"og:url\" content=\"https:\/\/hudo.com\/si\/aktualno\/teden-sredozemske-obale\/\" \/>\n<meta property=\"og:site_name\" content=\"Hudo Slovenija\" \/>\n<meta property=\"article:publisher\" content=\"https:\/\/www.facebook.com\/hudo.si\" \/>\n<meta property=\"article:published_time\" content=\"2016-07-31T08:00:00+00:00\" \/>\n<meta property=\"og:image\" content=\"https:\/\/hudo.com\/si\/wp-content\/uploads\/sites\/2\/2016\/07\/480x290_djvu_2362862_matkok_uho-Turizem.jpeg\" \/>\n\t<meta property=\"og:image:width\" content=\"480\" \/>\n\t<meta property=\"og:image:height\" content=\"290\" \/>\n\t<meta property=\"og:image:type\" content=\"image\/jpeg\" \/>\n<meta name=\"author\" content=\"hudo\" \/>\n<meta name=\"twitter:card\" content=\"summary_large_image\" \/>\n<meta name=\"twitter:creator\" content=\"@hudo_si\" \/>\n<meta name=\"twitter:site\" content=\"@hudo_si\" \/>\n<meta name=\"twitter:label1\" content=\"Written by\" \/>\n\t<meta name=\"twitter:data1\" content=\"hudo\" \/>\n\t<meta name=\"twitter:label2\" content=\"Est. reading time\" \/>\n\t<meta name=\"twitter:data2\" content=\"1 minuta\" \/>\n<script type=\"application\/ld+json\" class=\"yoast-schema-graph\">{\"@context\":\"https:\/\/schema.org\",\"@graph\":[{\"@type\":\"Article\",\"@id\":\"https:\/\/hudo.com\/si\/aktualno\/teden-sredozemske-obale\/#article\",\"isPartOf\":{\"@id\":\"https:\/\/hudo.com\/si\/aktualno\/teden-sredozemske-obale\/\"},\"author\":{\"name\":\"hudo\",\"@id\":\"https:\/\/hudo.com\/si\/#\/schema\/person\/601cf3379633985b20f7e50f2bb47707\"},\"headline\":\"Teden sredozemske obale\",\"datePublished\":\"2016-07-31T08:00:00+00:00\",\"dateModified\":\"2016-07-31T08:00:00+00:00\",\"mainEntityOfPage\":{\"@id\":\"https:\/\/hudo.com\/si\/aktualno\/teden-sredozemske-obale\/\"},\"wordCount\":134,\"publisher\":{\"@id\":\"https:\/\/hudo.com\/si\/#organization\"},\"articleSection\":[\"Aktualno\"],\"inLanguage\":\"sl-SI\"},{\"@type\":\"WebPage\",\"@id\":\"https:\/\/hudo.com\/si\/aktualno\/teden-sredozemske-obale\/\",\"url\":\"https:\/\/hudo.com\/si\/aktualno\/teden-sredozemske-obale\/\",\"name\":\"Teden sredozemske obale - Hudo Slovenija\",\"isPartOf\":{\"@id\":\"https:\/\/hudo.com\/si\/#website\"},\"datePublished\":\"2016-07-31T08:00:00+00:00\",\"dateModified\":\"2016-07-31T08:00:00+00:00\",\"breadcrumb\":{\"@id\":\"https:\/\/hudo.com\/si\/aktualno\/teden-sredozemske-obale\/#breadcrumb\"},\"inLanguage\":\"sl-SI\",\"potentialAction\":[{\"@type\":\"ReadAction\",\"target\":[\"https:\/\/hudo.com\/si\/aktualno\/teden-sredozemske-obale\/\"]}]},{\"@type\":\"BreadcrumbList\",\"@id\":\"https:\/\/hudo.com\/si\/aktualno\/teden-sredozemske-obale\/#breadcrumb\",\"itemListElement\":[{\"@type\":\"ListItem\",\"position\":1,\"name\":\"Home\",\"item\":\"https:\/\/hudo.com\/si\/\"},{\"@type\":\"ListItem\",\"position\":2,\"name\":\"Teden sredozemske obale\"}]},{\"@type\":\"WebSite\",\"@id\":\"https:\/\/hudo.com\/si\/#website\",\"url\":\"https:\/\/hudo.com\/si\/\",\"name\":\"Hudo Slovenija\",\"description\":\"Vse novice iz Slovenije in sveta\",\"publisher\":{\"@id\":\"https:\/\/hudo.com\/si\/#organization\"},\"potentialAction\":[{\"@type\":\"SearchAction\",\"target\":{\"@type\":\"EntryPoint\",\"urlTemplate\":\"https:\/\/hudo.com\/si\/?s={search_term_string}\"},\"query-input\":\"required name=search_term_string\"}],\"inLanguage\":\"sl-SI\"},{\"@type\":\"Organization\",\"@id\":\"https:\/\/hudo.com\/si\/#organization\",\"name\":\"VSN Media\",\"url\":\"https:\/\/hudo.com\/si\/\",\"logo\":{\"@type\":\"ImageObject\",\"inLanguage\":\"sl-SI\",\"@id\":\"https:\/\/hudo.com\/si\/#\/schema\/logo\/image\/\",\"url\":\"https:\/\/hudo.com\/si\/wp-content\/uploads\/sites\/2\/2021\/03\/hudo-app-2.png\",\"contentUrl\":\"https:\/\/hudo.com\/si\/wp-content\/uploads\/sites\/2\/2021\/03\/hudo-app-2.png\",\"width\":2185,\"height\":2167,\"caption\":\"VSN Media\"},\"image\":{\"@id\":\"https:\/\/hudo.com\/si\/#\/schema\/logo\/image\/\"},\"sameAs\":[\"https:\/\/www.facebook.com\/hudo.si\",\"https:\/\/twitter.com\/hudo_si\"]},{\"@type\":\"Person\",\"@id\":\"https:\/\/hudo.com\/si\/#\/schema\/person\/601cf3379633985b20f7e50f2bb47707\",\"name\":\"hudo\",\"image\":{\"@type\":\"ImageObject\",\"inLanguage\":\"sl-SI\",\"@id\":\"https:\/\/hudo.com\/si\/#\/schema\/person\/image\/\",\"url\":\"https:\/\/secure.gravatar.com\/avatar\/c4ca25fa72cace7a696b52ff5db9e095?s=96&d=mm&r=g\",\"contentUrl\":\"https:\/\/secure.gravatar.com\/avatar\/c4ca25fa72cace7a696b52ff5db9e095?s=96&d=mm&r=g\",\"caption\":\"hudo\"},\"url\":\"https:\/\/hudo.com\/si\/author\/hudo\/\"}]}<\/script>\n<!-- \/ Yoast SEO plugin. -->","yoast_head_json":{"title":"Teden sredozemske obale - Hudo Slovenija","robots":{"index":"index","follow":"follow","max-snippet":"max-snippet:-1","max-image-preview":"max-image-preview:large","max-video-preview":"max-video-preview:-1"},"canonical":"https:\/\/hudo.com\/si\/aktualno\/teden-sredozemske-obale\/","og_locale":"sl_SI","og_type":"article","og_title":"Teden sredozemske obale - Hudo Slovenija","og_description":"Kategorija: Okolje Sun, 31 Jul 2016 12:00:00 +0200 Ljubljana - Na slovenski obali bo od 23. septembra do 1. oktobra Teden sredozemske obale in makroregionalnih strategij, za katerega se je mogo\u010de registrirati do 10. septembra oziroma do zapolnitve mest. Omenjeni teden je drugi v nizu dogodkov, ki jih Slovenija organizira med predsedovanjem Strategiji EU za Alpsko regijo (EUSALP). V primeru EUSALP gre namre\u010d \u017ee za \u010detrto makrostrategijo znotraj EU in tretjo, katere del je tudi Slovenija (preostali sta \u0161e Podonavska in Jadransko-Jonska strategija). Slovenska obala bo postala prizori\u0161\u010de vrste dogodkov na temo povezanosti. Tak\u0161na sre\u010danja pripomorejo pri zavedanju, da lahko vsak posameznik, institucija in organizacija prispevajo k bolj\u0161emu in kvalitetnej\u0161emu \u017eivljenju v so\u017eitju z naravo, le skupaj pa lahko spremenimo na\u010din razmi\u0161ljanja in delovanja in dose\u017eemo pomembne premike.","og_url":"https:\/\/hudo.com\/si\/aktualno\/teden-sredozemske-obale\/","og_site_name":"Hudo Slovenija","article_publisher":"https:\/\/www.facebook.com\/hudo.si","article_published_time":"2016-07-31T08:00:00+00:00","og_image":[{"width":480,"height":290,"url":"https:\/\/hudo.com\/si\/wp-content\/uploads\/sites\/2\/2016\/07\/480x290_djvu_2362862_matkok_uho-Turizem.jpeg","type":"image\/jpeg"}],"author":"hudo","twitter_card":"summary_large_image","twitter_creator":"@hudo_si","twitter_site":"@hudo_si","twitter_misc":{"Written by":"hudo","Est. reading time":"1 minuta"},"schema":{"@context":"https:\/\/schema.org","@graph":[{"@type":"Article","@id":"https:\/\/hudo.com\/si\/aktualno\/teden-sredozemske-obale\/#article","isPartOf":{"@id":"https:\/\/hudo.com\/si\/aktualno\/teden-sredozemske-obale\/"},"author":{"name":"hudo","@id":"https:\/\/hudo.com\/si\/#\/schema\/person\/601cf3379633985b20f7e50f2bb47707"},"headline":"Teden sredozemske obale","datePublished":"2016-07-31T08:00:00+00:00","dateModified":"2016-07-31T08:00:00+00:00","mainEntityOfPage":{"@id":"https:\/\/hudo.com\/si\/aktualno\/teden-sredozemske-obale\/"},"wordCount":134,"publisher":{"@id":"https:\/\/hudo.com\/si\/#organization"},"articleSection":["Aktualno"],"inLanguage":"sl-SI"},{"@type":"WebPage","@id":"https:\/\/hudo.com\/si\/aktualno\/teden-sredozemske-obale\/","url":"https:\/\/hudo.com\/si\/aktualno\/teden-sredozemske-obale\/","name":"Teden sredozemske obale - Hudo Slovenija","isPartOf":{"@id":"https:\/\/hudo.com\/si\/#website"},"datePublished":"2016-07-31T08:00:00+00:00","dateModified":"2016-07-31T08:00:00+00:00","breadcrumb":{"@id":"https:\/\/hudo.com\/si\/aktualno\/teden-sredozemske-obale\/#breadcrumb"},"inLanguage":"sl-SI","potentialAction":[{"@type":"ReadAction","target":["https:\/\/hudo.com\/si\/aktualno\/teden-sredozemske-obale\/"]}]},{"@type":"BreadcrumbList","@id":"https:\/\/hudo.com\/si\/aktualno\/teden-sredozemske-obale\/#breadcrumb","itemListElement":[{"@type":"ListItem","position":1,"name":"Home","item":"https:\/\/hudo.com\/si\/"},{"@type":"ListItem","position":2,"name":"Teden sredozemske obale"}]},{"@type":"WebSite","@id":"https:\/\/hudo.com\/si\/#website","url":"https:\/\/hudo.com\/si\/","name":"Hudo Slovenija","description":"Vse novice iz Slovenije in sveta","publisher":{"@id":"https:\/\/hudo.com\/si\/#organization"},"potentialAction":[{"@type":"SearchAction","target":{"@type":"EntryPoint","urlTemplate":"https:\/\/hudo.com\/si\/?s={search_term_string}"},"query-input":"required name=search_term_string"}],"inLanguage":"sl-SI"},{"@type":"Organization","@id":"https:\/\/hudo.com\/si\/#organization","name":"VSN Media","url":"https:\/\/hudo.com\/si\/","logo":{"@type":"ImageObject","inLanguage":"sl-SI","@id":"https:\/\/hudo.com\/si\/#\/schema\/logo\/image\/","url":"https:\/\/hudo.com\/si\/wp-content\/uploads\/sites\/2\/2021\/03\/hudo-app-2.png","contentUrl":"https:\/\/hudo.com\/si\/wp-content\/uploads\/sites\/2\/2021\/03\/hudo-app-2.png","width":2185,"height":2167,"caption":"VSN Media"},"image":{"@id":"https:\/\/hudo.com\/si\/#\/schema\/logo\/image\/"},"sameAs":["https:\/\/www.facebook.com\/hudo.si","https:\/\/twitter.com\/hudo_si"]},{"@type":"Person","@id":"https:\/\/hudo.com\/si\/#\/schema\/person\/601cf3379633985b20f7e50f2bb47707","name":"hudo","image":{"@type":"ImageObject","inLanguage":"sl-SI","@id":"https:\/\/hudo.com\/si\/#\/schema\/person\/image\/","url":"https:\/\/secure.gravatar.com\/avatar\/c4ca25fa72cace7a696b52ff5db9e095?s=96&d=mm&r=g","contentUrl":"https:\/\/secure.gravatar.com\/avatar\/c4ca25fa72cace7a696b52ff5db9e095?s=96&d=mm&r=g","caption":"hudo"},"url":"https:\/\/hudo.com\/si\/author\/hudo\/"}]}},"amp_enabled":true,"_links":{"self":[{"href":"https:\/\/hudo.com\/si\/wp-json\/wp\/v2\/posts\/105233"}],"collection":[{"href":"https:\/\/hudo.com\/si\/wp-json\/wp\/v2\/posts"}],"about":[{"href":"https:\/\/hudo.com\/si\/wp-json\/wp\/v2\/types\/post"}],"author":[{"embeddable":true,"href":"https:\/\/hudo.com\/si\/wp-json\/wp\/v2\/users\/1"}],"replies":[{"embeddable":true,"href":"https:\/\/hudo.com\/si\/wp-json\/wp\/v2\/comments?post=105233"}],"version-history":[{"count":0,"href":"https:\/\/hudo.com\/si\/wp-json\/wp\/v2\/posts\/105233\/revisions"}],"wp:attachment":[{"href":"https:\/\/hudo.com\/si\/wp-json\/wp\/v2\/media?parent=105233"}],"wp:term":[{"taxonomy":"category","embeddable":true,"href":"https:\/\/hudo.com\/si\/wp-json\/wp\/v2\/categories?post=105233"},{"taxonomy":"post_tag","embeddable":true,"href":"https:\/\/hudo.com\/si\/wp-json\/wp\/v2\/tags?post=105233"},{"taxonomy":"source","embeddable":true,"href":"https:\/\/hudo.com\/si\/wp-json\/wp\/v2\/source?post=105233"},{"taxonomy":"supertag","embeddable":true,"href":"https:\/\/hudo.com\/si\/wp-json\/wp\/v2\/supertag?post=105233"}],"curies":[{"name":"wp","href":"https:\/\/api.w.org\/{rel}","templated":true}]}}