{"id":105306,"date":"2016-07-31T12:20:00","date_gmt":"2016-07-31T10:20:00","guid":{"rendered":"http:\/\/hudo.com\/si\/2016\/07\/31\/yuriko-koike-bo-kot-prva-zenska-vodila-japonsko-prestolnico\/"},"modified":"2016-08-01T09:16:24","modified_gmt":"2016-08-01T07:16:24","slug":"yuriko-koike-bo-kot-prva-zenska-vodila-japonsko-prestolnico","status":"publish","type":"post","link":"https:\/\/hudo.com\/si\/aktualno\/yuriko-koike-bo-kot-prva-zenska-vodila-japonsko-prestolnico\/","title":{"rendered":"Yuriko Koike bo kot prva \u017eenska vodila japonsko prestolnico"},"content":{"rendered":"<p>Politi\u010dna veteranka Yuriko Koike je bila danes izvoljena za guvernerko japonske prestolnice Tokio, ka\u017eejo rezultati vzporednih volitev. Koike bo tako postala prva \u017eenska na \u010delu japonske prestolnice. &#8220;Politiko v Tokiu bom vodila na doslej \u0161e ne viden na\u010din. Videli boste Tokio, kot ga \u0161e niste,&#8221; je svojim prista\u0161em dejala 64-letna Koikejeva. Volitve za guvernerja Tokia, na katerih se je potegovalo rekordnih 21 kandidatov, so razpisali, ko je bil dosedanji guverner Yoici Masuzoe prisiljen odstopiti zaradi finan\u010dne afere. Njegov odstop je bil \u017ee drugi zaporedni odstop prvega mo\u017ea Tokia. Glavna naloga nove guvernerke bodo priprave Tokia na poletne olimpijske igre 2020, ki jih \u017ee sedaj bremeni vrsta afer in vedno ve\u010dji izdatki. Koike je nekdanja televizijska voditeljica, ki je v preteklosti tudi \u017ee bila ministrica za obrambo in okolje.Svet<\/p>\n","protected":false},"excerpt":{"rendered":"<p>Politi\u010dna veteranka Yuriko Koike je bila danes izvoljena za guvernerko japonske prestolnice Tokio, ka\u017eejo rezultati vzporednih volitev. Koike bo tako postala prva \u017eenska na \u010delu japonske prestolnice. &#8220;Politiko v Tokiu bom vodila na doslej \u0161e ne viden na\u010din. Videli boste Tokio, kot ga \u0161e niste,&#8221; je svojim prista\u0161em dejala 64-letna Koikejeva. Volitve za guvernerja Tokia, na katerih se je potegovalo rekordnih 21 kandidatov, so razpisali, ko je bil dosedanji guverner Yoici Masuzoe prisiljen odstopiti zaradi finan\u010dne afere. Njegov odstop je bil \u017ee drugi zaporedni odstop prvega mo\u017ea Tokia. Glavna naloga nove guvernerke bodo priprave Tokia na poletne olimpijske igre 2020, ki jih \u017ee sedaj bremeni vrsta afer in vedno ve\u010dji izdatki. Koike je nekdanja televizijska voditeljica, ki je v preteklosti tudi \u017ee bila ministrica za obrambo in okolje.Svet<\/p>\n","protected":false},"author":1,"featured_media":0,"comment_status":"closed","ping_status":"closed","sticky":false,"template":"","format":"standard","meta":{"footnotes":""},"categories":[1179],"tags":[],"source":[1711],"supertag":[],"acf":[],"yoast_head":"<!-- This site is optimized with the Yoast SEO plugin v21.3 - https:\/\/yoast.com\/wordpress\/plugins\/seo\/ -->\n<title>Yuriko Koike bo kot prva \u017eenska vodila japonsko prestolnico - Hudo Slovenija<\/title>\n<meta name=\"robots\" content=\"index, follow, max-snippet:-1, max-image-preview:large, max-video-preview:-1\" \/>\n<link rel=\"canonical\" href=\"https:\/\/hudo.com\/si\/aktualno\/yuriko-koike-bo-kot-prva-zenska-vodila-japonsko-prestolnico\/\" \/>\n<meta property=\"og:locale\" content=\"sl_SI\" \/>\n<meta property=\"og:type\" content=\"article\" \/>\n<meta property=\"og:title\" content=\"Yuriko Koike bo kot prva \u017eenska vodila japonsko prestolnico - Hudo Slovenija\" \/>\n<meta property=\"og:description\" content=\"Politi\u010dna veteranka Yuriko Koike je bila danes izvoljena za guvernerko japonske prestolnice Tokio, ka\u017eejo rezultati vzporednih volitev. Koike bo tako postala prva \u017eenska na \u010delu japonske prestolnice. &quot;Politiko v Tokiu bom vodila na doslej \u0161e ne viden na\u010din. Videli boste Tokio, kot ga \u0161e niste,&quot; je svojim prista\u0161em dejala 64-letna Koikejeva. Volitve za guvernerja Tokia, na katerih se je potegovalo rekordnih 21 kandidatov, so razpisali, ko je bil dosedanji guverner Yoici Masuzoe prisiljen odstopiti zaradi finan\u010dne afere. Njegov odstop je bil \u017ee drugi zaporedni odstop prvega mo\u017ea Tokia. Glavna naloga nove guvernerke bodo priprave Tokia na poletne olimpijske igre 2020, ki jih \u017ee sedaj bremeni vrsta afer in vedno ve\u010dji izdatki. Koike je nekdanja televizijska voditeljica, ki je v preteklosti tudi \u017ee bila ministrica za obrambo in okolje.Svet\" \/>\n<meta property=\"og:url\" content=\"https:\/\/hudo.com\/si\/aktualno\/yuriko-koike-bo-kot-prva-zenska-vodila-japonsko-prestolnico\/\" \/>\n<meta property=\"og:site_name\" content=\"Hudo Slovenija\" \/>\n<meta property=\"article:publisher\" content=\"https:\/\/www.facebook.com\/hudo.si\" \/>\n<meta property=\"article:published_time\" content=\"2016-07-31T10:20:00+00:00\" \/>\n<meta property=\"article:modified_time\" content=\"2016-08-01T07:16:24+00:00\" \/>\n<meta property=\"og:image\" content=\"https:\/\/hudo.com\/si\/wp-content\/uploads\/sites\/2\/2016\/07\/MDF24253-300.jpg\" \/>\n\t<meta property=\"og:image:width\" content=\"450\" \/>\n\t<meta property=\"og:image:height\" content=\"300\" \/>\n\t<meta property=\"og:image:type\" content=\"image\/jpeg\" \/>\n<meta name=\"author\" content=\"hudo\" \/>\n<meta name=\"twitter:card\" content=\"summary_large_image\" \/>\n<meta name=\"twitter:creator\" content=\"@hudo_si\" \/>\n<meta name=\"twitter:site\" content=\"@hudo_si\" \/>\n<meta name=\"twitter:label1\" content=\"Written by\" \/>\n\t<meta name=\"twitter:data1\" content=\"hudo\" \/>\n\t<meta name=\"twitter:label2\" content=\"Est. reading time\" \/>\n\t<meta name=\"twitter:data2\" content=\"1 minuta\" \/>\n<script type=\"application\/ld+json\" class=\"yoast-schema-graph\">{\"@context\":\"https:\/\/schema.org\",\"@graph\":[{\"@type\":\"Article\",\"@id\":\"https:\/\/hudo.com\/si\/aktualno\/yuriko-koike-bo-kot-prva-zenska-vodila-japonsko-prestolnico\/#article\",\"isPartOf\":{\"@id\":\"https:\/\/hudo.com\/si\/aktualno\/yuriko-koike-bo-kot-prva-zenska-vodila-japonsko-prestolnico\/\"},\"author\":{\"name\":\"hudo\",\"@id\":\"https:\/\/hudo.com\/si\/#\/schema\/person\/601cf3379633985b20f7e50f2bb47707\"},\"headline\":\"Yuriko Koike bo kot prva \u017eenska vodila japonsko prestolnico\",\"datePublished\":\"2016-07-31T10:20:00+00:00\",\"dateModified\":\"2016-08-01T07:16:24+00:00\",\"mainEntityOfPage\":{\"@id\":\"https:\/\/hudo.com\/si\/aktualno\/yuriko-koike-bo-kot-prva-zenska-vodila-japonsko-prestolnico\/\"},\"wordCount\":143,\"publisher\":{\"@id\":\"https:\/\/hudo.com\/si\/#organization\"},\"articleSection\":[\"Aktualno\"],\"inLanguage\":\"sl-SI\"},{\"@type\":\"WebPage\",\"@id\":\"https:\/\/hudo.com\/si\/aktualno\/yuriko-koike-bo-kot-prva-zenska-vodila-japonsko-prestolnico\/\",\"url\":\"https:\/\/hudo.com\/si\/aktualno\/yuriko-koike-bo-kot-prva-zenska-vodila-japonsko-prestolnico\/\",\"name\":\"Yuriko Koike bo kot prva \u017eenska vodila japonsko prestolnico - Hudo Slovenija\",\"isPartOf\":{\"@id\":\"https:\/\/hudo.com\/si\/#website\"},\"datePublished\":\"2016-07-31T10:20:00+00:00\",\"dateModified\":\"2016-08-01T07:16:24+00:00\",\"breadcrumb\":{\"@id\":\"https:\/\/hudo.com\/si\/aktualno\/yuriko-koike-bo-kot-prva-zenska-vodila-japonsko-prestolnico\/#breadcrumb\"},\"inLanguage\":\"sl-SI\",\"potentialAction\":[{\"@type\":\"ReadAction\",\"target\":[\"https:\/\/hudo.com\/si\/aktualno\/yuriko-koike-bo-kot-prva-zenska-vodila-japonsko-prestolnico\/\"]}]},{\"@type\":\"BreadcrumbList\",\"@id\":\"https:\/\/hudo.com\/si\/aktualno\/yuriko-koike-bo-kot-prva-zenska-vodila-japonsko-prestolnico\/#breadcrumb\",\"itemListElement\":[{\"@type\":\"ListItem\",\"position\":1,\"name\":\"Home\",\"item\":\"https:\/\/hudo.com\/si\/\"},{\"@type\":\"ListItem\",\"position\":2,\"name\":\"Yuriko Koike bo kot prva \u017eenska vodila japonsko prestolnico\"}]},{\"@type\":\"WebSite\",\"@id\":\"https:\/\/hudo.com\/si\/#website\",\"url\":\"https:\/\/hudo.com\/si\/\",\"name\":\"Hudo Slovenija\",\"description\":\"Vse novice iz Slovenije in sveta\",\"publisher\":{\"@id\":\"https:\/\/hudo.com\/si\/#organization\"},\"potentialAction\":[{\"@type\":\"SearchAction\",\"target\":{\"@type\":\"EntryPoint\",\"urlTemplate\":\"https:\/\/hudo.com\/si\/?s={search_term_string}\"},\"query-input\":\"required name=search_term_string\"}],\"inLanguage\":\"sl-SI\"},{\"@type\":\"Organization\",\"@id\":\"https:\/\/hudo.com\/si\/#organization\",\"name\":\"VSN Media\",\"url\":\"https:\/\/hudo.com\/si\/\",\"logo\":{\"@type\":\"ImageObject\",\"inLanguage\":\"sl-SI\",\"@id\":\"https:\/\/hudo.com\/si\/#\/schema\/logo\/image\/\",\"url\":\"https:\/\/hudo.com\/si\/wp-content\/uploads\/sites\/2\/2021\/03\/hudo-app-2.png\",\"contentUrl\":\"https:\/\/hudo.com\/si\/wp-content\/uploads\/sites\/2\/2021\/03\/hudo-app-2.png\",\"width\":2185,\"height\":2167,\"caption\":\"VSN Media\"},\"image\":{\"@id\":\"https:\/\/hudo.com\/si\/#\/schema\/logo\/image\/\"},\"sameAs\":[\"https:\/\/www.facebook.com\/hudo.si\",\"https:\/\/twitter.com\/hudo_si\"]},{\"@type\":\"Person\",\"@id\":\"https:\/\/hudo.com\/si\/#\/schema\/person\/601cf3379633985b20f7e50f2bb47707\",\"name\":\"hudo\",\"image\":{\"@type\":\"ImageObject\",\"inLanguage\":\"sl-SI\",\"@id\":\"https:\/\/hudo.com\/si\/#\/schema\/person\/image\/\",\"url\":\"https:\/\/secure.gravatar.com\/avatar\/c4ca25fa72cace7a696b52ff5db9e095?s=96&d=mm&r=g\",\"contentUrl\":\"https:\/\/secure.gravatar.com\/avatar\/c4ca25fa72cace7a696b52ff5db9e095?s=96&d=mm&r=g\",\"caption\":\"hudo\"},\"url\":\"https:\/\/hudo.com\/si\/author\/hudo\/\"}]}<\/script>\n<!-- \/ Yoast SEO plugin. -->","yoast_head_json":{"title":"Yuriko Koike bo kot prva \u017eenska vodila japonsko prestolnico - Hudo Slovenija","robots":{"index":"index","follow":"follow","max-snippet":"max-snippet:-1","max-image-preview":"max-image-preview:large","max-video-preview":"max-video-preview:-1"},"canonical":"https:\/\/hudo.com\/si\/aktualno\/yuriko-koike-bo-kot-prva-zenska-vodila-japonsko-prestolnico\/","og_locale":"sl_SI","og_type":"article","og_title":"Yuriko Koike bo kot prva \u017eenska vodila japonsko prestolnico - Hudo Slovenija","og_description":"Politi\u010dna veteranka Yuriko Koike je bila danes izvoljena za guvernerko japonske prestolnice Tokio, ka\u017eejo rezultati vzporednih volitev. Koike bo tako postala prva \u017eenska na \u010delu japonske prestolnice. \"Politiko v Tokiu bom vodila na doslej \u0161e ne viden na\u010din. Videli boste Tokio, kot ga \u0161e niste,\" je svojim prista\u0161em dejala 64-letna Koikejeva. Volitve za guvernerja Tokia, na katerih se je potegovalo rekordnih 21 kandidatov, so razpisali, ko je bil dosedanji guverner Yoici Masuzoe prisiljen odstopiti zaradi finan\u010dne afere. Njegov odstop je bil \u017ee drugi zaporedni odstop prvega mo\u017ea Tokia. Glavna naloga nove guvernerke bodo priprave Tokia na poletne olimpijske igre 2020, ki jih \u017ee sedaj bremeni vrsta afer in vedno ve\u010dji izdatki. Koike je nekdanja televizijska voditeljica, ki je v preteklosti tudi \u017ee bila ministrica za obrambo in okolje.Svet","og_url":"https:\/\/hudo.com\/si\/aktualno\/yuriko-koike-bo-kot-prva-zenska-vodila-japonsko-prestolnico\/","og_site_name":"Hudo Slovenija","article_publisher":"https:\/\/www.facebook.com\/hudo.si","article_published_time":"2016-07-31T10:20:00+00:00","article_modified_time":"2016-08-01T07:16:24+00:00","og_image":[{"width":450,"height":300,"url":"https:\/\/hudo.com\/si\/wp-content\/uploads\/sites\/2\/2016\/07\/MDF24253-300.jpg","type":"image\/jpeg"}],"author":"hudo","twitter_card":"summary_large_image","twitter_creator":"@hudo_si","twitter_site":"@hudo_si","twitter_misc":{"Written by":"hudo","Est. reading time":"1 minuta"},"schema":{"@context":"https:\/\/schema.org","@graph":[{"@type":"Article","@id":"https:\/\/hudo.com\/si\/aktualno\/yuriko-koike-bo-kot-prva-zenska-vodila-japonsko-prestolnico\/#article","isPartOf":{"@id":"https:\/\/hudo.com\/si\/aktualno\/yuriko-koike-bo-kot-prva-zenska-vodila-japonsko-prestolnico\/"},"author":{"name":"hudo","@id":"https:\/\/hudo.com\/si\/#\/schema\/person\/601cf3379633985b20f7e50f2bb47707"},"headline":"Yuriko Koike bo kot prva \u017eenska vodila japonsko prestolnico","datePublished":"2016-07-31T10:20:00+00:00","dateModified":"2016-08-01T07:16:24+00:00","mainEntityOfPage":{"@id":"https:\/\/hudo.com\/si\/aktualno\/yuriko-koike-bo-kot-prva-zenska-vodila-japonsko-prestolnico\/"},"wordCount":143,"publisher":{"@id":"https:\/\/hudo.com\/si\/#organization"},"articleSection":["Aktualno"],"inLanguage":"sl-SI"},{"@type":"WebPage","@id":"https:\/\/hudo.com\/si\/aktualno\/yuriko-koike-bo-kot-prva-zenska-vodila-japonsko-prestolnico\/","url":"https:\/\/hudo.com\/si\/aktualno\/yuriko-koike-bo-kot-prva-zenska-vodila-japonsko-prestolnico\/","name":"Yuriko Koike bo kot prva \u017eenska vodila japonsko prestolnico - Hudo Slovenija","isPartOf":{"@id":"https:\/\/hudo.com\/si\/#website"},"datePublished":"2016-07-31T10:20:00+00:00","dateModified":"2016-08-01T07:16:24+00:00","breadcrumb":{"@id":"https:\/\/hudo.com\/si\/aktualno\/yuriko-koike-bo-kot-prva-zenska-vodila-japonsko-prestolnico\/#breadcrumb"},"inLanguage":"sl-SI","potentialAction":[{"@type":"ReadAction","target":["https:\/\/hudo.com\/si\/aktualno\/yuriko-koike-bo-kot-prva-zenska-vodila-japonsko-prestolnico\/"]}]},{"@type":"BreadcrumbList","@id":"https:\/\/hudo.com\/si\/aktualno\/yuriko-koike-bo-kot-prva-zenska-vodila-japonsko-prestolnico\/#breadcrumb","itemListElement":[{"@type":"ListItem","position":1,"name":"Home","item":"https:\/\/hudo.com\/si\/"},{"@type":"ListItem","position":2,"name":"Yuriko Koike bo kot prva \u017eenska vodila japonsko prestolnico"}]},{"@type":"WebSite","@id":"https:\/\/hudo.com\/si\/#website","url":"https:\/\/hudo.com\/si\/","name":"Hudo Slovenija","description":"Vse novice iz Slovenije in sveta","publisher":{"@id":"https:\/\/hudo.com\/si\/#organization"},"potentialAction":[{"@type":"SearchAction","target":{"@type":"EntryPoint","urlTemplate":"https:\/\/hudo.com\/si\/?s={search_term_string}"},"query-input":"required name=search_term_string"}],"inLanguage":"sl-SI"},{"@type":"Organization","@id":"https:\/\/hudo.com\/si\/#organization","name":"VSN Media","url":"https:\/\/hudo.com\/si\/","logo":{"@type":"ImageObject","inLanguage":"sl-SI","@id":"https:\/\/hudo.com\/si\/#\/schema\/logo\/image\/","url":"https:\/\/hudo.com\/si\/wp-content\/uploads\/sites\/2\/2021\/03\/hudo-app-2.png","contentUrl":"https:\/\/hudo.com\/si\/wp-content\/uploads\/sites\/2\/2021\/03\/hudo-app-2.png","width":2185,"height":2167,"caption":"VSN Media"},"image":{"@id":"https:\/\/hudo.com\/si\/#\/schema\/logo\/image\/"},"sameAs":["https:\/\/www.facebook.com\/hudo.si","https:\/\/twitter.com\/hudo_si"]},{"@type":"Person","@id":"https:\/\/hudo.com\/si\/#\/schema\/person\/601cf3379633985b20f7e50f2bb47707","name":"hudo","image":{"@type":"ImageObject","inLanguage":"sl-SI","@id":"https:\/\/hudo.com\/si\/#\/schema\/person\/image\/","url":"https:\/\/secure.gravatar.com\/avatar\/c4ca25fa72cace7a696b52ff5db9e095?s=96&d=mm&r=g","contentUrl":"https:\/\/secure.gravatar.com\/avatar\/c4ca25fa72cace7a696b52ff5db9e095?s=96&d=mm&r=g","caption":"hudo"},"url":"https:\/\/hudo.com\/si\/author\/hudo\/"}]}},"amp_enabled":true,"_links":{"self":[{"href":"https:\/\/hudo.com\/si\/wp-json\/wp\/v2\/posts\/105306"}],"collection":[{"href":"https:\/\/hudo.com\/si\/wp-json\/wp\/v2\/posts"}],"about":[{"href":"https:\/\/hudo.com\/si\/wp-json\/wp\/v2\/types\/post"}],"author":[{"embeddable":true,"href":"https:\/\/hudo.com\/si\/wp-json\/wp\/v2\/users\/1"}],"replies":[{"embeddable":true,"href":"https:\/\/hudo.com\/si\/wp-json\/wp\/v2\/comments?post=105306"}],"version-history":[{"count":1,"href":"https:\/\/hudo.com\/si\/wp-json\/wp\/v2\/posts\/105306\/revisions"}],"predecessor-version":[{"id":105349,"href":"https:\/\/hudo.com\/si\/wp-json\/wp\/v2\/posts\/105306\/revisions\/105349"}],"wp:attachment":[{"href":"https:\/\/hudo.com\/si\/wp-json\/wp\/v2\/media?parent=105306"}],"wp:term":[{"taxonomy":"category","embeddable":true,"href":"https:\/\/hudo.com\/si\/wp-json\/wp\/v2\/categories?post=105306"},{"taxonomy":"post_tag","embeddable":true,"href":"https:\/\/hudo.com\/si\/wp-json\/wp\/v2\/tags?post=105306"},{"taxonomy":"source","embeddable":true,"href":"https:\/\/hudo.com\/si\/wp-json\/wp\/v2\/source?post=105306"},{"taxonomy":"supertag","embeddable":true,"href":"https:\/\/hudo.com\/si\/wp-json\/wp\/v2\/supertag?post=105306"}],"curies":[{"name":"wp","href":"https:\/\/api.w.org\/{rel}","templated":true}]}}