{"id":106450,"date":"2016-08-02T09:19:00","date_gmt":"2016-08-02T07:19:00","guid":{"rendered":"http:\/\/hudo.com\/si\/2016\/08\/02\/v-osilnici-in-mariboru-izsledili-begunce\/"},"modified":"2016-08-02T09:19:00","modified_gmt":"2016-08-02T07:19:00","slug":"v-osilnici-in-mariboru-izsledili-begunce","status":"publish","type":"post","link":"https:\/\/hudo.com\/si\/aktualno\/v-osilnici-in-mariboru-izsledili-begunce\/","title":{"rendered":"V Osilnici in Mariboru izsledili begunce"},"content":{"rendered":"<p>Kategorija: Kronika Tue, 02 Aug 2016 11:19:00 +0200  Osilnica \u2212 V ponedeljek zjutraj so policisti v Osilnici izsledili enajst oseb, kasneje pa \u0161e dve v naselju \u010ca\u010di\u010di. Dvanajst je mo\u0161kih, od tega so \u0161tirije mladoletni, med njimi je bila tudi ena \u017eenska. Gre za dr\u017eavljane Sirije, Libije in Iraka. Vsi so zaprosili za azil in so bili po kon\u010danem postopku nastanjeni v azilnem domu. Enega so zaradi zdravstvenih te\u017eav odpeljali v UKC Ljubljana, sporo\u010dajo s Policijske uprave Ljubljana. Med izvajanjem postopka v Osilnici so policisti ustavili tudi 22-letnega dr\u017eavljana Srbije, o katerem sumijo, da je pripeljal omenjene tujce. \u010ce se sum izka\u017ee za utemeljenega, bodo podali kazensko ovadbo na pristojno dr\u017eavno to\u017eilstvo. V dr\u017eavo vstopili brez listin S Policijske uprave Maribor pa sporo\u010dajo, da so v\u010deraj mariborski policisti na parkiri\u0161\u010du na Vodovodni ulici v priklopnem tovornem vozilu s tur\u0161ko registracijo\u00a0&#8230;<\/p>\n","protected":false},"excerpt":{"rendered":"<p>Kategorija: Kronika Tue, 02 Aug 2016 11:19:00 +0200  Osilnica \u2212 V ponedeljek zjutraj so policisti v Osilnici izsledili enajst oseb, kasneje pa \u0161e dve v naselju \u010ca\u010di\u010di. Dvanajst je mo\u0161kih, od tega so \u0161tirije mladoletni, med njimi je bila tudi ena \u017eenska. Gre za dr\u017eavljane Sirije, Libije in Iraka. Vsi so zaprosili za azil in so bili po kon\u010danem postopku nastanjeni v azilnem domu. Enega so zaradi zdravstvenih te\u017eav odpeljali v UKC Ljubljana, sporo\u010dajo s Policijske uprave Ljubljana. Med izvajanjem postopka v Osilnici so policisti ustavili tudi 22-letnega dr\u017eavljana Srbije, o katerem sumijo, da je pripeljal omenjene tujce. \u010ce se sum izka\u017ee za utemeljenega, bodo podali kazensko ovadbo na pristojno dr\u017eavno to\u017eilstvo. V dr\u017eavo vstopili brez listin S Policijske uprave Maribor pa sporo\u010dajo, da so v\u010deraj mariborski policisti na parkiri\u0161\u010du na Vodovodni ulici v priklopnem tovornem vozilu s tur\u0161ko registracijo\u00a0&#8230;<\/p>\n","protected":false},"author":1,"featured_media":0,"comment_status":"closed","ping_status":"closed","sticky":false,"template":"","format":"standard","meta":{"footnotes":""},"categories":[1179],"tags":[],"source":[4511],"supertag":[],"acf":[],"yoast_head":"<!-- This site is optimized with the Yoast SEO plugin v21.3 - https:\/\/yoast.com\/wordpress\/plugins\/seo\/ -->\n<title>V Osilnici in Mariboru izsledili begunce - Hudo Slovenija<\/title>\n<meta name=\"robots\" content=\"index, follow, max-snippet:-1, max-image-preview:large, max-video-preview:-1\" \/>\n<link rel=\"canonical\" href=\"https:\/\/hudo.com\/si\/aktualno\/v-osilnici-in-mariboru-izsledili-begunce\/\" \/>\n<meta property=\"og:locale\" content=\"sl_SI\" \/>\n<meta property=\"og:type\" content=\"article\" \/>\n<meta property=\"og:title\" content=\"V Osilnici in Mariboru izsledili begunce - Hudo Slovenija\" \/>\n<meta property=\"og:description\" content=\"Kategorija: Kronika Tue, 02 Aug 2016 11:19:00 +0200 Osilnica \u2212 V ponedeljek zjutraj so policisti v Osilnici izsledili enajst oseb, kasneje pa \u0161e dve v naselju \u010ca\u010di\u010di. Dvanajst je mo\u0161kih, od tega so \u0161tirije mladoletni, med njimi je bila tudi ena \u017eenska. Gre za dr\u017eavljane Sirije, Libije in Iraka. Vsi so zaprosili za azil in so bili po kon\u010danem postopku nastanjeni v azilnem domu. Enega so zaradi zdravstvenih te\u017eav odpeljali v UKC Ljubljana, sporo\u010dajo s Policijske uprave Ljubljana. Med izvajanjem postopka v Osilnici so policisti ustavili tudi 22-letnega dr\u017eavljana Srbije, o katerem sumijo, da je pripeljal omenjene tujce. \u010ce se sum izka\u017ee za utemeljenega, bodo podali kazensko ovadbo na pristojno dr\u017eavno to\u017eilstvo. V dr\u017eavo vstopili brez listin S Policijske uprave Maribor pa sporo\u010dajo, da so v\u010deraj mariborski policisti na parkiri\u0161\u010du na Vodovodni ulici v priklopnem tovornem vozilu s tur\u0161ko registracijo\u00a0...\" \/>\n<meta property=\"og:url\" content=\"https:\/\/hudo.com\/si\/aktualno\/v-osilnici-in-mariboru-izsledili-begunce\/\" \/>\n<meta property=\"og:site_name\" content=\"Hudo Slovenija\" \/>\n<meta property=\"article:publisher\" content=\"https:\/\/www.facebook.com\/hudo.si\" \/>\n<meta property=\"article:published_time\" content=\"2016-08-02T07:19:00+00:00\" \/>\n<meta property=\"og:image\" content=\"https:\/\/hudo.com\/si\/wp-content\/uploads\/sites\/2\/2016\/08\/480x290_djvu_2329489_verdevv_jer-begunci.jpeg\" \/>\n\t<meta property=\"og:image:width\" content=\"480\" \/>\n\t<meta property=\"og:image:height\" content=\"290\" \/>\n\t<meta property=\"og:image:type\" content=\"image\/jpeg\" \/>\n<meta name=\"author\" content=\"hudo\" \/>\n<meta name=\"twitter:card\" content=\"summary_large_image\" \/>\n<meta name=\"twitter:creator\" content=\"@hudo_si\" \/>\n<meta name=\"twitter:site\" content=\"@hudo_si\" \/>\n<meta name=\"twitter:label1\" content=\"Written by\" \/>\n\t<meta name=\"twitter:data1\" content=\"hudo\" \/>\n\t<meta name=\"twitter:label2\" content=\"Est. reading time\" \/>\n\t<meta name=\"twitter:data2\" content=\"1 minuta\" \/>\n<script type=\"application\/ld+json\" class=\"yoast-schema-graph\">{\"@context\":\"https:\/\/schema.org\",\"@graph\":[{\"@type\":\"Article\",\"@id\":\"https:\/\/hudo.com\/si\/aktualno\/v-osilnici-in-mariboru-izsledili-begunce\/#article\",\"isPartOf\":{\"@id\":\"https:\/\/hudo.com\/si\/aktualno\/v-osilnici-in-mariboru-izsledili-begunce\/\"},\"author\":{\"name\":\"hudo\",\"@id\":\"https:\/\/hudo.com\/si\/#\/schema\/person\/601cf3379633985b20f7e50f2bb47707\"},\"headline\":\"V Osilnici in Mariboru izsledili begunce\",\"datePublished\":\"2016-08-02T07:19:00+00:00\",\"dateModified\":\"2016-08-02T07:19:00+00:00\",\"mainEntityOfPage\":{\"@id\":\"https:\/\/hudo.com\/si\/aktualno\/v-osilnici-in-mariboru-izsledili-begunce\/\"},\"wordCount\":157,\"publisher\":{\"@id\":\"https:\/\/hudo.com\/si\/#organization\"},\"articleSection\":[\"Aktualno\"],\"inLanguage\":\"sl-SI\"},{\"@type\":\"WebPage\",\"@id\":\"https:\/\/hudo.com\/si\/aktualno\/v-osilnici-in-mariboru-izsledili-begunce\/\",\"url\":\"https:\/\/hudo.com\/si\/aktualno\/v-osilnici-in-mariboru-izsledili-begunce\/\",\"name\":\"V Osilnici in Mariboru izsledili begunce - Hudo Slovenija\",\"isPartOf\":{\"@id\":\"https:\/\/hudo.com\/si\/#website\"},\"datePublished\":\"2016-08-02T07:19:00+00:00\",\"dateModified\":\"2016-08-02T07:19:00+00:00\",\"breadcrumb\":{\"@id\":\"https:\/\/hudo.com\/si\/aktualno\/v-osilnici-in-mariboru-izsledili-begunce\/#breadcrumb\"},\"inLanguage\":\"sl-SI\",\"potentialAction\":[{\"@type\":\"ReadAction\",\"target\":[\"https:\/\/hudo.com\/si\/aktualno\/v-osilnici-in-mariboru-izsledili-begunce\/\"]}]},{\"@type\":\"BreadcrumbList\",\"@id\":\"https:\/\/hudo.com\/si\/aktualno\/v-osilnici-in-mariboru-izsledili-begunce\/#breadcrumb\",\"itemListElement\":[{\"@type\":\"ListItem\",\"position\":1,\"name\":\"Home\",\"item\":\"https:\/\/hudo.com\/si\/\"},{\"@type\":\"ListItem\",\"position\":2,\"name\":\"V Osilnici in Mariboru izsledili begunce\"}]},{\"@type\":\"WebSite\",\"@id\":\"https:\/\/hudo.com\/si\/#website\",\"url\":\"https:\/\/hudo.com\/si\/\",\"name\":\"Hudo Slovenija\",\"description\":\"Vse novice iz Slovenije in sveta\",\"publisher\":{\"@id\":\"https:\/\/hudo.com\/si\/#organization\"},\"potentialAction\":[{\"@type\":\"SearchAction\",\"target\":{\"@type\":\"EntryPoint\",\"urlTemplate\":\"https:\/\/hudo.com\/si\/?s={search_term_string}\"},\"query-input\":\"required name=search_term_string\"}],\"inLanguage\":\"sl-SI\"},{\"@type\":\"Organization\",\"@id\":\"https:\/\/hudo.com\/si\/#organization\",\"name\":\"VSN Media\",\"url\":\"https:\/\/hudo.com\/si\/\",\"logo\":{\"@type\":\"ImageObject\",\"inLanguage\":\"sl-SI\",\"@id\":\"https:\/\/hudo.com\/si\/#\/schema\/logo\/image\/\",\"url\":\"https:\/\/hudo.com\/si\/wp-content\/uploads\/sites\/2\/2021\/03\/hudo-app-2.png\",\"contentUrl\":\"https:\/\/hudo.com\/si\/wp-content\/uploads\/sites\/2\/2021\/03\/hudo-app-2.png\",\"width\":2185,\"height\":2167,\"caption\":\"VSN Media\"},\"image\":{\"@id\":\"https:\/\/hudo.com\/si\/#\/schema\/logo\/image\/\"},\"sameAs\":[\"https:\/\/www.facebook.com\/hudo.si\",\"https:\/\/twitter.com\/hudo_si\"]},{\"@type\":\"Person\",\"@id\":\"https:\/\/hudo.com\/si\/#\/schema\/person\/601cf3379633985b20f7e50f2bb47707\",\"name\":\"hudo\",\"image\":{\"@type\":\"ImageObject\",\"inLanguage\":\"sl-SI\",\"@id\":\"https:\/\/hudo.com\/si\/#\/schema\/person\/image\/\",\"url\":\"https:\/\/secure.gravatar.com\/avatar\/c4ca25fa72cace7a696b52ff5db9e095?s=96&d=mm&r=g\",\"contentUrl\":\"https:\/\/secure.gravatar.com\/avatar\/c4ca25fa72cace7a696b52ff5db9e095?s=96&d=mm&r=g\",\"caption\":\"hudo\"},\"url\":\"https:\/\/hudo.com\/si\/author\/hudo\/\"}]}<\/script>\n<!-- \/ Yoast SEO plugin. -->","yoast_head_json":{"title":"V Osilnici in Mariboru izsledili begunce - Hudo Slovenija","robots":{"index":"index","follow":"follow","max-snippet":"max-snippet:-1","max-image-preview":"max-image-preview:large","max-video-preview":"max-video-preview:-1"},"canonical":"https:\/\/hudo.com\/si\/aktualno\/v-osilnici-in-mariboru-izsledili-begunce\/","og_locale":"sl_SI","og_type":"article","og_title":"V Osilnici in Mariboru izsledili begunce - Hudo Slovenija","og_description":"Kategorija: Kronika Tue, 02 Aug 2016 11:19:00 +0200 Osilnica \u2212 V ponedeljek zjutraj so policisti v Osilnici izsledili enajst oseb, kasneje pa \u0161e dve v naselju \u010ca\u010di\u010di. Dvanajst je mo\u0161kih, od tega so \u0161tirije mladoletni, med njimi je bila tudi ena \u017eenska. Gre za dr\u017eavljane Sirije, Libije in Iraka. Vsi so zaprosili za azil in so bili po kon\u010danem postopku nastanjeni v azilnem domu. Enega so zaradi zdravstvenih te\u017eav odpeljali v UKC Ljubljana, sporo\u010dajo s Policijske uprave Ljubljana. Med izvajanjem postopka v Osilnici so policisti ustavili tudi 22-letnega dr\u017eavljana Srbije, o katerem sumijo, da je pripeljal omenjene tujce. \u010ce se sum izka\u017ee za utemeljenega, bodo podali kazensko ovadbo na pristojno dr\u017eavno to\u017eilstvo. V dr\u017eavo vstopili brez listin S Policijske uprave Maribor pa sporo\u010dajo, da so v\u010deraj mariborski policisti na parkiri\u0161\u010du na Vodovodni ulici v priklopnem tovornem vozilu s tur\u0161ko registracijo\u00a0...","og_url":"https:\/\/hudo.com\/si\/aktualno\/v-osilnici-in-mariboru-izsledili-begunce\/","og_site_name":"Hudo Slovenija","article_publisher":"https:\/\/www.facebook.com\/hudo.si","article_published_time":"2016-08-02T07:19:00+00:00","og_image":[{"width":480,"height":290,"url":"https:\/\/hudo.com\/si\/wp-content\/uploads\/sites\/2\/2016\/08\/480x290_djvu_2329489_verdevv_jer-begunci.jpeg","type":"image\/jpeg"}],"author":"hudo","twitter_card":"summary_large_image","twitter_creator":"@hudo_si","twitter_site":"@hudo_si","twitter_misc":{"Written by":"hudo","Est. reading time":"1 minuta"},"schema":{"@context":"https:\/\/schema.org","@graph":[{"@type":"Article","@id":"https:\/\/hudo.com\/si\/aktualno\/v-osilnici-in-mariboru-izsledili-begunce\/#article","isPartOf":{"@id":"https:\/\/hudo.com\/si\/aktualno\/v-osilnici-in-mariboru-izsledili-begunce\/"},"author":{"name":"hudo","@id":"https:\/\/hudo.com\/si\/#\/schema\/person\/601cf3379633985b20f7e50f2bb47707"},"headline":"V Osilnici in Mariboru izsledili begunce","datePublished":"2016-08-02T07:19:00+00:00","dateModified":"2016-08-02T07:19:00+00:00","mainEntityOfPage":{"@id":"https:\/\/hudo.com\/si\/aktualno\/v-osilnici-in-mariboru-izsledili-begunce\/"},"wordCount":157,"publisher":{"@id":"https:\/\/hudo.com\/si\/#organization"},"articleSection":["Aktualno"],"inLanguage":"sl-SI"},{"@type":"WebPage","@id":"https:\/\/hudo.com\/si\/aktualno\/v-osilnici-in-mariboru-izsledili-begunce\/","url":"https:\/\/hudo.com\/si\/aktualno\/v-osilnici-in-mariboru-izsledili-begunce\/","name":"V Osilnici in Mariboru izsledili begunce - Hudo Slovenija","isPartOf":{"@id":"https:\/\/hudo.com\/si\/#website"},"datePublished":"2016-08-02T07:19:00+00:00","dateModified":"2016-08-02T07:19:00+00:00","breadcrumb":{"@id":"https:\/\/hudo.com\/si\/aktualno\/v-osilnici-in-mariboru-izsledili-begunce\/#breadcrumb"},"inLanguage":"sl-SI","potentialAction":[{"@type":"ReadAction","target":["https:\/\/hudo.com\/si\/aktualno\/v-osilnici-in-mariboru-izsledili-begunce\/"]}]},{"@type":"BreadcrumbList","@id":"https:\/\/hudo.com\/si\/aktualno\/v-osilnici-in-mariboru-izsledili-begunce\/#breadcrumb","itemListElement":[{"@type":"ListItem","position":1,"name":"Home","item":"https:\/\/hudo.com\/si\/"},{"@type":"ListItem","position":2,"name":"V Osilnici in Mariboru izsledili begunce"}]},{"@type":"WebSite","@id":"https:\/\/hudo.com\/si\/#website","url":"https:\/\/hudo.com\/si\/","name":"Hudo Slovenija","description":"Vse novice iz Slovenije in sveta","publisher":{"@id":"https:\/\/hudo.com\/si\/#organization"},"potentialAction":[{"@type":"SearchAction","target":{"@type":"EntryPoint","urlTemplate":"https:\/\/hudo.com\/si\/?s={search_term_string}"},"query-input":"required name=search_term_string"}],"inLanguage":"sl-SI"},{"@type":"Organization","@id":"https:\/\/hudo.com\/si\/#organization","name":"VSN Media","url":"https:\/\/hudo.com\/si\/","logo":{"@type":"ImageObject","inLanguage":"sl-SI","@id":"https:\/\/hudo.com\/si\/#\/schema\/logo\/image\/","url":"https:\/\/hudo.com\/si\/wp-content\/uploads\/sites\/2\/2021\/03\/hudo-app-2.png","contentUrl":"https:\/\/hudo.com\/si\/wp-content\/uploads\/sites\/2\/2021\/03\/hudo-app-2.png","width":2185,"height":2167,"caption":"VSN Media"},"image":{"@id":"https:\/\/hudo.com\/si\/#\/schema\/logo\/image\/"},"sameAs":["https:\/\/www.facebook.com\/hudo.si","https:\/\/twitter.com\/hudo_si"]},{"@type":"Person","@id":"https:\/\/hudo.com\/si\/#\/schema\/person\/601cf3379633985b20f7e50f2bb47707","name":"hudo","image":{"@type":"ImageObject","inLanguage":"sl-SI","@id":"https:\/\/hudo.com\/si\/#\/schema\/person\/image\/","url":"https:\/\/secure.gravatar.com\/avatar\/c4ca25fa72cace7a696b52ff5db9e095?s=96&d=mm&r=g","contentUrl":"https:\/\/secure.gravatar.com\/avatar\/c4ca25fa72cace7a696b52ff5db9e095?s=96&d=mm&r=g","caption":"hudo"},"url":"https:\/\/hudo.com\/si\/author\/hudo\/"}]}},"amp_enabled":true,"_links":{"self":[{"href":"https:\/\/hudo.com\/si\/wp-json\/wp\/v2\/posts\/106450"}],"collection":[{"href":"https:\/\/hudo.com\/si\/wp-json\/wp\/v2\/posts"}],"about":[{"href":"https:\/\/hudo.com\/si\/wp-json\/wp\/v2\/types\/post"}],"author":[{"embeddable":true,"href":"https:\/\/hudo.com\/si\/wp-json\/wp\/v2\/users\/1"}],"replies":[{"embeddable":true,"href":"https:\/\/hudo.com\/si\/wp-json\/wp\/v2\/comments?post=106450"}],"version-history":[{"count":0,"href":"https:\/\/hudo.com\/si\/wp-json\/wp\/v2\/posts\/106450\/revisions"}],"wp:attachment":[{"href":"https:\/\/hudo.com\/si\/wp-json\/wp\/v2\/media?parent=106450"}],"wp:term":[{"taxonomy":"category","embeddable":true,"href":"https:\/\/hudo.com\/si\/wp-json\/wp\/v2\/categories?post=106450"},{"taxonomy":"post_tag","embeddable":true,"href":"https:\/\/hudo.com\/si\/wp-json\/wp\/v2\/tags?post=106450"},{"taxonomy":"source","embeddable":true,"href":"https:\/\/hudo.com\/si\/wp-json\/wp\/v2\/source?post=106450"},{"taxonomy":"supertag","embeddable":true,"href":"https:\/\/hudo.com\/si\/wp-json\/wp\/v2\/supertag?post=106450"}],"curies":[{"name":"wp","href":"https:\/\/api.w.org\/{rel}","templated":true}]}}