{"id":107106,"date":"2016-08-03T08:57:29","date_gmt":"2016-08-03T06:57:29","guid":{"rendered":"http:\/\/hudo.com\/si\/2016\/08\/03\/nekdanji-stecajnik-gorse-ze-vec-tednov-na-prostosti\/"},"modified":"2016-08-04T12:56:28","modified_gmt":"2016-08-04T10:56:28","slug":"nekdanji-stecajnik-gorse-ze-vec-tednov-na-prostosti","status":"publish","type":"post","link":"https:\/\/hudo.com\/si\/aktualno\/nekdanji-stecajnik-gorse-ze-vec-tednov-na-prostosti\/","title":{"rendered":"Nekdanji ste\u010dajnik Gor\u0161e \u017ee ve\u010d tednov na prostosti"},"content":{"rendered":"<p>Nekdanji ste\u010dajni upravitelj koprskega Hidra Brane Gor\u0161e je na prostosti \u017ee od za\u010detka julija. Komisija za pogojne odpuste je ugodila njegovi pro\u0161nji in lahko je odkorakal iz zapora na Dobu, pi\u0161ejo dana\u0161nje Primorske novice. Gor\u0161eta so priprli februarja leta 2013, decembra leta 2014 pa je za\u010del prestajati zaporno kazen.<\/p>\n","protected":false},"excerpt":{"rendered":"<p>Nekdanji ste\u010dajni upravitelj koprskega Hidra Brane Gor\u0161e je na prostosti \u017ee od za\u010detka julija. Komisija za pogojne odpuste je ugodila njegovi pro\u0161nji in lahko je odkorakal iz zapora na Dobu, pi\u0161ejo dana\u0161nje Primorske novice. Gor\u0161eta so priprli februarja leta 2013, decembra leta 2014 pa je za\u010del prestajati zaporno kazen.<\/p>\n","protected":false},"author":1,"featured_media":0,"comment_status":"closed","ping_status":"closed","sticky":false,"template":"","format":"standard","meta":{"footnotes":""},"categories":[1179],"tags":[],"source":[5113],"supertag":[],"acf":[],"yoast_head":"<!-- This site is optimized with the Yoast SEO plugin v21.3 - https:\/\/yoast.com\/wordpress\/plugins\/seo\/ -->\n<title>Nekdanji ste\u010dajnik Gor\u0161e \u017ee ve\u010d tednov na prostosti - Hudo Slovenija<\/title>\n<meta name=\"robots\" content=\"index, follow, max-snippet:-1, max-image-preview:large, max-video-preview:-1\" \/>\n<link rel=\"canonical\" href=\"https:\/\/hudo.com\/si\/aktualno\/nekdanji-stecajnik-gorse-ze-vec-tednov-na-prostosti\/\" \/>\n<meta property=\"og:locale\" content=\"sl_SI\" \/>\n<meta property=\"og:type\" content=\"article\" \/>\n<meta property=\"og:title\" content=\"Nekdanji ste\u010dajnik Gor\u0161e \u017ee ve\u010d tednov na prostosti - Hudo Slovenija\" \/>\n<meta property=\"og:description\" content=\"Nekdanji ste\u010dajni upravitelj koprskega Hidra Brane Gor\u0161e je na prostosti \u017ee od za\u010detka julija. Komisija za pogojne odpuste je ugodila njegovi pro\u0161nji in lahko je odkorakal iz zapora na Dobu, pi\u0161ejo dana\u0161nje Primorske novice. Gor\u0161eta so priprli februarja leta 2013, decembra leta 2014 pa je za\u010del prestajati zaporno kazen.\" \/>\n<meta property=\"og:url\" content=\"https:\/\/hudo.com\/si\/aktualno\/nekdanji-stecajnik-gorse-ze-vec-tednov-na-prostosti\/\" \/>\n<meta property=\"og:site_name\" content=\"Hudo Slovenija\" \/>\n<meta property=\"article:publisher\" content=\"https:\/\/www.facebook.com\/hudo.si\" \/>\n<meta property=\"article:published_time\" content=\"2016-08-03T06:57:29+00:00\" \/>\n<meta property=\"article:modified_time\" content=\"2016-08-04T10:56:28+00:00\" \/>\n<meta property=\"og:image\" content=\"https:\/\/hudo.com\/si\/wp-content\/uploads\/sites\/2\/2016\/08\/gorse_02.05.14.jpg\" \/>\n\t<meta property=\"og:image:width\" content=\"600\" \/>\n\t<meta property=\"og:image:height\" content=\"332\" \/>\n\t<meta property=\"og:image:type\" content=\"image\/jpeg\" \/>\n<meta name=\"author\" content=\"hudo\" \/>\n<meta name=\"twitter:card\" content=\"summary_large_image\" \/>\n<meta name=\"twitter:creator\" content=\"@hudo_si\" \/>\n<meta name=\"twitter:site\" content=\"@hudo_si\" \/>\n<meta name=\"twitter:label1\" content=\"Written by\" \/>\n\t<meta name=\"twitter:data1\" content=\"hudo\" \/>\n<script type=\"application\/ld+json\" class=\"yoast-schema-graph\">{\"@context\":\"https:\/\/schema.org\",\"@graph\":[{\"@type\":\"Article\",\"@id\":\"https:\/\/hudo.com\/si\/aktualno\/nekdanji-stecajnik-gorse-ze-vec-tednov-na-prostosti\/#article\",\"isPartOf\":{\"@id\":\"https:\/\/hudo.com\/si\/aktualno\/nekdanji-stecajnik-gorse-ze-vec-tednov-na-prostosti\/\"},\"author\":{\"name\":\"hudo\",\"@id\":\"https:\/\/hudo.com\/si\/#\/schema\/person\/601cf3379633985b20f7e50f2bb47707\"},\"headline\":\"Nekdanji ste\u010dajnik Gor\u0161e \u017ee ve\u010d tednov na prostosti\",\"datePublished\":\"2016-08-03T06:57:29+00:00\",\"dateModified\":\"2016-08-04T10:56:28+00:00\",\"mainEntityOfPage\":{\"@id\":\"https:\/\/hudo.com\/si\/aktualno\/nekdanji-stecajnik-gorse-ze-vec-tednov-na-prostosti\/\"},\"wordCount\":65,\"publisher\":{\"@id\":\"https:\/\/hudo.com\/si\/#organization\"},\"articleSection\":[\"Aktualno\"],\"inLanguage\":\"sl-SI\"},{\"@type\":\"WebPage\",\"@id\":\"https:\/\/hudo.com\/si\/aktualno\/nekdanji-stecajnik-gorse-ze-vec-tednov-na-prostosti\/\",\"url\":\"https:\/\/hudo.com\/si\/aktualno\/nekdanji-stecajnik-gorse-ze-vec-tednov-na-prostosti\/\",\"name\":\"Nekdanji ste\u010dajnik Gor\u0161e \u017ee ve\u010d tednov na prostosti - Hudo Slovenija\",\"isPartOf\":{\"@id\":\"https:\/\/hudo.com\/si\/#website\"},\"datePublished\":\"2016-08-03T06:57:29+00:00\",\"dateModified\":\"2016-08-04T10:56:28+00:00\",\"breadcrumb\":{\"@id\":\"https:\/\/hudo.com\/si\/aktualno\/nekdanji-stecajnik-gorse-ze-vec-tednov-na-prostosti\/#breadcrumb\"},\"inLanguage\":\"sl-SI\",\"potentialAction\":[{\"@type\":\"ReadAction\",\"target\":[\"https:\/\/hudo.com\/si\/aktualno\/nekdanji-stecajnik-gorse-ze-vec-tednov-na-prostosti\/\"]}]},{\"@type\":\"BreadcrumbList\",\"@id\":\"https:\/\/hudo.com\/si\/aktualno\/nekdanji-stecajnik-gorse-ze-vec-tednov-na-prostosti\/#breadcrumb\",\"itemListElement\":[{\"@type\":\"ListItem\",\"position\":1,\"name\":\"Home\",\"item\":\"https:\/\/hudo.com\/si\/\"},{\"@type\":\"ListItem\",\"position\":2,\"name\":\"Nekdanji ste\u010dajnik Gor\u0161e \u017ee ve\u010d tednov na prostosti\"}]},{\"@type\":\"WebSite\",\"@id\":\"https:\/\/hudo.com\/si\/#website\",\"url\":\"https:\/\/hudo.com\/si\/\",\"name\":\"Hudo Slovenija\",\"description\":\"Vse novice iz Slovenije in sveta\",\"publisher\":{\"@id\":\"https:\/\/hudo.com\/si\/#organization\"},\"potentialAction\":[{\"@type\":\"SearchAction\",\"target\":{\"@type\":\"EntryPoint\",\"urlTemplate\":\"https:\/\/hudo.com\/si\/?s={search_term_string}\"},\"query-input\":\"required name=search_term_string\"}],\"inLanguage\":\"sl-SI\"},{\"@type\":\"Organization\",\"@id\":\"https:\/\/hudo.com\/si\/#organization\",\"name\":\"VSN Media\",\"url\":\"https:\/\/hudo.com\/si\/\",\"logo\":{\"@type\":\"ImageObject\",\"inLanguage\":\"sl-SI\",\"@id\":\"https:\/\/hudo.com\/si\/#\/schema\/logo\/image\/\",\"url\":\"https:\/\/hudo.com\/si\/wp-content\/uploads\/sites\/2\/2021\/03\/hudo-app-2.png\",\"contentUrl\":\"https:\/\/hudo.com\/si\/wp-content\/uploads\/sites\/2\/2021\/03\/hudo-app-2.png\",\"width\":2185,\"height\":2167,\"caption\":\"VSN Media\"},\"image\":{\"@id\":\"https:\/\/hudo.com\/si\/#\/schema\/logo\/image\/\"},\"sameAs\":[\"https:\/\/www.facebook.com\/hudo.si\",\"https:\/\/twitter.com\/hudo_si\"]},{\"@type\":\"Person\",\"@id\":\"https:\/\/hudo.com\/si\/#\/schema\/person\/601cf3379633985b20f7e50f2bb47707\",\"name\":\"hudo\",\"image\":{\"@type\":\"ImageObject\",\"inLanguage\":\"sl-SI\",\"@id\":\"https:\/\/hudo.com\/si\/#\/schema\/person\/image\/\",\"url\":\"https:\/\/secure.gravatar.com\/avatar\/c4ca25fa72cace7a696b52ff5db9e095?s=96&d=mm&r=g\",\"contentUrl\":\"https:\/\/secure.gravatar.com\/avatar\/c4ca25fa72cace7a696b52ff5db9e095?s=96&d=mm&r=g\",\"caption\":\"hudo\"},\"url\":\"https:\/\/hudo.com\/si\/author\/hudo\/\"}]}<\/script>\n<!-- \/ Yoast SEO plugin. -->","yoast_head_json":{"title":"Nekdanji ste\u010dajnik Gor\u0161e \u017ee ve\u010d tednov na prostosti - Hudo Slovenija","robots":{"index":"index","follow":"follow","max-snippet":"max-snippet:-1","max-image-preview":"max-image-preview:large","max-video-preview":"max-video-preview:-1"},"canonical":"https:\/\/hudo.com\/si\/aktualno\/nekdanji-stecajnik-gorse-ze-vec-tednov-na-prostosti\/","og_locale":"sl_SI","og_type":"article","og_title":"Nekdanji ste\u010dajnik Gor\u0161e \u017ee ve\u010d tednov na prostosti - Hudo Slovenija","og_description":"Nekdanji ste\u010dajni upravitelj koprskega Hidra Brane Gor\u0161e je na prostosti \u017ee od za\u010detka julija. Komisija za pogojne odpuste je ugodila njegovi pro\u0161nji in lahko je odkorakal iz zapora na Dobu, pi\u0161ejo dana\u0161nje Primorske novice. Gor\u0161eta so priprli februarja leta 2013, decembra leta 2014 pa je za\u010del prestajati zaporno kazen.","og_url":"https:\/\/hudo.com\/si\/aktualno\/nekdanji-stecajnik-gorse-ze-vec-tednov-na-prostosti\/","og_site_name":"Hudo Slovenija","article_publisher":"https:\/\/www.facebook.com\/hudo.si","article_published_time":"2016-08-03T06:57:29+00:00","article_modified_time":"2016-08-04T10:56:28+00:00","og_image":[{"width":600,"height":332,"url":"https:\/\/hudo.com\/si\/wp-content\/uploads\/sites\/2\/2016\/08\/gorse_02.05.14.jpg","type":"image\/jpeg"}],"author":"hudo","twitter_card":"summary_large_image","twitter_creator":"@hudo_si","twitter_site":"@hudo_si","twitter_misc":{"Written by":"hudo"},"schema":{"@context":"https:\/\/schema.org","@graph":[{"@type":"Article","@id":"https:\/\/hudo.com\/si\/aktualno\/nekdanji-stecajnik-gorse-ze-vec-tednov-na-prostosti\/#article","isPartOf":{"@id":"https:\/\/hudo.com\/si\/aktualno\/nekdanji-stecajnik-gorse-ze-vec-tednov-na-prostosti\/"},"author":{"name":"hudo","@id":"https:\/\/hudo.com\/si\/#\/schema\/person\/601cf3379633985b20f7e50f2bb47707"},"headline":"Nekdanji ste\u010dajnik Gor\u0161e \u017ee ve\u010d tednov na prostosti","datePublished":"2016-08-03T06:57:29+00:00","dateModified":"2016-08-04T10:56:28+00:00","mainEntityOfPage":{"@id":"https:\/\/hudo.com\/si\/aktualno\/nekdanji-stecajnik-gorse-ze-vec-tednov-na-prostosti\/"},"wordCount":65,"publisher":{"@id":"https:\/\/hudo.com\/si\/#organization"},"articleSection":["Aktualno"],"inLanguage":"sl-SI"},{"@type":"WebPage","@id":"https:\/\/hudo.com\/si\/aktualno\/nekdanji-stecajnik-gorse-ze-vec-tednov-na-prostosti\/","url":"https:\/\/hudo.com\/si\/aktualno\/nekdanji-stecajnik-gorse-ze-vec-tednov-na-prostosti\/","name":"Nekdanji ste\u010dajnik Gor\u0161e \u017ee ve\u010d tednov na prostosti - Hudo Slovenija","isPartOf":{"@id":"https:\/\/hudo.com\/si\/#website"},"datePublished":"2016-08-03T06:57:29+00:00","dateModified":"2016-08-04T10:56:28+00:00","breadcrumb":{"@id":"https:\/\/hudo.com\/si\/aktualno\/nekdanji-stecajnik-gorse-ze-vec-tednov-na-prostosti\/#breadcrumb"},"inLanguage":"sl-SI","potentialAction":[{"@type":"ReadAction","target":["https:\/\/hudo.com\/si\/aktualno\/nekdanji-stecajnik-gorse-ze-vec-tednov-na-prostosti\/"]}]},{"@type":"BreadcrumbList","@id":"https:\/\/hudo.com\/si\/aktualno\/nekdanji-stecajnik-gorse-ze-vec-tednov-na-prostosti\/#breadcrumb","itemListElement":[{"@type":"ListItem","position":1,"name":"Home","item":"https:\/\/hudo.com\/si\/"},{"@type":"ListItem","position":2,"name":"Nekdanji ste\u010dajnik Gor\u0161e \u017ee ve\u010d tednov na prostosti"}]},{"@type":"WebSite","@id":"https:\/\/hudo.com\/si\/#website","url":"https:\/\/hudo.com\/si\/","name":"Hudo Slovenija","description":"Vse novice iz Slovenije in sveta","publisher":{"@id":"https:\/\/hudo.com\/si\/#organization"},"potentialAction":[{"@type":"SearchAction","target":{"@type":"EntryPoint","urlTemplate":"https:\/\/hudo.com\/si\/?s={search_term_string}"},"query-input":"required name=search_term_string"}],"inLanguage":"sl-SI"},{"@type":"Organization","@id":"https:\/\/hudo.com\/si\/#organization","name":"VSN Media","url":"https:\/\/hudo.com\/si\/","logo":{"@type":"ImageObject","inLanguage":"sl-SI","@id":"https:\/\/hudo.com\/si\/#\/schema\/logo\/image\/","url":"https:\/\/hudo.com\/si\/wp-content\/uploads\/sites\/2\/2021\/03\/hudo-app-2.png","contentUrl":"https:\/\/hudo.com\/si\/wp-content\/uploads\/sites\/2\/2021\/03\/hudo-app-2.png","width":2185,"height":2167,"caption":"VSN Media"},"image":{"@id":"https:\/\/hudo.com\/si\/#\/schema\/logo\/image\/"},"sameAs":["https:\/\/www.facebook.com\/hudo.si","https:\/\/twitter.com\/hudo_si"]},{"@type":"Person","@id":"https:\/\/hudo.com\/si\/#\/schema\/person\/601cf3379633985b20f7e50f2bb47707","name":"hudo","image":{"@type":"ImageObject","inLanguage":"sl-SI","@id":"https:\/\/hudo.com\/si\/#\/schema\/person\/image\/","url":"https:\/\/secure.gravatar.com\/avatar\/c4ca25fa72cace7a696b52ff5db9e095?s=96&d=mm&r=g","contentUrl":"https:\/\/secure.gravatar.com\/avatar\/c4ca25fa72cace7a696b52ff5db9e095?s=96&d=mm&r=g","caption":"hudo"},"url":"https:\/\/hudo.com\/si\/author\/hudo\/"}]}},"amp_enabled":true,"_links":{"self":[{"href":"https:\/\/hudo.com\/si\/wp-json\/wp\/v2\/posts\/107106"}],"collection":[{"href":"https:\/\/hudo.com\/si\/wp-json\/wp\/v2\/posts"}],"about":[{"href":"https:\/\/hudo.com\/si\/wp-json\/wp\/v2\/types\/post"}],"author":[{"embeddable":true,"href":"https:\/\/hudo.com\/si\/wp-json\/wp\/v2\/users\/1"}],"replies":[{"embeddable":true,"href":"https:\/\/hudo.com\/si\/wp-json\/wp\/v2\/comments?post=107106"}],"version-history":[{"count":1,"href":"https:\/\/hudo.com\/si\/wp-json\/wp\/v2\/posts\/107106\/revisions"}],"predecessor-version":[{"id":107325,"href":"https:\/\/hudo.com\/si\/wp-json\/wp\/v2\/posts\/107106\/revisions\/107325"}],"wp:attachment":[{"href":"https:\/\/hudo.com\/si\/wp-json\/wp\/v2\/media?parent=107106"}],"wp:term":[{"taxonomy":"category","embeddable":true,"href":"https:\/\/hudo.com\/si\/wp-json\/wp\/v2\/categories?post=107106"},{"taxonomy":"post_tag","embeddable":true,"href":"https:\/\/hudo.com\/si\/wp-json\/wp\/v2\/tags?post=107106"},{"taxonomy":"source","embeddable":true,"href":"https:\/\/hudo.com\/si\/wp-json\/wp\/v2\/source?post=107106"},{"taxonomy":"supertag","embeddable":true,"href":"https:\/\/hudo.com\/si\/wp-json\/wp\/v2\/supertag?post=107106"}],"curies":[{"name":"wp","href":"https:\/\/api.w.org\/{rel}","templated":true}]}}