{"id":107185,"date":"2016-08-03T06:00:00","date_gmt":"2016-08-03T04:00:00","guid":{"rendered":"http:\/\/hudo.com\/si\/2016\/08\/03\/vec-mrtvih-v-samomorilskem-napadu-v-libiji\/"},"modified":"2016-08-04T01:57:45","modified_gmt":"2016-08-03T23:57:45","slug":"vec-mrtvih-v-samomorilskem-napadu-v-libiji","status":"publish","type":"post","link":"https:\/\/hudo.com\/si\/aktualno\/vec-mrtvih-v-samomorilskem-napadu-v-libiji\/","title":{"rendered":"Ve\u010d mrtvih v samomorilskem napadu v Libiji"},"content":{"rendered":"<p>Najmanj 15 libijskih vojakov je bilo v torek zve\u010der ubitih v samomorilskem napadu v Bengaziju. \u0160e 16 vojakov je bilo ranjenih. Napadalec se je razstrelil na shodu libijskih vojakov pod vodstvom generala Kalifa Haftarja. Odgovornosti za napad ni prevzel \u0161e nih\u010de, nosi pa napad vse zna\u010dilnosti delovanja d\u017eihadisti\u010dne skupine Islamska dr\u017eava. Ta skupina je izkoristila kaos v Libiji po padcu re\u017eima Moamerja Gadafija leta 2011 in je zasedla ve\u010dje obmo\u010dje ob obali v osrednjem delu Libije. Marca je sicer v Tripoli prispela vlada narodne enotnosti, ki jo podpirajo tudi Zdru\u017eeni narodi in ki naj bi znova vzpostavila stabilnost v tej severnoafri\u0161ki dr\u017eavi. Vendar pa vladi \u0161e vedno nasprotuje ve\u010d skupin, med njimi tudi ta pod vodstvom generala Haftarja. Slednjega podpira tudi parlament v Tobruku, ki nasprotuje novi vladi.Svet<\/p>\n","protected":false},"excerpt":{"rendered":"<p>Najmanj 15 libijskih vojakov je bilo v torek zve\u010der ubitih v samomorilskem napadu v Bengaziju. \u0160e 16 vojakov je bilo ranjenih. Napadalec se je razstrelil na shodu libijskih vojakov pod vodstvom generala Kalifa Haftarja. Odgovornosti za napad ni prevzel \u0161e nih\u010de, nosi pa napad vse zna\u010dilnosti delovanja d\u017eihadisti\u010dne skupine Islamska dr\u017eava. Ta skupina je izkoristila kaos v Libiji po padcu re\u017eima Moamerja Gadafija leta 2011 in je zasedla ve\u010dje obmo\u010dje ob obali v osrednjem delu Libije. Marca je sicer v Tripoli prispela vlada narodne enotnosti, ki jo podpirajo tudi Zdru\u017eeni narodi in ki naj bi znova vzpostavila stabilnost v tej severnoafri\u0161ki dr\u017eavi. Vendar pa vladi \u0161e vedno nasprotuje ve\u010d skupin, med njimi tudi ta pod vodstvom generala Haftarja. Slednjega podpira tudi parlament v Tobruku, ki nasprotuje novi vladi.Svet<\/p>\n","protected":false},"author":1,"featured_media":0,"comment_status":"closed","ping_status":"closed","sticky":false,"template":"","format":"standard","meta":{"footnotes":""},"categories":[1179],"tags":[],"source":[1711],"supertag":[],"acf":[],"yoast_head":"<!-- This site is optimized with the Yoast SEO plugin v21.3 - https:\/\/yoast.com\/wordpress\/plugins\/seo\/ -->\n<title>Ve\u010d mrtvih v samomorilskem napadu v Libiji - Hudo Slovenija<\/title>\n<meta name=\"robots\" content=\"index, follow, max-snippet:-1, max-image-preview:large, max-video-preview:-1\" \/>\n<link rel=\"canonical\" href=\"https:\/\/hudo.com\/si\/aktualno\/vec-mrtvih-v-samomorilskem-napadu-v-libiji\/\" \/>\n<meta property=\"og:locale\" content=\"sl_SI\" \/>\n<meta property=\"og:type\" content=\"article\" \/>\n<meta property=\"og:title\" content=\"Ve\u010d mrtvih v samomorilskem napadu v Libiji - Hudo Slovenija\" \/>\n<meta property=\"og:description\" content=\"Najmanj 15 libijskih vojakov je bilo v torek zve\u010der ubitih v samomorilskem napadu v Bengaziju. \u0160e 16 vojakov je bilo ranjenih. Napadalec se je razstrelil na shodu libijskih vojakov pod vodstvom generala Kalifa Haftarja. Odgovornosti za napad ni prevzel \u0161e nih\u010de, nosi pa napad vse zna\u010dilnosti delovanja d\u017eihadisti\u010dne skupine Islamska dr\u017eava. Ta skupina je izkoristila kaos v Libiji po padcu re\u017eima Moamerja Gadafija leta 2011 in je zasedla ve\u010dje obmo\u010dje ob obali v osrednjem delu Libije. Marca je sicer v Tripoli prispela vlada narodne enotnosti, ki jo podpirajo tudi Zdru\u017eeni narodi in ki naj bi znova vzpostavila stabilnost v tej severnoafri\u0161ki dr\u017eavi. Vendar pa vladi \u0161e vedno nasprotuje ve\u010d skupin, med njimi tudi ta pod vodstvom generala Haftarja. Slednjega podpira tudi parlament v Tobruku, ki nasprotuje novi vladi.Svet\" \/>\n<meta property=\"og:url\" content=\"https:\/\/hudo.com\/si\/aktualno\/vec-mrtvih-v-samomorilskem-napadu-v-libiji\/\" \/>\n<meta property=\"og:site_name\" content=\"Hudo Slovenija\" \/>\n<meta property=\"article:publisher\" content=\"https:\/\/www.facebook.com\/hudo.si\" \/>\n<meta property=\"article:published_time\" content=\"2016-08-03T04:00:00+00:00\" \/>\n<meta property=\"article:modified_time\" content=\"2016-08-03T23:57:45+00:00\" \/>\n<meta property=\"og:image\" content=\"https:\/\/hudo.com\/si\/wp-content\/uploads\/sites\/2\/2016\/08\/MDF24802-300.jpg\" \/>\n\t<meta property=\"og:image:width\" content=\"450\" \/>\n\t<meta property=\"og:image:height\" content=\"298\" \/>\n\t<meta property=\"og:image:type\" content=\"image\/jpeg\" \/>\n<meta name=\"author\" content=\"hudo\" \/>\n<meta name=\"twitter:card\" content=\"summary_large_image\" \/>\n<meta name=\"twitter:creator\" content=\"@hudo_si\" \/>\n<meta name=\"twitter:site\" content=\"@hudo_si\" \/>\n<meta name=\"twitter:label1\" content=\"Written by\" \/>\n\t<meta name=\"twitter:data1\" content=\"hudo\" \/>\n\t<meta name=\"twitter:label2\" content=\"Est. reading time\" \/>\n\t<meta name=\"twitter:data2\" content=\"1 minuta\" \/>\n<script type=\"application\/ld+json\" class=\"yoast-schema-graph\">{\"@context\":\"https:\/\/schema.org\",\"@graph\":[{\"@type\":\"Article\",\"@id\":\"https:\/\/hudo.com\/si\/aktualno\/vec-mrtvih-v-samomorilskem-napadu-v-libiji\/#article\",\"isPartOf\":{\"@id\":\"https:\/\/hudo.com\/si\/aktualno\/vec-mrtvih-v-samomorilskem-napadu-v-libiji\/\"},\"author\":{\"name\":\"hudo\",\"@id\":\"https:\/\/hudo.com\/si\/#\/schema\/person\/601cf3379633985b20f7e50f2bb47707\"},\"headline\":\"Ve\u010d mrtvih v samomorilskem napadu v Libiji\",\"datePublished\":\"2016-08-03T04:00:00+00:00\",\"dateModified\":\"2016-08-03T23:57:45+00:00\",\"mainEntityOfPage\":{\"@id\":\"https:\/\/hudo.com\/si\/aktualno\/vec-mrtvih-v-samomorilskem-napadu-v-libiji\/\"},\"wordCount\":145,\"publisher\":{\"@id\":\"https:\/\/hudo.com\/si\/#organization\"},\"articleSection\":[\"Aktualno\"],\"inLanguage\":\"sl-SI\"},{\"@type\":\"WebPage\",\"@id\":\"https:\/\/hudo.com\/si\/aktualno\/vec-mrtvih-v-samomorilskem-napadu-v-libiji\/\",\"url\":\"https:\/\/hudo.com\/si\/aktualno\/vec-mrtvih-v-samomorilskem-napadu-v-libiji\/\",\"name\":\"Ve\u010d mrtvih v samomorilskem napadu v Libiji - Hudo Slovenija\",\"isPartOf\":{\"@id\":\"https:\/\/hudo.com\/si\/#website\"},\"datePublished\":\"2016-08-03T04:00:00+00:00\",\"dateModified\":\"2016-08-03T23:57:45+00:00\",\"breadcrumb\":{\"@id\":\"https:\/\/hudo.com\/si\/aktualno\/vec-mrtvih-v-samomorilskem-napadu-v-libiji\/#breadcrumb\"},\"inLanguage\":\"sl-SI\",\"potentialAction\":[{\"@type\":\"ReadAction\",\"target\":[\"https:\/\/hudo.com\/si\/aktualno\/vec-mrtvih-v-samomorilskem-napadu-v-libiji\/\"]}]},{\"@type\":\"BreadcrumbList\",\"@id\":\"https:\/\/hudo.com\/si\/aktualno\/vec-mrtvih-v-samomorilskem-napadu-v-libiji\/#breadcrumb\",\"itemListElement\":[{\"@type\":\"ListItem\",\"position\":1,\"name\":\"Home\",\"item\":\"https:\/\/hudo.com\/si\/\"},{\"@type\":\"ListItem\",\"position\":2,\"name\":\"Ve\u010d mrtvih v samomorilskem napadu v Libiji\"}]},{\"@type\":\"WebSite\",\"@id\":\"https:\/\/hudo.com\/si\/#website\",\"url\":\"https:\/\/hudo.com\/si\/\",\"name\":\"Hudo Slovenija\",\"description\":\"Vse novice iz Slovenije in sveta\",\"publisher\":{\"@id\":\"https:\/\/hudo.com\/si\/#organization\"},\"potentialAction\":[{\"@type\":\"SearchAction\",\"target\":{\"@type\":\"EntryPoint\",\"urlTemplate\":\"https:\/\/hudo.com\/si\/?s={search_term_string}\"},\"query-input\":\"required name=search_term_string\"}],\"inLanguage\":\"sl-SI\"},{\"@type\":\"Organization\",\"@id\":\"https:\/\/hudo.com\/si\/#organization\",\"name\":\"VSN Media\",\"url\":\"https:\/\/hudo.com\/si\/\",\"logo\":{\"@type\":\"ImageObject\",\"inLanguage\":\"sl-SI\",\"@id\":\"https:\/\/hudo.com\/si\/#\/schema\/logo\/image\/\",\"url\":\"https:\/\/hudo.com\/si\/wp-content\/uploads\/sites\/2\/2021\/03\/hudo-app-2.png\",\"contentUrl\":\"https:\/\/hudo.com\/si\/wp-content\/uploads\/sites\/2\/2021\/03\/hudo-app-2.png\",\"width\":2185,\"height\":2167,\"caption\":\"VSN Media\"},\"image\":{\"@id\":\"https:\/\/hudo.com\/si\/#\/schema\/logo\/image\/\"},\"sameAs\":[\"https:\/\/www.facebook.com\/hudo.si\",\"https:\/\/twitter.com\/hudo_si\"]},{\"@type\":\"Person\",\"@id\":\"https:\/\/hudo.com\/si\/#\/schema\/person\/601cf3379633985b20f7e50f2bb47707\",\"name\":\"hudo\",\"image\":{\"@type\":\"ImageObject\",\"inLanguage\":\"sl-SI\",\"@id\":\"https:\/\/hudo.com\/si\/#\/schema\/person\/image\/\",\"url\":\"https:\/\/secure.gravatar.com\/avatar\/c4ca25fa72cace7a696b52ff5db9e095?s=96&d=mm&r=g\",\"contentUrl\":\"https:\/\/secure.gravatar.com\/avatar\/c4ca25fa72cace7a696b52ff5db9e095?s=96&d=mm&r=g\",\"caption\":\"hudo\"},\"url\":\"https:\/\/hudo.com\/si\/author\/hudo\/\"}]}<\/script>\n<!-- \/ Yoast SEO plugin. -->","yoast_head_json":{"title":"Ve\u010d mrtvih v samomorilskem napadu v Libiji - Hudo Slovenija","robots":{"index":"index","follow":"follow","max-snippet":"max-snippet:-1","max-image-preview":"max-image-preview:large","max-video-preview":"max-video-preview:-1"},"canonical":"https:\/\/hudo.com\/si\/aktualno\/vec-mrtvih-v-samomorilskem-napadu-v-libiji\/","og_locale":"sl_SI","og_type":"article","og_title":"Ve\u010d mrtvih v samomorilskem napadu v Libiji - Hudo Slovenija","og_description":"Najmanj 15 libijskih vojakov je bilo v torek zve\u010der ubitih v samomorilskem napadu v Bengaziju. \u0160e 16 vojakov je bilo ranjenih. Napadalec se je razstrelil na shodu libijskih vojakov pod vodstvom generala Kalifa Haftarja. Odgovornosti za napad ni prevzel \u0161e nih\u010de, nosi pa napad vse zna\u010dilnosti delovanja d\u017eihadisti\u010dne skupine Islamska dr\u017eava. Ta skupina je izkoristila kaos v Libiji po padcu re\u017eima Moamerja Gadafija leta 2011 in je zasedla ve\u010dje obmo\u010dje ob obali v osrednjem delu Libije. Marca je sicer v Tripoli prispela vlada narodne enotnosti, ki jo podpirajo tudi Zdru\u017eeni narodi in ki naj bi znova vzpostavila stabilnost v tej severnoafri\u0161ki dr\u017eavi. Vendar pa vladi \u0161e vedno nasprotuje ve\u010d skupin, med njimi tudi ta pod vodstvom generala Haftarja. Slednjega podpira tudi parlament v Tobruku, ki nasprotuje novi vladi.Svet","og_url":"https:\/\/hudo.com\/si\/aktualno\/vec-mrtvih-v-samomorilskem-napadu-v-libiji\/","og_site_name":"Hudo Slovenija","article_publisher":"https:\/\/www.facebook.com\/hudo.si","article_published_time":"2016-08-03T04:00:00+00:00","article_modified_time":"2016-08-03T23:57:45+00:00","og_image":[{"width":450,"height":298,"url":"https:\/\/hudo.com\/si\/wp-content\/uploads\/sites\/2\/2016\/08\/MDF24802-300.jpg","type":"image\/jpeg"}],"author":"hudo","twitter_card":"summary_large_image","twitter_creator":"@hudo_si","twitter_site":"@hudo_si","twitter_misc":{"Written by":"hudo","Est. reading time":"1 minuta"},"schema":{"@context":"https:\/\/schema.org","@graph":[{"@type":"Article","@id":"https:\/\/hudo.com\/si\/aktualno\/vec-mrtvih-v-samomorilskem-napadu-v-libiji\/#article","isPartOf":{"@id":"https:\/\/hudo.com\/si\/aktualno\/vec-mrtvih-v-samomorilskem-napadu-v-libiji\/"},"author":{"name":"hudo","@id":"https:\/\/hudo.com\/si\/#\/schema\/person\/601cf3379633985b20f7e50f2bb47707"},"headline":"Ve\u010d mrtvih v samomorilskem napadu v Libiji","datePublished":"2016-08-03T04:00:00+00:00","dateModified":"2016-08-03T23:57:45+00:00","mainEntityOfPage":{"@id":"https:\/\/hudo.com\/si\/aktualno\/vec-mrtvih-v-samomorilskem-napadu-v-libiji\/"},"wordCount":145,"publisher":{"@id":"https:\/\/hudo.com\/si\/#organization"},"articleSection":["Aktualno"],"inLanguage":"sl-SI"},{"@type":"WebPage","@id":"https:\/\/hudo.com\/si\/aktualno\/vec-mrtvih-v-samomorilskem-napadu-v-libiji\/","url":"https:\/\/hudo.com\/si\/aktualno\/vec-mrtvih-v-samomorilskem-napadu-v-libiji\/","name":"Ve\u010d mrtvih v samomorilskem napadu v Libiji - Hudo Slovenija","isPartOf":{"@id":"https:\/\/hudo.com\/si\/#website"},"datePublished":"2016-08-03T04:00:00+00:00","dateModified":"2016-08-03T23:57:45+00:00","breadcrumb":{"@id":"https:\/\/hudo.com\/si\/aktualno\/vec-mrtvih-v-samomorilskem-napadu-v-libiji\/#breadcrumb"},"inLanguage":"sl-SI","potentialAction":[{"@type":"ReadAction","target":["https:\/\/hudo.com\/si\/aktualno\/vec-mrtvih-v-samomorilskem-napadu-v-libiji\/"]}]},{"@type":"BreadcrumbList","@id":"https:\/\/hudo.com\/si\/aktualno\/vec-mrtvih-v-samomorilskem-napadu-v-libiji\/#breadcrumb","itemListElement":[{"@type":"ListItem","position":1,"name":"Home","item":"https:\/\/hudo.com\/si\/"},{"@type":"ListItem","position":2,"name":"Ve\u010d mrtvih v samomorilskem napadu v Libiji"}]},{"@type":"WebSite","@id":"https:\/\/hudo.com\/si\/#website","url":"https:\/\/hudo.com\/si\/","name":"Hudo Slovenija","description":"Vse novice iz Slovenije in sveta","publisher":{"@id":"https:\/\/hudo.com\/si\/#organization"},"potentialAction":[{"@type":"SearchAction","target":{"@type":"EntryPoint","urlTemplate":"https:\/\/hudo.com\/si\/?s={search_term_string}"},"query-input":"required name=search_term_string"}],"inLanguage":"sl-SI"},{"@type":"Organization","@id":"https:\/\/hudo.com\/si\/#organization","name":"VSN Media","url":"https:\/\/hudo.com\/si\/","logo":{"@type":"ImageObject","inLanguage":"sl-SI","@id":"https:\/\/hudo.com\/si\/#\/schema\/logo\/image\/","url":"https:\/\/hudo.com\/si\/wp-content\/uploads\/sites\/2\/2021\/03\/hudo-app-2.png","contentUrl":"https:\/\/hudo.com\/si\/wp-content\/uploads\/sites\/2\/2021\/03\/hudo-app-2.png","width":2185,"height":2167,"caption":"VSN Media"},"image":{"@id":"https:\/\/hudo.com\/si\/#\/schema\/logo\/image\/"},"sameAs":["https:\/\/www.facebook.com\/hudo.si","https:\/\/twitter.com\/hudo_si"]},{"@type":"Person","@id":"https:\/\/hudo.com\/si\/#\/schema\/person\/601cf3379633985b20f7e50f2bb47707","name":"hudo","image":{"@type":"ImageObject","inLanguage":"sl-SI","@id":"https:\/\/hudo.com\/si\/#\/schema\/person\/image\/","url":"https:\/\/secure.gravatar.com\/avatar\/c4ca25fa72cace7a696b52ff5db9e095?s=96&d=mm&r=g","contentUrl":"https:\/\/secure.gravatar.com\/avatar\/c4ca25fa72cace7a696b52ff5db9e095?s=96&d=mm&r=g","caption":"hudo"},"url":"https:\/\/hudo.com\/si\/author\/hudo\/"}]}},"amp_enabled":true,"_links":{"self":[{"href":"https:\/\/hudo.com\/si\/wp-json\/wp\/v2\/posts\/107185"}],"collection":[{"href":"https:\/\/hudo.com\/si\/wp-json\/wp\/v2\/posts"}],"about":[{"href":"https:\/\/hudo.com\/si\/wp-json\/wp\/v2\/types\/post"}],"author":[{"embeddable":true,"href":"https:\/\/hudo.com\/si\/wp-json\/wp\/v2\/users\/1"}],"replies":[{"embeddable":true,"href":"https:\/\/hudo.com\/si\/wp-json\/wp\/v2\/comments?post=107185"}],"version-history":[{"count":1,"href":"https:\/\/hudo.com\/si\/wp-json\/wp\/v2\/posts\/107185\/revisions"}],"predecessor-version":[{"id":107357,"href":"https:\/\/hudo.com\/si\/wp-json\/wp\/v2\/posts\/107185\/revisions\/107357"}],"wp:attachment":[{"href":"https:\/\/hudo.com\/si\/wp-json\/wp\/v2\/media?parent=107185"}],"wp:term":[{"taxonomy":"category","embeddable":true,"href":"https:\/\/hudo.com\/si\/wp-json\/wp\/v2\/categories?post=107185"},{"taxonomy":"post_tag","embeddable":true,"href":"https:\/\/hudo.com\/si\/wp-json\/wp\/v2\/tags?post=107185"},{"taxonomy":"source","embeddable":true,"href":"https:\/\/hudo.com\/si\/wp-json\/wp\/v2\/source?post=107185"},{"taxonomy":"supertag","embeddable":true,"href":"https:\/\/hudo.com\/si\/wp-json\/wp\/v2\/supertag?post=107185"}],"curies":[{"name":"wp","href":"https:\/\/api.w.org\/{rel}","templated":true}]}}