{"id":107399,"date":"2016-08-03T15:35:00","date_gmt":"2016-08-03T13:35:00","guid":{"rendered":"http:\/\/hudo.com\/si\/2016\/08\/03\/papez-odpira-vrata-zenskam\/"},"modified":"2016-08-03T15:35:00","modified_gmt":"2016-08-03T13:35:00","slug":"papez-odpira-vrata-zenskam","status":"publish","type":"post","link":"https:\/\/hudo.com\/si\/aktualno\/papez-odpira-vrata-zenskam\/","title":{"rendered":"Pape\u017e odpira vrata \u017eenskam?"},"content":{"rendered":"<p>Kategorija: Globalno Wed, 03 Aug 2016 17:35:00 +0200  Pape\u017e je imenoval 13-\u010dlansko komisijo \u2013 sedem mo\u0161kih in \u0161est \u017eensk \u2013 z jezuitom Luisom Franciscom Ladariom na \u010delu, tajnikom kongregacije za nauk vere, ki bo preu\u010dila vlogo diakonis v Katoli\u0161ki cerkvi. To \u0161e ne pomeni, da bodo \u017eenske lahko v kratkem \u010dasu opravljale diakonsko slu\u017ebo, vendar \u017ee z razpravo vrata zanje niso ve\u010d neprodu\u0161no zaprta. S to potezo je Fran\u010di\u0161ek izpolnil svojo obljubo o preu\u010ditvi mo\u017enosti, da bi bile glede tega \u017eenske izena\u010dene z mo\u0161kimi, ki jo je dal maja. Takrat so pape\u017eu to vpra\u0161anje postavile redovnice na svojem mednarodnem sre\u010danju. Bergoglio, ki raje kot ex cathedra govori neposredno, je sprejel izziv. \u00bbUstanovitev uradne komisije, ki bi preu\u010dila to vpra\u0161anje?\u00ab je odvrnil. \u00bbMenim, da je to mogo\u010de. Za Cerkev bi bilo dobro, da razjasni to vpra\u0161anje. Rekel bom, naj naredijo\u00a0&#8230;<\/p>\n","protected":false},"excerpt":{"rendered":"<p>Kategorija: Globalno Wed, 03 Aug 2016 17:35:00 +0200  Pape\u017e je imenoval 13-\u010dlansko komisijo \u2013 sedem mo\u0161kih in \u0161est \u017eensk \u2013 z jezuitom Luisom Franciscom Ladariom na \u010delu, tajnikom kongregacije za nauk vere, ki bo preu\u010dila vlogo diakonis v Katoli\u0161ki cerkvi. To \u0161e ne pomeni, da bodo \u017eenske lahko v kratkem \u010dasu opravljale diakonsko slu\u017ebo, vendar \u017ee z razpravo vrata zanje niso ve\u010d neprodu\u0161no zaprta. S to potezo je Fran\u010di\u0161ek izpolnil svojo obljubo o preu\u010ditvi mo\u017enosti, da bi bile glede tega \u017eenske izena\u010dene z mo\u0161kimi, ki jo je dal maja. Takrat so pape\u017eu to vpra\u0161anje postavile redovnice na svojem mednarodnem sre\u010danju. Bergoglio, ki raje kot ex cathedra govori neposredno, je sprejel izziv. \u00bbUstanovitev uradne komisije, ki bi preu\u010dila to vpra\u0161anje?\u00ab je odvrnil. \u00bbMenim, da je to mogo\u010de. Za Cerkev bi bilo dobro, da razjasni to vpra\u0161anje. Rekel bom, naj naredijo\u00a0&#8230;<\/p>\n","protected":false},"author":1,"featured_media":0,"comment_status":"closed","ping_status":"closed","sticky":false,"template":"","format":"standard","meta":{"footnotes":""},"categories":[1179],"tags":[],"source":[4511],"supertag":[],"acf":[],"yoast_head":"<!-- This site is optimized with the Yoast SEO plugin v21.3 - https:\/\/yoast.com\/wordpress\/plugins\/seo\/ -->\n<title>Pape\u017e odpira vrata \u017eenskam? - Hudo Slovenija<\/title>\n<meta name=\"robots\" content=\"index, follow, max-snippet:-1, max-image-preview:large, max-video-preview:-1\" \/>\n<link rel=\"canonical\" href=\"https:\/\/hudo.com\/si\/aktualno\/papez-odpira-vrata-zenskam\/\" \/>\n<meta property=\"og:locale\" content=\"sl_SI\" \/>\n<meta property=\"og:type\" content=\"article\" \/>\n<meta property=\"og:title\" content=\"Pape\u017e odpira vrata \u017eenskam? - Hudo Slovenija\" \/>\n<meta property=\"og:description\" content=\"Kategorija: Globalno Wed, 03 Aug 2016 17:35:00 +0200 Pape\u017e je imenoval 13-\u010dlansko komisijo \u2013 sedem mo\u0161kih in \u0161est \u017eensk \u2013 z jezuitom Luisom Franciscom Ladariom na \u010delu, tajnikom kongregacije za nauk vere, ki bo preu\u010dila vlogo diakonis v Katoli\u0161ki cerkvi. To \u0161e ne pomeni, da bodo \u017eenske lahko v kratkem \u010dasu opravljale diakonsko slu\u017ebo, vendar \u017ee z razpravo vrata zanje niso ve\u010d neprodu\u0161no zaprta. S to potezo je Fran\u010di\u0161ek izpolnil svojo obljubo o preu\u010ditvi mo\u017enosti, da bi bile glede tega \u017eenske izena\u010dene z mo\u0161kimi, ki jo je dal maja. Takrat so pape\u017eu to vpra\u0161anje postavile redovnice na svojem mednarodnem sre\u010danju. Bergoglio, ki raje kot ex cathedra govori neposredno, je sprejel izziv. \u00bbUstanovitev uradne komisije, ki bi preu\u010dila to vpra\u0161anje?\u00ab je odvrnil. \u00bbMenim, da je to mogo\u010de. Za Cerkev bi bilo dobro, da razjasni to vpra\u0161anje. Rekel bom, naj naredijo\u00a0...\" \/>\n<meta property=\"og:url\" content=\"https:\/\/hudo.com\/si\/aktualno\/papez-odpira-vrata-zenskam\/\" \/>\n<meta property=\"og:site_name\" content=\"Hudo Slovenija\" \/>\n<meta property=\"article:publisher\" content=\"https:\/\/www.facebook.com\/hudo.si\" \/>\n<meta property=\"article:published_time\" content=\"2016-08-03T13:35:00+00:00\" \/>\n<meta property=\"og:image\" content=\"https:\/\/hudo.com\/si\/wp-content\/uploads\/sites\/2\/2016\/08\/480x290_djvu_695328_popaj_reut-POPE-GERMANY.jpeg\" \/>\n\t<meta property=\"og:image:width\" content=\"480\" \/>\n\t<meta property=\"og:image:height\" content=\"290\" \/>\n\t<meta property=\"og:image:type\" content=\"image\/jpeg\" \/>\n<meta name=\"author\" content=\"hudo\" \/>\n<meta name=\"twitter:card\" content=\"summary_large_image\" \/>\n<meta name=\"twitter:creator\" content=\"@hudo_si\" \/>\n<meta name=\"twitter:site\" content=\"@hudo_si\" \/>\n<meta name=\"twitter:label1\" content=\"Written by\" \/>\n\t<meta name=\"twitter:data1\" content=\"hudo\" \/>\n\t<meta name=\"twitter:label2\" content=\"Est. reading time\" \/>\n\t<meta name=\"twitter:data2\" content=\"1 minuta\" \/>\n<script type=\"application\/ld+json\" class=\"yoast-schema-graph\">{\"@context\":\"https:\/\/schema.org\",\"@graph\":[{\"@type\":\"Article\",\"@id\":\"https:\/\/hudo.com\/si\/aktualno\/papez-odpira-vrata-zenskam\/#article\",\"isPartOf\":{\"@id\":\"https:\/\/hudo.com\/si\/aktualno\/papez-odpira-vrata-zenskam\/\"},\"author\":{\"name\":\"hudo\",\"@id\":\"https:\/\/hudo.com\/si\/#\/schema\/person\/601cf3379633985b20f7e50f2bb47707\"},\"headline\":\"Pape\u017e odpira vrata \u017eenskam?\",\"datePublished\":\"2016-08-03T13:35:00+00:00\",\"dateModified\":\"2016-08-03T13:35:00+00:00\",\"mainEntityOfPage\":{\"@id\":\"https:\/\/hudo.com\/si\/aktualno\/papez-odpira-vrata-zenskam\/\"},\"wordCount\":156,\"publisher\":{\"@id\":\"https:\/\/hudo.com\/si\/#organization\"},\"articleSection\":[\"Aktualno\"],\"inLanguage\":\"sl-SI\"},{\"@type\":\"WebPage\",\"@id\":\"https:\/\/hudo.com\/si\/aktualno\/papez-odpira-vrata-zenskam\/\",\"url\":\"https:\/\/hudo.com\/si\/aktualno\/papez-odpira-vrata-zenskam\/\",\"name\":\"Pape\u017e odpira vrata \u017eenskam? - Hudo Slovenija\",\"isPartOf\":{\"@id\":\"https:\/\/hudo.com\/si\/#website\"},\"datePublished\":\"2016-08-03T13:35:00+00:00\",\"dateModified\":\"2016-08-03T13:35:00+00:00\",\"breadcrumb\":{\"@id\":\"https:\/\/hudo.com\/si\/aktualno\/papez-odpira-vrata-zenskam\/#breadcrumb\"},\"inLanguage\":\"sl-SI\",\"potentialAction\":[{\"@type\":\"ReadAction\",\"target\":[\"https:\/\/hudo.com\/si\/aktualno\/papez-odpira-vrata-zenskam\/\"]}]},{\"@type\":\"BreadcrumbList\",\"@id\":\"https:\/\/hudo.com\/si\/aktualno\/papez-odpira-vrata-zenskam\/#breadcrumb\",\"itemListElement\":[{\"@type\":\"ListItem\",\"position\":1,\"name\":\"Home\",\"item\":\"https:\/\/hudo.com\/si\/\"},{\"@type\":\"ListItem\",\"position\":2,\"name\":\"Pape\u017e odpira vrata \u017eenskam?\"}]},{\"@type\":\"WebSite\",\"@id\":\"https:\/\/hudo.com\/si\/#website\",\"url\":\"https:\/\/hudo.com\/si\/\",\"name\":\"Hudo Slovenija\",\"description\":\"Vse novice iz Slovenije in sveta\",\"publisher\":{\"@id\":\"https:\/\/hudo.com\/si\/#organization\"},\"potentialAction\":[{\"@type\":\"SearchAction\",\"target\":{\"@type\":\"EntryPoint\",\"urlTemplate\":\"https:\/\/hudo.com\/si\/?s={search_term_string}\"},\"query-input\":\"required name=search_term_string\"}],\"inLanguage\":\"sl-SI\"},{\"@type\":\"Organization\",\"@id\":\"https:\/\/hudo.com\/si\/#organization\",\"name\":\"VSN Media\",\"url\":\"https:\/\/hudo.com\/si\/\",\"logo\":{\"@type\":\"ImageObject\",\"inLanguage\":\"sl-SI\",\"@id\":\"https:\/\/hudo.com\/si\/#\/schema\/logo\/image\/\",\"url\":\"https:\/\/hudo.com\/si\/wp-content\/uploads\/sites\/2\/2021\/03\/hudo-app-2.png\",\"contentUrl\":\"https:\/\/hudo.com\/si\/wp-content\/uploads\/sites\/2\/2021\/03\/hudo-app-2.png\",\"width\":2185,\"height\":2167,\"caption\":\"VSN Media\"},\"image\":{\"@id\":\"https:\/\/hudo.com\/si\/#\/schema\/logo\/image\/\"},\"sameAs\":[\"https:\/\/www.facebook.com\/hudo.si\",\"https:\/\/twitter.com\/hudo_si\"]},{\"@type\":\"Person\",\"@id\":\"https:\/\/hudo.com\/si\/#\/schema\/person\/601cf3379633985b20f7e50f2bb47707\",\"name\":\"hudo\",\"image\":{\"@type\":\"ImageObject\",\"inLanguage\":\"sl-SI\",\"@id\":\"https:\/\/hudo.com\/si\/#\/schema\/person\/image\/\",\"url\":\"https:\/\/secure.gravatar.com\/avatar\/c4ca25fa72cace7a696b52ff5db9e095?s=96&d=mm&r=g\",\"contentUrl\":\"https:\/\/secure.gravatar.com\/avatar\/c4ca25fa72cace7a696b52ff5db9e095?s=96&d=mm&r=g\",\"caption\":\"hudo\"},\"url\":\"https:\/\/hudo.com\/si\/author\/hudo\/\"}]}<\/script>\n<!-- \/ Yoast SEO plugin. -->","yoast_head_json":{"title":"Pape\u017e odpira vrata \u017eenskam? - Hudo Slovenija","robots":{"index":"index","follow":"follow","max-snippet":"max-snippet:-1","max-image-preview":"max-image-preview:large","max-video-preview":"max-video-preview:-1"},"canonical":"https:\/\/hudo.com\/si\/aktualno\/papez-odpira-vrata-zenskam\/","og_locale":"sl_SI","og_type":"article","og_title":"Pape\u017e odpira vrata \u017eenskam? - Hudo Slovenija","og_description":"Kategorija: Globalno Wed, 03 Aug 2016 17:35:00 +0200 Pape\u017e je imenoval 13-\u010dlansko komisijo \u2013 sedem mo\u0161kih in \u0161est \u017eensk \u2013 z jezuitom Luisom Franciscom Ladariom na \u010delu, tajnikom kongregacije za nauk vere, ki bo preu\u010dila vlogo diakonis v Katoli\u0161ki cerkvi. To \u0161e ne pomeni, da bodo \u017eenske lahko v kratkem \u010dasu opravljale diakonsko slu\u017ebo, vendar \u017ee z razpravo vrata zanje niso ve\u010d neprodu\u0161no zaprta. S to potezo je Fran\u010di\u0161ek izpolnil svojo obljubo o preu\u010ditvi mo\u017enosti, da bi bile glede tega \u017eenske izena\u010dene z mo\u0161kimi, ki jo je dal maja. Takrat so pape\u017eu to vpra\u0161anje postavile redovnice na svojem mednarodnem sre\u010danju. Bergoglio, ki raje kot ex cathedra govori neposredno, je sprejel izziv. \u00bbUstanovitev uradne komisije, ki bi preu\u010dila to vpra\u0161anje?\u00ab je odvrnil. \u00bbMenim, da je to mogo\u010de. Za Cerkev bi bilo dobro, da razjasni to vpra\u0161anje. Rekel bom, naj naredijo\u00a0...","og_url":"https:\/\/hudo.com\/si\/aktualno\/papez-odpira-vrata-zenskam\/","og_site_name":"Hudo Slovenija","article_publisher":"https:\/\/www.facebook.com\/hudo.si","article_published_time":"2016-08-03T13:35:00+00:00","og_image":[{"width":480,"height":290,"url":"https:\/\/hudo.com\/si\/wp-content\/uploads\/sites\/2\/2016\/08\/480x290_djvu_695328_popaj_reut-POPE-GERMANY.jpeg","type":"image\/jpeg"}],"author":"hudo","twitter_card":"summary_large_image","twitter_creator":"@hudo_si","twitter_site":"@hudo_si","twitter_misc":{"Written by":"hudo","Est. reading time":"1 minuta"},"schema":{"@context":"https:\/\/schema.org","@graph":[{"@type":"Article","@id":"https:\/\/hudo.com\/si\/aktualno\/papez-odpira-vrata-zenskam\/#article","isPartOf":{"@id":"https:\/\/hudo.com\/si\/aktualno\/papez-odpira-vrata-zenskam\/"},"author":{"name":"hudo","@id":"https:\/\/hudo.com\/si\/#\/schema\/person\/601cf3379633985b20f7e50f2bb47707"},"headline":"Pape\u017e odpira vrata \u017eenskam?","datePublished":"2016-08-03T13:35:00+00:00","dateModified":"2016-08-03T13:35:00+00:00","mainEntityOfPage":{"@id":"https:\/\/hudo.com\/si\/aktualno\/papez-odpira-vrata-zenskam\/"},"wordCount":156,"publisher":{"@id":"https:\/\/hudo.com\/si\/#organization"},"articleSection":["Aktualno"],"inLanguage":"sl-SI"},{"@type":"WebPage","@id":"https:\/\/hudo.com\/si\/aktualno\/papez-odpira-vrata-zenskam\/","url":"https:\/\/hudo.com\/si\/aktualno\/papez-odpira-vrata-zenskam\/","name":"Pape\u017e odpira vrata \u017eenskam? - Hudo Slovenija","isPartOf":{"@id":"https:\/\/hudo.com\/si\/#website"},"datePublished":"2016-08-03T13:35:00+00:00","dateModified":"2016-08-03T13:35:00+00:00","breadcrumb":{"@id":"https:\/\/hudo.com\/si\/aktualno\/papez-odpira-vrata-zenskam\/#breadcrumb"},"inLanguage":"sl-SI","potentialAction":[{"@type":"ReadAction","target":["https:\/\/hudo.com\/si\/aktualno\/papez-odpira-vrata-zenskam\/"]}]},{"@type":"BreadcrumbList","@id":"https:\/\/hudo.com\/si\/aktualno\/papez-odpira-vrata-zenskam\/#breadcrumb","itemListElement":[{"@type":"ListItem","position":1,"name":"Home","item":"https:\/\/hudo.com\/si\/"},{"@type":"ListItem","position":2,"name":"Pape\u017e odpira vrata \u017eenskam?"}]},{"@type":"WebSite","@id":"https:\/\/hudo.com\/si\/#website","url":"https:\/\/hudo.com\/si\/","name":"Hudo Slovenija","description":"Vse novice iz Slovenije in sveta","publisher":{"@id":"https:\/\/hudo.com\/si\/#organization"},"potentialAction":[{"@type":"SearchAction","target":{"@type":"EntryPoint","urlTemplate":"https:\/\/hudo.com\/si\/?s={search_term_string}"},"query-input":"required name=search_term_string"}],"inLanguage":"sl-SI"},{"@type":"Organization","@id":"https:\/\/hudo.com\/si\/#organization","name":"VSN Media","url":"https:\/\/hudo.com\/si\/","logo":{"@type":"ImageObject","inLanguage":"sl-SI","@id":"https:\/\/hudo.com\/si\/#\/schema\/logo\/image\/","url":"https:\/\/hudo.com\/si\/wp-content\/uploads\/sites\/2\/2021\/03\/hudo-app-2.png","contentUrl":"https:\/\/hudo.com\/si\/wp-content\/uploads\/sites\/2\/2021\/03\/hudo-app-2.png","width":2185,"height":2167,"caption":"VSN Media"},"image":{"@id":"https:\/\/hudo.com\/si\/#\/schema\/logo\/image\/"},"sameAs":["https:\/\/www.facebook.com\/hudo.si","https:\/\/twitter.com\/hudo_si"]},{"@type":"Person","@id":"https:\/\/hudo.com\/si\/#\/schema\/person\/601cf3379633985b20f7e50f2bb47707","name":"hudo","image":{"@type":"ImageObject","inLanguage":"sl-SI","@id":"https:\/\/hudo.com\/si\/#\/schema\/person\/image\/","url":"https:\/\/secure.gravatar.com\/avatar\/c4ca25fa72cace7a696b52ff5db9e095?s=96&d=mm&r=g","contentUrl":"https:\/\/secure.gravatar.com\/avatar\/c4ca25fa72cace7a696b52ff5db9e095?s=96&d=mm&r=g","caption":"hudo"},"url":"https:\/\/hudo.com\/si\/author\/hudo\/"}]}},"amp_enabled":true,"_links":{"self":[{"href":"https:\/\/hudo.com\/si\/wp-json\/wp\/v2\/posts\/107399"}],"collection":[{"href":"https:\/\/hudo.com\/si\/wp-json\/wp\/v2\/posts"}],"about":[{"href":"https:\/\/hudo.com\/si\/wp-json\/wp\/v2\/types\/post"}],"author":[{"embeddable":true,"href":"https:\/\/hudo.com\/si\/wp-json\/wp\/v2\/users\/1"}],"replies":[{"embeddable":true,"href":"https:\/\/hudo.com\/si\/wp-json\/wp\/v2\/comments?post=107399"}],"version-history":[{"count":0,"href":"https:\/\/hudo.com\/si\/wp-json\/wp\/v2\/posts\/107399\/revisions"}],"wp:attachment":[{"href":"https:\/\/hudo.com\/si\/wp-json\/wp\/v2\/media?parent=107399"}],"wp:term":[{"taxonomy":"category","embeddable":true,"href":"https:\/\/hudo.com\/si\/wp-json\/wp\/v2\/categories?post=107399"},{"taxonomy":"post_tag","embeddable":true,"href":"https:\/\/hudo.com\/si\/wp-json\/wp\/v2\/tags?post=107399"},{"taxonomy":"source","embeddable":true,"href":"https:\/\/hudo.com\/si\/wp-json\/wp\/v2\/source?post=107399"},{"taxonomy":"supertag","embeddable":true,"href":"https:\/\/hudo.com\/si\/wp-json\/wp\/v2\/supertag?post=107399"}],"curies":[{"name":"wp","href":"https:\/\/api.w.org\/{rel}","templated":true}]}}