{"id":107407,"date":"2016-08-03T14:45:00","date_gmt":"2016-08-03T12:45:00","guid":{"rendered":"http:\/\/hudo.com\/si\/2016\/08\/03\/vecina-nemcev-za-napade-ne-krivi-begunske-politike-merklove\/"},"modified":"2016-08-04T12:17:50","modified_gmt":"2016-08-04T10:17:50","slug":"vecina-nemcev-za-napade-ne-krivi-begunske-politike-merklove","status":"publish","type":"post","link":"https:\/\/hudo.com\/si\/aktualno\/vecina-nemcev-za-napade-ne-krivi-begunske-politike-merklove\/","title":{"rendered":"Ve\u010dina Nemcev za napade ne krivi begunske politike Merklove"},"content":{"rendered":"<p>Prepri\u010dljiva ve\u010dina Nemcev za nedavne napade v dr\u017eavi ne krivi begunske politike odprtih meja, ki jo vodi nem\u0161ka kanclerka Angela Merkel. Vendar pa polovica vpra\u0161anih meni, da varnostne sile niso zadostno pripravljene in opremljene za zagotavljanje maksimalne varnosti v dr\u017eavi, povzema nem\u0161ka tiskovna agencija dpa. Anketa, ki jo je opravil in\u0161titut Forsa iz Berlina, je ugotovila, da 69 odstotkov Nemcev ne verjame v povezavo med dvema napadoma, za katera je odgovornost prevzela Islamska dr\u017eava, ter velikim \u0161tevilom migrantov, ki so vstopili v dr\u017eavo i\u0161\u010do\u010d zato\u010di\u0161\u010de pred konflikti v Afriki in na Bli\u017enjem vzhodu. Le 28 odstotkov vpra\u0161anih meni, da je begunska politika Merklove vodila do napadov. Od tistih, ki Merklovo krivijo za napade, jih je 78 odstotkov podpornikov desni\u010darske stranke Alternativa za Nem\u010dijo (AfD). V Nem\u010dijo je lani prispel pribli\u017eno milijon beguncev, potem ko je nem\u0161ka kanclerka odprla mejo in so migranti lahko iz Mad\u017earske \u010dez Avstrijo pripotovali v Nem\u010dijo. Dr\u017eavo so v zadnjem \u010dasu pretresli \u0161tirje napadi, v katerih je bilo ubitih skupno 13 ljudi, \u0161e ve\u010d pa jih je bilo ranjenih. Dva od napadov naj bi izvedla borca Islamske dr\u017eave, v primeru drugih dveh pa islamisti\u010dnih povezav naj ne bi bilo. Sicer pa je anketa pokazala \u0161e, da 50 odstotkov ljudi ne verjame v zadostno pripravljenost in opremljenost nem\u0161kih varnostnih sil za zagotavljanje maksimalne varnosti v dr\u017eavi. 46 odstotkov jih na drugi strani meni, da bi varnostne sile lahko zagotovile potrebno za\u0161\u010dito. Forsa je anketo opravila na vzorcu 1007 ljudi, in sicer 28. in 29. julija.Svet<\/p>\n","protected":false},"excerpt":{"rendered":"<p>Prepri\u010dljiva ve\u010dina Nemcev za nedavne napade v dr\u017eavi ne krivi begunske politike odprtih meja, ki jo vodi nem\u0161ka kanclerka Angela Merkel. Vendar pa polovica vpra\u0161anih meni, da varnostne sile niso zadostno pripravljene in opremljene za zagotavljanje maksimalne varnosti v dr\u017eavi, povzema nem\u0161ka tiskovna agencija dpa. Anketa, ki jo je opravil in\u0161titut Forsa iz Berlina, je ugotovila, da 69 odstotkov Nemcev ne verjame v povezavo med dvema napadoma, za katera je odgovornost prevzela Islamska dr\u017eava, ter velikim \u0161tevilom migrantov, ki so vstopili v dr\u017eavo i\u0161\u010do\u010d zato\u010di\u0161\u010de pred konflikti v Afriki in na Bli\u017enjem vzhodu. Le 28 odstotkov vpra\u0161anih meni, da je begunska politika Merklove vodila do napadov. Od tistih, ki Merklovo krivijo za napade, jih je 78 odstotkov podpornikov desni\u010darske stranke Alternativa za Nem\u010dijo (AfD). V Nem\u010dijo je lani prispel pribli\u017eno milijon beguncev, potem ko je nem\u0161ka kanclerka odprla mejo in so migranti lahko iz Mad\u017earske \u010dez Avstrijo pripotovali v Nem\u010dijo. Dr\u017eavo so v zadnjem \u010dasu pretresli \u0161tirje napadi, v katerih je bilo ubitih skupno 13 ljudi, \u0161e ve\u010d pa jih je bilo ranjenih. Dva od napadov naj bi izvedla borca Islamske dr\u017eave, v primeru drugih dveh pa islamisti\u010dnih povezav naj ne bi bilo. Sicer pa je anketa pokazala \u0161e, da 50 odstotkov ljudi ne verjame v zadostno pripravljenost in opremljenost nem\u0161kih varnostnih sil za zagotavljanje maksimalne varnosti v dr\u017eavi. 46 odstotkov jih na drugi strani meni, da bi varnostne sile lahko zagotovile potrebno za\u0161\u010dito. Forsa je anketo opravila na vzorcu 1007 ljudi, in sicer 28. in 29. julija.Svet<\/p>\n","protected":false},"author":1,"featured_media":0,"comment_status":"closed","ping_status":"closed","sticky":false,"template":"","format":"standard","meta":{"footnotes":""},"categories":[1179],"tags":[],"source":[1711],"supertag":[],"acf":[],"yoast_head":"<!-- This site is optimized with the Yoast SEO plugin v21.3 - https:\/\/yoast.com\/wordpress\/plugins\/seo\/ -->\n<title>Ve\u010dina Nemcev za napade ne krivi begunske politike Merklove - Hudo Slovenija<\/title>\n<meta name=\"robots\" content=\"index, follow, max-snippet:-1, max-image-preview:large, max-video-preview:-1\" \/>\n<link rel=\"canonical\" href=\"https:\/\/hudo.com\/si\/aktualno\/vecina-nemcev-za-napade-ne-krivi-begunske-politike-merklove\/\" \/>\n<meta property=\"og:locale\" content=\"sl_SI\" \/>\n<meta property=\"og:type\" content=\"article\" \/>\n<meta property=\"og:title\" content=\"Ve\u010dina Nemcev za napade ne krivi begunske politike Merklove - Hudo Slovenija\" \/>\n<meta property=\"og:description\" content=\"Prepri\u010dljiva ve\u010dina Nemcev za nedavne napade v dr\u017eavi ne krivi begunske politike odprtih meja, ki jo vodi nem\u0161ka kanclerka Angela Merkel. Vendar pa polovica vpra\u0161anih meni, da varnostne sile niso zadostno pripravljene in opremljene za zagotavljanje maksimalne varnosti v dr\u017eavi, povzema nem\u0161ka tiskovna agencija dpa. Anketa, ki jo je opravil in\u0161titut Forsa iz Berlina, je ugotovila, da 69 odstotkov Nemcev ne verjame v povezavo med dvema napadoma, za katera je odgovornost prevzela Islamska dr\u017eava, ter velikim \u0161tevilom migrantov, ki so vstopili v dr\u017eavo i\u0161\u010do\u010d zato\u010di\u0161\u010de pred konflikti v Afriki in na Bli\u017enjem vzhodu. Le 28 odstotkov vpra\u0161anih meni, da je begunska politika Merklove vodila do napadov. Od tistih, ki Merklovo krivijo za napade, jih je 78 odstotkov podpornikov desni\u010darske stranke Alternativa za Nem\u010dijo (AfD). V Nem\u010dijo je lani prispel pribli\u017eno milijon beguncev, potem ko je nem\u0161ka kanclerka odprla mejo in so migranti lahko iz Mad\u017earske \u010dez Avstrijo pripotovali v Nem\u010dijo. Dr\u017eavo so v zadnjem \u010dasu pretresli \u0161tirje napadi, v katerih je bilo ubitih skupno 13 ljudi, \u0161e ve\u010d pa jih je bilo ranjenih. Dva od napadov naj bi izvedla borca Islamske dr\u017eave, v primeru drugih dveh pa islamisti\u010dnih povezav naj ne bi bilo. Sicer pa je anketa pokazala \u0161e, da 50 odstotkov ljudi ne verjame v zadostno pripravljenost in opremljenost nem\u0161kih varnostnih sil za zagotavljanje maksimalne varnosti v dr\u017eavi. 46 odstotkov jih na drugi strani meni, da bi varnostne sile lahko zagotovile potrebno za\u0161\u010dito. Forsa je anketo opravila na vzorcu 1007 ljudi, in sicer 28. in 29. julija.Svet\" \/>\n<meta property=\"og:url\" content=\"https:\/\/hudo.com\/si\/aktualno\/vecina-nemcev-za-napade-ne-krivi-begunske-politike-merklove\/\" \/>\n<meta property=\"og:site_name\" content=\"Hudo Slovenija\" \/>\n<meta property=\"article:publisher\" content=\"https:\/\/www.facebook.com\/hudo.si\" \/>\n<meta property=\"article:published_time\" content=\"2016-08-03T12:45:00+00:00\" \/>\n<meta property=\"article:modified_time\" content=\"2016-08-04T10:17:50+00:00\" \/>\n<meta property=\"og:image\" content=\"https:\/\/hudo.com\/si\/wp-content\/uploads\/sites\/2\/2016\/08\/05451042-300.jpg\" \/>\n\t<meta property=\"og:image:width\" content=\"450\" \/>\n\t<meta property=\"og:image:height\" content=\"319\" \/>\n\t<meta property=\"og:image:type\" content=\"image\/jpeg\" \/>\n<meta name=\"author\" content=\"hudo\" \/>\n<meta name=\"twitter:card\" content=\"summary_large_image\" \/>\n<meta name=\"twitter:creator\" content=\"@hudo_si\" \/>\n<meta name=\"twitter:site\" content=\"@hudo_si\" \/>\n<meta name=\"twitter:label1\" content=\"Written by\" \/>\n\t<meta name=\"twitter:data1\" content=\"hudo\" \/>\n\t<meta name=\"twitter:label2\" content=\"Est. reading time\" \/>\n\t<meta name=\"twitter:data2\" content=\"1 minuta\" \/>\n<script type=\"application\/ld+json\" class=\"yoast-schema-graph\">{\"@context\":\"https:\/\/schema.org\",\"@graph\":[{\"@type\":\"Article\",\"@id\":\"https:\/\/hudo.com\/si\/aktualno\/vecina-nemcev-za-napade-ne-krivi-begunske-politike-merklove\/#article\",\"isPartOf\":{\"@id\":\"https:\/\/hudo.com\/si\/aktualno\/vecina-nemcev-za-napade-ne-krivi-begunske-politike-merklove\/\"},\"author\":{\"name\":\"hudo\",\"@id\":\"https:\/\/hudo.com\/si\/#\/schema\/person\/601cf3379633985b20f7e50f2bb47707\"},\"headline\":\"Ve\u010dina Nemcev za napade ne krivi begunske politike Merklove\",\"datePublished\":\"2016-08-03T12:45:00+00:00\",\"dateModified\":\"2016-08-04T10:17:50+00:00\",\"mainEntityOfPage\":{\"@id\":\"https:\/\/hudo.com\/si\/aktualno\/vecina-nemcev-za-napade-ne-krivi-begunske-politike-merklove\/\"},\"wordCount\":278,\"publisher\":{\"@id\":\"https:\/\/hudo.com\/si\/#organization\"},\"articleSection\":[\"Aktualno\"],\"inLanguage\":\"sl-SI\"},{\"@type\":\"WebPage\",\"@id\":\"https:\/\/hudo.com\/si\/aktualno\/vecina-nemcev-za-napade-ne-krivi-begunske-politike-merklove\/\",\"url\":\"https:\/\/hudo.com\/si\/aktualno\/vecina-nemcev-za-napade-ne-krivi-begunske-politike-merklove\/\",\"name\":\"Ve\u010dina Nemcev za napade ne krivi begunske politike Merklove - Hudo Slovenija\",\"isPartOf\":{\"@id\":\"https:\/\/hudo.com\/si\/#website\"},\"datePublished\":\"2016-08-03T12:45:00+00:00\",\"dateModified\":\"2016-08-04T10:17:50+00:00\",\"breadcrumb\":{\"@id\":\"https:\/\/hudo.com\/si\/aktualno\/vecina-nemcev-za-napade-ne-krivi-begunske-politike-merklove\/#breadcrumb\"},\"inLanguage\":\"sl-SI\",\"potentialAction\":[{\"@type\":\"ReadAction\",\"target\":[\"https:\/\/hudo.com\/si\/aktualno\/vecina-nemcev-za-napade-ne-krivi-begunske-politike-merklove\/\"]}]},{\"@type\":\"BreadcrumbList\",\"@id\":\"https:\/\/hudo.com\/si\/aktualno\/vecina-nemcev-za-napade-ne-krivi-begunske-politike-merklove\/#breadcrumb\",\"itemListElement\":[{\"@type\":\"ListItem\",\"position\":1,\"name\":\"Home\",\"item\":\"https:\/\/hudo.com\/si\/\"},{\"@type\":\"ListItem\",\"position\":2,\"name\":\"Ve\u010dina Nemcev za napade ne krivi begunske politike Merklove\"}]},{\"@type\":\"WebSite\",\"@id\":\"https:\/\/hudo.com\/si\/#website\",\"url\":\"https:\/\/hudo.com\/si\/\",\"name\":\"Hudo Slovenija\",\"description\":\"Vse novice iz Slovenije in sveta\",\"publisher\":{\"@id\":\"https:\/\/hudo.com\/si\/#organization\"},\"potentialAction\":[{\"@type\":\"SearchAction\",\"target\":{\"@type\":\"EntryPoint\",\"urlTemplate\":\"https:\/\/hudo.com\/si\/?s={search_term_string}\"},\"query-input\":\"required name=search_term_string\"}],\"inLanguage\":\"sl-SI\"},{\"@type\":\"Organization\",\"@id\":\"https:\/\/hudo.com\/si\/#organization\",\"name\":\"VSN Media\",\"url\":\"https:\/\/hudo.com\/si\/\",\"logo\":{\"@type\":\"ImageObject\",\"inLanguage\":\"sl-SI\",\"@id\":\"https:\/\/hudo.com\/si\/#\/schema\/logo\/image\/\",\"url\":\"https:\/\/hudo.com\/si\/wp-content\/uploads\/sites\/2\/2021\/03\/hudo-app-2.png\",\"contentUrl\":\"https:\/\/hudo.com\/si\/wp-content\/uploads\/sites\/2\/2021\/03\/hudo-app-2.png\",\"width\":2185,\"height\":2167,\"caption\":\"VSN Media\"},\"image\":{\"@id\":\"https:\/\/hudo.com\/si\/#\/schema\/logo\/image\/\"},\"sameAs\":[\"https:\/\/www.facebook.com\/hudo.si\",\"https:\/\/twitter.com\/hudo_si\"]},{\"@type\":\"Person\",\"@id\":\"https:\/\/hudo.com\/si\/#\/schema\/person\/601cf3379633985b20f7e50f2bb47707\",\"name\":\"hudo\",\"image\":{\"@type\":\"ImageObject\",\"inLanguage\":\"sl-SI\",\"@id\":\"https:\/\/hudo.com\/si\/#\/schema\/person\/image\/\",\"url\":\"https:\/\/secure.gravatar.com\/avatar\/c4ca25fa72cace7a696b52ff5db9e095?s=96&d=mm&r=g\",\"contentUrl\":\"https:\/\/secure.gravatar.com\/avatar\/c4ca25fa72cace7a696b52ff5db9e095?s=96&d=mm&r=g\",\"caption\":\"hudo\"},\"url\":\"https:\/\/hudo.com\/si\/author\/hudo\/\"}]}<\/script>\n<!-- \/ Yoast SEO plugin. -->","yoast_head_json":{"title":"Ve\u010dina Nemcev za napade ne krivi begunske politike Merklove - Hudo Slovenija","robots":{"index":"index","follow":"follow","max-snippet":"max-snippet:-1","max-image-preview":"max-image-preview:large","max-video-preview":"max-video-preview:-1"},"canonical":"https:\/\/hudo.com\/si\/aktualno\/vecina-nemcev-za-napade-ne-krivi-begunske-politike-merklove\/","og_locale":"sl_SI","og_type":"article","og_title":"Ve\u010dina Nemcev za napade ne krivi begunske politike Merklove - Hudo Slovenija","og_description":"Prepri\u010dljiva ve\u010dina Nemcev za nedavne napade v dr\u017eavi ne krivi begunske politike odprtih meja, ki jo vodi nem\u0161ka kanclerka Angela Merkel. Vendar pa polovica vpra\u0161anih meni, da varnostne sile niso zadostno pripravljene in opremljene za zagotavljanje maksimalne varnosti v dr\u017eavi, povzema nem\u0161ka tiskovna agencija dpa. Anketa, ki jo je opravil in\u0161titut Forsa iz Berlina, je ugotovila, da 69 odstotkov Nemcev ne verjame v povezavo med dvema napadoma, za katera je odgovornost prevzela Islamska dr\u017eava, ter velikim \u0161tevilom migrantov, ki so vstopili v dr\u017eavo i\u0161\u010do\u010d zato\u010di\u0161\u010de pred konflikti v Afriki in na Bli\u017enjem vzhodu. Le 28 odstotkov vpra\u0161anih meni, da je begunska politika Merklove vodila do napadov. Od tistih, ki Merklovo krivijo za napade, jih je 78 odstotkov podpornikov desni\u010darske stranke Alternativa za Nem\u010dijo (AfD). V Nem\u010dijo je lani prispel pribli\u017eno milijon beguncev, potem ko je nem\u0161ka kanclerka odprla mejo in so migranti lahko iz Mad\u017earske \u010dez Avstrijo pripotovali v Nem\u010dijo. Dr\u017eavo so v zadnjem \u010dasu pretresli \u0161tirje napadi, v katerih je bilo ubitih skupno 13 ljudi, \u0161e ve\u010d pa jih je bilo ranjenih. Dva od napadov naj bi izvedla borca Islamske dr\u017eave, v primeru drugih dveh pa islamisti\u010dnih povezav naj ne bi bilo. Sicer pa je anketa pokazala \u0161e, da 50 odstotkov ljudi ne verjame v zadostno pripravljenost in opremljenost nem\u0161kih varnostnih sil za zagotavljanje maksimalne varnosti v dr\u017eavi. 46 odstotkov jih na drugi strani meni, da bi varnostne sile lahko zagotovile potrebno za\u0161\u010dito. Forsa je anketo opravila na vzorcu 1007 ljudi, in sicer 28. in 29. julija.Svet","og_url":"https:\/\/hudo.com\/si\/aktualno\/vecina-nemcev-za-napade-ne-krivi-begunske-politike-merklove\/","og_site_name":"Hudo Slovenija","article_publisher":"https:\/\/www.facebook.com\/hudo.si","article_published_time":"2016-08-03T12:45:00+00:00","article_modified_time":"2016-08-04T10:17:50+00:00","og_image":[{"width":450,"height":319,"url":"https:\/\/hudo.com\/si\/wp-content\/uploads\/sites\/2\/2016\/08\/05451042-300.jpg","type":"image\/jpeg"}],"author":"hudo","twitter_card":"summary_large_image","twitter_creator":"@hudo_si","twitter_site":"@hudo_si","twitter_misc":{"Written by":"hudo","Est. reading time":"1 minuta"},"schema":{"@context":"https:\/\/schema.org","@graph":[{"@type":"Article","@id":"https:\/\/hudo.com\/si\/aktualno\/vecina-nemcev-za-napade-ne-krivi-begunske-politike-merklove\/#article","isPartOf":{"@id":"https:\/\/hudo.com\/si\/aktualno\/vecina-nemcev-za-napade-ne-krivi-begunske-politike-merklove\/"},"author":{"name":"hudo","@id":"https:\/\/hudo.com\/si\/#\/schema\/person\/601cf3379633985b20f7e50f2bb47707"},"headline":"Ve\u010dina Nemcev za napade ne krivi begunske politike Merklove","datePublished":"2016-08-03T12:45:00+00:00","dateModified":"2016-08-04T10:17:50+00:00","mainEntityOfPage":{"@id":"https:\/\/hudo.com\/si\/aktualno\/vecina-nemcev-za-napade-ne-krivi-begunske-politike-merklove\/"},"wordCount":278,"publisher":{"@id":"https:\/\/hudo.com\/si\/#organization"},"articleSection":["Aktualno"],"inLanguage":"sl-SI"},{"@type":"WebPage","@id":"https:\/\/hudo.com\/si\/aktualno\/vecina-nemcev-za-napade-ne-krivi-begunske-politike-merklove\/","url":"https:\/\/hudo.com\/si\/aktualno\/vecina-nemcev-za-napade-ne-krivi-begunske-politike-merklove\/","name":"Ve\u010dina Nemcev za napade ne krivi begunske politike Merklove - Hudo Slovenija","isPartOf":{"@id":"https:\/\/hudo.com\/si\/#website"},"datePublished":"2016-08-03T12:45:00+00:00","dateModified":"2016-08-04T10:17:50+00:00","breadcrumb":{"@id":"https:\/\/hudo.com\/si\/aktualno\/vecina-nemcev-za-napade-ne-krivi-begunske-politike-merklove\/#breadcrumb"},"inLanguage":"sl-SI","potentialAction":[{"@type":"ReadAction","target":["https:\/\/hudo.com\/si\/aktualno\/vecina-nemcev-za-napade-ne-krivi-begunske-politike-merklove\/"]}]},{"@type":"BreadcrumbList","@id":"https:\/\/hudo.com\/si\/aktualno\/vecina-nemcev-za-napade-ne-krivi-begunske-politike-merklove\/#breadcrumb","itemListElement":[{"@type":"ListItem","position":1,"name":"Home","item":"https:\/\/hudo.com\/si\/"},{"@type":"ListItem","position":2,"name":"Ve\u010dina Nemcev za napade ne krivi begunske politike Merklove"}]},{"@type":"WebSite","@id":"https:\/\/hudo.com\/si\/#website","url":"https:\/\/hudo.com\/si\/","name":"Hudo Slovenija","description":"Vse novice iz Slovenije in sveta","publisher":{"@id":"https:\/\/hudo.com\/si\/#organization"},"potentialAction":[{"@type":"SearchAction","target":{"@type":"EntryPoint","urlTemplate":"https:\/\/hudo.com\/si\/?s={search_term_string}"},"query-input":"required name=search_term_string"}],"inLanguage":"sl-SI"},{"@type":"Organization","@id":"https:\/\/hudo.com\/si\/#organization","name":"VSN Media","url":"https:\/\/hudo.com\/si\/","logo":{"@type":"ImageObject","inLanguage":"sl-SI","@id":"https:\/\/hudo.com\/si\/#\/schema\/logo\/image\/","url":"https:\/\/hudo.com\/si\/wp-content\/uploads\/sites\/2\/2021\/03\/hudo-app-2.png","contentUrl":"https:\/\/hudo.com\/si\/wp-content\/uploads\/sites\/2\/2021\/03\/hudo-app-2.png","width":2185,"height":2167,"caption":"VSN Media"},"image":{"@id":"https:\/\/hudo.com\/si\/#\/schema\/logo\/image\/"},"sameAs":["https:\/\/www.facebook.com\/hudo.si","https:\/\/twitter.com\/hudo_si"]},{"@type":"Person","@id":"https:\/\/hudo.com\/si\/#\/schema\/person\/601cf3379633985b20f7e50f2bb47707","name":"hudo","image":{"@type":"ImageObject","inLanguage":"sl-SI","@id":"https:\/\/hudo.com\/si\/#\/schema\/person\/image\/","url":"https:\/\/secure.gravatar.com\/avatar\/c4ca25fa72cace7a696b52ff5db9e095?s=96&d=mm&r=g","contentUrl":"https:\/\/secure.gravatar.com\/avatar\/c4ca25fa72cace7a696b52ff5db9e095?s=96&d=mm&r=g","caption":"hudo"},"url":"https:\/\/hudo.com\/si\/author\/hudo\/"}]}},"amp_enabled":true,"_links":{"self":[{"href":"https:\/\/hudo.com\/si\/wp-json\/wp\/v2\/posts\/107407"}],"collection":[{"href":"https:\/\/hudo.com\/si\/wp-json\/wp\/v2\/posts"}],"about":[{"href":"https:\/\/hudo.com\/si\/wp-json\/wp\/v2\/types\/post"}],"author":[{"embeddable":true,"href":"https:\/\/hudo.com\/si\/wp-json\/wp\/v2\/users\/1"}],"replies":[{"embeddable":true,"href":"https:\/\/hudo.com\/si\/wp-json\/wp\/v2\/comments?post=107407"}],"version-history":[{"count":1,"href":"https:\/\/hudo.com\/si\/wp-json\/wp\/v2\/posts\/107407\/revisions"}],"predecessor-version":[{"id":107519,"href":"https:\/\/hudo.com\/si\/wp-json\/wp\/v2\/posts\/107407\/revisions\/107519"}],"wp:attachment":[{"href":"https:\/\/hudo.com\/si\/wp-json\/wp\/v2\/media?parent=107407"}],"wp:term":[{"taxonomy":"category","embeddable":true,"href":"https:\/\/hudo.com\/si\/wp-json\/wp\/v2\/categories?post=107407"},{"taxonomy":"post_tag","embeddable":true,"href":"https:\/\/hudo.com\/si\/wp-json\/wp\/v2\/tags?post=107407"},{"taxonomy":"source","embeddable":true,"href":"https:\/\/hudo.com\/si\/wp-json\/wp\/v2\/source?post=107407"},{"taxonomy":"supertag","embeddable":true,"href":"https:\/\/hudo.com\/si\/wp-json\/wp\/v2\/supertag?post=107407"}],"curies":[{"name":"wp","href":"https:\/\/api.w.org\/{rel}","templated":true}]}}