{"id":108698,"date":"2016-08-05T06:28:40","date_gmt":"2016-08-05T04:28:40","guid":{"rendered":"http:\/\/hudo.com\/si\/2016\/08\/05\/miro-cerar-res-ne-ve-da-je-varnost-clovekova-pravica\/"},"modified":"2016-08-06T09:06:27","modified_gmt":"2016-08-06T07:06:27","slug":"miro-cerar-res-ne-ve-da-je-varnost-clovekova-pravica","status":"publish","type":"post","link":"https:\/\/hudo.com\/si\/aktualno\/miro-cerar-res-ne-ve-da-je-varnost-clovekova-pravica\/","title":{"rendered":"Miro Cerar res ne ve, da je varnost \u010dlovekova pravica?"},"content":{"rendered":"<p>Ni nas presenetilo, ko je predsednik vlade po seriji teroristi\u010dnih napadov v Evropi prej\u0161nji teden sklical Svet za nacionalno varnost. Bolj nas je za\u010dudila njegova izjava, ki jo je podal \u0161e pred sklicem. \u00bbVarnost je poleg \u010dlovekovih pravic na prvem mestu, zato mora biti vlada vseskozi zelo budna,\u00ab je dejal Miro Cerar. To o budnosti dr\u017ei, toda mar ni tudi varnost \u010dlovekova pravica?<\/p>\n","protected":false},"excerpt":{"rendered":"<p>Ni nas presenetilo, ko je predsednik vlade po seriji teroristi\u010dnih napadov v Evropi prej\u0161nji teden sklical Svet za nacionalno varnost. Bolj nas je za\u010dudila njegova izjava, ki jo je podal \u0161e pred sklicem. \u00bbVarnost je poleg \u010dlovekovih pravic na prvem mestu, zato mora biti vlada vseskozi zelo budna,\u00ab je dejal Miro Cerar. To o budnosti dr\u017ei, toda mar ni tudi varnost \u010dlovekova pravica?<\/p>\n","protected":false},"author":1,"featured_media":0,"comment_status":"closed","ping_status":"closed","sticky":false,"template":"","format":"standard","meta":{"footnotes":""},"categories":[1179],"tags":[],"source":[5113],"supertag":[],"acf":[],"yoast_head":"<!-- This site is optimized with the Yoast SEO plugin v21.3 - https:\/\/yoast.com\/wordpress\/plugins\/seo\/ -->\n<title>Miro Cerar res ne ve, da je varnost \u010dlovekova pravica? - Hudo Slovenija<\/title>\n<meta name=\"robots\" content=\"index, follow, max-snippet:-1, max-image-preview:large, max-video-preview:-1\" \/>\n<link rel=\"canonical\" href=\"https:\/\/hudo.com\/si\/aktualno\/miro-cerar-res-ne-ve-da-je-varnost-clovekova-pravica\/\" \/>\n<meta property=\"og:locale\" content=\"sl_SI\" \/>\n<meta property=\"og:type\" content=\"article\" \/>\n<meta property=\"og:title\" content=\"Miro Cerar res ne ve, da je varnost \u010dlovekova pravica? - Hudo Slovenija\" \/>\n<meta property=\"og:description\" content=\"Ni nas presenetilo, ko je predsednik vlade po seriji teroristi\u010dnih napadov v Evropi prej\u0161nji teden sklical Svet za nacionalno varnost. Bolj nas je za\u010dudila njegova izjava, ki jo je podal \u0161e pred sklicem. \u00bbVarnost je poleg \u010dlovekovih pravic na prvem mestu, zato mora biti vlada vseskozi zelo budna,\u00ab je dejal Miro Cerar. To o budnosti dr\u017ei, toda mar ni tudi varnost \u010dlovekova pravica?\" \/>\n<meta property=\"og:url\" content=\"https:\/\/hudo.com\/si\/aktualno\/miro-cerar-res-ne-ve-da-je-varnost-clovekova-pravica\/\" \/>\n<meta property=\"og:site_name\" content=\"Hudo Slovenija\" \/>\n<meta property=\"article:publisher\" content=\"https:\/\/www.facebook.com\/hudo.si\" \/>\n<meta property=\"article:published_time\" content=\"2016-08-05T04:28:40+00:00\" \/>\n<meta property=\"article:modified_time\" content=\"2016-08-06T07:06:27+00:00\" \/>\n<meta property=\"og:image\" content=\"https:\/\/hudo.com\/si\/wp-content\/uploads\/sites\/2\/2016\/08\/photo_493268_20160710_5-scaled.jpg\" \/>\n\t<meta property=\"og:image:width\" content=\"2560\" \/>\n\t<meta property=\"og:image:height\" content=\"1707\" \/>\n\t<meta property=\"og:image:type\" content=\"image\/jpeg\" \/>\n<meta name=\"author\" content=\"hudo\" \/>\n<meta name=\"twitter:card\" content=\"summary_large_image\" \/>\n<meta name=\"twitter:creator\" content=\"@hudo_si\" \/>\n<meta name=\"twitter:site\" content=\"@hudo_si\" \/>\n<meta name=\"twitter:label1\" content=\"Written by\" \/>\n\t<meta name=\"twitter:data1\" content=\"hudo\" \/>\n<script type=\"application\/ld+json\" class=\"yoast-schema-graph\">{\"@context\":\"https:\/\/schema.org\",\"@graph\":[{\"@type\":\"Article\",\"@id\":\"https:\/\/hudo.com\/si\/aktualno\/miro-cerar-res-ne-ve-da-je-varnost-clovekova-pravica\/#article\",\"isPartOf\":{\"@id\":\"https:\/\/hudo.com\/si\/aktualno\/miro-cerar-res-ne-ve-da-je-varnost-clovekova-pravica\/\"},\"author\":{\"name\":\"hudo\",\"@id\":\"https:\/\/hudo.com\/si\/#\/schema\/person\/601cf3379633985b20f7e50f2bb47707\"},\"headline\":\"Miro Cerar res ne ve, da je varnost \u010dlovekova pravica?\",\"datePublished\":\"2016-08-05T04:28:40+00:00\",\"dateModified\":\"2016-08-06T07:06:27+00:00\",\"mainEntityOfPage\":{\"@id\":\"https:\/\/hudo.com\/si\/aktualno\/miro-cerar-res-ne-ve-da-je-varnost-clovekova-pravica\/\"},\"wordCount\":77,\"publisher\":{\"@id\":\"https:\/\/hudo.com\/si\/#organization\"},\"articleSection\":[\"Aktualno\"],\"inLanguage\":\"sl-SI\"},{\"@type\":\"WebPage\",\"@id\":\"https:\/\/hudo.com\/si\/aktualno\/miro-cerar-res-ne-ve-da-je-varnost-clovekova-pravica\/\",\"url\":\"https:\/\/hudo.com\/si\/aktualno\/miro-cerar-res-ne-ve-da-je-varnost-clovekova-pravica\/\",\"name\":\"Miro Cerar res ne ve, da je varnost \u010dlovekova pravica? - Hudo Slovenija\",\"isPartOf\":{\"@id\":\"https:\/\/hudo.com\/si\/#website\"},\"datePublished\":\"2016-08-05T04:28:40+00:00\",\"dateModified\":\"2016-08-06T07:06:27+00:00\",\"breadcrumb\":{\"@id\":\"https:\/\/hudo.com\/si\/aktualno\/miro-cerar-res-ne-ve-da-je-varnost-clovekova-pravica\/#breadcrumb\"},\"inLanguage\":\"sl-SI\",\"potentialAction\":[{\"@type\":\"ReadAction\",\"target\":[\"https:\/\/hudo.com\/si\/aktualno\/miro-cerar-res-ne-ve-da-je-varnost-clovekova-pravica\/\"]}]},{\"@type\":\"BreadcrumbList\",\"@id\":\"https:\/\/hudo.com\/si\/aktualno\/miro-cerar-res-ne-ve-da-je-varnost-clovekova-pravica\/#breadcrumb\",\"itemListElement\":[{\"@type\":\"ListItem\",\"position\":1,\"name\":\"Home\",\"item\":\"https:\/\/hudo.com\/si\/\"},{\"@type\":\"ListItem\",\"position\":2,\"name\":\"Miro Cerar res ne ve, da je varnost \u010dlovekova pravica?\"}]},{\"@type\":\"WebSite\",\"@id\":\"https:\/\/hudo.com\/si\/#website\",\"url\":\"https:\/\/hudo.com\/si\/\",\"name\":\"Hudo Slovenija\",\"description\":\"Vse novice iz Slovenije in sveta\",\"publisher\":{\"@id\":\"https:\/\/hudo.com\/si\/#organization\"},\"potentialAction\":[{\"@type\":\"SearchAction\",\"target\":{\"@type\":\"EntryPoint\",\"urlTemplate\":\"https:\/\/hudo.com\/si\/?s={search_term_string}\"},\"query-input\":\"required name=search_term_string\"}],\"inLanguage\":\"sl-SI\"},{\"@type\":\"Organization\",\"@id\":\"https:\/\/hudo.com\/si\/#organization\",\"name\":\"VSN Media\",\"url\":\"https:\/\/hudo.com\/si\/\",\"logo\":{\"@type\":\"ImageObject\",\"inLanguage\":\"sl-SI\",\"@id\":\"https:\/\/hudo.com\/si\/#\/schema\/logo\/image\/\",\"url\":\"https:\/\/hudo.com\/si\/wp-content\/uploads\/sites\/2\/2021\/03\/hudo-app-2.png\",\"contentUrl\":\"https:\/\/hudo.com\/si\/wp-content\/uploads\/sites\/2\/2021\/03\/hudo-app-2.png\",\"width\":2185,\"height\":2167,\"caption\":\"VSN Media\"},\"image\":{\"@id\":\"https:\/\/hudo.com\/si\/#\/schema\/logo\/image\/\"},\"sameAs\":[\"https:\/\/www.facebook.com\/hudo.si\",\"https:\/\/twitter.com\/hudo_si\"]},{\"@type\":\"Person\",\"@id\":\"https:\/\/hudo.com\/si\/#\/schema\/person\/601cf3379633985b20f7e50f2bb47707\",\"name\":\"hudo\",\"image\":{\"@type\":\"ImageObject\",\"inLanguage\":\"sl-SI\",\"@id\":\"https:\/\/hudo.com\/si\/#\/schema\/person\/image\/\",\"url\":\"https:\/\/secure.gravatar.com\/avatar\/c4ca25fa72cace7a696b52ff5db9e095?s=96&d=mm&r=g\",\"contentUrl\":\"https:\/\/secure.gravatar.com\/avatar\/c4ca25fa72cace7a696b52ff5db9e095?s=96&d=mm&r=g\",\"caption\":\"hudo\"},\"url\":\"https:\/\/hudo.com\/si\/author\/hudo\/\"}]}<\/script>\n<!-- \/ Yoast SEO plugin. -->","yoast_head_json":{"title":"Miro Cerar res ne ve, da je varnost \u010dlovekova pravica? - Hudo Slovenija","robots":{"index":"index","follow":"follow","max-snippet":"max-snippet:-1","max-image-preview":"max-image-preview:large","max-video-preview":"max-video-preview:-1"},"canonical":"https:\/\/hudo.com\/si\/aktualno\/miro-cerar-res-ne-ve-da-je-varnost-clovekova-pravica\/","og_locale":"sl_SI","og_type":"article","og_title":"Miro Cerar res ne ve, da je varnost \u010dlovekova pravica? - Hudo Slovenija","og_description":"Ni nas presenetilo, ko je predsednik vlade po seriji teroristi\u010dnih napadov v Evropi prej\u0161nji teden sklical Svet za nacionalno varnost. Bolj nas je za\u010dudila njegova izjava, ki jo je podal \u0161e pred sklicem. \u00bbVarnost je poleg \u010dlovekovih pravic na prvem mestu, zato mora biti vlada vseskozi zelo budna,\u00ab je dejal Miro Cerar. To o budnosti dr\u017ei, toda mar ni tudi varnost \u010dlovekova pravica?","og_url":"https:\/\/hudo.com\/si\/aktualno\/miro-cerar-res-ne-ve-da-je-varnost-clovekova-pravica\/","og_site_name":"Hudo Slovenija","article_publisher":"https:\/\/www.facebook.com\/hudo.si","article_published_time":"2016-08-05T04:28:40+00:00","article_modified_time":"2016-08-06T07:06:27+00:00","og_image":[{"width":2560,"height":1707,"url":"https:\/\/hudo.com\/si\/wp-content\/uploads\/sites\/2\/2016\/08\/photo_493268_20160710_5-scaled.jpg","type":"image\/jpeg"}],"author":"hudo","twitter_card":"summary_large_image","twitter_creator":"@hudo_si","twitter_site":"@hudo_si","twitter_misc":{"Written by":"hudo"},"schema":{"@context":"https:\/\/schema.org","@graph":[{"@type":"Article","@id":"https:\/\/hudo.com\/si\/aktualno\/miro-cerar-res-ne-ve-da-je-varnost-clovekova-pravica\/#article","isPartOf":{"@id":"https:\/\/hudo.com\/si\/aktualno\/miro-cerar-res-ne-ve-da-je-varnost-clovekova-pravica\/"},"author":{"name":"hudo","@id":"https:\/\/hudo.com\/si\/#\/schema\/person\/601cf3379633985b20f7e50f2bb47707"},"headline":"Miro Cerar res ne ve, da je varnost \u010dlovekova pravica?","datePublished":"2016-08-05T04:28:40+00:00","dateModified":"2016-08-06T07:06:27+00:00","mainEntityOfPage":{"@id":"https:\/\/hudo.com\/si\/aktualno\/miro-cerar-res-ne-ve-da-je-varnost-clovekova-pravica\/"},"wordCount":77,"publisher":{"@id":"https:\/\/hudo.com\/si\/#organization"},"articleSection":["Aktualno"],"inLanguage":"sl-SI"},{"@type":"WebPage","@id":"https:\/\/hudo.com\/si\/aktualno\/miro-cerar-res-ne-ve-da-je-varnost-clovekova-pravica\/","url":"https:\/\/hudo.com\/si\/aktualno\/miro-cerar-res-ne-ve-da-je-varnost-clovekova-pravica\/","name":"Miro Cerar res ne ve, da je varnost \u010dlovekova pravica? - Hudo Slovenija","isPartOf":{"@id":"https:\/\/hudo.com\/si\/#website"},"datePublished":"2016-08-05T04:28:40+00:00","dateModified":"2016-08-06T07:06:27+00:00","breadcrumb":{"@id":"https:\/\/hudo.com\/si\/aktualno\/miro-cerar-res-ne-ve-da-je-varnost-clovekova-pravica\/#breadcrumb"},"inLanguage":"sl-SI","potentialAction":[{"@type":"ReadAction","target":["https:\/\/hudo.com\/si\/aktualno\/miro-cerar-res-ne-ve-da-je-varnost-clovekova-pravica\/"]}]},{"@type":"BreadcrumbList","@id":"https:\/\/hudo.com\/si\/aktualno\/miro-cerar-res-ne-ve-da-je-varnost-clovekova-pravica\/#breadcrumb","itemListElement":[{"@type":"ListItem","position":1,"name":"Home","item":"https:\/\/hudo.com\/si\/"},{"@type":"ListItem","position":2,"name":"Miro Cerar res ne ve, da je varnost \u010dlovekova pravica?"}]},{"@type":"WebSite","@id":"https:\/\/hudo.com\/si\/#website","url":"https:\/\/hudo.com\/si\/","name":"Hudo Slovenija","description":"Vse novice iz Slovenije in sveta","publisher":{"@id":"https:\/\/hudo.com\/si\/#organization"},"potentialAction":[{"@type":"SearchAction","target":{"@type":"EntryPoint","urlTemplate":"https:\/\/hudo.com\/si\/?s={search_term_string}"},"query-input":"required name=search_term_string"}],"inLanguage":"sl-SI"},{"@type":"Organization","@id":"https:\/\/hudo.com\/si\/#organization","name":"VSN Media","url":"https:\/\/hudo.com\/si\/","logo":{"@type":"ImageObject","inLanguage":"sl-SI","@id":"https:\/\/hudo.com\/si\/#\/schema\/logo\/image\/","url":"https:\/\/hudo.com\/si\/wp-content\/uploads\/sites\/2\/2021\/03\/hudo-app-2.png","contentUrl":"https:\/\/hudo.com\/si\/wp-content\/uploads\/sites\/2\/2021\/03\/hudo-app-2.png","width":2185,"height":2167,"caption":"VSN Media"},"image":{"@id":"https:\/\/hudo.com\/si\/#\/schema\/logo\/image\/"},"sameAs":["https:\/\/www.facebook.com\/hudo.si","https:\/\/twitter.com\/hudo_si"]},{"@type":"Person","@id":"https:\/\/hudo.com\/si\/#\/schema\/person\/601cf3379633985b20f7e50f2bb47707","name":"hudo","image":{"@type":"ImageObject","inLanguage":"sl-SI","@id":"https:\/\/hudo.com\/si\/#\/schema\/person\/image\/","url":"https:\/\/secure.gravatar.com\/avatar\/c4ca25fa72cace7a696b52ff5db9e095?s=96&d=mm&r=g","contentUrl":"https:\/\/secure.gravatar.com\/avatar\/c4ca25fa72cace7a696b52ff5db9e095?s=96&d=mm&r=g","caption":"hudo"},"url":"https:\/\/hudo.com\/si\/author\/hudo\/"}]}},"amp_enabled":true,"_links":{"self":[{"href":"https:\/\/hudo.com\/si\/wp-json\/wp\/v2\/posts\/108698"}],"collection":[{"href":"https:\/\/hudo.com\/si\/wp-json\/wp\/v2\/posts"}],"about":[{"href":"https:\/\/hudo.com\/si\/wp-json\/wp\/v2\/types\/post"}],"author":[{"embeddable":true,"href":"https:\/\/hudo.com\/si\/wp-json\/wp\/v2\/users\/1"}],"replies":[{"embeddable":true,"href":"https:\/\/hudo.com\/si\/wp-json\/wp\/v2\/comments?post=108698"}],"version-history":[{"count":1,"href":"https:\/\/hudo.com\/si\/wp-json\/wp\/v2\/posts\/108698\/revisions"}],"predecessor-version":[{"id":108886,"href":"https:\/\/hudo.com\/si\/wp-json\/wp\/v2\/posts\/108698\/revisions\/108886"}],"wp:attachment":[{"href":"https:\/\/hudo.com\/si\/wp-json\/wp\/v2\/media?parent=108698"}],"wp:term":[{"taxonomy":"category","embeddable":true,"href":"https:\/\/hudo.com\/si\/wp-json\/wp\/v2\/categories?post=108698"},{"taxonomy":"post_tag","embeddable":true,"href":"https:\/\/hudo.com\/si\/wp-json\/wp\/v2\/tags?post=108698"},{"taxonomy":"source","embeddable":true,"href":"https:\/\/hudo.com\/si\/wp-json\/wp\/v2\/source?post=108698"},{"taxonomy":"supertag","embeddable":true,"href":"https:\/\/hudo.com\/si\/wp-json\/wp\/v2\/supertag?post=108698"}],"curies":[{"name":"wp","href":"https:\/\/api.w.org\/{rel}","templated":true}]}}