{"id":108793,"date":"2016-08-05T17:52:42","date_gmt":"2016-08-05T15:52:42","guid":{"rendered":"http:\/\/hudo.com\/si\/2016\/08\/05\/danilo-turk-moz-brez-trdnih-stalisc-padel-na-cetrto-mesto\/"},"modified":"2016-08-06T19:32:36","modified_gmt":"2016-08-06T17:32:36","slug":"danilo-turk-moz-brez-trdnih-stalisc-padel-na-cetrto-mesto","status":"publish","type":"post","link":"https:\/\/hudo.com\/si\/aktualno\/danilo-turk-moz-brez-trdnih-stalisc-padel-na-cetrto-mesto\/","title":{"rendered":"Danilo T\u00fcrk, mo\u017e brez trdnih stali\u0161\u010d, padel na \u010detrto mesto"},"content":{"rendered":"<p>Slovenska tiskovna agencija (STA) je danes prenesla \u010dlanek revije Foreign policy, ki je pisala, da naj bi kandidatura Danila T\u00fcrka za generalnega sekretarja ZN &#8220;dobila zagon&#8221;. Nekaj ur kasneje je T\u00fcrk na drugem neformalnem glasovanju v Varnostnem svetu ZN dobil manj\u0161o podporo kot prvi\u010d in padel na \u010detrto mesto.<\/p>\n","protected":false},"excerpt":{"rendered":"<p>Slovenska tiskovna agencija (STA) je danes prenesla \u010dlanek revije Foreign policy, ki je pisala, da naj bi kandidatura Danila T\u00fcrka za generalnega sekretarja ZN &#8220;dobila zagon&#8221;. Nekaj ur kasneje je T\u00fcrk na drugem neformalnem glasovanju v Varnostnem svetu ZN dobil manj\u0161o podporo kot prvi\u010d in padel na \u010detrto mesto.<\/p>\n","protected":false},"author":1,"featured_media":0,"comment_status":"closed","ping_status":"closed","sticky":false,"template":"","format":"standard","meta":{"footnotes":""},"categories":[1179],"tags":[],"source":[5113],"supertag":[],"acf":[],"yoast_head":"<!-- This site is optimized with the Yoast SEO plugin v21.3 - https:\/\/yoast.com\/wordpress\/plugins\/seo\/ -->\n<title>Danilo T\u00fcrk, mo\u017e brez trdnih stali\u0161\u010d, padel na \u010detrto mesto - Hudo Slovenija<\/title>\n<meta name=\"robots\" content=\"index, follow, max-snippet:-1, max-image-preview:large, max-video-preview:-1\" \/>\n<link rel=\"canonical\" href=\"https:\/\/hudo.com\/si\/aktualno\/danilo-turk-moz-brez-trdnih-stalisc-padel-na-cetrto-mesto\/\" \/>\n<meta property=\"og:locale\" content=\"sl_SI\" \/>\n<meta property=\"og:type\" content=\"article\" \/>\n<meta property=\"og:title\" content=\"Danilo T\u00fcrk, mo\u017e brez trdnih stali\u0161\u010d, padel na \u010detrto mesto - Hudo Slovenija\" \/>\n<meta property=\"og:description\" content=\"Slovenska tiskovna agencija (STA) je danes prenesla \u010dlanek revije Foreign policy, ki je pisala, da naj bi kandidatura Danila T\u00fcrka za generalnega sekretarja ZN &quot;dobila zagon&quot;. Nekaj ur kasneje je T\u00fcrk na drugem neformalnem glasovanju v Varnostnem svetu ZN dobil manj\u0161o podporo kot prvi\u010d in padel na \u010detrto mesto.\" \/>\n<meta property=\"og:url\" content=\"https:\/\/hudo.com\/si\/aktualno\/danilo-turk-moz-brez-trdnih-stalisc-padel-na-cetrto-mesto\/\" \/>\n<meta property=\"og:site_name\" content=\"Hudo Slovenija\" \/>\n<meta property=\"article:publisher\" content=\"https:\/\/www.facebook.com\/hudo.si\" \/>\n<meta property=\"article:published_time\" content=\"2016-08-05T15:52:42+00:00\" \/>\n<meta property=\"article:modified_time\" content=\"2016-08-06T17:32:36+00:00\" \/>\n<meta property=\"og:image\" content=\"https:\/\/hudo.com\/si\/wp-content\/uploads\/sites\/2\/2016\/08\/turk_zn_re_22.10.13.jpg\" \/>\n\t<meta property=\"og:image:width\" content=\"636\" \/>\n\t<meta property=\"og:image:height\" content=\"366\" \/>\n\t<meta property=\"og:image:type\" content=\"image\/jpeg\" \/>\n<meta name=\"author\" content=\"hudo\" \/>\n<meta name=\"twitter:card\" content=\"summary_large_image\" \/>\n<meta name=\"twitter:creator\" content=\"@hudo_si\" \/>\n<meta name=\"twitter:site\" content=\"@hudo_si\" \/>\n<meta name=\"twitter:label1\" content=\"Written by\" \/>\n\t<meta name=\"twitter:data1\" content=\"hudo\" \/>\n<script type=\"application\/ld+json\" class=\"yoast-schema-graph\">{\"@context\":\"https:\/\/schema.org\",\"@graph\":[{\"@type\":\"Article\",\"@id\":\"https:\/\/hudo.com\/si\/aktualno\/danilo-turk-moz-brez-trdnih-stalisc-padel-na-cetrto-mesto\/#article\",\"isPartOf\":{\"@id\":\"https:\/\/hudo.com\/si\/aktualno\/danilo-turk-moz-brez-trdnih-stalisc-padel-na-cetrto-mesto\/\"},\"author\":{\"name\":\"hudo\",\"@id\":\"https:\/\/hudo.com\/si\/#\/schema\/person\/601cf3379633985b20f7e50f2bb47707\"},\"headline\":\"Danilo T\u00fcrk, mo\u017e brez trdnih stali\u0161\u010d, padel na \u010detrto mesto\",\"datePublished\":\"2016-08-05T15:52:42+00:00\",\"dateModified\":\"2016-08-06T17:32:36+00:00\",\"mainEntityOfPage\":{\"@id\":\"https:\/\/hudo.com\/si\/aktualno\/danilo-turk-moz-brez-trdnih-stalisc-padel-na-cetrto-mesto\/\"},\"wordCount\":63,\"publisher\":{\"@id\":\"https:\/\/hudo.com\/si\/#organization\"},\"articleSection\":[\"Aktualno\"],\"inLanguage\":\"sl-SI\"},{\"@type\":\"WebPage\",\"@id\":\"https:\/\/hudo.com\/si\/aktualno\/danilo-turk-moz-brez-trdnih-stalisc-padel-na-cetrto-mesto\/\",\"url\":\"https:\/\/hudo.com\/si\/aktualno\/danilo-turk-moz-brez-trdnih-stalisc-padel-na-cetrto-mesto\/\",\"name\":\"Danilo T\u00fcrk, mo\u017e brez trdnih stali\u0161\u010d, padel na \u010detrto mesto - Hudo Slovenija\",\"isPartOf\":{\"@id\":\"https:\/\/hudo.com\/si\/#website\"},\"datePublished\":\"2016-08-05T15:52:42+00:00\",\"dateModified\":\"2016-08-06T17:32:36+00:00\",\"breadcrumb\":{\"@id\":\"https:\/\/hudo.com\/si\/aktualno\/danilo-turk-moz-brez-trdnih-stalisc-padel-na-cetrto-mesto\/#breadcrumb\"},\"inLanguage\":\"sl-SI\",\"potentialAction\":[{\"@type\":\"ReadAction\",\"target\":[\"https:\/\/hudo.com\/si\/aktualno\/danilo-turk-moz-brez-trdnih-stalisc-padel-na-cetrto-mesto\/\"]}]},{\"@type\":\"BreadcrumbList\",\"@id\":\"https:\/\/hudo.com\/si\/aktualno\/danilo-turk-moz-brez-trdnih-stalisc-padel-na-cetrto-mesto\/#breadcrumb\",\"itemListElement\":[{\"@type\":\"ListItem\",\"position\":1,\"name\":\"Home\",\"item\":\"https:\/\/hudo.com\/si\/\"},{\"@type\":\"ListItem\",\"position\":2,\"name\":\"Danilo T\u00fcrk, mo\u017e brez trdnih stali\u0161\u010d, padel na \u010detrto mesto\"}]},{\"@type\":\"WebSite\",\"@id\":\"https:\/\/hudo.com\/si\/#website\",\"url\":\"https:\/\/hudo.com\/si\/\",\"name\":\"Hudo Slovenija\",\"description\":\"Vse novice iz Slovenije in sveta\",\"publisher\":{\"@id\":\"https:\/\/hudo.com\/si\/#organization\"},\"potentialAction\":[{\"@type\":\"SearchAction\",\"target\":{\"@type\":\"EntryPoint\",\"urlTemplate\":\"https:\/\/hudo.com\/si\/?s={search_term_string}\"},\"query-input\":\"required name=search_term_string\"}],\"inLanguage\":\"sl-SI\"},{\"@type\":\"Organization\",\"@id\":\"https:\/\/hudo.com\/si\/#organization\",\"name\":\"VSN Media\",\"url\":\"https:\/\/hudo.com\/si\/\",\"logo\":{\"@type\":\"ImageObject\",\"inLanguage\":\"sl-SI\",\"@id\":\"https:\/\/hudo.com\/si\/#\/schema\/logo\/image\/\",\"url\":\"https:\/\/hudo.com\/si\/wp-content\/uploads\/sites\/2\/2021\/03\/hudo-app-2.png\",\"contentUrl\":\"https:\/\/hudo.com\/si\/wp-content\/uploads\/sites\/2\/2021\/03\/hudo-app-2.png\",\"width\":2185,\"height\":2167,\"caption\":\"VSN Media\"},\"image\":{\"@id\":\"https:\/\/hudo.com\/si\/#\/schema\/logo\/image\/\"},\"sameAs\":[\"https:\/\/www.facebook.com\/hudo.si\",\"https:\/\/twitter.com\/hudo_si\"]},{\"@type\":\"Person\",\"@id\":\"https:\/\/hudo.com\/si\/#\/schema\/person\/601cf3379633985b20f7e50f2bb47707\",\"name\":\"hudo\",\"image\":{\"@type\":\"ImageObject\",\"inLanguage\":\"sl-SI\",\"@id\":\"https:\/\/hudo.com\/si\/#\/schema\/person\/image\/\",\"url\":\"https:\/\/secure.gravatar.com\/avatar\/c4ca25fa72cace7a696b52ff5db9e095?s=96&d=mm&r=g\",\"contentUrl\":\"https:\/\/secure.gravatar.com\/avatar\/c4ca25fa72cace7a696b52ff5db9e095?s=96&d=mm&r=g\",\"caption\":\"hudo\"},\"url\":\"https:\/\/hudo.com\/si\/author\/hudo\/\"}]}<\/script>\n<!-- \/ Yoast SEO plugin. -->","yoast_head_json":{"title":"Danilo T\u00fcrk, mo\u017e brez trdnih stali\u0161\u010d, padel na \u010detrto mesto - Hudo Slovenija","robots":{"index":"index","follow":"follow","max-snippet":"max-snippet:-1","max-image-preview":"max-image-preview:large","max-video-preview":"max-video-preview:-1"},"canonical":"https:\/\/hudo.com\/si\/aktualno\/danilo-turk-moz-brez-trdnih-stalisc-padel-na-cetrto-mesto\/","og_locale":"sl_SI","og_type":"article","og_title":"Danilo T\u00fcrk, mo\u017e brez trdnih stali\u0161\u010d, padel na \u010detrto mesto - Hudo Slovenija","og_description":"Slovenska tiskovna agencija (STA) je danes prenesla \u010dlanek revije Foreign policy, ki je pisala, da naj bi kandidatura Danila T\u00fcrka za generalnega sekretarja ZN \"dobila zagon\". Nekaj ur kasneje je T\u00fcrk na drugem neformalnem glasovanju v Varnostnem svetu ZN dobil manj\u0161o podporo kot prvi\u010d in padel na \u010detrto mesto.","og_url":"https:\/\/hudo.com\/si\/aktualno\/danilo-turk-moz-brez-trdnih-stalisc-padel-na-cetrto-mesto\/","og_site_name":"Hudo Slovenija","article_publisher":"https:\/\/www.facebook.com\/hudo.si","article_published_time":"2016-08-05T15:52:42+00:00","article_modified_time":"2016-08-06T17:32:36+00:00","og_image":[{"width":636,"height":366,"url":"https:\/\/hudo.com\/si\/wp-content\/uploads\/sites\/2\/2016\/08\/turk_zn_re_22.10.13.jpg","type":"image\/jpeg"}],"author":"hudo","twitter_card":"summary_large_image","twitter_creator":"@hudo_si","twitter_site":"@hudo_si","twitter_misc":{"Written by":"hudo"},"schema":{"@context":"https:\/\/schema.org","@graph":[{"@type":"Article","@id":"https:\/\/hudo.com\/si\/aktualno\/danilo-turk-moz-brez-trdnih-stalisc-padel-na-cetrto-mesto\/#article","isPartOf":{"@id":"https:\/\/hudo.com\/si\/aktualno\/danilo-turk-moz-brez-trdnih-stalisc-padel-na-cetrto-mesto\/"},"author":{"name":"hudo","@id":"https:\/\/hudo.com\/si\/#\/schema\/person\/601cf3379633985b20f7e50f2bb47707"},"headline":"Danilo T\u00fcrk, mo\u017e brez trdnih stali\u0161\u010d, padel na \u010detrto mesto","datePublished":"2016-08-05T15:52:42+00:00","dateModified":"2016-08-06T17:32:36+00:00","mainEntityOfPage":{"@id":"https:\/\/hudo.com\/si\/aktualno\/danilo-turk-moz-brez-trdnih-stalisc-padel-na-cetrto-mesto\/"},"wordCount":63,"publisher":{"@id":"https:\/\/hudo.com\/si\/#organization"},"articleSection":["Aktualno"],"inLanguage":"sl-SI"},{"@type":"WebPage","@id":"https:\/\/hudo.com\/si\/aktualno\/danilo-turk-moz-brez-trdnih-stalisc-padel-na-cetrto-mesto\/","url":"https:\/\/hudo.com\/si\/aktualno\/danilo-turk-moz-brez-trdnih-stalisc-padel-na-cetrto-mesto\/","name":"Danilo T\u00fcrk, mo\u017e brez trdnih stali\u0161\u010d, padel na \u010detrto mesto - Hudo Slovenija","isPartOf":{"@id":"https:\/\/hudo.com\/si\/#website"},"datePublished":"2016-08-05T15:52:42+00:00","dateModified":"2016-08-06T17:32:36+00:00","breadcrumb":{"@id":"https:\/\/hudo.com\/si\/aktualno\/danilo-turk-moz-brez-trdnih-stalisc-padel-na-cetrto-mesto\/#breadcrumb"},"inLanguage":"sl-SI","potentialAction":[{"@type":"ReadAction","target":["https:\/\/hudo.com\/si\/aktualno\/danilo-turk-moz-brez-trdnih-stalisc-padel-na-cetrto-mesto\/"]}]},{"@type":"BreadcrumbList","@id":"https:\/\/hudo.com\/si\/aktualno\/danilo-turk-moz-brez-trdnih-stalisc-padel-na-cetrto-mesto\/#breadcrumb","itemListElement":[{"@type":"ListItem","position":1,"name":"Home","item":"https:\/\/hudo.com\/si\/"},{"@type":"ListItem","position":2,"name":"Danilo T\u00fcrk, mo\u017e brez trdnih stali\u0161\u010d, padel na \u010detrto mesto"}]},{"@type":"WebSite","@id":"https:\/\/hudo.com\/si\/#website","url":"https:\/\/hudo.com\/si\/","name":"Hudo Slovenija","description":"Vse novice iz Slovenije in sveta","publisher":{"@id":"https:\/\/hudo.com\/si\/#organization"},"potentialAction":[{"@type":"SearchAction","target":{"@type":"EntryPoint","urlTemplate":"https:\/\/hudo.com\/si\/?s={search_term_string}"},"query-input":"required name=search_term_string"}],"inLanguage":"sl-SI"},{"@type":"Organization","@id":"https:\/\/hudo.com\/si\/#organization","name":"VSN Media","url":"https:\/\/hudo.com\/si\/","logo":{"@type":"ImageObject","inLanguage":"sl-SI","@id":"https:\/\/hudo.com\/si\/#\/schema\/logo\/image\/","url":"https:\/\/hudo.com\/si\/wp-content\/uploads\/sites\/2\/2021\/03\/hudo-app-2.png","contentUrl":"https:\/\/hudo.com\/si\/wp-content\/uploads\/sites\/2\/2021\/03\/hudo-app-2.png","width":2185,"height":2167,"caption":"VSN Media"},"image":{"@id":"https:\/\/hudo.com\/si\/#\/schema\/logo\/image\/"},"sameAs":["https:\/\/www.facebook.com\/hudo.si","https:\/\/twitter.com\/hudo_si"]},{"@type":"Person","@id":"https:\/\/hudo.com\/si\/#\/schema\/person\/601cf3379633985b20f7e50f2bb47707","name":"hudo","image":{"@type":"ImageObject","inLanguage":"sl-SI","@id":"https:\/\/hudo.com\/si\/#\/schema\/person\/image\/","url":"https:\/\/secure.gravatar.com\/avatar\/c4ca25fa72cace7a696b52ff5db9e095?s=96&d=mm&r=g","contentUrl":"https:\/\/secure.gravatar.com\/avatar\/c4ca25fa72cace7a696b52ff5db9e095?s=96&d=mm&r=g","caption":"hudo"},"url":"https:\/\/hudo.com\/si\/author\/hudo\/"}]}},"amp_enabled":true,"_links":{"self":[{"href":"https:\/\/hudo.com\/si\/wp-json\/wp\/v2\/posts\/108793"}],"collection":[{"href":"https:\/\/hudo.com\/si\/wp-json\/wp\/v2\/posts"}],"about":[{"href":"https:\/\/hudo.com\/si\/wp-json\/wp\/v2\/types\/post"}],"author":[{"embeddable":true,"href":"https:\/\/hudo.com\/si\/wp-json\/wp\/v2\/users\/1"}],"replies":[{"embeddable":true,"href":"https:\/\/hudo.com\/si\/wp-json\/wp\/v2\/comments?post=108793"}],"version-history":[{"count":1,"href":"https:\/\/hudo.com\/si\/wp-json\/wp\/v2\/posts\/108793\/revisions"}],"predecessor-version":[{"id":108959,"href":"https:\/\/hudo.com\/si\/wp-json\/wp\/v2\/posts\/108793\/revisions\/108959"}],"wp:attachment":[{"href":"https:\/\/hudo.com\/si\/wp-json\/wp\/v2\/media?parent=108793"}],"wp:term":[{"taxonomy":"category","embeddable":true,"href":"https:\/\/hudo.com\/si\/wp-json\/wp\/v2\/categories?post=108793"},{"taxonomy":"post_tag","embeddable":true,"href":"https:\/\/hudo.com\/si\/wp-json\/wp\/v2\/tags?post=108793"},{"taxonomy":"source","embeddable":true,"href":"https:\/\/hudo.com\/si\/wp-json\/wp\/v2\/source?post=108793"},{"taxonomy":"supertag","embeddable":true,"href":"https:\/\/hudo.com\/si\/wp-json\/wp\/v2\/supertag?post=108793"}],"curies":[{"name":"wp","href":"https:\/\/api.w.org\/{rel}","templated":true}]}}