{"id":108801,"date":"2016-08-05T16:23:00","date_gmt":"2016-08-05T14:23:00","guid":{"rendered":"http:\/\/hudo.com\/si\/2016\/08\/05\/nemili-incidenti-v-kninu\/"},"modified":"2016-08-06T14:32:24","modified_gmt":"2016-08-06T12:32:24","slug":"nemili-incidenti-v-kninu","status":"publish","type":"post","link":"https:\/\/hudo.com\/si\/aktualno\/nemili-incidenti-v-kninu\/","title":{"rendered":"Nemili incidenti v Kninu"},"content":{"rendered":"<p>Kategorija: Sose\u0161\u010dina Fri, 05 Aug 2016 18:23:00 +0200  Knin &#8211; Ob robu dana\u0161nje osrednje proslave v Kninu ob 21. obletnici spomina na operacijo Nevihta leta 1995, ko je Hrva\u0161ka osvobodila ozemlje v rokah srbskih upornikov, je pri\u0161lo do ve\u010d incidentov, poro\u010dajo hrva\u0161ki mediji. Skupina hrva\u0161kih veteranov je hodila po mestu in vzklikala usta\u0161ki pozdrav, skupina mladih pa je se\u017egala srbsko zastavo.Kot poro\u010da hrva\u0161ki spletni portal Index, je dopoldne skupina veteranov hodila po sredi\u0161\u010du mesta in vzklikala usta\u0161ki pozdrav \u00bbZa dom spremni!\u00ab, peli so tudi usta\u0161ke pesmi. Policija ni reagirala, odobravanje pa je skupini izra\u017ealo nekaj hrva\u0161kih \u010dastnikov v sve\u010danih uniformah, ki so stali ob cesti.V uradu predsednice dr\u017eave Kolinde Grabar-Kitarovi\u0107 so za Index povedali, da predsednica najostreje obsoja tovrstne incidente. Poudarila je, da obele\u017eitev Nevihte ni ne primeren kraj niti \u010das zanje.Popoldne so se incidenti nadaljevali. Skupina mladih\u00a0&#8230;<\/p>\n","protected":false},"excerpt":{"rendered":"<p>Kategorija: Sose\u0161\u010dina Fri, 05 Aug 2016 18:23:00 +0200  Knin &#8211; Ob robu dana\u0161nje osrednje proslave v Kninu ob 21. obletnici spomina na operacijo Nevihta leta 1995, ko je Hrva\u0161ka osvobodila ozemlje v rokah srbskih upornikov, je pri\u0161lo do ve\u010d incidentov, poro\u010dajo hrva\u0161ki mediji. Skupina hrva\u0161kih veteranov je hodila po mestu in vzklikala usta\u0161ki pozdrav, skupina mladih pa je se\u017egala srbsko zastavo.Kot poro\u010da hrva\u0161ki spletni portal Index, je dopoldne skupina veteranov hodila po sredi\u0161\u010du mesta in vzklikala usta\u0161ki pozdrav \u00bbZa dom spremni!\u00ab, peli so tudi usta\u0161ke pesmi. Policija ni reagirala, odobravanje pa je skupini izra\u017ealo nekaj hrva\u0161kih \u010dastnikov v sve\u010danih uniformah, ki so stali ob cesti.V uradu predsednice dr\u017eave Kolinde Grabar-Kitarovi\u0107 so za Index povedali, da predsednica najostreje obsoja tovrstne incidente. Poudarila je, da obele\u017eitev Nevihte ni ne primeren kraj niti \u010das zanje.Popoldne so se incidenti nadaljevali. Skupina mladih\u00a0&#8230;<\/p>\n","protected":false},"author":1,"featured_media":0,"comment_status":"closed","ping_status":"closed","sticky":false,"template":"","format":"standard","meta":{"footnotes":""},"categories":[1179],"tags":[],"source":[4511],"supertag":[],"acf":[],"yoast_head":"<!-- This site is optimized with the Yoast SEO plugin v21.3 - https:\/\/yoast.com\/wordpress\/plugins\/seo\/ -->\n<title>Nemili incidenti v Kninu - Hudo Slovenija<\/title>\n<meta name=\"robots\" content=\"index, follow, max-snippet:-1, max-image-preview:large, max-video-preview:-1\" \/>\n<link rel=\"canonical\" href=\"https:\/\/hudo.com\/si\/aktualno\/nemili-incidenti-v-kninu\/\" \/>\n<meta property=\"og:locale\" content=\"sl_SI\" \/>\n<meta property=\"og:type\" content=\"article\" \/>\n<meta property=\"og:title\" content=\"Nemili incidenti v Kninu - Hudo Slovenija\" \/>\n<meta property=\"og:description\" content=\"Kategorija: Sose\u0161\u010dina Fri, 05 Aug 2016 18:23:00 +0200 Knin - Ob robu dana\u0161nje osrednje proslave v Kninu ob 21. obletnici spomina na operacijo Nevihta leta 1995, ko je Hrva\u0161ka osvobodila ozemlje v rokah srbskih upornikov, je pri\u0161lo do ve\u010d incidentov, poro\u010dajo hrva\u0161ki mediji. Skupina hrva\u0161kih veteranov je hodila po mestu in vzklikala usta\u0161ki pozdrav, skupina mladih pa je se\u017egala srbsko zastavo.Kot poro\u010da hrva\u0161ki spletni portal Index, je dopoldne skupina veteranov hodila po sredi\u0161\u010du mesta in vzklikala usta\u0161ki pozdrav \u00bbZa dom spremni!\u00ab, peli so tudi usta\u0161ke pesmi. Policija ni reagirala, odobravanje pa je skupini izra\u017ealo nekaj hrva\u0161kih \u010dastnikov v sve\u010danih uniformah, ki so stali ob cesti.V uradu predsednice dr\u017eave Kolinde Grabar-Kitarovi\u0107 so za Index povedali, da predsednica najostreje obsoja tovrstne incidente. Poudarila je, da obele\u017eitev Nevihte ni ne primeren kraj niti \u010das zanje.Popoldne so se incidenti nadaljevali. Skupina mladih\u00a0...\" \/>\n<meta property=\"og:url\" content=\"https:\/\/hudo.com\/si\/aktualno\/nemili-incidenti-v-kninu\/\" \/>\n<meta property=\"og:site_name\" content=\"Hudo Slovenija\" \/>\n<meta property=\"article:publisher\" content=\"https:\/\/www.facebook.com\/hudo.si\" \/>\n<meta property=\"article:published_time\" content=\"2016-08-05T14:23:00+00:00\" \/>\n<meta property=\"article:modified_time\" content=\"2016-08-06T12:32:24+00:00\" \/>\n<meta property=\"og:image\" content=\"https:\/\/hudo.com\/si\/wp-content\/uploads\/sites\/2\/2016\/08\/480x290_Zunanja__RTRJOG3_hires0-1.jpeg\" \/>\n\t<meta property=\"og:image:width\" content=\"480\" \/>\n\t<meta property=\"og:image:height\" content=\"290\" \/>\n\t<meta property=\"og:image:type\" content=\"image\/jpeg\" \/>\n<meta name=\"author\" content=\"hudo\" \/>\n<meta name=\"twitter:card\" content=\"summary_large_image\" \/>\n<meta name=\"twitter:creator\" content=\"@hudo_si\" \/>\n<meta name=\"twitter:site\" content=\"@hudo_si\" \/>\n<meta name=\"twitter:label1\" content=\"Written by\" \/>\n\t<meta name=\"twitter:data1\" content=\"hudo\" \/>\n\t<meta name=\"twitter:label2\" content=\"Est. reading time\" \/>\n\t<meta name=\"twitter:data2\" content=\"1 minuta\" \/>\n<script type=\"application\/ld+json\" class=\"yoast-schema-graph\">{\"@context\":\"https:\/\/schema.org\",\"@graph\":[{\"@type\":\"Article\",\"@id\":\"https:\/\/hudo.com\/si\/aktualno\/nemili-incidenti-v-kninu\/#article\",\"isPartOf\":{\"@id\":\"https:\/\/hudo.com\/si\/aktualno\/nemili-incidenti-v-kninu\/\"},\"author\":{\"name\":\"hudo\",\"@id\":\"https:\/\/hudo.com\/si\/#\/schema\/person\/601cf3379633985b20f7e50f2bb47707\"},\"headline\":\"Nemili incidenti v Kninu\",\"datePublished\":\"2016-08-05T14:23:00+00:00\",\"dateModified\":\"2016-08-06T12:32:24+00:00\",\"mainEntityOfPage\":{\"@id\":\"https:\/\/hudo.com\/si\/aktualno\/nemili-incidenti-v-kninu\/\"},\"wordCount\":158,\"publisher\":{\"@id\":\"https:\/\/hudo.com\/si\/#organization\"},\"articleSection\":[\"Aktualno\"],\"inLanguage\":\"sl-SI\"},{\"@type\":\"WebPage\",\"@id\":\"https:\/\/hudo.com\/si\/aktualno\/nemili-incidenti-v-kninu\/\",\"url\":\"https:\/\/hudo.com\/si\/aktualno\/nemili-incidenti-v-kninu\/\",\"name\":\"Nemili incidenti v Kninu - Hudo Slovenija\",\"isPartOf\":{\"@id\":\"https:\/\/hudo.com\/si\/#website\"},\"datePublished\":\"2016-08-05T14:23:00+00:00\",\"dateModified\":\"2016-08-06T12:32:24+00:00\",\"breadcrumb\":{\"@id\":\"https:\/\/hudo.com\/si\/aktualno\/nemili-incidenti-v-kninu\/#breadcrumb\"},\"inLanguage\":\"sl-SI\",\"potentialAction\":[{\"@type\":\"ReadAction\",\"target\":[\"https:\/\/hudo.com\/si\/aktualno\/nemili-incidenti-v-kninu\/\"]}]},{\"@type\":\"BreadcrumbList\",\"@id\":\"https:\/\/hudo.com\/si\/aktualno\/nemili-incidenti-v-kninu\/#breadcrumb\",\"itemListElement\":[{\"@type\":\"ListItem\",\"position\":1,\"name\":\"Home\",\"item\":\"https:\/\/hudo.com\/si\/\"},{\"@type\":\"ListItem\",\"position\":2,\"name\":\"Nemili incidenti v Kninu\"}]},{\"@type\":\"WebSite\",\"@id\":\"https:\/\/hudo.com\/si\/#website\",\"url\":\"https:\/\/hudo.com\/si\/\",\"name\":\"Hudo Slovenija\",\"description\":\"Vse novice iz Slovenije in sveta\",\"publisher\":{\"@id\":\"https:\/\/hudo.com\/si\/#organization\"},\"potentialAction\":[{\"@type\":\"SearchAction\",\"target\":{\"@type\":\"EntryPoint\",\"urlTemplate\":\"https:\/\/hudo.com\/si\/?s={search_term_string}\"},\"query-input\":\"required name=search_term_string\"}],\"inLanguage\":\"sl-SI\"},{\"@type\":\"Organization\",\"@id\":\"https:\/\/hudo.com\/si\/#organization\",\"name\":\"VSN Media\",\"url\":\"https:\/\/hudo.com\/si\/\",\"logo\":{\"@type\":\"ImageObject\",\"inLanguage\":\"sl-SI\",\"@id\":\"https:\/\/hudo.com\/si\/#\/schema\/logo\/image\/\",\"url\":\"https:\/\/hudo.com\/si\/wp-content\/uploads\/sites\/2\/2021\/03\/hudo-app-2.png\",\"contentUrl\":\"https:\/\/hudo.com\/si\/wp-content\/uploads\/sites\/2\/2021\/03\/hudo-app-2.png\",\"width\":2185,\"height\":2167,\"caption\":\"VSN Media\"},\"image\":{\"@id\":\"https:\/\/hudo.com\/si\/#\/schema\/logo\/image\/\"},\"sameAs\":[\"https:\/\/www.facebook.com\/hudo.si\",\"https:\/\/twitter.com\/hudo_si\"]},{\"@type\":\"Person\",\"@id\":\"https:\/\/hudo.com\/si\/#\/schema\/person\/601cf3379633985b20f7e50f2bb47707\",\"name\":\"hudo\",\"image\":{\"@type\":\"ImageObject\",\"inLanguage\":\"sl-SI\",\"@id\":\"https:\/\/hudo.com\/si\/#\/schema\/person\/image\/\",\"url\":\"https:\/\/secure.gravatar.com\/avatar\/c4ca25fa72cace7a696b52ff5db9e095?s=96&d=mm&r=g\",\"contentUrl\":\"https:\/\/secure.gravatar.com\/avatar\/c4ca25fa72cace7a696b52ff5db9e095?s=96&d=mm&r=g\",\"caption\":\"hudo\"},\"url\":\"https:\/\/hudo.com\/si\/author\/hudo\/\"}]}<\/script>\n<!-- \/ Yoast SEO plugin. -->","yoast_head_json":{"title":"Nemili incidenti v Kninu - Hudo Slovenija","robots":{"index":"index","follow":"follow","max-snippet":"max-snippet:-1","max-image-preview":"max-image-preview:large","max-video-preview":"max-video-preview:-1"},"canonical":"https:\/\/hudo.com\/si\/aktualno\/nemili-incidenti-v-kninu\/","og_locale":"sl_SI","og_type":"article","og_title":"Nemili incidenti v Kninu - Hudo Slovenija","og_description":"Kategorija: Sose\u0161\u010dina Fri, 05 Aug 2016 18:23:00 +0200 Knin - Ob robu dana\u0161nje osrednje proslave v Kninu ob 21. obletnici spomina na operacijo Nevihta leta 1995, ko je Hrva\u0161ka osvobodila ozemlje v rokah srbskih upornikov, je pri\u0161lo do ve\u010d incidentov, poro\u010dajo hrva\u0161ki mediji. Skupina hrva\u0161kih veteranov je hodila po mestu in vzklikala usta\u0161ki pozdrav, skupina mladih pa je se\u017egala srbsko zastavo.Kot poro\u010da hrva\u0161ki spletni portal Index, je dopoldne skupina veteranov hodila po sredi\u0161\u010du mesta in vzklikala usta\u0161ki pozdrav \u00bbZa dom spremni!\u00ab, peli so tudi usta\u0161ke pesmi. Policija ni reagirala, odobravanje pa je skupini izra\u017ealo nekaj hrva\u0161kih \u010dastnikov v sve\u010danih uniformah, ki so stali ob cesti.V uradu predsednice dr\u017eave Kolinde Grabar-Kitarovi\u0107 so za Index povedali, da predsednica najostreje obsoja tovrstne incidente. Poudarila je, da obele\u017eitev Nevihte ni ne primeren kraj niti \u010das zanje.Popoldne so se incidenti nadaljevali. Skupina mladih\u00a0...","og_url":"https:\/\/hudo.com\/si\/aktualno\/nemili-incidenti-v-kninu\/","og_site_name":"Hudo Slovenija","article_publisher":"https:\/\/www.facebook.com\/hudo.si","article_published_time":"2016-08-05T14:23:00+00:00","article_modified_time":"2016-08-06T12:32:24+00:00","og_image":[{"width":480,"height":290,"url":"https:\/\/hudo.com\/si\/wp-content\/uploads\/sites\/2\/2016\/08\/480x290_Zunanja__RTRJOG3_hires0-1.jpeg","type":"image\/jpeg"}],"author":"hudo","twitter_card":"summary_large_image","twitter_creator":"@hudo_si","twitter_site":"@hudo_si","twitter_misc":{"Written by":"hudo","Est. reading time":"1 minuta"},"schema":{"@context":"https:\/\/schema.org","@graph":[{"@type":"Article","@id":"https:\/\/hudo.com\/si\/aktualno\/nemili-incidenti-v-kninu\/#article","isPartOf":{"@id":"https:\/\/hudo.com\/si\/aktualno\/nemili-incidenti-v-kninu\/"},"author":{"name":"hudo","@id":"https:\/\/hudo.com\/si\/#\/schema\/person\/601cf3379633985b20f7e50f2bb47707"},"headline":"Nemili incidenti v Kninu","datePublished":"2016-08-05T14:23:00+00:00","dateModified":"2016-08-06T12:32:24+00:00","mainEntityOfPage":{"@id":"https:\/\/hudo.com\/si\/aktualno\/nemili-incidenti-v-kninu\/"},"wordCount":158,"publisher":{"@id":"https:\/\/hudo.com\/si\/#organization"},"articleSection":["Aktualno"],"inLanguage":"sl-SI"},{"@type":"WebPage","@id":"https:\/\/hudo.com\/si\/aktualno\/nemili-incidenti-v-kninu\/","url":"https:\/\/hudo.com\/si\/aktualno\/nemili-incidenti-v-kninu\/","name":"Nemili incidenti v Kninu - Hudo Slovenija","isPartOf":{"@id":"https:\/\/hudo.com\/si\/#website"},"datePublished":"2016-08-05T14:23:00+00:00","dateModified":"2016-08-06T12:32:24+00:00","breadcrumb":{"@id":"https:\/\/hudo.com\/si\/aktualno\/nemili-incidenti-v-kninu\/#breadcrumb"},"inLanguage":"sl-SI","potentialAction":[{"@type":"ReadAction","target":["https:\/\/hudo.com\/si\/aktualno\/nemili-incidenti-v-kninu\/"]}]},{"@type":"BreadcrumbList","@id":"https:\/\/hudo.com\/si\/aktualno\/nemili-incidenti-v-kninu\/#breadcrumb","itemListElement":[{"@type":"ListItem","position":1,"name":"Home","item":"https:\/\/hudo.com\/si\/"},{"@type":"ListItem","position":2,"name":"Nemili incidenti v Kninu"}]},{"@type":"WebSite","@id":"https:\/\/hudo.com\/si\/#website","url":"https:\/\/hudo.com\/si\/","name":"Hudo Slovenija","description":"Vse novice iz Slovenije in sveta","publisher":{"@id":"https:\/\/hudo.com\/si\/#organization"},"potentialAction":[{"@type":"SearchAction","target":{"@type":"EntryPoint","urlTemplate":"https:\/\/hudo.com\/si\/?s={search_term_string}"},"query-input":"required name=search_term_string"}],"inLanguage":"sl-SI"},{"@type":"Organization","@id":"https:\/\/hudo.com\/si\/#organization","name":"VSN Media","url":"https:\/\/hudo.com\/si\/","logo":{"@type":"ImageObject","inLanguage":"sl-SI","@id":"https:\/\/hudo.com\/si\/#\/schema\/logo\/image\/","url":"https:\/\/hudo.com\/si\/wp-content\/uploads\/sites\/2\/2021\/03\/hudo-app-2.png","contentUrl":"https:\/\/hudo.com\/si\/wp-content\/uploads\/sites\/2\/2021\/03\/hudo-app-2.png","width":2185,"height":2167,"caption":"VSN Media"},"image":{"@id":"https:\/\/hudo.com\/si\/#\/schema\/logo\/image\/"},"sameAs":["https:\/\/www.facebook.com\/hudo.si","https:\/\/twitter.com\/hudo_si"]},{"@type":"Person","@id":"https:\/\/hudo.com\/si\/#\/schema\/person\/601cf3379633985b20f7e50f2bb47707","name":"hudo","image":{"@type":"ImageObject","inLanguage":"sl-SI","@id":"https:\/\/hudo.com\/si\/#\/schema\/person\/image\/","url":"https:\/\/secure.gravatar.com\/avatar\/c4ca25fa72cace7a696b52ff5db9e095?s=96&d=mm&r=g","contentUrl":"https:\/\/secure.gravatar.com\/avatar\/c4ca25fa72cace7a696b52ff5db9e095?s=96&d=mm&r=g","caption":"hudo"},"url":"https:\/\/hudo.com\/si\/author\/hudo\/"}]}},"amp_enabled":true,"_links":{"self":[{"href":"https:\/\/hudo.com\/si\/wp-json\/wp\/v2\/posts\/108801"}],"collection":[{"href":"https:\/\/hudo.com\/si\/wp-json\/wp\/v2\/posts"}],"about":[{"href":"https:\/\/hudo.com\/si\/wp-json\/wp\/v2\/types\/post"}],"author":[{"embeddable":true,"href":"https:\/\/hudo.com\/si\/wp-json\/wp\/v2\/users\/1"}],"replies":[{"embeddable":true,"href":"https:\/\/hudo.com\/si\/wp-json\/wp\/v2\/comments?post=108801"}],"version-history":[{"count":1,"href":"https:\/\/hudo.com\/si\/wp-json\/wp\/v2\/posts\/108801\/revisions"}],"predecessor-version":[{"id":108964,"href":"https:\/\/hudo.com\/si\/wp-json\/wp\/v2\/posts\/108801\/revisions\/108964"}],"wp:attachment":[{"href":"https:\/\/hudo.com\/si\/wp-json\/wp\/v2\/media?parent=108801"}],"wp:term":[{"taxonomy":"category","embeddable":true,"href":"https:\/\/hudo.com\/si\/wp-json\/wp\/v2\/categories?post=108801"},{"taxonomy":"post_tag","embeddable":true,"href":"https:\/\/hudo.com\/si\/wp-json\/wp\/v2\/tags?post=108801"},{"taxonomy":"source","embeddable":true,"href":"https:\/\/hudo.com\/si\/wp-json\/wp\/v2\/source?post=108801"},{"taxonomy":"supertag","embeddable":true,"href":"https:\/\/hudo.com\/si\/wp-json\/wp\/v2\/supertag?post=108801"}],"curies":[{"name":"wp","href":"https:\/\/api.w.org\/{rel}","templated":true}]}}