{"id":108803,"date":"2016-08-05T16:19:00","date_gmt":"2016-08-05T14:19:00","guid":{"rendered":"http:\/\/hudo.com\/si\/2016\/08\/05\/zadnja-letalska-nesreca-kaj-tocno-se-je-zgodilo\/"},"modified":"2016-08-06T07:47:55","modified_gmt":"2016-08-06T05:47:55","slug":"zadnja-letalska-nesreca-kaj-tocno-se-je-zgodilo","status":"publish","type":"post","link":"https:\/\/hudo.com\/si\/aktualno\/zadnja-letalska-nesreca-kaj-tocno-se-je-zgodilo\/","title":{"rendered":"Zadnja letalska nesre\u010da: Kaj to\u010dno se je zgodilo?"},"content":{"rendered":"<p>Kategorija: Slovenija Fri, 05 Aug 2016 18:19:00 +0200  Ljubljana &#8211; Slu\u017eba za preiskovanje letalskih nesre\u010d je izdala uvodno poro\u010dilo, ki povzema najosnovnej\u0161e podatke o letalski nesre\u010di, v kateri so 14. julija umrli \u0161tirje nem\u0161ki dr\u017eavljani. Med drugim izpostavlja vremenske pogoje, ki so omogo\u010dali nastanek zmernih do mo\u010dnih vertikalnih gibanj, turbulence in zaledenitev. Nesre\u010da se je zgodila ob 10.52, ko je \u0161estsede\u017eno motorno letalo piper, registrirano v ZDA, med komercialnim letom, med katerim so bili na letalu polet pilota \u0161e trije potniki, strmoglavilo pri Predmeji. Letalo, motor in oprema so bili popolnoma uni\u010deni, spominja poro\u010dilo. Po Maydayu se nih\u010de ve\u010d ni oglasil Letalo je sicer vzletelo ob 10.16 z letali\u0161\u010da Marco Polo v Benetkah, nameravalo pa je do Leipziga v Nem\u010diji. Ob 10.45 je pilot letala pri vstopu v slovenski zra\u010dni prostor vzpostavil radijsko zvezo s Kontrolo zra\u010dnega prometa v Sloveniji\u00a0&#8230;<\/p>\n","protected":false},"excerpt":{"rendered":"<p>Kategorija: Slovenija Fri, 05 Aug 2016 18:19:00 +0200  Ljubljana &#8211; Slu\u017eba za preiskovanje letalskih nesre\u010d je izdala uvodno poro\u010dilo, ki povzema najosnovnej\u0161e podatke o letalski nesre\u010di, v kateri so 14. julija umrli \u0161tirje nem\u0161ki dr\u017eavljani. Med drugim izpostavlja vremenske pogoje, ki so omogo\u010dali nastanek zmernih do mo\u010dnih vertikalnih gibanj, turbulence in zaledenitev. Nesre\u010da se je zgodila ob 10.52, ko je \u0161estsede\u017eno motorno letalo piper, registrirano v ZDA, med komercialnim letom, med katerim so bili na letalu polet pilota \u0161e trije potniki, strmoglavilo pri Predmeji. Letalo, motor in oprema so bili popolnoma uni\u010deni, spominja poro\u010dilo. Po Maydayu se nih\u010de ve\u010d ni oglasil Letalo je sicer vzletelo ob 10.16 z letali\u0161\u010da Marco Polo v Benetkah, nameravalo pa je do Leipziga v Nem\u010diji. Ob 10.45 je pilot letala pri vstopu v slovenski zra\u010dni prostor vzpostavil radijsko zvezo s Kontrolo zra\u010dnega prometa v Sloveniji\u00a0&#8230;<\/p>\n","protected":false},"author":1,"featured_media":0,"comment_status":"closed","ping_status":"closed","sticky":false,"template":"","format":"standard","meta":{"footnotes":""},"categories":[1179],"tags":[],"source":[4511],"supertag":[],"acf":[],"yoast_head":"<!-- This site is optimized with the Yoast SEO plugin v21.3 - https:\/\/yoast.com\/wordpress\/plugins\/seo\/ -->\n<title>Zadnja letalska nesre\u010da: Kaj to\u010dno se je zgodilo? - Hudo Slovenija<\/title>\n<meta name=\"robots\" content=\"index, follow, max-snippet:-1, max-image-preview:large, max-video-preview:-1\" \/>\n<link rel=\"canonical\" href=\"https:\/\/hudo.com\/si\/aktualno\/zadnja-letalska-nesreca-kaj-tocno-se-je-zgodilo\/\" \/>\n<meta property=\"og:locale\" content=\"sl_SI\" \/>\n<meta property=\"og:type\" content=\"article\" \/>\n<meta property=\"og:title\" content=\"Zadnja letalska nesre\u010da: Kaj to\u010dno se je zgodilo? - Hudo Slovenija\" \/>\n<meta property=\"og:description\" content=\"Kategorija: Slovenija Fri, 05 Aug 2016 18:19:00 +0200 Ljubljana - Slu\u017eba za preiskovanje letalskih nesre\u010d je izdala uvodno poro\u010dilo, ki povzema najosnovnej\u0161e podatke o letalski nesre\u010di, v kateri so 14. julija umrli \u0161tirje nem\u0161ki dr\u017eavljani. Med drugim izpostavlja vremenske pogoje, ki so omogo\u010dali nastanek zmernih do mo\u010dnih vertikalnih gibanj, turbulence in zaledenitev. Nesre\u010da se je zgodila ob 10.52, ko je \u0161estsede\u017eno motorno letalo piper, registrirano v ZDA, med komercialnim letom, med katerim so bili na letalu polet pilota \u0161e trije potniki, strmoglavilo pri Predmeji. Letalo, motor in oprema so bili popolnoma uni\u010deni, spominja poro\u010dilo. Po Maydayu se nih\u010de ve\u010d ni oglasil Letalo je sicer vzletelo ob 10.16 z letali\u0161\u010da Marco Polo v Benetkah, nameravalo pa je do Leipziga v Nem\u010diji. Ob 10.45 je pilot letala pri vstopu v slovenski zra\u010dni prostor vzpostavil radijsko zvezo s Kontrolo zra\u010dnega prometa v Sloveniji\u00a0...\" \/>\n<meta property=\"og:url\" content=\"https:\/\/hudo.com\/si\/aktualno\/zadnja-letalska-nesreca-kaj-tocno-se-je-zgodilo\/\" \/>\n<meta property=\"og:site_name\" content=\"Hudo Slovenija\" \/>\n<meta property=\"article:publisher\" content=\"https:\/\/www.facebook.com\/hudo.si\" \/>\n<meta property=\"article:published_time\" content=\"2016-08-05T14:19:00+00:00\" \/>\n<meta property=\"article:modified_time\" content=\"2016-08-06T05:47:55+00:00\" \/>\n<meta property=\"og:image\" content=\"https:\/\/hudo.com\/si\/wp-content\/uploads\/sites\/2\/2016\/08\/480x290_Delo_Foto-20151108151629-71642700.jpeg\" \/>\n\t<meta property=\"og:image:width\" content=\"480\" \/>\n\t<meta property=\"og:image:height\" content=\"290\" \/>\n\t<meta property=\"og:image:type\" content=\"image\/jpeg\" \/>\n<meta name=\"author\" content=\"hudo\" \/>\n<meta name=\"twitter:card\" content=\"summary_large_image\" \/>\n<meta name=\"twitter:creator\" content=\"@hudo_si\" \/>\n<meta name=\"twitter:site\" content=\"@hudo_si\" \/>\n<meta name=\"twitter:label1\" content=\"Written by\" \/>\n\t<meta name=\"twitter:data1\" content=\"hudo\" \/>\n\t<meta name=\"twitter:label2\" content=\"Est. reading time\" \/>\n\t<meta name=\"twitter:data2\" content=\"1 minuta\" \/>\n<script type=\"application\/ld+json\" class=\"yoast-schema-graph\">{\"@context\":\"https:\/\/schema.org\",\"@graph\":[{\"@type\":\"Article\",\"@id\":\"https:\/\/hudo.com\/si\/aktualno\/zadnja-letalska-nesreca-kaj-tocno-se-je-zgodilo\/#article\",\"isPartOf\":{\"@id\":\"https:\/\/hudo.com\/si\/aktualno\/zadnja-letalska-nesreca-kaj-tocno-se-je-zgodilo\/\"},\"author\":{\"name\":\"hudo\",\"@id\":\"https:\/\/hudo.com\/si\/#\/schema\/person\/601cf3379633985b20f7e50f2bb47707\"},\"headline\":\"Zadnja letalska nesre\u010da: Kaj to\u010dno se je zgodilo?\",\"datePublished\":\"2016-08-05T14:19:00+00:00\",\"dateModified\":\"2016-08-06T05:47:55+00:00\",\"mainEntityOfPage\":{\"@id\":\"https:\/\/hudo.com\/si\/aktualno\/zadnja-letalska-nesreca-kaj-tocno-se-je-zgodilo\/\"},\"wordCount\":159,\"publisher\":{\"@id\":\"https:\/\/hudo.com\/si\/#organization\"},\"articleSection\":[\"Aktualno\"],\"inLanguage\":\"sl-SI\"},{\"@type\":\"WebPage\",\"@id\":\"https:\/\/hudo.com\/si\/aktualno\/zadnja-letalska-nesreca-kaj-tocno-se-je-zgodilo\/\",\"url\":\"https:\/\/hudo.com\/si\/aktualno\/zadnja-letalska-nesreca-kaj-tocno-se-je-zgodilo\/\",\"name\":\"Zadnja letalska nesre\u010da: Kaj to\u010dno se je zgodilo? - Hudo Slovenija\",\"isPartOf\":{\"@id\":\"https:\/\/hudo.com\/si\/#website\"},\"datePublished\":\"2016-08-05T14:19:00+00:00\",\"dateModified\":\"2016-08-06T05:47:55+00:00\",\"breadcrumb\":{\"@id\":\"https:\/\/hudo.com\/si\/aktualno\/zadnja-letalska-nesreca-kaj-tocno-se-je-zgodilo\/#breadcrumb\"},\"inLanguage\":\"sl-SI\",\"potentialAction\":[{\"@type\":\"ReadAction\",\"target\":[\"https:\/\/hudo.com\/si\/aktualno\/zadnja-letalska-nesreca-kaj-tocno-se-je-zgodilo\/\"]}]},{\"@type\":\"BreadcrumbList\",\"@id\":\"https:\/\/hudo.com\/si\/aktualno\/zadnja-letalska-nesreca-kaj-tocno-se-je-zgodilo\/#breadcrumb\",\"itemListElement\":[{\"@type\":\"ListItem\",\"position\":1,\"name\":\"Home\",\"item\":\"https:\/\/hudo.com\/si\/\"},{\"@type\":\"ListItem\",\"position\":2,\"name\":\"Zadnja letalska nesre\u010da: Kaj to\u010dno se je zgodilo?\"}]},{\"@type\":\"WebSite\",\"@id\":\"https:\/\/hudo.com\/si\/#website\",\"url\":\"https:\/\/hudo.com\/si\/\",\"name\":\"Hudo Slovenija\",\"description\":\"Vse novice iz Slovenije in sveta\",\"publisher\":{\"@id\":\"https:\/\/hudo.com\/si\/#organization\"},\"potentialAction\":[{\"@type\":\"SearchAction\",\"target\":{\"@type\":\"EntryPoint\",\"urlTemplate\":\"https:\/\/hudo.com\/si\/?s={search_term_string}\"},\"query-input\":\"required name=search_term_string\"}],\"inLanguage\":\"sl-SI\"},{\"@type\":\"Organization\",\"@id\":\"https:\/\/hudo.com\/si\/#organization\",\"name\":\"VSN Media\",\"url\":\"https:\/\/hudo.com\/si\/\",\"logo\":{\"@type\":\"ImageObject\",\"inLanguage\":\"sl-SI\",\"@id\":\"https:\/\/hudo.com\/si\/#\/schema\/logo\/image\/\",\"url\":\"https:\/\/hudo.com\/si\/wp-content\/uploads\/sites\/2\/2021\/03\/hudo-app-2.png\",\"contentUrl\":\"https:\/\/hudo.com\/si\/wp-content\/uploads\/sites\/2\/2021\/03\/hudo-app-2.png\",\"width\":2185,\"height\":2167,\"caption\":\"VSN Media\"},\"image\":{\"@id\":\"https:\/\/hudo.com\/si\/#\/schema\/logo\/image\/\"},\"sameAs\":[\"https:\/\/www.facebook.com\/hudo.si\",\"https:\/\/twitter.com\/hudo_si\"]},{\"@type\":\"Person\",\"@id\":\"https:\/\/hudo.com\/si\/#\/schema\/person\/601cf3379633985b20f7e50f2bb47707\",\"name\":\"hudo\",\"image\":{\"@type\":\"ImageObject\",\"inLanguage\":\"sl-SI\",\"@id\":\"https:\/\/hudo.com\/si\/#\/schema\/person\/image\/\",\"url\":\"https:\/\/secure.gravatar.com\/avatar\/c4ca25fa72cace7a696b52ff5db9e095?s=96&d=mm&r=g\",\"contentUrl\":\"https:\/\/secure.gravatar.com\/avatar\/c4ca25fa72cace7a696b52ff5db9e095?s=96&d=mm&r=g\",\"caption\":\"hudo\"},\"url\":\"https:\/\/hudo.com\/si\/author\/hudo\/\"}]}<\/script>\n<!-- \/ Yoast SEO plugin. -->","yoast_head_json":{"title":"Zadnja letalska nesre\u010da: Kaj to\u010dno se je zgodilo? - Hudo Slovenija","robots":{"index":"index","follow":"follow","max-snippet":"max-snippet:-1","max-image-preview":"max-image-preview:large","max-video-preview":"max-video-preview:-1"},"canonical":"https:\/\/hudo.com\/si\/aktualno\/zadnja-letalska-nesreca-kaj-tocno-se-je-zgodilo\/","og_locale":"sl_SI","og_type":"article","og_title":"Zadnja letalska nesre\u010da: Kaj to\u010dno se je zgodilo? - Hudo Slovenija","og_description":"Kategorija: Slovenija Fri, 05 Aug 2016 18:19:00 +0200 Ljubljana - Slu\u017eba za preiskovanje letalskih nesre\u010d je izdala uvodno poro\u010dilo, ki povzema najosnovnej\u0161e podatke o letalski nesre\u010di, v kateri so 14. julija umrli \u0161tirje nem\u0161ki dr\u017eavljani. Med drugim izpostavlja vremenske pogoje, ki so omogo\u010dali nastanek zmernih do mo\u010dnih vertikalnih gibanj, turbulence in zaledenitev. Nesre\u010da se je zgodila ob 10.52, ko je \u0161estsede\u017eno motorno letalo piper, registrirano v ZDA, med komercialnim letom, med katerim so bili na letalu polet pilota \u0161e trije potniki, strmoglavilo pri Predmeji. Letalo, motor in oprema so bili popolnoma uni\u010deni, spominja poro\u010dilo. Po Maydayu se nih\u010de ve\u010d ni oglasil Letalo je sicer vzletelo ob 10.16 z letali\u0161\u010da Marco Polo v Benetkah, nameravalo pa je do Leipziga v Nem\u010diji. Ob 10.45 je pilot letala pri vstopu v slovenski zra\u010dni prostor vzpostavil radijsko zvezo s Kontrolo zra\u010dnega prometa v Sloveniji\u00a0...","og_url":"https:\/\/hudo.com\/si\/aktualno\/zadnja-letalska-nesreca-kaj-tocno-se-je-zgodilo\/","og_site_name":"Hudo Slovenija","article_publisher":"https:\/\/www.facebook.com\/hudo.si","article_published_time":"2016-08-05T14:19:00+00:00","article_modified_time":"2016-08-06T05:47:55+00:00","og_image":[{"width":480,"height":290,"url":"https:\/\/hudo.com\/si\/wp-content\/uploads\/sites\/2\/2016\/08\/480x290_Delo_Foto-20151108151629-71642700.jpeg","type":"image\/jpeg"}],"author":"hudo","twitter_card":"summary_large_image","twitter_creator":"@hudo_si","twitter_site":"@hudo_si","twitter_misc":{"Written by":"hudo","Est. reading time":"1 minuta"},"schema":{"@context":"https:\/\/schema.org","@graph":[{"@type":"Article","@id":"https:\/\/hudo.com\/si\/aktualno\/zadnja-letalska-nesreca-kaj-tocno-se-je-zgodilo\/#article","isPartOf":{"@id":"https:\/\/hudo.com\/si\/aktualno\/zadnja-letalska-nesreca-kaj-tocno-se-je-zgodilo\/"},"author":{"name":"hudo","@id":"https:\/\/hudo.com\/si\/#\/schema\/person\/601cf3379633985b20f7e50f2bb47707"},"headline":"Zadnja letalska nesre\u010da: Kaj to\u010dno se je zgodilo?","datePublished":"2016-08-05T14:19:00+00:00","dateModified":"2016-08-06T05:47:55+00:00","mainEntityOfPage":{"@id":"https:\/\/hudo.com\/si\/aktualno\/zadnja-letalska-nesreca-kaj-tocno-se-je-zgodilo\/"},"wordCount":159,"publisher":{"@id":"https:\/\/hudo.com\/si\/#organization"},"articleSection":["Aktualno"],"inLanguage":"sl-SI"},{"@type":"WebPage","@id":"https:\/\/hudo.com\/si\/aktualno\/zadnja-letalska-nesreca-kaj-tocno-se-je-zgodilo\/","url":"https:\/\/hudo.com\/si\/aktualno\/zadnja-letalska-nesreca-kaj-tocno-se-je-zgodilo\/","name":"Zadnja letalska nesre\u010da: Kaj to\u010dno se je zgodilo? - Hudo Slovenija","isPartOf":{"@id":"https:\/\/hudo.com\/si\/#website"},"datePublished":"2016-08-05T14:19:00+00:00","dateModified":"2016-08-06T05:47:55+00:00","breadcrumb":{"@id":"https:\/\/hudo.com\/si\/aktualno\/zadnja-letalska-nesreca-kaj-tocno-se-je-zgodilo\/#breadcrumb"},"inLanguage":"sl-SI","potentialAction":[{"@type":"ReadAction","target":["https:\/\/hudo.com\/si\/aktualno\/zadnja-letalska-nesreca-kaj-tocno-se-je-zgodilo\/"]}]},{"@type":"BreadcrumbList","@id":"https:\/\/hudo.com\/si\/aktualno\/zadnja-letalska-nesreca-kaj-tocno-se-je-zgodilo\/#breadcrumb","itemListElement":[{"@type":"ListItem","position":1,"name":"Home","item":"https:\/\/hudo.com\/si\/"},{"@type":"ListItem","position":2,"name":"Zadnja letalska nesre\u010da: Kaj to\u010dno se je zgodilo?"}]},{"@type":"WebSite","@id":"https:\/\/hudo.com\/si\/#website","url":"https:\/\/hudo.com\/si\/","name":"Hudo Slovenija","description":"Vse novice iz Slovenije in sveta","publisher":{"@id":"https:\/\/hudo.com\/si\/#organization"},"potentialAction":[{"@type":"SearchAction","target":{"@type":"EntryPoint","urlTemplate":"https:\/\/hudo.com\/si\/?s={search_term_string}"},"query-input":"required name=search_term_string"}],"inLanguage":"sl-SI"},{"@type":"Organization","@id":"https:\/\/hudo.com\/si\/#organization","name":"VSN Media","url":"https:\/\/hudo.com\/si\/","logo":{"@type":"ImageObject","inLanguage":"sl-SI","@id":"https:\/\/hudo.com\/si\/#\/schema\/logo\/image\/","url":"https:\/\/hudo.com\/si\/wp-content\/uploads\/sites\/2\/2021\/03\/hudo-app-2.png","contentUrl":"https:\/\/hudo.com\/si\/wp-content\/uploads\/sites\/2\/2021\/03\/hudo-app-2.png","width":2185,"height":2167,"caption":"VSN Media"},"image":{"@id":"https:\/\/hudo.com\/si\/#\/schema\/logo\/image\/"},"sameAs":["https:\/\/www.facebook.com\/hudo.si","https:\/\/twitter.com\/hudo_si"]},{"@type":"Person","@id":"https:\/\/hudo.com\/si\/#\/schema\/person\/601cf3379633985b20f7e50f2bb47707","name":"hudo","image":{"@type":"ImageObject","inLanguage":"sl-SI","@id":"https:\/\/hudo.com\/si\/#\/schema\/person\/image\/","url":"https:\/\/secure.gravatar.com\/avatar\/c4ca25fa72cace7a696b52ff5db9e095?s=96&d=mm&r=g","contentUrl":"https:\/\/secure.gravatar.com\/avatar\/c4ca25fa72cace7a696b52ff5db9e095?s=96&d=mm&r=g","caption":"hudo"},"url":"https:\/\/hudo.com\/si\/author\/hudo\/"}]}},"amp_enabled":true,"_links":{"self":[{"href":"https:\/\/hudo.com\/si\/wp-json\/wp\/v2\/posts\/108803"}],"collection":[{"href":"https:\/\/hudo.com\/si\/wp-json\/wp\/v2\/posts"}],"about":[{"href":"https:\/\/hudo.com\/si\/wp-json\/wp\/v2\/types\/post"}],"author":[{"embeddable":true,"href":"https:\/\/hudo.com\/si\/wp-json\/wp\/v2\/users\/1"}],"replies":[{"embeddable":true,"href":"https:\/\/hudo.com\/si\/wp-json\/wp\/v2\/comments?post=108803"}],"version-history":[{"count":1,"href":"https:\/\/hudo.com\/si\/wp-json\/wp\/v2\/posts\/108803\/revisions"}],"predecessor-version":[{"id":108965,"href":"https:\/\/hudo.com\/si\/wp-json\/wp\/v2\/posts\/108803\/revisions\/108965"}],"wp:attachment":[{"href":"https:\/\/hudo.com\/si\/wp-json\/wp\/v2\/media?parent=108803"}],"wp:term":[{"taxonomy":"category","embeddable":true,"href":"https:\/\/hudo.com\/si\/wp-json\/wp\/v2\/categories?post=108803"},{"taxonomy":"post_tag","embeddable":true,"href":"https:\/\/hudo.com\/si\/wp-json\/wp\/v2\/tags?post=108803"},{"taxonomy":"source","embeddable":true,"href":"https:\/\/hudo.com\/si\/wp-json\/wp\/v2\/source?post=108803"},{"taxonomy":"supertag","embeddable":true,"href":"https:\/\/hudo.com\/si\/wp-json\/wp\/v2\/supertag?post=108803"}],"curies":[{"name":"wp","href":"https:\/\/api.w.org\/{rel}","templated":true}]}}