{"id":108807,"date":"2016-08-05T16:00:00","date_gmt":"2016-08-05T14:00:00","guid":{"rendered":"http:\/\/hudo.com\/si\/2016\/08\/05\/pozivi-k-odstopu-mariborskega-zupana\/"},"modified":"2016-08-05T16:00:00","modified_gmt":"2016-08-05T14:00:00","slug":"pozivi-k-odstopu-mariborskega-zupana","status":"publish","type":"post","link":"https:\/\/hudo.com\/si\/aktualno\/pozivi-k-odstopu-mariborskega-zupana\/","title":{"rendered":"Pozivi k odstopu mariborskega \u017eupana"},"content":{"rendered":"<p>Kategorija: Slovenija Fri, 05 Aug 2016 18:00:00 +0200  Maribor \u2013 \u00bbNikakor se ne morem strinjati s tezo, da \u017eupan nima podpore niti \u010detrtine svetnikov, \u017ee na prvi seji mestnega sveta se bo izkazalo, da ni tako,\u00ab je dejal Sa\u0161a Pelko, vodja kluba svetnikov Liste \u017eupana Andreja Fi\u0161travca (L\u017dAF), ki je v\u010deraj ob odsotnosti \u017eupana in pod\u017eupana tudi kon\u010dal svoje enotedensko \u00bb\u017eupanovanje\u00ab. Pelko meni, da se v Mariboru pravzaprav ni zgodilo ni\u010d dramati\u010dno novega, pa \u010de se nekateri \u0161e tako trudijo prikazovati polo\u017eaj druga\u010de. \u017dupan je zgolj razpustil koalicijo, ki ni imela ve\u010dine \u017ee od junija lani, ves ta \u010das so se v mestnem svetu sprejemale pomembne odlo\u010ditve, sprejet je bil tudi leto\u0161nji prora\u010dun. O izstopu svetnikov iz liste L\u017dAF, ki naj bi ustanovili novo svetni\u0161ko skupino Za napreden Maribor, Pelko pravi, da na Mestno ob\u010dino Maribor ni pri\u0161la\u00a0&#8230;<\/p>\n","protected":false},"excerpt":{"rendered":"<p>Kategorija: Slovenija Fri, 05 Aug 2016 18:00:00 +0200  Maribor \u2013 \u00bbNikakor se ne morem strinjati s tezo, da \u017eupan nima podpore niti \u010detrtine svetnikov, \u017ee na prvi seji mestnega sveta se bo izkazalo, da ni tako,\u00ab je dejal Sa\u0161a Pelko, vodja kluba svetnikov Liste \u017eupana Andreja Fi\u0161travca (L\u017dAF), ki je v\u010deraj ob odsotnosti \u017eupana in pod\u017eupana tudi kon\u010dal svoje enotedensko \u00bb\u017eupanovanje\u00ab. Pelko meni, da se v Mariboru pravzaprav ni zgodilo ni\u010d dramati\u010dno novega, pa \u010de se nekateri \u0161e tako trudijo prikazovati polo\u017eaj druga\u010de. \u017dupan je zgolj razpustil koalicijo, ki ni imela ve\u010dine \u017ee od junija lani, ves ta \u010das so se v mestnem svetu sprejemale pomembne odlo\u010ditve, sprejet je bil tudi leto\u0161nji prora\u010dun. O izstopu svetnikov iz liste L\u017dAF, ki naj bi ustanovili novo svetni\u0161ko skupino Za napreden Maribor, Pelko pravi, da na Mestno ob\u010dino Maribor ni pri\u0161la\u00a0&#8230;<\/p>\n","protected":false},"author":1,"featured_media":0,"comment_status":"closed","ping_status":"closed","sticky":false,"template":"","format":"standard","meta":{"footnotes":""},"categories":[1179],"tags":[],"source":[4511],"supertag":[],"acf":[],"yoast_head":"<!-- This site is optimized with the Yoast SEO plugin v21.3 - https:\/\/yoast.com\/wordpress\/plugins\/seo\/ -->\n<title>Pozivi k odstopu mariborskega \u017eupana - Hudo Slovenija<\/title>\n<meta name=\"robots\" content=\"index, follow, max-snippet:-1, max-image-preview:large, max-video-preview:-1\" \/>\n<link rel=\"canonical\" href=\"https:\/\/hudo.com\/si\/aktualno\/pozivi-k-odstopu-mariborskega-zupana\/\" \/>\n<meta property=\"og:locale\" content=\"sl_SI\" \/>\n<meta property=\"og:type\" content=\"article\" \/>\n<meta property=\"og:title\" content=\"Pozivi k odstopu mariborskega \u017eupana - Hudo Slovenija\" \/>\n<meta property=\"og:description\" content=\"Kategorija: Slovenija Fri, 05 Aug 2016 18:00:00 +0200 Maribor \u2013 \u00bbNikakor se ne morem strinjati s tezo, da \u017eupan nima podpore niti \u010detrtine svetnikov, \u017ee na prvi seji mestnega sveta se bo izkazalo, da ni tako,\u00ab je dejal Sa\u0161a Pelko, vodja kluba svetnikov Liste \u017eupana Andreja Fi\u0161travca (L\u017dAF), ki je v\u010deraj ob odsotnosti \u017eupana in pod\u017eupana tudi kon\u010dal svoje enotedensko \u00bb\u017eupanovanje\u00ab. Pelko meni, da se v Mariboru pravzaprav ni zgodilo ni\u010d dramati\u010dno novega, pa \u010de se nekateri \u0161e tako trudijo prikazovati polo\u017eaj druga\u010de. \u017dupan je zgolj razpustil koalicijo, ki ni imela ve\u010dine \u017ee od junija lani, ves ta \u010das so se v mestnem svetu sprejemale pomembne odlo\u010ditve, sprejet je bil tudi leto\u0161nji prora\u010dun. O izstopu svetnikov iz liste L\u017dAF, ki naj bi ustanovili novo svetni\u0161ko skupino Za napreden Maribor, Pelko pravi, da na Mestno ob\u010dino Maribor ni pri\u0161la\u00a0...\" \/>\n<meta property=\"og:url\" content=\"https:\/\/hudo.com\/si\/aktualno\/pozivi-k-odstopu-mariborskega-zupana\/\" \/>\n<meta property=\"og:site_name\" content=\"Hudo Slovenija\" \/>\n<meta property=\"article:publisher\" content=\"https:\/\/www.facebook.com\/hudo.si\" \/>\n<meta property=\"article:published_time\" content=\"2016-08-05T14:00:00+00:00\" \/>\n<meta property=\"og:image\" content=\"https:\/\/hudo.com\/si\/wp-content\/uploads\/sites\/2\/2016\/08\/480x290_djvu_2204081_matkok_tre-ANDREJ-FI-TRAVEC.jpeg\" \/>\n\t<meta property=\"og:image:width\" content=\"480\" \/>\n\t<meta property=\"og:image:height\" content=\"290\" \/>\n\t<meta property=\"og:image:type\" content=\"image\/jpeg\" \/>\n<meta name=\"author\" content=\"hudo\" \/>\n<meta name=\"twitter:card\" content=\"summary_large_image\" \/>\n<meta name=\"twitter:creator\" content=\"@hudo_si\" \/>\n<meta name=\"twitter:site\" content=\"@hudo_si\" \/>\n<meta name=\"twitter:label1\" content=\"Written by\" \/>\n\t<meta name=\"twitter:data1\" content=\"hudo\" \/>\n\t<meta name=\"twitter:label2\" content=\"Est. reading time\" \/>\n\t<meta name=\"twitter:data2\" content=\"1 minuta\" \/>\n<script type=\"application\/ld+json\" class=\"yoast-schema-graph\">{\"@context\":\"https:\/\/schema.org\",\"@graph\":[{\"@type\":\"Article\",\"@id\":\"https:\/\/hudo.com\/si\/aktualno\/pozivi-k-odstopu-mariborskega-zupana\/#article\",\"isPartOf\":{\"@id\":\"https:\/\/hudo.com\/si\/aktualno\/pozivi-k-odstopu-mariborskega-zupana\/\"},\"author\":{\"name\":\"hudo\",\"@id\":\"https:\/\/hudo.com\/si\/#\/schema\/person\/601cf3379633985b20f7e50f2bb47707\"},\"headline\":\"Pozivi k odstopu mariborskega \u017eupana\",\"datePublished\":\"2016-08-05T14:00:00+00:00\",\"dateModified\":\"2016-08-05T14:00:00+00:00\",\"mainEntityOfPage\":{\"@id\":\"https:\/\/hudo.com\/si\/aktualno\/pozivi-k-odstopu-mariborskega-zupana\/\"},\"wordCount\":155,\"publisher\":{\"@id\":\"https:\/\/hudo.com\/si\/#organization\"},\"articleSection\":[\"Aktualno\"],\"inLanguage\":\"sl-SI\"},{\"@type\":\"WebPage\",\"@id\":\"https:\/\/hudo.com\/si\/aktualno\/pozivi-k-odstopu-mariborskega-zupana\/\",\"url\":\"https:\/\/hudo.com\/si\/aktualno\/pozivi-k-odstopu-mariborskega-zupana\/\",\"name\":\"Pozivi k odstopu mariborskega \u017eupana - Hudo Slovenija\",\"isPartOf\":{\"@id\":\"https:\/\/hudo.com\/si\/#website\"},\"datePublished\":\"2016-08-05T14:00:00+00:00\",\"dateModified\":\"2016-08-05T14:00:00+00:00\",\"breadcrumb\":{\"@id\":\"https:\/\/hudo.com\/si\/aktualno\/pozivi-k-odstopu-mariborskega-zupana\/#breadcrumb\"},\"inLanguage\":\"sl-SI\",\"potentialAction\":[{\"@type\":\"ReadAction\",\"target\":[\"https:\/\/hudo.com\/si\/aktualno\/pozivi-k-odstopu-mariborskega-zupana\/\"]}]},{\"@type\":\"BreadcrumbList\",\"@id\":\"https:\/\/hudo.com\/si\/aktualno\/pozivi-k-odstopu-mariborskega-zupana\/#breadcrumb\",\"itemListElement\":[{\"@type\":\"ListItem\",\"position\":1,\"name\":\"Home\",\"item\":\"https:\/\/hudo.com\/si\/\"},{\"@type\":\"ListItem\",\"position\":2,\"name\":\"Pozivi k odstopu mariborskega \u017eupana\"}]},{\"@type\":\"WebSite\",\"@id\":\"https:\/\/hudo.com\/si\/#website\",\"url\":\"https:\/\/hudo.com\/si\/\",\"name\":\"Hudo Slovenija\",\"description\":\"Vse novice iz Slovenije in sveta\",\"publisher\":{\"@id\":\"https:\/\/hudo.com\/si\/#organization\"},\"potentialAction\":[{\"@type\":\"SearchAction\",\"target\":{\"@type\":\"EntryPoint\",\"urlTemplate\":\"https:\/\/hudo.com\/si\/?s={search_term_string}\"},\"query-input\":\"required name=search_term_string\"}],\"inLanguage\":\"sl-SI\"},{\"@type\":\"Organization\",\"@id\":\"https:\/\/hudo.com\/si\/#organization\",\"name\":\"VSN Media\",\"url\":\"https:\/\/hudo.com\/si\/\",\"logo\":{\"@type\":\"ImageObject\",\"inLanguage\":\"sl-SI\",\"@id\":\"https:\/\/hudo.com\/si\/#\/schema\/logo\/image\/\",\"url\":\"https:\/\/hudo.com\/si\/wp-content\/uploads\/sites\/2\/2021\/03\/hudo-app-2.png\",\"contentUrl\":\"https:\/\/hudo.com\/si\/wp-content\/uploads\/sites\/2\/2021\/03\/hudo-app-2.png\",\"width\":2185,\"height\":2167,\"caption\":\"VSN Media\"},\"image\":{\"@id\":\"https:\/\/hudo.com\/si\/#\/schema\/logo\/image\/\"},\"sameAs\":[\"https:\/\/www.facebook.com\/hudo.si\",\"https:\/\/twitter.com\/hudo_si\"]},{\"@type\":\"Person\",\"@id\":\"https:\/\/hudo.com\/si\/#\/schema\/person\/601cf3379633985b20f7e50f2bb47707\",\"name\":\"hudo\",\"image\":{\"@type\":\"ImageObject\",\"inLanguage\":\"sl-SI\",\"@id\":\"https:\/\/hudo.com\/si\/#\/schema\/person\/image\/\",\"url\":\"https:\/\/secure.gravatar.com\/avatar\/c4ca25fa72cace7a696b52ff5db9e095?s=96&d=mm&r=g\",\"contentUrl\":\"https:\/\/secure.gravatar.com\/avatar\/c4ca25fa72cace7a696b52ff5db9e095?s=96&d=mm&r=g\",\"caption\":\"hudo\"},\"url\":\"https:\/\/hudo.com\/si\/author\/hudo\/\"}]}<\/script>\n<!-- \/ Yoast SEO plugin. -->","yoast_head_json":{"title":"Pozivi k odstopu mariborskega \u017eupana - Hudo Slovenija","robots":{"index":"index","follow":"follow","max-snippet":"max-snippet:-1","max-image-preview":"max-image-preview:large","max-video-preview":"max-video-preview:-1"},"canonical":"https:\/\/hudo.com\/si\/aktualno\/pozivi-k-odstopu-mariborskega-zupana\/","og_locale":"sl_SI","og_type":"article","og_title":"Pozivi k odstopu mariborskega \u017eupana - Hudo Slovenija","og_description":"Kategorija: Slovenija Fri, 05 Aug 2016 18:00:00 +0200 Maribor \u2013 \u00bbNikakor se ne morem strinjati s tezo, da \u017eupan nima podpore niti \u010detrtine svetnikov, \u017ee na prvi seji mestnega sveta se bo izkazalo, da ni tako,\u00ab je dejal Sa\u0161a Pelko, vodja kluba svetnikov Liste \u017eupana Andreja Fi\u0161travca (L\u017dAF), ki je v\u010deraj ob odsotnosti \u017eupana in pod\u017eupana tudi kon\u010dal svoje enotedensko \u00bb\u017eupanovanje\u00ab. Pelko meni, da se v Mariboru pravzaprav ni zgodilo ni\u010d dramati\u010dno novega, pa \u010de se nekateri \u0161e tako trudijo prikazovati polo\u017eaj druga\u010de. \u017dupan je zgolj razpustil koalicijo, ki ni imela ve\u010dine \u017ee od junija lani, ves ta \u010das so se v mestnem svetu sprejemale pomembne odlo\u010ditve, sprejet je bil tudi leto\u0161nji prora\u010dun. O izstopu svetnikov iz liste L\u017dAF, ki naj bi ustanovili novo svetni\u0161ko skupino Za napreden Maribor, Pelko pravi, da na Mestno ob\u010dino Maribor ni pri\u0161la\u00a0...","og_url":"https:\/\/hudo.com\/si\/aktualno\/pozivi-k-odstopu-mariborskega-zupana\/","og_site_name":"Hudo Slovenija","article_publisher":"https:\/\/www.facebook.com\/hudo.si","article_published_time":"2016-08-05T14:00:00+00:00","og_image":[{"width":480,"height":290,"url":"https:\/\/hudo.com\/si\/wp-content\/uploads\/sites\/2\/2016\/08\/480x290_djvu_2204081_matkok_tre-ANDREJ-FI-TRAVEC.jpeg","type":"image\/jpeg"}],"author":"hudo","twitter_card":"summary_large_image","twitter_creator":"@hudo_si","twitter_site":"@hudo_si","twitter_misc":{"Written by":"hudo","Est. reading time":"1 minuta"},"schema":{"@context":"https:\/\/schema.org","@graph":[{"@type":"Article","@id":"https:\/\/hudo.com\/si\/aktualno\/pozivi-k-odstopu-mariborskega-zupana\/#article","isPartOf":{"@id":"https:\/\/hudo.com\/si\/aktualno\/pozivi-k-odstopu-mariborskega-zupana\/"},"author":{"name":"hudo","@id":"https:\/\/hudo.com\/si\/#\/schema\/person\/601cf3379633985b20f7e50f2bb47707"},"headline":"Pozivi k odstopu mariborskega \u017eupana","datePublished":"2016-08-05T14:00:00+00:00","dateModified":"2016-08-05T14:00:00+00:00","mainEntityOfPage":{"@id":"https:\/\/hudo.com\/si\/aktualno\/pozivi-k-odstopu-mariborskega-zupana\/"},"wordCount":155,"publisher":{"@id":"https:\/\/hudo.com\/si\/#organization"},"articleSection":["Aktualno"],"inLanguage":"sl-SI"},{"@type":"WebPage","@id":"https:\/\/hudo.com\/si\/aktualno\/pozivi-k-odstopu-mariborskega-zupana\/","url":"https:\/\/hudo.com\/si\/aktualno\/pozivi-k-odstopu-mariborskega-zupana\/","name":"Pozivi k odstopu mariborskega \u017eupana - Hudo Slovenija","isPartOf":{"@id":"https:\/\/hudo.com\/si\/#website"},"datePublished":"2016-08-05T14:00:00+00:00","dateModified":"2016-08-05T14:00:00+00:00","breadcrumb":{"@id":"https:\/\/hudo.com\/si\/aktualno\/pozivi-k-odstopu-mariborskega-zupana\/#breadcrumb"},"inLanguage":"sl-SI","potentialAction":[{"@type":"ReadAction","target":["https:\/\/hudo.com\/si\/aktualno\/pozivi-k-odstopu-mariborskega-zupana\/"]}]},{"@type":"BreadcrumbList","@id":"https:\/\/hudo.com\/si\/aktualno\/pozivi-k-odstopu-mariborskega-zupana\/#breadcrumb","itemListElement":[{"@type":"ListItem","position":1,"name":"Home","item":"https:\/\/hudo.com\/si\/"},{"@type":"ListItem","position":2,"name":"Pozivi k odstopu mariborskega \u017eupana"}]},{"@type":"WebSite","@id":"https:\/\/hudo.com\/si\/#website","url":"https:\/\/hudo.com\/si\/","name":"Hudo Slovenija","description":"Vse novice iz Slovenije in sveta","publisher":{"@id":"https:\/\/hudo.com\/si\/#organization"},"potentialAction":[{"@type":"SearchAction","target":{"@type":"EntryPoint","urlTemplate":"https:\/\/hudo.com\/si\/?s={search_term_string}"},"query-input":"required name=search_term_string"}],"inLanguage":"sl-SI"},{"@type":"Organization","@id":"https:\/\/hudo.com\/si\/#organization","name":"VSN Media","url":"https:\/\/hudo.com\/si\/","logo":{"@type":"ImageObject","inLanguage":"sl-SI","@id":"https:\/\/hudo.com\/si\/#\/schema\/logo\/image\/","url":"https:\/\/hudo.com\/si\/wp-content\/uploads\/sites\/2\/2021\/03\/hudo-app-2.png","contentUrl":"https:\/\/hudo.com\/si\/wp-content\/uploads\/sites\/2\/2021\/03\/hudo-app-2.png","width":2185,"height":2167,"caption":"VSN Media"},"image":{"@id":"https:\/\/hudo.com\/si\/#\/schema\/logo\/image\/"},"sameAs":["https:\/\/www.facebook.com\/hudo.si","https:\/\/twitter.com\/hudo_si"]},{"@type":"Person","@id":"https:\/\/hudo.com\/si\/#\/schema\/person\/601cf3379633985b20f7e50f2bb47707","name":"hudo","image":{"@type":"ImageObject","inLanguage":"sl-SI","@id":"https:\/\/hudo.com\/si\/#\/schema\/person\/image\/","url":"https:\/\/secure.gravatar.com\/avatar\/c4ca25fa72cace7a696b52ff5db9e095?s=96&d=mm&r=g","contentUrl":"https:\/\/secure.gravatar.com\/avatar\/c4ca25fa72cace7a696b52ff5db9e095?s=96&d=mm&r=g","caption":"hudo"},"url":"https:\/\/hudo.com\/si\/author\/hudo\/"}]}},"amp_enabled":true,"_links":{"self":[{"href":"https:\/\/hudo.com\/si\/wp-json\/wp\/v2\/posts\/108807"}],"collection":[{"href":"https:\/\/hudo.com\/si\/wp-json\/wp\/v2\/posts"}],"about":[{"href":"https:\/\/hudo.com\/si\/wp-json\/wp\/v2\/types\/post"}],"author":[{"embeddable":true,"href":"https:\/\/hudo.com\/si\/wp-json\/wp\/v2\/users\/1"}],"replies":[{"embeddable":true,"href":"https:\/\/hudo.com\/si\/wp-json\/wp\/v2\/comments?post=108807"}],"version-history":[{"count":0,"href":"https:\/\/hudo.com\/si\/wp-json\/wp\/v2\/posts\/108807\/revisions"}],"wp:attachment":[{"href":"https:\/\/hudo.com\/si\/wp-json\/wp\/v2\/media?parent=108807"}],"wp:term":[{"taxonomy":"category","embeddable":true,"href":"https:\/\/hudo.com\/si\/wp-json\/wp\/v2\/categories?post=108807"},{"taxonomy":"post_tag","embeddable":true,"href":"https:\/\/hudo.com\/si\/wp-json\/wp\/v2\/tags?post=108807"},{"taxonomy":"source","embeddable":true,"href":"https:\/\/hudo.com\/si\/wp-json\/wp\/v2\/source?post=108807"},{"taxonomy":"supertag","embeddable":true,"href":"https:\/\/hudo.com\/si\/wp-json\/wp\/v2\/supertag?post=108807"}],"curies":[{"name":"wp","href":"https:\/\/api.w.org\/{rel}","templated":true}]}}