{"id":108942,"date":"2016-08-05T18:40:38","date_gmt":"2016-08-05T16:40:38","guid":{"rendered":"http:\/\/hudo.com\/si\/2016\/08\/05\/video-kaj-vedo-avstrijci-mi-pa-ne\/"},"modified":"2016-08-09T19:56:20","modified_gmt":"2016-08-09T17:56:20","slug":"video-kaj-vedo-avstrijci-mi-pa-ne","status":"publish","type":"post","link":"https:\/\/hudo.com\/si\/aktualno\/video-kaj-vedo-avstrijci-mi-pa-ne\/","title":{"rendered":"[VIDEO] Kaj vedo Avstrijci, mi pa ne?"},"content":{"rendered":"<p>Avstrijci se preventivno pripravljajo na nove mno\u017eice migrantov. Tokrat \u0161e bolj temeljito kot kadarkoli doslej. Do zdaj so imeli en sam sprejemni center na \u0160entilju. Zdaj pa so poleg \u0161tajerskega postavili \u0161e \u0161tiri velike registracijske centre. Trije bodo stali na avstrijskem Koro\u0161kem, enega pa postavljajo na meji z Italijo.<\/p>\n","protected":false},"excerpt":{"rendered":"<p>Avstrijci se preventivno pripravljajo na nove mno\u017eice migrantov. Tokrat \u0161e bolj temeljito kot kadarkoli doslej. Do zdaj so imeli en sam sprejemni center na \u0160entilju. Zdaj pa so poleg \u0161tajerskega postavili \u0161e \u0161tiri velike registracijske centre. Trije bodo stali na avstrijskem Koro\u0161kem, enega pa postavljajo na meji z Italijo.<\/p>\n","protected":false},"author":1,"featured_media":0,"comment_status":"closed","ping_status":"closed","sticky":false,"template":"","format":"standard","meta":{"footnotes":""},"categories":[1179],"tags":[],"source":[1706],"supertag":[],"acf":[],"yoast_head":"<!-- This site is optimized with the Yoast SEO plugin v21.3 - https:\/\/yoast.com\/wordpress\/plugins\/seo\/ -->\n<title>[VIDEO] Kaj vedo Avstrijci, mi pa ne? - Hudo Slovenija<\/title>\n<meta name=\"robots\" content=\"index, follow, max-snippet:-1, max-image-preview:large, max-video-preview:-1\" \/>\n<link rel=\"canonical\" href=\"https:\/\/hudo.com\/si\/aktualno\/video-kaj-vedo-avstrijci-mi-pa-ne\/\" \/>\n<meta property=\"og:locale\" content=\"sl_SI\" \/>\n<meta property=\"og:type\" content=\"article\" \/>\n<meta property=\"og:title\" content=\"[VIDEO] Kaj vedo Avstrijci, mi pa ne? - Hudo Slovenija\" \/>\n<meta property=\"og:description\" content=\"Avstrijci se preventivno pripravljajo na nove mno\u017eice migrantov. Tokrat \u0161e bolj temeljito kot kadarkoli doslej. Do zdaj so imeli en sam sprejemni center na \u0160entilju. Zdaj pa so poleg \u0161tajerskega postavili \u0161e \u0161tiri velike registracijske centre. Trije bodo stali na avstrijskem Koro\u0161kem, enega pa postavljajo na meji z Italijo.\" \/>\n<meta property=\"og:url\" content=\"https:\/\/hudo.com\/si\/aktualno\/video-kaj-vedo-avstrijci-mi-pa-ne\/\" \/>\n<meta property=\"og:site_name\" content=\"Hudo Slovenija\" \/>\n<meta property=\"article:publisher\" content=\"https:\/\/www.facebook.com\/hudo.si\" \/>\n<meta property=\"article:published_time\" content=\"2016-08-05T16:40:38+00:00\" \/>\n<meta property=\"article:modified_time\" content=\"2016-08-09T17:56:20+00:00\" \/>\n<meta property=\"og:image\" content=\"https:\/\/hudo.com\/si\/wp-content\/uploads\/sites\/2\/2016\/08\/0481833Wl32.jpg\" \/>\n\t<meta property=\"og:image:width\" content=\"504\" \/>\n\t<meta property=\"og:image:height\" content=\"284\" \/>\n\t<meta property=\"og:image:type\" content=\"image\/jpeg\" \/>\n<meta name=\"author\" content=\"hudo\" \/>\n<meta name=\"twitter:card\" content=\"summary_large_image\" \/>\n<meta name=\"twitter:creator\" content=\"@hudo_si\" \/>\n<meta name=\"twitter:site\" content=\"@hudo_si\" \/>\n<meta name=\"twitter:label1\" content=\"Written by\" \/>\n\t<meta name=\"twitter:data1\" content=\"hudo\" \/>\n<script type=\"application\/ld+json\" class=\"yoast-schema-graph\">{\"@context\":\"https:\/\/schema.org\",\"@graph\":[{\"@type\":\"Article\",\"@id\":\"https:\/\/hudo.com\/si\/aktualno\/video-kaj-vedo-avstrijci-mi-pa-ne\/#article\",\"isPartOf\":{\"@id\":\"https:\/\/hudo.com\/si\/aktualno\/video-kaj-vedo-avstrijci-mi-pa-ne\/\"},\"author\":{\"name\":\"hudo\",\"@id\":\"https:\/\/hudo.com\/si\/#\/schema\/person\/601cf3379633985b20f7e50f2bb47707\"},\"headline\":\"[VIDEO] Kaj vedo Avstrijci, mi pa ne?\",\"datePublished\":\"2016-08-05T16:40:38+00:00\",\"dateModified\":\"2016-08-09T17:56:20+00:00\",\"mainEntityOfPage\":{\"@id\":\"https:\/\/hudo.com\/si\/aktualno\/video-kaj-vedo-avstrijci-mi-pa-ne\/\"},\"wordCount\":58,\"publisher\":{\"@id\":\"https:\/\/hudo.com\/si\/#organization\"},\"articleSection\":[\"Aktualno\"],\"inLanguage\":\"sl-SI\"},{\"@type\":\"WebPage\",\"@id\":\"https:\/\/hudo.com\/si\/aktualno\/video-kaj-vedo-avstrijci-mi-pa-ne\/\",\"url\":\"https:\/\/hudo.com\/si\/aktualno\/video-kaj-vedo-avstrijci-mi-pa-ne\/\",\"name\":\"[VIDEO] Kaj vedo Avstrijci, mi pa ne? - Hudo Slovenija\",\"isPartOf\":{\"@id\":\"https:\/\/hudo.com\/si\/#website\"},\"datePublished\":\"2016-08-05T16:40:38+00:00\",\"dateModified\":\"2016-08-09T17:56:20+00:00\",\"breadcrumb\":{\"@id\":\"https:\/\/hudo.com\/si\/aktualno\/video-kaj-vedo-avstrijci-mi-pa-ne\/#breadcrumb\"},\"inLanguage\":\"sl-SI\",\"potentialAction\":[{\"@type\":\"ReadAction\",\"target\":[\"https:\/\/hudo.com\/si\/aktualno\/video-kaj-vedo-avstrijci-mi-pa-ne\/\"]}]},{\"@type\":\"BreadcrumbList\",\"@id\":\"https:\/\/hudo.com\/si\/aktualno\/video-kaj-vedo-avstrijci-mi-pa-ne\/#breadcrumb\",\"itemListElement\":[{\"@type\":\"ListItem\",\"position\":1,\"name\":\"Home\",\"item\":\"https:\/\/hudo.com\/si\/\"},{\"@type\":\"ListItem\",\"position\":2,\"name\":\"[VIDEO] Kaj vedo Avstrijci, mi pa ne?\"}]},{\"@type\":\"WebSite\",\"@id\":\"https:\/\/hudo.com\/si\/#website\",\"url\":\"https:\/\/hudo.com\/si\/\",\"name\":\"Hudo Slovenija\",\"description\":\"Vse novice iz Slovenije in sveta\",\"publisher\":{\"@id\":\"https:\/\/hudo.com\/si\/#organization\"},\"potentialAction\":[{\"@type\":\"SearchAction\",\"target\":{\"@type\":\"EntryPoint\",\"urlTemplate\":\"https:\/\/hudo.com\/si\/?s={search_term_string}\"},\"query-input\":\"required name=search_term_string\"}],\"inLanguage\":\"sl-SI\"},{\"@type\":\"Organization\",\"@id\":\"https:\/\/hudo.com\/si\/#organization\",\"name\":\"VSN Media\",\"url\":\"https:\/\/hudo.com\/si\/\",\"logo\":{\"@type\":\"ImageObject\",\"inLanguage\":\"sl-SI\",\"@id\":\"https:\/\/hudo.com\/si\/#\/schema\/logo\/image\/\",\"url\":\"https:\/\/hudo.com\/si\/wp-content\/uploads\/sites\/2\/2021\/03\/hudo-app-2.png\",\"contentUrl\":\"https:\/\/hudo.com\/si\/wp-content\/uploads\/sites\/2\/2021\/03\/hudo-app-2.png\",\"width\":2185,\"height\":2167,\"caption\":\"VSN Media\"},\"image\":{\"@id\":\"https:\/\/hudo.com\/si\/#\/schema\/logo\/image\/\"},\"sameAs\":[\"https:\/\/www.facebook.com\/hudo.si\",\"https:\/\/twitter.com\/hudo_si\"]},{\"@type\":\"Person\",\"@id\":\"https:\/\/hudo.com\/si\/#\/schema\/person\/601cf3379633985b20f7e50f2bb47707\",\"name\":\"hudo\",\"image\":{\"@type\":\"ImageObject\",\"inLanguage\":\"sl-SI\",\"@id\":\"https:\/\/hudo.com\/si\/#\/schema\/person\/image\/\",\"url\":\"https:\/\/secure.gravatar.com\/avatar\/c4ca25fa72cace7a696b52ff5db9e095?s=96&d=mm&r=g\",\"contentUrl\":\"https:\/\/secure.gravatar.com\/avatar\/c4ca25fa72cace7a696b52ff5db9e095?s=96&d=mm&r=g\",\"caption\":\"hudo\"},\"url\":\"https:\/\/hudo.com\/si\/author\/hudo\/\"}]}<\/script>\n<!-- \/ Yoast SEO plugin. -->","yoast_head_json":{"title":"[VIDEO] Kaj vedo Avstrijci, mi pa ne? - Hudo Slovenija","robots":{"index":"index","follow":"follow","max-snippet":"max-snippet:-1","max-image-preview":"max-image-preview:large","max-video-preview":"max-video-preview:-1"},"canonical":"https:\/\/hudo.com\/si\/aktualno\/video-kaj-vedo-avstrijci-mi-pa-ne\/","og_locale":"sl_SI","og_type":"article","og_title":"[VIDEO] Kaj vedo Avstrijci, mi pa ne? - Hudo Slovenija","og_description":"Avstrijci se preventivno pripravljajo na nove mno\u017eice migrantov. Tokrat \u0161e bolj temeljito kot kadarkoli doslej. Do zdaj so imeli en sam sprejemni center na \u0160entilju. Zdaj pa so poleg \u0161tajerskega postavili \u0161e \u0161tiri velike registracijske centre. Trije bodo stali na avstrijskem Koro\u0161kem, enega pa postavljajo na meji z Italijo.","og_url":"https:\/\/hudo.com\/si\/aktualno\/video-kaj-vedo-avstrijci-mi-pa-ne\/","og_site_name":"Hudo Slovenija","article_publisher":"https:\/\/www.facebook.com\/hudo.si","article_published_time":"2016-08-05T16:40:38+00:00","article_modified_time":"2016-08-09T17:56:20+00:00","og_image":[{"width":504,"height":284,"url":"https:\/\/hudo.com\/si\/wp-content\/uploads\/sites\/2\/2016\/08\/0481833Wl32.jpg","type":"image\/jpeg"}],"author":"hudo","twitter_card":"summary_large_image","twitter_creator":"@hudo_si","twitter_site":"@hudo_si","twitter_misc":{"Written by":"hudo"},"schema":{"@context":"https:\/\/schema.org","@graph":[{"@type":"Article","@id":"https:\/\/hudo.com\/si\/aktualno\/video-kaj-vedo-avstrijci-mi-pa-ne\/#article","isPartOf":{"@id":"https:\/\/hudo.com\/si\/aktualno\/video-kaj-vedo-avstrijci-mi-pa-ne\/"},"author":{"name":"hudo","@id":"https:\/\/hudo.com\/si\/#\/schema\/person\/601cf3379633985b20f7e50f2bb47707"},"headline":"[VIDEO] Kaj vedo Avstrijci, mi pa ne?","datePublished":"2016-08-05T16:40:38+00:00","dateModified":"2016-08-09T17:56:20+00:00","mainEntityOfPage":{"@id":"https:\/\/hudo.com\/si\/aktualno\/video-kaj-vedo-avstrijci-mi-pa-ne\/"},"wordCount":58,"publisher":{"@id":"https:\/\/hudo.com\/si\/#organization"},"articleSection":["Aktualno"],"inLanguage":"sl-SI"},{"@type":"WebPage","@id":"https:\/\/hudo.com\/si\/aktualno\/video-kaj-vedo-avstrijci-mi-pa-ne\/","url":"https:\/\/hudo.com\/si\/aktualno\/video-kaj-vedo-avstrijci-mi-pa-ne\/","name":"[VIDEO] Kaj vedo Avstrijci, mi pa ne? - Hudo Slovenija","isPartOf":{"@id":"https:\/\/hudo.com\/si\/#website"},"datePublished":"2016-08-05T16:40:38+00:00","dateModified":"2016-08-09T17:56:20+00:00","breadcrumb":{"@id":"https:\/\/hudo.com\/si\/aktualno\/video-kaj-vedo-avstrijci-mi-pa-ne\/#breadcrumb"},"inLanguage":"sl-SI","potentialAction":[{"@type":"ReadAction","target":["https:\/\/hudo.com\/si\/aktualno\/video-kaj-vedo-avstrijci-mi-pa-ne\/"]}]},{"@type":"BreadcrumbList","@id":"https:\/\/hudo.com\/si\/aktualno\/video-kaj-vedo-avstrijci-mi-pa-ne\/#breadcrumb","itemListElement":[{"@type":"ListItem","position":1,"name":"Home","item":"https:\/\/hudo.com\/si\/"},{"@type":"ListItem","position":2,"name":"[VIDEO] Kaj vedo Avstrijci, mi pa ne?"}]},{"@type":"WebSite","@id":"https:\/\/hudo.com\/si\/#website","url":"https:\/\/hudo.com\/si\/","name":"Hudo Slovenija","description":"Vse novice iz Slovenije in sveta","publisher":{"@id":"https:\/\/hudo.com\/si\/#organization"},"potentialAction":[{"@type":"SearchAction","target":{"@type":"EntryPoint","urlTemplate":"https:\/\/hudo.com\/si\/?s={search_term_string}"},"query-input":"required name=search_term_string"}],"inLanguage":"sl-SI"},{"@type":"Organization","@id":"https:\/\/hudo.com\/si\/#organization","name":"VSN Media","url":"https:\/\/hudo.com\/si\/","logo":{"@type":"ImageObject","inLanguage":"sl-SI","@id":"https:\/\/hudo.com\/si\/#\/schema\/logo\/image\/","url":"https:\/\/hudo.com\/si\/wp-content\/uploads\/sites\/2\/2021\/03\/hudo-app-2.png","contentUrl":"https:\/\/hudo.com\/si\/wp-content\/uploads\/sites\/2\/2021\/03\/hudo-app-2.png","width":2185,"height":2167,"caption":"VSN Media"},"image":{"@id":"https:\/\/hudo.com\/si\/#\/schema\/logo\/image\/"},"sameAs":["https:\/\/www.facebook.com\/hudo.si","https:\/\/twitter.com\/hudo_si"]},{"@type":"Person","@id":"https:\/\/hudo.com\/si\/#\/schema\/person\/601cf3379633985b20f7e50f2bb47707","name":"hudo","image":{"@type":"ImageObject","inLanguage":"sl-SI","@id":"https:\/\/hudo.com\/si\/#\/schema\/person\/image\/","url":"https:\/\/secure.gravatar.com\/avatar\/c4ca25fa72cace7a696b52ff5db9e095?s=96&d=mm&r=g","contentUrl":"https:\/\/secure.gravatar.com\/avatar\/c4ca25fa72cace7a696b52ff5db9e095?s=96&d=mm&r=g","caption":"hudo"},"url":"https:\/\/hudo.com\/si\/author\/hudo\/"}]}},"amp_enabled":true,"_links":{"self":[{"href":"https:\/\/hudo.com\/si\/wp-json\/wp\/v2\/posts\/108942"}],"collection":[{"href":"https:\/\/hudo.com\/si\/wp-json\/wp\/v2\/posts"}],"about":[{"href":"https:\/\/hudo.com\/si\/wp-json\/wp\/v2\/types\/post"}],"author":[{"embeddable":true,"href":"https:\/\/hudo.com\/si\/wp-json\/wp\/v2\/users\/1"}],"replies":[{"embeddable":true,"href":"https:\/\/hudo.com\/si\/wp-json\/wp\/v2\/comments?post=108942"}],"version-history":[{"count":1,"href":"https:\/\/hudo.com\/si\/wp-json\/wp\/v2\/posts\/108942\/revisions"}],"predecessor-version":[{"id":109043,"href":"https:\/\/hudo.com\/si\/wp-json\/wp\/v2\/posts\/108942\/revisions\/109043"}],"wp:attachment":[{"href":"https:\/\/hudo.com\/si\/wp-json\/wp\/v2\/media?parent=108942"}],"wp:term":[{"taxonomy":"category","embeddable":true,"href":"https:\/\/hudo.com\/si\/wp-json\/wp\/v2\/categories?post=108942"},{"taxonomy":"post_tag","embeddable":true,"href":"https:\/\/hudo.com\/si\/wp-json\/wp\/v2\/tags?post=108942"},{"taxonomy":"source","embeddable":true,"href":"https:\/\/hudo.com\/si\/wp-json\/wp\/v2\/source?post=108942"},{"taxonomy":"supertag","embeddable":true,"href":"https:\/\/hudo.com\/si\/wp-json\/wp\/v2\/supertag?post=108942"}],"curies":[{"name":"wp","href":"https:\/\/api.w.org\/{rel}","templated":true}]}}