{"id":108968,"date":"2016-08-05T15:56:28","date_gmt":"2016-08-05T13:56:28","guid":{"rendered":"http:\/\/hudo.com\/si\/2016\/08\/05\/za-brgleza-je-referendum-zakon-ulice-sam-bo-predlagal-omejitve\/"},"modified":"2016-08-06T03:56:13","modified_gmt":"2016-08-06T01:56:13","slug":"za-brgleza-je-referendum-zakon-ulice-sam-bo-predlagal-omejitve","status":"publish","type":"post","link":"https:\/\/hudo.com\/si\/aktualno\/za-brgleza-je-referendum-zakon-ulice-sam-bo-predlagal-omejitve\/","title":{"rendered":"Za Brgleza je referendum zakon ulice \u2013 Sam bo predlagal omejitve"},"content":{"rendered":"<p>Predsednik Dr\u017eavnega zbora Milan\u00a0Brglez \u00a0je napovedal vlo\u017eitev predloga spremembe zakona o referendumu. \u010ce mu bo uspelo, se bodo dr\u017eavljanske pravice v demokrati\u010dni Sloveniji, skr\u010dile za pravico do ljudskega odlo\u010danja. Po njegovem predlogu bo za za\u010detek referendumskih postopkov potrebnih 2500 overjenih podpisov. Zdaj namre\u010d zado\u0161\u010dajo neoverjeni podpisi dr\u017eavljanov. To pomeni, da bo vsak podpisnik svoj podpis<\/p>\n","protected":false},"excerpt":{"rendered":"<p>Predsednik Dr\u017eavnega zbora Milan\u00a0Brglez \u00a0je napovedal vlo\u017eitev predloga spremembe zakona o referendumu. \u010ce mu bo uspelo, se bodo dr\u017eavljanske pravice v demokrati\u010dni Sloveniji, skr\u010dile za pravico do ljudskega odlo\u010danja. Po njegovem predlogu bo za za\u010detek referendumskih postopkov potrebnih 2500 overjenih podpisov. Zdaj namre\u010d zado\u0161\u010dajo neoverjeni podpisi dr\u017eavljanov. To pomeni, da bo vsak podpisnik svoj podpis<\/p>\n","protected":false},"author":1,"featured_media":0,"comment_status":"closed","ping_status":"closed","sticky":false,"template":"","format":"standard","meta":{"footnotes":""},"categories":[1179],"tags":[],"source":[1710],"supertag":[],"acf":[],"yoast_head":"<!-- This site is optimized with the Yoast SEO plugin v21.3 - https:\/\/yoast.com\/wordpress\/plugins\/seo\/ -->\n<title>Za Brgleza je referendum zakon ulice \u2013 Sam bo predlagal omejitve - Hudo Slovenija<\/title>\n<meta name=\"robots\" content=\"index, follow, max-snippet:-1, max-image-preview:large, max-video-preview:-1\" \/>\n<link rel=\"canonical\" href=\"https:\/\/hudo.com\/si\/aktualno\/za-brgleza-je-referendum-zakon-ulice-sam-bo-predlagal-omejitve\/\" \/>\n<meta property=\"og:locale\" content=\"sl_SI\" \/>\n<meta property=\"og:type\" content=\"article\" \/>\n<meta property=\"og:title\" content=\"Za Brgleza je referendum zakon ulice \u2013 Sam bo predlagal omejitve - Hudo Slovenija\" \/>\n<meta property=\"og:description\" content=\"Predsednik Dr\u017eavnega zbora Milan\u00a0Brglez \u00a0je napovedal vlo\u017eitev predloga spremembe zakona o referendumu. \u010ce mu bo uspelo, se bodo dr\u017eavljanske pravice v demokrati\u010dni Sloveniji, skr\u010dile za pravico do ljudskega odlo\u010danja. Po njegovem predlogu bo za za\u010detek referendumskih postopkov potrebnih 2500 overjenih podpisov. Zdaj namre\u010d zado\u0161\u010dajo neoverjeni podpisi dr\u017eavljanov. To pomeni, da bo vsak podpisnik svoj podpis\" \/>\n<meta property=\"og:url\" content=\"https:\/\/hudo.com\/si\/aktualno\/za-brgleza-je-referendum-zakon-ulice-sam-bo-predlagal-omejitve\/\" \/>\n<meta property=\"og:site_name\" content=\"Hudo Slovenija\" \/>\n<meta property=\"article:publisher\" content=\"https:\/\/www.facebook.com\/hudo.si\" \/>\n<meta property=\"article:published_time\" content=\"2016-08-05T13:56:28+00:00\" \/>\n<meta property=\"article:modified_time\" content=\"2016-08-06T01:56:13+00:00\" \/>\n<meta property=\"og:image\" content=\"https:\/\/hudo.com\/si\/wp-content\/uploads\/sites\/2\/2016\/08\/za-brgleza-je-referendum-zakon-ulice-sam-bo-predlagal-omejitve-02.jpg\" \/>\n\t<meta property=\"og:image:width\" content=\"640\" \/>\n\t<meta property=\"og:image:height\" content=\"426\" \/>\n\t<meta property=\"og:image:type\" content=\"image\/jpeg\" \/>\n<meta name=\"author\" content=\"hudo\" \/>\n<meta name=\"twitter:card\" content=\"summary_large_image\" \/>\n<meta name=\"twitter:creator\" content=\"@hudo_si\" \/>\n<meta name=\"twitter:site\" content=\"@hudo_si\" \/>\n<meta name=\"twitter:label1\" content=\"Written by\" \/>\n\t<meta name=\"twitter:data1\" content=\"hudo\" \/>\n<script type=\"application\/ld+json\" class=\"yoast-schema-graph\">{\"@context\":\"https:\/\/schema.org\",\"@graph\":[{\"@type\":\"Article\",\"@id\":\"https:\/\/hudo.com\/si\/aktualno\/za-brgleza-je-referendum-zakon-ulice-sam-bo-predlagal-omejitve\/#article\",\"isPartOf\":{\"@id\":\"https:\/\/hudo.com\/si\/aktualno\/za-brgleza-je-referendum-zakon-ulice-sam-bo-predlagal-omejitve\/\"},\"author\":{\"name\":\"hudo\",\"@id\":\"https:\/\/hudo.com\/si\/#\/schema\/person\/601cf3379633985b20f7e50f2bb47707\"},\"headline\":\"Za Brgleza je referendum zakon ulice \u2013 Sam bo predlagal omejitve\",\"datePublished\":\"2016-08-05T13:56:28+00:00\",\"dateModified\":\"2016-08-06T01:56:13+00:00\",\"mainEntityOfPage\":{\"@id\":\"https:\/\/hudo.com\/si\/aktualno\/za-brgleza-je-referendum-zakon-ulice-sam-bo-predlagal-omejitve\/\"},\"wordCount\":74,\"publisher\":{\"@id\":\"https:\/\/hudo.com\/si\/#organization\"},\"articleSection\":[\"Aktualno\"],\"inLanguage\":\"sl-SI\"},{\"@type\":\"WebPage\",\"@id\":\"https:\/\/hudo.com\/si\/aktualno\/za-brgleza-je-referendum-zakon-ulice-sam-bo-predlagal-omejitve\/\",\"url\":\"https:\/\/hudo.com\/si\/aktualno\/za-brgleza-je-referendum-zakon-ulice-sam-bo-predlagal-omejitve\/\",\"name\":\"Za Brgleza je referendum zakon ulice \u2013 Sam bo predlagal omejitve - Hudo Slovenija\",\"isPartOf\":{\"@id\":\"https:\/\/hudo.com\/si\/#website\"},\"datePublished\":\"2016-08-05T13:56:28+00:00\",\"dateModified\":\"2016-08-06T01:56:13+00:00\",\"breadcrumb\":{\"@id\":\"https:\/\/hudo.com\/si\/aktualno\/za-brgleza-je-referendum-zakon-ulice-sam-bo-predlagal-omejitve\/#breadcrumb\"},\"inLanguage\":\"sl-SI\",\"potentialAction\":[{\"@type\":\"ReadAction\",\"target\":[\"https:\/\/hudo.com\/si\/aktualno\/za-brgleza-je-referendum-zakon-ulice-sam-bo-predlagal-omejitve\/\"]}]},{\"@type\":\"BreadcrumbList\",\"@id\":\"https:\/\/hudo.com\/si\/aktualno\/za-brgleza-je-referendum-zakon-ulice-sam-bo-predlagal-omejitve\/#breadcrumb\",\"itemListElement\":[{\"@type\":\"ListItem\",\"position\":1,\"name\":\"Home\",\"item\":\"https:\/\/hudo.com\/si\/\"},{\"@type\":\"ListItem\",\"position\":2,\"name\":\"Za Brgleza je referendum zakon ulice \u2013 Sam bo predlagal omejitve\"}]},{\"@type\":\"WebSite\",\"@id\":\"https:\/\/hudo.com\/si\/#website\",\"url\":\"https:\/\/hudo.com\/si\/\",\"name\":\"Hudo Slovenija\",\"description\":\"Vse novice iz Slovenije in sveta\",\"publisher\":{\"@id\":\"https:\/\/hudo.com\/si\/#organization\"},\"potentialAction\":[{\"@type\":\"SearchAction\",\"target\":{\"@type\":\"EntryPoint\",\"urlTemplate\":\"https:\/\/hudo.com\/si\/?s={search_term_string}\"},\"query-input\":\"required name=search_term_string\"}],\"inLanguage\":\"sl-SI\"},{\"@type\":\"Organization\",\"@id\":\"https:\/\/hudo.com\/si\/#organization\",\"name\":\"VSN Media\",\"url\":\"https:\/\/hudo.com\/si\/\",\"logo\":{\"@type\":\"ImageObject\",\"inLanguage\":\"sl-SI\",\"@id\":\"https:\/\/hudo.com\/si\/#\/schema\/logo\/image\/\",\"url\":\"https:\/\/hudo.com\/si\/wp-content\/uploads\/sites\/2\/2021\/03\/hudo-app-2.png\",\"contentUrl\":\"https:\/\/hudo.com\/si\/wp-content\/uploads\/sites\/2\/2021\/03\/hudo-app-2.png\",\"width\":2185,\"height\":2167,\"caption\":\"VSN Media\"},\"image\":{\"@id\":\"https:\/\/hudo.com\/si\/#\/schema\/logo\/image\/\"},\"sameAs\":[\"https:\/\/www.facebook.com\/hudo.si\",\"https:\/\/twitter.com\/hudo_si\"]},{\"@type\":\"Person\",\"@id\":\"https:\/\/hudo.com\/si\/#\/schema\/person\/601cf3379633985b20f7e50f2bb47707\",\"name\":\"hudo\",\"image\":{\"@type\":\"ImageObject\",\"inLanguage\":\"sl-SI\",\"@id\":\"https:\/\/hudo.com\/si\/#\/schema\/person\/image\/\",\"url\":\"https:\/\/secure.gravatar.com\/avatar\/c4ca25fa72cace7a696b52ff5db9e095?s=96&d=mm&r=g\",\"contentUrl\":\"https:\/\/secure.gravatar.com\/avatar\/c4ca25fa72cace7a696b52ff5db9e095?s=96&d=mm&r=g\",\"caption\":\"hudo\"},\"url\":\"https:\/\/hudo.com\/si\/author\/hudo\/\"}]}<\/script>\n<!-- \/ Yoast SEO plugin. -->","yoast_head_json":{"title":"Za Brgleza je referendum zakon ulice \u2013 Sam bo predlagal omejitve - Hudo Slovenija","robots":{"index":"index","follow":"follow","max-snippet":"max-snippet:-1","max-image-preview":"max-image-preview:large","max-video-preview":"max-video-preview:-1"},"canonical":"https:\/\/hudo.com\/si\/aktualno\/za-brgleza-je-referendum-zakon-ulice-sam-bo-predlagal-omejitve\/","og_locale":"sl_SI","og_type":"article","og_title":"Za Brgleza je referendum zakon ulice \u2013 Sam bo predlagal omejitve - Hudo Slovenija","og_description":"Predsednik Dr\u017eavnega zbora Milan\u00a0Brglez \u00a0je napovedal vlo\u017eitev predloga spremembe zakona o referendumu. \u010ce mu bo uspelo, se bodo dr\u017eavljanske pravice v demokrati\u010dni Sloveniji, skr\u010dile za pravico do ljudskega odlo\u010danja. Po njegovem predlogu bo za za\u010detek referendumskih postopkov potrebnih 2500 overjenih podpisov. Zdaj namre\u010d zado\u0161\u010dajo neoverjeni podpisi dr\u017eavljanov. To pomeni, da bo vsak podpisnik svoj podpis","og_url":"https:\/\/hudo.com\/si\/aktualno\/za-brgleza-je-referendum-zakon-ulice-sam-bo-predlagal-omejitve\/","og_site_name":"Hudo Slovenija","article_publisher":"https:\/\/www.facebook.com\/hudo.si","article_published_time":"2016-08-05T13:56:28+00:00","article_modified_time":"2016-08-06T01:56:13+00:00","og_image":[{"width":640,"height":426,"url":"https:\/\/hudo.com\/si\/wp-content\/uploads\/sites\/2\/2016\/08\/za-brgleza-je-referendum-zakon-ulice-sam-bo-predlagal-omejitve-02.jpg","type":"image\/jpeg"}],"author":"hudo","twitter_card":"summary_large_image","twitter_creator":"@hudo_si","twitter_site":"@hudo_si","twitter_misc":{"Written by":"hudo"},"schema":{"@context":"https:\/\/schema.org","@graph":[{"@type":"Article","@id":"https:\/\/hudo.com\/si\/aktualno\/za-brgleza-je-referendum-zakon-ulice-sam-bo-predlagal-omejitve\/#article","isPartOf":{"@id":"https:\/\/hudo.com\/si\/aktualno\/za-brgleza-je-referendum-zakon-ulice-sam-bo-predlagal-omejitve\/"},"author":{"name":"hudo","@id":"https:\/\/hudo.com\/si\/#\/schema\/person\/601cf3379633985b20f7e50f2bb47707"},"headline":"Za Brgleza je referendum zakon ulice \u2013 Sam bo predlagal omejitve","datePublished":"2016-08-05T13:56:28+00:00","dateModified":"2016-08-06T01:56:13+00:00","mainEntityOfPage":{"@id":"https:\/\/hudo.com\/si\/aktualno\/za-brgleza-je-referendum-zakon-ulice-sam-bo-predlagal-omejitve\/"},"wordCount":74,"publisher":{"@id":"https:\/\/hudo.com\/si\/#organization"},"articleSection":["Aktualno"],"inLanguage":"sl-SI"},{"@type":"WebPage","@id":"https:\/\/hudo.com\/si\/aktualno\/za-brgleza-je-referendum-zakon-ulice-sam-bo-predlagal-omejitve\/","url":"https:\/\/hudo.com\/si\/aktualno\/za-brgleza-je-referendum-zakon-ulice-sam-bo-predlagal-omejitve\/","name":"Za Brgleza je referendum zakon ulice \u2013 Sam bo predlagal omejitve - Hudo Slovenija","isPartOf":{"@id":"https:\/\/hudo.com\/si\/#website"},"datePublished":"2016-08-05T13:56:28+00:00","dateModified":"2016-08-06T01:56:13+00:00","breadcrumb":{"@id":"https:\/\/hudo.com\/si\/aktualno\/za-brgleza-je-referendum-zakon-ulice-sam-bo-predlagal-omejitve\/#breadcrumb"},"inLanguage":"sl-SI","potentialAction":[{"@type":"ReadAction","target":["https:\/\/hudo.com\/si\/aktualno\/za-brgleza-je-referendum-zakon-ulice-sam-bo-predlagal-omejitve\/"]}]},{"@type":"BreadcrumbList","@id":"https:\/\/hudo.com\/si\/aktualno\/za-brgleza-je-referendum-zakon-ulice-sam-bo-predlagal-omejitve\/#breadcrumb","itemListElement":[{"@type":"ListItem","position":1,"name":"Home","item":"https:\/\/hudo.com\/si\/"},{"@type":"ListItem","position":2,"name":"Za Brgleza je referendum zakon ulice \u2013 Sam bo predlagal omejitve"}]},{"@type":"WebSite","@id":"https:\/\/hudo.com\/si\/#website","url":"https:\/\/hudo.com\/si\/","name":"Hudo Slovenija","description":"Vse novice iz Slovenije in sveta","publisher":{"@id":"https:\/\/hudo.com\/si\/#organization"},"potentialAction":[{"@type":"SearchAction","target":{"@type":"EntryPoint","urlTemplate":"https:\/\/hudo.com\/si\/?s={search_term_string}"},"query-input":"required name=search_term_string"}],"inLanguage":"sl-SI"},{"@type":"Organization","@id":"https:\/\/hudo.com\/si\/#organization","name":"VSN Media","url":"https:\/\/hudo.com\/si\/","logo":{"@type":"ImageObject","inLanguage":"sl-SI","@id":"https:\/\/hudo.com\/si\/#\/schema\/logo\/image\/","url":"https:\/\/hudo.com\/si\/wp-content\/uploads\/sites\/2\/2021\/03\/hudo-app-2.png","contentUrl":"https:\/\/hudo.com\/si\/wp-content\/uploads\/sites\/2\/2021\/03\/hudo-app-2.png","width":2185,"height":2167,"caption":"VSN Media"},"image":{"@id":"https:\/\/hudo.com\/si\/#\/schema\/logo\/image\/"},"sameAs":["https:\/\/www.facebook.com\/hudo.si","https:\/\/twitter.com\/hudo_si"]},{"@type":"Person","@id":"https:\/\/hudo.com\/si\/#\/schema\/person\/601cf3379633985b20f7e50f2bb47707","name":"hudo","image":{"@type":"ImageObject","inLanguage":"sl-SI","@id":"https:\/\/hudo.com\/si\/#\/schema\/person\/image\/","url":"https:\/\/secure.gravatar.com\/avatar\/c4ca25fa72cace7a696b52ff5db9e095?s=96&d=mm&r=g","contentUrl":"https:\/\/secure.gravatar.com\/avatar\/c4ca25fa72cace7a696b52ff5db9e095?s=96&d=mm&r=g","caption":"hudo"},"url":"https:\/\/hudo.com\/si\/author\/hudo\/"}]}},"amp_enabled":true,"_links":{"self":[{"href":"https:\/\/hudo.com\/si\/wp-json\/wp\/v2\/posts\/108968"}],"collection":[{"href":"https:\/\/hudo.com\/si\/wp-json\/wp\/v2\/posts"}],"about":[{"href":"https:\/\/hudo.com\/si\/wp-json\/wp\/v2\/types\/post"}],"author":[{"embeddable":true,"href":"https:\/\/hudo.com\/si\/wp-json\/wp\/v2\/users\/1"}],"replies":[{"embeddable":true,"href":"https:\/\/hudo.com\/si\/wp-json\/wp\/v2\/comments?post=108968"}],"version-history":[{"count":1,"href":"https:\/\/hudo.com\/si\/wp-json\/wp\/v2\/posts\/108968\/revisions"}],"predecessor-version":[{"id":109052,"href":"https:\/\/hudo.com\/si\/wp-json\/wp\/v2\/posts\/108968\/revisions\/109052"}],"wp:attachment":[{"href":"https:\/\/hudo.com\/si\/wp-json\/wp\/v2\/media?parent=108968"}],"wp:term":[{"taxonomy":"category","embeddable":true,"href":"https:\/\/hudo.com\/si\/wp-json\/wp\/v2\/categories?post=108968"},{"taxonomy":"post_tag","embeddable":true,"href":"https:\/\/hudo.com\/si\/wp-json\/wp\/v2\/tags?post=108968"},{"taxonomy":"source","embeddable":true,"href":"https:\/\/hudo.com\/si\/wp-json\/wp\/v2\/source?post=108968"},{"taxonomy":"supertag","embeddable":true,"href":"https:\/\/hudo.com\/si\/wp-json\/wp\/v2\/supertag?post=108968"}],"curies":[{"name":"wp","href":"https:\/\/api.w.org\/{rel}","templated":true}]}}