{"id":109056,"date":"2016-08-06T04:00:00","date_gmt":"2016-08-06T02:00:00","guid":{"rendered":"http:\/\/hudo.com\/si\/2016\/08\/06\/z-dragicem-so-se-najbolj-presenetili-celjane\/"},"modified":"2016-08-06T23:52:09","modified_gmt":"2016-08-06T21:52:09","slug":"z-dragicem-so-se-najbolj-presenetili-celjane","status":"publish","type":"post","link":"https:\/\/hudo.com\/si\/aktualno\/z-dragicem-so-se-najbolj-presenetili-celjane\/","title":{"rendered":"Z Dragi\u0107em so \u0161e najbolj presenetili Celjane"},"content":{"rendered":"<p>Kategorija: Ko\u0161arka Sat, 06 Aug 2016 06:00:00 +0200  Celje \u2013 Kljub druga\u010dnim napovedim se je \u017ee v prvem ogrevalnem nastopu pred kvalifikacijami za EP 2007 v slovenski zasedbi pojavil Goran Dragi\u0107. Zaigral je \u017ee v za\u010detni peterki in prebil na parketu pet minut, kar je bilo prijetno presene\u010denje za gledalce. \u010ce bi njegov nastop napovedali, pa bi se jih zbralo veliko ve\u010d, \u010detudi je \u0161lo za kratko epizodo. Uvodni dan turnirja v dvorani Zlatorog je ponudil Portugalcem prilo\u017enost za prvo pripravljalno soo\u010denje s Slovenijo, potem ko so se z njo \u0161tirikrat pomerili v kvalifikacijah za eurobasket 2001 in 2003 ter jo dvakrat spodobno odnesli ob porazih s 65:77 in 99:106. Tudi tokrat so se pogumno in vztrajno postavili po robu izbrancem Igorja Koko\u0161kova, ki je v\u010deraj preizkusil 13 mo\u017e, medtem ko se Sa\u0161o Zagorac, Vlatko \u010can\u010dar in \u017dan\u00a0&#8230;<\/p>\n","protected":false},"excerpt":{"rendered":"<p>Kategorija: Ko\u0161arka Sat, 06 Aug 2016 06:00:00 +0200  Celje \u2013 Kljub druga\u010dnim napovedim se je \u017ee v prvem ogrevalnem nastopu pred kvalifikacijami za EP 2007 v slovenski zasedbi pojavil Goran Dragi\u0107. Zaigral je \u017ee v za\u010detni peterki in prebil na parketu pet minut, kar je bilo prijetno presene\u010denje za gledalce. \u010ce bi njegov nastop napovedali, pa bi se jih zbralo veliko ve\u010d, \u010detudi je \u0161lo za kratko epizodo. Uvodni dan turnirja v dvorani Zlatorog je ponudil Portugalcem prilo\u017enost za prvo pripravljalno soo\u010denje s Slovenijo, potem ko so se z njo \u0161tirikrat pomerili v kvalifikacijah za eurobasket 2001 in 2003 ter jo dvakrat spodobno odnesli ob porazih s 65:77 in 99:106. Tudi tokrat so se pogumno in vztrajno postavili po robu izbrancem Igorja Koko\u0161kova, ki je v\u010deraj preizkusil 13 mo\u017e, medtem ko se Sa\u0161o Zagorac, Vlatko \u010can\u010dar in \u017dan\u00a0&#8230;<\/p>\n","protected":false},"author":1,"featured_media":0,"comment_status":"closed","ping_status":"closed","sticky":false,"template":"","format":"standard","meta":{"footnotes":""},"categories":[1179],"tags":[],"source":[4511],"supertag":[],"acf":[],"yoast_head":"<!-- This site is optimized with the Yoast SEO plugin v21.3 - https:\/\/yoast.com\/wordpress\/plugins\/seo\/ -->\n<title>Z Dragi\u0107em so \u0161e najbolj presenetili Celjane - Hudo Slovenija<\/title>\n<meta name=\"robots\" content=\"index, follow, max-snippet:-1, max-image-preview:large, max-video-preview:-1\" \/>\n<link rel=\"canonical\" href=\"https:\/\/hudo.com\/si\/aktualno\/z-dragicem-so-se-najbolj-presenetili-celjane\/\" \/>\n<meta property=\"og:locale\" content=\"sl_SI\" \/>\n<meta property=\"og:type\" content=\"article\" \/>\n<meta property=\"og:title\" content=\"Z Dragi\u0107em so \u0161e najbolj presenetili Celjane - Hudo Slovenija\" \/>\n<meta property=\"og:description\" content=\"Kategorija: Ko\u0161arka Sat, 06 Aug 2016 06:00:00 +0200 Celje \u2013 Kljub druga\u010dnim napovedim se je \u017ee v prvem ogrevalnem nastopu pred kvalifikacijami za EP 2007 v slovenski zasedbi pojavil Goran Dragi\u0107. Zaigral je \u017ee v za\u010detni peterki in prebil na parketu pet minut, kar je bilo prijetno presene\u010denje za gledalce. \u010ce bi njegov nastop napovedali, pa bi se jih zbralo veliko ve\u010d, \u010detudi je \u0161lo za kratko epizodo. Uvodni dan turnirja v dvorani Zlatorog je ponudil Portugalcem prilo\u017enost za prvo pripravljalno soo\u010denje s Slovenijo, potem ko so se z njo \u0161tirikrat pomerili v kvalifikacijah za eurobasket 2001 in 2003 ter jo dvakrat spodobno odnesli ob porazih s 65:77 in 99:106. Tudi tokrat so se pogumno in vztrajno postavili po robu izbrancem Igorja Koko\u0161kova, ki je v\u010deraj preizkusil 13 mo\u017e, medtem ko se Sa\u0161o Zagorac, Vlatko \u010can\u010dar in \u017dan\u00a0...\" \/>\n<meta property=\"og:url\" content=\"https:\/\/hudo.com\/si\/aktualno\/z-dragicem-so-se-najbolj-presenetili-celjane\/\" \/>\n<meta property=\"og:site_name\" content=\"Hudo Slovenija\" \/>\n<meta property=\"article:publisher\" content=\"https:\/\/www.facebook.com\/hudo.si\" \/>\n<meta property=\"article:published_time\" content=\"2016-08-06T02:00:00+00:00\" \/>\n<meta property=\"article:modified_time\" content=\"2016-08-06T21:52:09+00:00\" \/>\n<meta property=\"og:image\" content=\"https:\/\/hudo.com\/si\/wp-content\/uploads\/sites\/2\/2016\/08\/480x290_Sport__Delo_Foto_2016080521_hires0.jpeg\" \/>\n\t<meta property=\"og:image:width\" content=\"480\" \/>\n\t<meta property=\"og:image:height\" content=\"290\" \/>\n\t<meta property=\"og:image:type\" content=\"image\/jpeg\" \/>\n<meta name=\"author\" content=\"hudo\" \/>\n<meta name=\"twitter:card\" content=\"summary_large_image\" \/>\n<meta name=\"twitter:creator\" content=\"@hudo_si\" \/>\n<meta name=\"twitter:site\" content=\"@hudo_si\" \/>\n<meta name=\"twitter:label1\" content=\"Written by\" \/>\n\t<meta name=\"twitter:data1\" content=\"hudo\" \/>\n\t<meta name=\"twitter:label2\" content=\"Est. reading time\" \/>\n\t<meta name=\"twitter:data2\" content=\"1 minuta\" \/>\n<script type=\"application\/ld+json\" class=\"yoast-schema-graph\">{\"@context\":\"https:\/\/schema.org\",\"@graph\":[{\"@type\":\"Article\",\"@id\":\"https:\/\/hudo.com\/si\/aktualno\/z-dragicem-so-se-najbolj-presenetili-celjane\/#article\",\"isPartOf\":{\"@id\":\"https:\/\/hudo.com\/si\/aktualno\/z-dragicem-so-se-najbolj-presenetili-celjane\/\"},\"author\":{\"name\":\"hudo\",\"@id\":\"https:\/\/hudo.com\/si\/#\/schema\/person\/601cf3379633985b20f7e50f2bb47707\"},\"headline\":\"Z Dragi\u0107em so \u0161e najbolj presenetili Celjane\",\"datePublished\":\"2016-08-06T02:00:00+00:00\",\"dateModified\":\"2016-08-06T21:52:09+00:00\",\"mainEntityOfPage\":{\"@id\":\"https:\/\/hudo.com\/si\/aktualno\/z-dragicem-so-se-najbolj-presenetili-celjane\/\"},\"wordCount\":145,\"publisher\":{\"@id\":\"https:\/\/hudo.com\/si\/#organization\"},\"articleSection\":[\"Aktualno\"],\"inLanguage\":\"sl-SI\"},{\"@type\":\"WebPage\",\"@id\":\"https:\/\/hudo.com\/si\/aktualno\/z-dragicem-so-se-najbolj-presenetili-celjane\/\",\"url\":\"https:\/\/hudo.com\/si\/aktualno\/z-dragicem-so-se-najbolj-presenetili-celjane\/\",\"name\":\"Z Dragi\u0107em so \u0161e najbolj presenetili Celjane - Hudo Slovenija\",\"isPartOf\":{\"@id\":\"https:\/\/hudo.com\/si\/#website\"},\"datePublished\":\"2016-08-06T02:00:00+00:00\",\"dateModified\":\"2016-08-06T21:52:09+00:00\",\"breadcrumb\":{\"@id\":\"https:\/\/hudo.com\/si\/aktualno\/z-dragicem-so-se-najbolj-presenetili-celjane\/#breadcrumb\"},\"inLanguage\":\"sl-SI\",\"potentialAction\":[{\"@type\":\"ReadAction\",\"target\":[\"https:\/\/hudo.com\/si\/aktualno\/z-dragicem-so-se-najbolj-presenetili-celjane\/\"]}]},{\"@type\":\"BreadcrumbList\",\"@id\":\"https:\/\/hudo.com\/si\/aktualno\/z-dragicem-so-se-najbolj-presenetili-celjane\/#breadcrumb\",\"itemListElement\":[{\"@type\":\"ListItem\",\"position\":1,\"name\":\"Home\",\"item\":\"https:\/\/hudo.com\/si\/\"},{\"@type\":\"ListItem\",\"position\":2,\"name\":\"Z Dragi\u0107em so \u0161e najbolj presenetili Celjane\"}]},{\"@type\":\"WebSite\",\"@id\":\"https:\/\/hudo.com\/si\/#website\",\"url\":\"https:\/\/hudo.com\/si\/\",\"name\":\"Hudo Slovenija\",\"description\":\"Vse novice iz Slovenije in sveta\",\"publisher\":{\"@id\":\"https:\/\/hudo.com\/si\/#organization\"},\"potentialAction\":[{\"@type\":\"SearchAction\",\"target\":{\"@type\":\"EntryPoint\",\"urlTemplate\":\"https:\/\/hudo.com\/si\/?s={search_term_string}\"},\"query-input\":\"required name=search_term_string\"}],\"inLanguage\":\"sl-SI\"},{\"@type\":\"Organization\",\"@id\":\"https:\/\/hudo.com\/si\/#organization\",\"name\":\"VSN Media\",\"url\":\"https:\/\/hudo.com\/si\/\",\"logo\":{\"@type\":\"ImageObject\",\"inLanguage\":\"sl-SI\",\"@id\":\"https:\/\/hudo.com\/si\/#\/schema\/logo\/image\/\",\"url\":\"https:\/\/hudo.com\/si\/wp-content\/uploads\/sites\/2\/2021\/03\/hudo-app-2.png\",\"contentUrl\":\"https:\/\/hudo.com\/si\/wp-content\/uploads\/sites\/2\/2021\/03\/hudo-app-2.png\",\"width\":2185,\"height\":2167,\"caption\":\"VSN Media\"},\"image\":{\"@id\":\"https:\/\/hudo.com\/si\/#\/schema\/logo\/image\/\"},\"sameAs\":[\"https:\/\/www.facebook.com\/hudo.si\",\"https:\/\/twitter.com\/hudo_si\"]},{\"@type\":\"Person\",\"@id\":\"https:\/\/hudo.com\/si\/#\/schema\/person\/601cf3379633985b20f7e50f2bb47707\",\"name\":\"hudo\",\"image\":{\"@type\":\"ImageObject\",\"inLanguage\":\"sl-SI\",\"@id\":\"https:\/\/hudo.com\/si\/#\/schema\/person\/image\/\",\"url\":\"https:\/\/secure.gravatar.com\/avatar\/c4ca25fa72cace7a696b52ff5db9e095?s=96&d=mm&r=g\",\"contentUrl\":\"https:\/\/secure.gravatar.com\/avatar\/c4ca25fa72cace7a696b52ff5db9e095?s=96&d=mm&r=g\",\"caption\":\"hudo\"},\"url\":\"https:\/\/hudo.com\/si\/author\/hudo\/\"}]}<\/script>\n<!-- \/ Yoast SEO plugin. -->","yoast_head_json":{"title":"Z Dragi\u0107em so \u0161e najbolj presenetili Celjane - Hudo Slovenija","robots":{"index":"index","follow":"follow","max-snippet":"max-snippet:-1","max-image-preview":"max-image-preview:large","max-video-preview":"max-video-preview:-1"},"canonical":"https:\/\/hudo.com\/si\/aktualno\/z-dragicem-so-se-najbolj-presenetili-celjane\/","og_locale":"sl_SI","og_type":"article","og_title":"Z Dragi\u0107em so \u0161e najbolj presenetili Celjane - Hudo Slovenija","og_description":"Kategorija: Ko\u0161arka Sat, 06 Aug 2016 06:00:00 +0200 Celje \u2013 Kljub druga\u010dnim napovedim se je \u017ee v prvem ogrevalnem nastopu pred kvalifikacijami za EP 2007 v slovenski zasedbi pojavil Goran Dragi\u0107. Zaigral je \u017ee v za\u010detni peterki in prebil na parketu pet minut, kar je bilo prijetno presene\u010denje za gledalce. \u010ce bi njegov nastop napovedali, pa bi se jih zbralo veliko ve\u010d, \u010detudi je \u0161lo za kratko epizodo. Uvodni dan turnirja v dvorani Zlatorog je ponudil Portugalcem prilo\u017enost za prvo pripravljalno soo\u010denje s Slovenijo, potem ko so se z njo \u0161tirikrat pomerili v kvalifikacijah za eurobasket 2001 in 2003 ter jo dvakrat spodobno odnesli ob porazih s 65:77 in 99:106. Tudi tokrat so se pogumno in vztrajno postavili po robu izbrancem Igorja Koko\u0161kova, ki je v\u010deraj preizkusil 13 mo\u017e, medtem ko se Sa\u0161o Zagorac, Vlatko \u010can\u010dar in \u017dan\u00a0...","og_url":"https:\/\/hudo.com\/si\/aktualno\/z-dragicem-so-se-najbolj-presenetili-celjane\/","og_site_name":"Hudo Slovenija","article_publisher":"https:\/\/www.facebook.com\/hudo.si","article_published_time":"2016-08-06T02:00:00+00:00","article_modified_time":"2016-08-06T21:52:09+00:00","og_image":[{"width":480,"height":290,"url":"https:\/\/hudo.com\/si\/wp-content\/uploads\/sites\/2\/2016\/08\/480x290_Sport__Delo_Foto_2016080521_hires0.jpeg","type":"image\/jpeg"}],"author":"hudo","twitter_card":"summary_large_image","twitter_creator":"@hudo_si","twitter_site":"@hudo_si","twitter_misc":{"Written by":"hudo","Est. reading time":"1 minuta"},"schema":{"@context":"https:\/\/schema.org","@graph":[{"@type":"Article","@id":"https:\/\/hudo.com\/si\/aktualno\/z-dragicem-so-se-najbolj-presenetili-celjane\/#article","isPartOf":{"@id":"https:\/\/hudo.com\/si\/aktualno\/z-dragicem-so-se-najbolj-presenetili-celjane\/"},"author":{"name":"hudo","@id":"https:\/\/hudo.com\/si\/#\/schema\/person\/601cf3379633985b20f7e50f2bb47707"},"headline":"Z Dragi\u0107em so \u0161e najbolj presenetili Celjane","datePublished":"2016-08-06T02:00:00+00:00","dateModified":"2016-08-06T21:52:09+00:00","mainEntityOfPage":{"@id":"https:\/\/hudo.com\/si\/aktualno\/z-dragicem-so-se-najbolj-presenetili-celjane\/"},"wordCount":145,"publisher":{"@id":"https:\/\/hudo.com\/si\/#organization"},"articleSection":["Aktualno"],"inLanguage":"sl-SI"},{"@type":"WebPage","@id":"https:\/\/hudo.com\/si\/aktualno\/z-dragicem-so-se-najbolj-presenetili-celjane\/","url":"https:\/\/hudo.com\/si\/aktualno\/z-dragicem-so-se-najbolj-presenetili-celjane\/","name":"Z Dragi\u0107em so \u0161e najbolj presenetili Celjane - Hudo Slovenija","isPartOf":{"@id":"https:\/\/hudo.com\/si\/#website"},"datePublished":"2016-08-06T02:00:00+00:00","dateModified":"2016-08-06T21:52:09+00:00","breadcrumb":{"@id":"https:\/\/hudo.com\/si\/aktualno\/z-dragicem-so-se-najbolj-presenetili-celjane\/#breadcrumb"},"inLanguage":"sl-SI","potentialAction":[{"@type":"ReadAction","target":["https:\/\/hudo.com\/si\/aktualno\/z-dragicem-so-se-najbolj-presenetili-celjane\/"]}]},{"@type":"BreadcrumbList","@id":"https:\/\/hudo.com\/si\/aktualno\/z-dragicem-so-se-najbolj-presenetili-celjane\/#breadcrumb","itemListElement":[{"@type":"ListItem","position":1,"name":"Home","item":"https:\/\/hudo.com\/si\/"},{"@type":"ListItem","position":2,"name":"Z Dragi\u0107em so \u0161e najbolj presenetili Celjane"}]},{"@type":"WebSite","@id":"https:\/\/hudo.com\/si\/#website","url":"https:\/\/hudo.com\/si\/","name":"Hudo Slovenija","description":"Vse novice iz Slovenije in sveta","publisher":{"@id":"https:\/\/hudo.com\/si\/#organization"},"potentialAction":[{"@type":"SearchAction","target":{"@type":"EntryPoint","urlTemplate":"https:\/\/hudo.com\/si\/?s={search_term_string}"},"query-input":"required name=search_term_string"}],"inLanguage":"sl-SI"},{"@type":"Organization","@id":"https:\/\/hudo.com\/si\/#organization","name":"VSN Media","url":"https:\/\/hudo.com\/si\/","logo":{"@type":"ImageObject","inLanguage":"sl-SI","@id":"https:\/\/hudo.com\/si\/#\/schema\/logo\/image\/","url":"https:\/\/hudo.com\/si\/wp-content\/uploads\/sites\/2\/2021\/03\/hudo-app-2.png","contentUrl":"https:\/\/hudo.com\/si\/wp-content\/uploads\/sites\/2\/2021\/03\/hudo-app-2.png","width":2185,"height":2167,"caption":"VSN Media"},"image":{"@id":"https:\/\/hudo.com\/si\/#\/schema\/logo\/image\/"},"sameAs":["https:\/\/www.facebook.com\/hudo.si","https:\/\/twitter.com\/hudo_si"]},{"@type":"Person","@id":"https:\/\/hudo.com\/si\/#\/schema\/person\/601cf3379633985b20f7e50f2bb47707","name":"hudo","image":{"@type":"ImageObject","inLanguage":"sl-SI","@id":"https:\/\/hudo.com\/si\/#\/schema\/person\/image\/","url":"https:\/\/secure.gravatar.com\/avatar\/c4ca25fa72cace7a696b52ff5db9e095?s=96&d=mm&r=g","contentUrl":"https:\/\/secure.gravatar.com\/avatar\/c4ca25fa72cace7a696b52ff5db9e095?s=96&d=mm&r=g","caption":"hudo"},"url":"https:\/\/hudo.com\/si\/author\/hudo\/"}]}},"amp_enabled":true,"_links":{"self":[{"href":"https:\/\/hudo.com\/si\/wp-json\/wp\/v2\/posts\/109056"}],"collection":[{"href":"https:\/\/hudo.com\/si\/wp-json\/wp\/v2\/posts"}],"about":[{"href":"https:\/\/hudo.com\/si\/wp-json\/wp\/v2\/types\/post"}],"author":[{"embeddable":true,"href":"https:\/\/hudo.com\/si\/wp-json\/wp\/v2\/users\/1"}],"replies":[{"embeddable":true,"href":"https:\/\/hudo.com\/si\/wp-json\/wp\/v2\/comments?post=109056"}],"version-history":[{"count":1,"href":"https:\/\/hudo.com\/si\/wp-json\/wp\/v2\/posts\/109056\/revisions"}],"predecessor-version":[{"id":109247,"href":"https:\/\/hudo.com\/si\/wp-json\/wp\/v2\/posts\/109056\/revisions\/109247"}],"wp:attachment":[{"href":"https:\/\/hudo.com\/si\/wp-json\/wp\/v2\/media?parent=109056"}],"wp:term":[{"taxonomy":"category","embeddable":true,"href":"https:\/\/hudo.com\/si\/wp-json\/wp\/v2\/categories?post=109056"},{"taxonomy":"post_tag","embeddable":true,"href":"https:\/\/hudo.com\/si\/wp-json\/wp\/v2\/tags?post=109056"},{"taxonomy":"source","embeddable":true,"href":"https:\/\/hudo.com\/si\/wp-json\/wp\/v2\/source?post=109056"},{"taxonomy":"supertag","embeddable":true,"href":"https:\/\/hudo.com\/si\/wp-json\/wp\/v2\/supertag?post=109056"}],"curies":[{"name":"wp","href":"https:\/\/api.w.org\/{rel}","templated":true}]}}