{"id":109738,"date":"2016-08-07T14:30:00","date_gmt":"2016-08-07T12:30:00","guid":{"rendered":"http:\/\/hudo.com\/si\/2016\/08\/07\/v-belgiji-po-napadu-na-policistki-zaceli-preiskavo-teroristicnega-dejanja\/"},"modified":"2016-08-07T14:30:00","modified_gmt":"2016-08-07T12:30:00","slug":"v-belgiji-po-napadu-na-policistki-zaceli-preiskavo-teroristicnega-dejanja","status":"publish","type":"post","link":"https:\/\/hudo.com\/si\/aktualno\/v-belgiji-po-napadu-na-policistki-zaceli-preiskavo-teroristicnega-dejanja\/","title":{"rendered":"V Belgiji po napadu na policistki za\u010deli preiskavo teroristi\u010dnega dejanja"},"content":{"rendered":"<p>V Belgiji so po sobotnem napadu z ma\u010deto na dve policistki v Charleroiju za\u010deli preiskavo teroristi\u010dnega dejanja, je danes sporo\u010dil belgijski premier Charles Michel. Napadalec, 33-letni K. B. iz Al\u017eirije, je ob napadu na policistki, ki sta bili ranjeni, vzklikal &#8220;Alahu Akbar&#8221;, preden ga je tretji policist ustrelil in ubil. &#8220;Zvezni preiskovalci so me obvestili, da se je za\u010dela preiskava poskusa teroristi\u010dnega umora, glede na to, da so bili prisotni dolo\u010deni elementi,&#8221; je po poro\u010danju francoske tiskovne agencije AFP izjavil Michel. Pri tem naj bi imel v mislih predvsem omenjene vzklike &#8220;Alahu Akbar&#8221; (Bog je velik), kar nakazuje na islamisti\u010dno ozadje napada. Podobno so kasneje sporo\u010dili tudi iz belgijskega dr\u017eavnega to\u017eilstva. Pojasnili so, da je primer prevzel to\u017eilec, specializiran za pregon teroristi\u010dnih dejanj, saj bi bil motiv napada lahko terorizem, \u0161e poro\u010da AFP. Poleg tega je to\u017eilstvo sporo\u010dilo, da so napadalca identificirali kot 33-letnega K. B., po rodu iz Al\u017eirije. V Belgiji je bil od leta 2012 in je nekajkrat tudi \u017ee pri\u0161el v navzkri\u017e z zakonom, vendar pa tega, da bi imel povezave s teroristi, belgijske oblasti niso zaznale, je sporo\u010dilo belgijsko to\u017eilstvo. Do napada je pri\u0161lo pred glavno policijsko postajo v mestu, ki le\u017ei 50 kilometrov ju\u017eno od Bruslja. Ena od policistk je dobila globoke ureznine na obrazu in so jo odpeljali v bolni\u0161nico, druga je bila la\u017eje ranjena. Napadalca je kasneje tretji policist ustrelil in ga hudo ranil. Zatem je v bolni\u0161nici ranam podlegel. Incident se je zgodil po vrsti napadov z no\u017ei in drugim oro\u017ejem v ve\u010d evropskih dr\u017eavah v zadnjih tednih, med katerimi jih je bilo ve\u010d povezanih s terorizmom. V Belgiji sicer \u0161e vedno velja druga najvi\u0161ja stopnja ogro\u017eenosti, saj razmere po teroristi\u010dnih napadih v Bruslju 22. marca, v katerih je bilo ubitih ve\u010d kot 30 ljudi, ostajajo napete. BBC navaja, da je bil Charleroi utrdba nekaterih d\u017eihadistov, ki so bili vpleteni v omenjeni napad v Bruslju in teroristi\u010dni napad v Parizu novembra l<\/p>\n","protected":false},"excerpt":{"rendered":"<p>V Belgiji so po sobotnem napadu z ma\u010deto na dve policistki v Charleroiju za\u010deli preiskavo teroristi\u010dnega dejanja, je danes sporo\u010dil belgijski premier Charles Michel. Napadalec, 33-letni K. B. iz Al\u017eirije, je ob napadu na policistki, ki sta bili ranjeni, vzklikal &#8220;Alahu Akbar&#8221;, preden ga je tretji policist ustrelil in ubil. &#8220;Zvezni preiskovalci so me obvestili, da se je za\u010dela preiskava poskusa teroristi\u010dnega umora, glede na to, da so bili prisotni dolo\u010deni elementi,&#8221; je po poro\u010danju francoske tiskovne agencije AFP izjavil Michel. Pri tem naj bi imel v mislih predvsem omenjene vzklike &#8220;Alahu Akbar&#8221; (Bog je velik), kar nakazuje na islamisti\u010dno ozadje napada. Podobno so kasneje sporo\u010dili tudi iz belgijskega dr\u017eavnega to\u017eilstva. Pojasnili so, da je primer prevzel to\u017eilec, specializiran za pregon teroristi\u010dnih dejanj, saj bi bil motiv napada lahko terorizem, \u0161e poro\u010da AFP. Poleg tega je to\u017eilstvo sporo\u010dilo, da so napadalca identificirali kot 33-letnega K. B., po rodu iz Al\u017eirije. V Belgiji je bil od leta 2012 in je nekajkrat tudi \u017ee pri\u0161el v navzkri\u017e z zakonom, vendar pa tega, da bi imel povezave s teroristi, belgijske oblasti niso zaznale, je sporo\u010dilo belgijsko to\u017eilstvo. Do napada je pri\u0161lo pred glavno policijsko postajo v mestu, ki le\u017ei 50 kilometrov ju\u017eno od Bruslja. Ena od policistk je dobila globoke ureznine na obrazu in so jo odpeljali v bolni\u0161nico, druga je bila la\u017eje ranjena. Napadalca je kasneje tretji policist ustrelil in ga hudo ranil. Zatem je v bolni\u0161nici ranam podlegel. Incident se je zgodil po vrsti napadov z no\u017ei in drugim oro\u017ejem v ve\u010d evropskih dr\u017eavah v zadnjih tednih, med katerimi jih je bilo ve\u010d povezanih s terorizmom. V Belgiji sicer \u0161e vedno velja druga najvi\u0161ja stopnja ogro\u017eenosti, saj razmere po teroristi\u010dnih napadih v Bruslju 22. marca, v katerih je bilo ubitih ve\u010d kot 30 ljudi, ostajajo napete. BBC navaja, da je bil Charleroi utrdba nekaterih d\u017eihadistov, ki so bili vpleteni v omenjeni napad v Bruslju in teroristi\u010dni napad v Parizu novembra l<\/p>\n","protected":false},"author":1,"featured_media":0,"comment_status":"closed","ping_status":"closed","sticky":false,"template":"","format":"standard","meta":{"footnotes":""},"categories":[1179],"tags":[],"source":[1711],"supertag":[],"acf":[],"yoast_head":"<!-- This site is optimized with the Yoast SEO plugin v21.3 - https:\/\/yoast.com\/wordpress\/plugins\/seo\/ -->\n<title>V Belgiji po napadu na policistki za\u010deli preiskavo teroristi\u010dnega dejanja - Hudo Slovenija<\/title>\n<meta name=\"robots\" content=\"index, follow, max-snippet:-1, max-image-preview:large, max-video-preview:-1\" \/>\n<link rel=\"canonical\" href=\"https:\/\/hudo.com\/si\/aktualno\/v-belgiji-po-napadu-na-policistki-zaceli-preiskavo-teroristicnega-dejanja\/\" \/>\n<meta property=\"og:locale\" content=\"sl_SI\" \/>\n<meta property=\"og:type\" content=\"article\" \/>\n<meta property=\"og:title\" content=\"V Belgiji po napadu na policistki za\u010deli preiskavo teroristi\u010dnega dejanja - Hudo Slovenija\" \/>\n<meta property=\"og:description\" content=\"V Belgiji so po sobotnem napadu z ma\u010deto na dve policistki v Charleroiju za\u010deli preiskavo teroristi\u010dnega dejanja, je danes sporo\u010dil belgijski premier Charles Michel. Napadalec, 33-letni K. B. iz Al\u017eirije, je ob napadu na policistki, ki sta bili ranjeni, vzklikal &quot;Alahu Akbar&quot;, preden ga je tretji policist ustrelil in ubil. &quot;Zvezni preiskovalci so me obvestili, da se je za\u010dela preiskava poskusa teroristi\u010dnega umora, glede na to, da so bili prisotni dolo\u010deni elementi,&quot; je po poro\u010danju francoske tiskovne agencije AFP izjavil Michel. Pri tem naj bi imel v mislih predvsem omenjene vzklike &quot;Alahu Akbar&quot; (Bog je velik), kar nakazuje na islamisti\u010dno ozadje napada. Podobno so kasneje sporo\u010dili tudi iz belgijskega dr\u017eavnega to\u017eilstva. Pojasnili so, da je primer prevzel to\u017eilec, specializiran za pregon teroristi\u010dnih dejanj, saj bi bil motiv napada lahko terorizem, \u0161e poro\u010da AFP. Poleg tega je to\u017eilstvo sporo\u010dilo, da so napadalca identificirali kot 33-letnega K. B., po rodu iz Al\u017eirije. V Belgiji je bil od leta 2012 in je nekajkrat tudi \u017ee pri\u0161el v navzkri\u017e z zakonom, vendar pa tega, da bi imel povezave s teroristi, belgijske oblasti niso zaznale, je sporo\u010dilo belgijsko to\u017eilstvo. Do napada je pri\u0161lo pred glavno policijsko postajo v mestu, ki le\u017ei 50 kilometrov ju\u017eno od Bruslja. Ena od policistk je dobila globoke ureznine na obrazu in so jo odpeljali v bolni\u0161nico, druga je bila la\u017eje ranjena. Napadalca je kasneje tretji policist ustrelil in ga hudo ranil. Zatem je v bolni\u0161nici ranam podlegel. Incident se je zgodil po vrsti napadov z no\u017ei in drugim oro\u017ejem v ve\u010d evropskih dr\u017eavah v zadnjih tednih, med katerimi jih je bilo ve\u010d povezanih s terorizmom. V Belgiji sicer \u0161e vedno velja druga najvi\u0161ja stopnja ogro\u017eenosti, saj razmere po teroristi\u010dnih napadih v Bruslju 22. marca, v katerih je bilo ubitih ve\u010d kot 30 ljudi, ostajajo napete. BBC navaja, da je bil Charleroi utrdba nekaterih d\u017eihadistov, ki so bili vpleteni v omenjeni napad v Bruslju in teroristi\u010dni napad v Parizu novembra l\" \/>\n<meta property=\"og:url\" content=\"https:\/\/hudo.com\/si\/aktualno\/v-belgiji-po-napadu-na-policistki-zaceli-preiskavo-teroristicnega-dejanja\/\" \/>\n<meta property=\"og:site_name\" content=\"Hudo Slovenija\" \/>\n<meta property=\"article:publisher\" content=\"https:\/\/www.facebook.com\/hudo.si\" \/>\n<meta property=\"article:published_time\" content=\"2016-08-07T12:30:00+00:00\" \/>\n<meta property=\"og:image\" content=\"https:\/\/hudo.com\/si\/wp-content\/uploads\/sites\/2\/2016\/08\/MDF38150-300.jpg\" \/>\n\t<meta property=\"og:image:width\" content=\"450\" \/>\n\t<meta property=\"og:image:height\" content=\"303\" \/>\n\t<meta property=\"og:image:type\" content=\"image\/jpeg\" \/>\n<meta name=\"author\" content=\"hudo\" \/>\n<meta name=\"twitter:card\" content=\"summary_large_image\" \/>\n<meta name=\"twitter:creator\" content=\"@hudo_si\" \/>\n<meta name=\"twitter:site\" content=\"@hudo_si\" \/>\n<meta name=\"twitter:label1\" content=\"Written by\" \/>\n\t<meta name=\"twitter:data1\" content=\"hudo\" \/>\n\t<meta name=\"twitter:label2\" content=\"Est. reading time\" \/>\n\t<meta name=\"twitter:data2\" content=\"2 minuti\" \/>\n<script type=\"application\/ld+json\" class=\"yoast-schema-graph\">{\"@context\":\"https:\/\/schema.org\",\"@graph\":[{\"@type\":\"Article\",\"@id\":\"https:\/\/hudo.com\/si\/aktualno\/v-belgiji-po-napadu-na-policistki-zaceli-preiskavo-teroristicnega-dejanja\/#article\",\"isPartOf\":{\"@id\":\"https:\/\/hudo.com\/si\/aktualno\/v-belgiji-po-napadu-na-policistki-zaceli-preiskavo-teroristicnega-dejanja\/\"},\"author\":{\"name\":\"hudo\",\"@id\":\"https:\/\/hudo.com\/si\/#\/schema\/person\/601cf3379633985b20f7e50f2bb47707\"},\"headline\":\"V Belgiji po napadu na policistki za\u010deli preiskavo teroristi\u010dnega dejanja\",\"datePublished\":\"2016-08-07T12:30:00+00:00\",\"dateModified\":\"2016-08-07T12:30:00+00:00\",\"mainEntityOfPage\":{\"@id\":\"https:\/\/hudo.com\/si\/aktualno\/v-belgiji-po-napadu-na-policistki-zaceli-preiskavo-teroristicnega-dejanja\/\"},\"wordCount\":364,\"publisher\":{\"@id\":\"https:\/\/hudo.com\/si\/#organization\"},\"articleSection\":[\"Aktualno\"],\"inLanguage\":\"sl-SI\"},{\"@type\":\"WebPage\",\"@id\":\"https:\/\/hudo.com\/si\/aktualno\/v-belgiji-po-napadu-na-policistki-zaceli-preiskavo-teroristicnega-dejanja\/\",\"url\":\"https:\/\/hudo.com\/si\/aktualno\/v-belgiji-po-napadu-na-policistki-zaceli-preiskavo-teroristicnega-dejanja\/\",\"name\":\"V Belgiji po napadu na policistki za\u010deli preiskavo teroristi\u010dnega dejanja - Hudo Slovenija\",\"isPartOf\":{\"@id\":\"https:\/\/hudo.com\/si\/#website\"},\"datePublished\":\"2016-08-07T12:30:00+00:00\",\"dateModified\":\"2016-08-07T12:30:00+00:00\",\"breadcrumb\":{\"@id\":\"https:\/\/hudo.com\/si\/aktualno\/v-belgiji-po-napadu-na-policistki-zaceli-preiskavo-teroristicnega-dejanja\/#breadcrumb\"},\"inLanguage\":\"sl-SI\",\"potentialAction\":[{\"@type\":\"ReadAction\",\"target\":[\"https:\/\/hudo.com\/si\/aktualno\/v-belgiji-po-napadu-na-policistki-zaceli-preiskavo-teroristicnega-dejanja\/\"]}]},{\"@type\":\"BreadcrumbList\",\"@id\":\"https:\/\/hudo.com\/si\/aktualno\/v-belgiji-po-napadu-na-policistki-zaceli-preiskavo-teroristicnega-dejanja\/#breadcrumb\",\"itemListElement\":[{\"@type\":\"ListItem\",\"position\":1,\"name\":\"Home\",\"item\":\"https:\/\/hudo.com\/si\/\"},{\"@type\":\"ListItem\",\"position\":2,\"name\":\"V Belgiji po napadu na policistki za\u010deli preiskavo teroristi\u010dnega dejanja\"}]},{\"@type\":\"WebSite\",\"@id\":\"https:\/\/hudo.com\/si\/#website\",\"url\":\"https:\/\/hudo.com\/si\/\",\"name\":\"Hudo Slovenija\",\"description\":\"Vse novice iz Slovenije in sveta\",\"publisher\":{\"@id\":\"https:\/\/hudo.com\/si\/#organization\"},\"potentialAction\":[{\"@type\":\"SearchAction\",\"target\":{\"@type\":\"EntryPoint\",\"urlTemplate\":\"https:\/\/hudo.com\/si\/?s={search_term_string}\"},\"query-input\":\"required name=search_term_string\"}],\"inLanguage\":\"sl-SI\"},{\"@type\":\"Organization\",\"@id\":\"https:\/\/hudo.com\/si\/#organization\",\"name\":\"VSN Media\",\"url\":\"https:\/\/hudo.com\/si\/\",\"logo\":{\"@type\":\"ImageObject\",\"inLanguage\":\"sl-SI\",\"@id\":\"https:\/\/hudo.com\/si\/#\/schema\/logo\/image\/\",\"url\":\"https:\/\/hudo.com\/si\/wp-content\/uploads\/sites\/2\/2021\/03\/hudo-app-2.png\",\"contentUrl\":\"https:\/\/hudo.com\/si\/wp-content\/uploads\/sites\/2\/2021\/03\/hudo-app-2.png\",\"width\":2185,\"height\":2167,\"caption\":\"VSN Media\"},\"image\":{\"@id\":\"https:\/\/hudo.com\/si\/#\/schema\/logo\/image\/\"},\"sameAs\":[\"https:\/\/www.facebook.com\/hudo.si\",\"https:\/\/twitter.com\/hudo_si\"]},{\"@type\":\"Person\",\"@id\":\"https:\/\/hudo.com\/si\/#\/schema\/person\/601cf3379633985b20f7e50f2bb47707\",\"name\":\"hudo\",\"image\":{\"@type\":\"ImageObject\",\"inLanguage\":\"sl-SI\",\"@id\":\"https:\/\/hudo.com\/si\/#\/schema\/person\/image\/\",\"url\":\"https:\/\/secure.gravatar.com\/avatar\/c4ca25fa72cace7a696b52ff5db9e095?s=96&d=mm&r=g\",\"contentUrl\":\"https:\/\/secure.gravatar.com\/avatar\/c4ca25fa72cace7a696b52ff5db9e095?s=96&d=mm&r=g\",\"caption\":\"hudo\"},\"url\":\"https:\/\/hudo.com\/si\/author\/hudo\/\"}]}<\/script>\n<!-- \/ Yoast SEO plugin. -->","yoast_head_json":{"title":"V Belgiji po napadu na policistki za\u010deli preiskavo teroristi\u010dnega dejanja - Hudo Slovenija","robots":{"index":"index","follow":"follow","max-snippet":"max-snippet:-1","max-image-preview":"max-image-preview:large","max-video-preview":"max-video-preview:-1"},"canonical":"https:\/\/hudo.com\/si\/aktualno\/v-belgiji-po-napadu-na-policistki-zaceli-preiskavo-teroristicnega-dejanja\/","og_locale":"sl_SI","og_type":"article","og_title":"V Belgiji po napadu na policistki za\u010deli preiskavo teroristi\u010dnega dejanja - Hudo Slovenija","og_description":"V Belgiji so po sobotnem napadu z ma\u010deto na dve policistki v Charleroiju za\u010deli preiskavo teroristi\u010dnega dejanja, je danes sporo\u010dil belgijski premier Charles Michel. Napadalec, 33-letni K. B. iz Al\u017eirije, je ob napadu na policistki, ki sta bili ranjeni, vzklikal \"Alahu Akbar\", preden ga je tretji policist ustrelil in ubil. \"Zvezni preiskovalci so me obvestili, da se je za\u010dela preiskava poskusa teroristi\u010dnega umora, glede na to, da so bili prisotni dolo\u010deni elementi,\" je po poro\u010danju francoske tiskovne agencije AFP izjavil Michel. Pri tem naj bi imel v mislih predvsem omenjene vzklike \"Alahu Akbar\" (Bog je velik), kar nakazuje na islamisti\u010dno ozadje napada. Podobno so kasneje sporo\u010dili tudi iz belgijskega dr\u017eavnega to\u017eilstva. Pojasnili so, da je primer prevzel to\u017eilec, specializiran za pregon teroristi\u010dnih dejanj, saj bi bil motiv napada lahko terorizem, \u0161e poro\u010da AFP. Poleg tega je to\u017eilstvo sporo\u010dilo, da so napadalca identificirali kot 33-letnega K. B., po rodu iz Al\u017eirije. V Belgiji je bil od leta 2012 in je nekajkrat tudi \u017ee pri\u0161el v navzkri\u017e z zakonom, vendar pa tega, da bi imel povezave s teroristi, belgijske oblasti niso zaznale, je sporo\u010dilo belgijsko to\u017eilstvo. Do napada je pri\u0161lo pred glavno policijsko postajo v mestu, ki le\u017ei 50 kilometrov ju\u017eno od Bruslja. Ena od policistk je dobila globoke ureznine na obrazu in so jo odpeljali v bolni\u0161nico, druga je bila la\u017eje ranjena. Napadalca je kasneje tretji policist ustrelil in ga hudo ranil. Zatem je v bolni\u0161nici ranam podlegel. Incident se je zgodil po vrsti napadov z no\u017ei in drugim oro\u017ejem v ve\u010d evropskih dr\u017eavah v zadnjih tednih, med katerimi jih je bilo ve\u010d povezanih s terorizmom. V Belgiji sicer \u0161e vedno velja druga najvi\u0161ja stopnja ogro\u017eenosti, saj razmere po teroristi\u010dnih napadih v Bruslju 22. marca, v katerih je bilo ubitih ve\u010d kot 30 ljudi, ostajajo napete. BBC navaja, da je bil Charleroi utrdba nekaterih d\u017eihadistov, ki so bili vpleteni v omenjeni napad v Bruslju in teroristi\u010dni napad v Parizu novembra l","og_url":"https:\/\/hudo.com\/si\/aktualno\/v-belgiji-po-napadu-na-policistki-zaceli-preiskavo-teroristicnega-dejanja\/","og_site_name":"Hudo Slovenija","article_publisher":"https:\/\/www.facebook.com\/hudo.si","article_published_time":"2016-08-07T12:30:00+00:00","og_image":[{"width":450,"height":303,"url":"https:\/\/hudo.com\/si\/wp-content\/uploads\/sites\/2\/2016\/08\/MDF38150-300.jpg","type":"image\/jpeg"}],"author":"hudo","twitter_card":"summary_large_image","twitter_creator":"@hudo_si","twitter_site":"@hudo_si","twitter_misc":{"Written by":"hudo","Est. reading time":"2 minuti"},"schema":{"@context":"https:\/\/schema.org","@graph":[{"@type":"Article","@id":"https:\/\/hudo.com\/si\/aktualno\/v-belgiji-po-napadu-na-policistki-zaceli-preiskavo-teroristicnega-dejanja\/#article","isPartOf":{"@id":"https:\/\/hudo.com\/si\/aktualno\/v-belgiji-po-napadu-na-policistki-zaceli-preiskavo-teroristicnega-dejanja\/"},"author":{"name":"hudo","@id":"https:\/\/hudo.com\/si\/#\/schema\/person\/601cf3379633985b20f7e50f2bb47707"},"headline":"V Belgiji po napadu na policistki za\u010deli preiskavo teroristi\u010dnega dejanja","datePublished":"2016-08-07T12:30:00+00:00","dateModified":"2016-08-07T12:30:00+00:00","mainEntityOfPage":{"@id":"https:\/\/hudo.com\/si\/aktualno\/v-belgiji-po-napadu-na-policistki-zaceli-preiskavo-teroristicnega-dejanja\/"},"wordCount":364,"publisher":{"@id":"https:\/\/hudo.com\/si\/#organization"},"articleSection":["Aktualno"],"inLanguage":"sl-SI"},{"@type":"WebPage","@id":"https:\/\/hudo.com\/si\/aktualno\/v-belgiji-po-napadu-na-policistki-zaceli-preiskavo-teroristicnega-dejanja\/","url":"https:\/\/hudo.com\/si\/aktualno\/v-belgiji-po-napadu-na-policistki-zaceli-preiskavo-teroristicnega-dejanja\/","name":"V Belgiji po napadu na policistki za\u010deli preiskavo teroristi\u010dnega dejanja - Hudo Slovenija","isPartOf":{"@id":"https:\/\/hudo.com\/si\/#website"},"datePublished":"2016-08-07T12:30:00+00:00","dateModified":"2016-08-07T12:30:00+00:00","breadcrumb":{"@id":"https:\/\/hudo.com\/si\/aktualno\/v-belgiji-po-napadu-na-policistki-zaceli-preiskavo-teroristicnega-dejanja\/#breadcrumb"},"inLanguage":"sl-SI","potentialAction":[{"@type":"ReadAction","target":["https:\/\/hudo.com\/si\/aktualno\/v-belgiji-po-napadu-na-policistki-zaceli-preiskavo-teroristicnega-dejanja\/"]}]},{"@type":"BreadcrumbList","@id":"https:\/\/hudo.com\/si\/aktualno\/v-belgiji-po-napadu-na-policistki-zaceli-preiskavo-teroristicnega-dejanja\/#breadcrumb","itemListElement":[{"@type":"ListItem","position":1,"name":"Home","item":"https:\/\/hudo.com\/si\/"},{"@type":"ListItem","position":2,"name":"V Belgiji po napadu na policistki za\u010deli preiskavo teroristi\u010dnega dejanja"}]},{"@type":"WebSite","@id":"https:\/\/hudo.com\/si\/#website","url":"https:\/\/hudo.com\/si\/","name":"Hudo Slovenija","description":"Vse novice iz Slovenije in sveta","publisher":{"@id":"https:\/\/hudo.com\/si\/#organization"},"potentialAction":[{"@type":"SearchAction","target":{"@type":"EntryPoint","urlTemplate":"https:\/\/hudo.com\/si\/?s={search_term_string}"},"query-input":"required name=search_term_string"}],"inLanguage":"sl-SI"},{"@type":"Organization","@id":"https:\/\/hudo.com\/si\/#organization","name":"VSN Media","url":"https:\/\/hudo.com\/si\/","logo":{"@type":"ImageObject","inLanguage":"sl-SI","@id":"https:\/\/hudo.com\/si\/#\/schema\/logo\/image\/","url":"https:\/\/hudo.com\/si\/wp-content\/uploads\/sites\/2\/2021\/03\/hudo-app-2.png","contentUrl":"https:\/\/hudo.com\/si\/wp-content\/uploads\/sites\/2\/2021\/03\/hudo-app-2.png","width":2185,"height":2167,"caption":"VSN Media"},"image":{"@id":"https:\/\/hudo.com\/si\/#\/schema\/logo\/image\/"},"sameAs":["https:\/\/www.facebook.com\/hudo.si","https:\/\/twitter.com\/hudo_si"]},{"@type":"Person","@id":"https:\/\/hudo.com\/si\/#\/schema\/person\/601cf3379633985b20f7e50f2bb47707","name":"hudo","image":{"@type":"ImageObject","inLanguage":"sl-SI","@id":"https:\/\/hudo.com\/si\/#\/schema\/person\/image\/","url":"https:\/\/secure.gravatar.com\/avatar\/c4ca25fa72cace7a696b52ff5db9e095?s=96&d=mm&r=g","contentUrl":"https:\/\/secure.gravatar.com\/avatar\/c4ca25fa72cace7a696b52ff5db9e095?s=96&d=mm&r=g","caption":"hudo"},"url":"https:\/\/hudo.com\/si\/author\/hudo\/"}]}},"amp_enabled":true,"_links":{"self":[{"href":"https:\/\/hudo.com\/si\/wp-json\/wp\/v2\/posts\/109738"}],"collection":[{"href":"https:\/\/hudo.com\/si\/wp-json\/wp\/v2\/posts"}],"about":[{"href":"https:\/\/hudo.com\/si\/wp-json\/wp\/v2\/types\/post"}],"author":[{"embeddable":true,"href":"https:\/\/hudo.com\/si\/wp-json\/wp\/v2\/users\/1"}],"replies":[{"embeddable":true,"href":"https:\/\/hudo.com\/si\/wp-json\/wp\/v2\/comments?post=109738"}],"version-history":[{"count":0,"href":"https:\/\/hudo.com\/si\/wp-json\/wp\/v2\/posts\/109738\/revisions"}],"wp:attachment":[{"href":"https:\/\/hudo.com\/si\/wp-json\/wp\/v2\/media?parent=109738"}],"wp:term":[{"taxonomy":"category","embeddable":true,"href":"https:\/\/hudo.com\/si\/wp-json\/wp\/v2\/categories?post=109738"},{"taxonomy":"post_tag","embeddable":true,"href":"https:\/\/hudo.com\/si\/wp-json\/wp\/v2\/tags?post=109738"},{"taxonomy":"source","embeddable":true,"href":"https:\/\/hudo.com\/si\/wp-json\/wp\/v2\/source?post=109738"},{"taxonomy":"supertag","embeddable":true,"href":"https:\/\/hudo.com\/si\/wp-json\/wp\/v2\/supertag?post=109738"}],"curies":[{"name":"wp","href":"https:\/\/api.w.org\/{rel}","templated":true}]}}