{"id":109742,"date":"2016-08-07T13:56:00","date_gmt":"2016-08-07T11:56:00","guid":{"rendered":"http:\/\/hudo.com\/si\/2016\/08\/07\/el-purito-po-olimpijski-dirki-koncal-kariero\/"},"modified":"2016-08-07T13:56:00","modified_gmt":"2016-08-07T11:56:00","slug":"el-purito-po-olimpijski-dirki-koncal-kariero","status":"publish","type":"post","link":"https:\/\/hudo.com\/si\/aktualno\/el-purito-po-olimpijski-dirki-koncal-kariero\/","title":{"rendered":"\u00bbEl Purito\u00ab po olimpijski dirki kon\u010dal kariero"},"content":{"rendered":"<p>Kategorija: Kolesarstvo Sun, 07 Aug 2016 15:56:00 +0200  Rio de Janeiro &#8211; \u0160panski kolesar Joaquim Rodriguez je \u017ee julija med dirko Po Franciji napovedal, da bo ob koncu leta kon\u010dal kariero, po sobotni olimpijski dirki v Riu pa je 37-letnik, ki je sploh prvi\u010d tekmoval na OI, sporo\u010dil, da ima kolesarjenja dovolj \u017ee zdaj. \u00bbVedno sem govoril, da se bom tu upokojil, ne zaradi nagrade, temve\u010d celotne olimpijske izku\u0161nje,\u00ab je povedal Rodriguez, v soboto peti in tudi najbolj\u0161i \u0160panec. Na dru\u017ebenem omre\u017eju twitter je kasneje zapisal: \u00bbZelo sem ponosen na rezultat. Hvala mo\u0161tvenim kolegom, ki so mi dali prilo\u017enost, da sem se boril do konca.\u00ab \u00bbVedeli smo, da bo te\u017eko zaradi vzponov, spustov, kock, vro\u010dine, vlage. \u0160koda je, ker sem imel noge za medaljo, toda ko da\u0161 od sebe maksimum, ne ve\u0161, ali lahko najde\u0161 \u0161e kaj mo\u010di. Alejandro Valverde\u00a0&#8230;<\/p>\n","protected":false},"excerpt":{"rendered":"<p>Kategorija: Kolesarstvo Sun, 07 Aug 2016 15:56:00 +0200  Rio de Janeiro &#8211; \u0160panski kolesar Joaquim Rodriguez je \u017ee julija med dirko Po Franciji napovedal, da bo ob koncu leta kon\u010dal kariero, po sobotni olimpijski dirki v Riu pa je 37-letnik, ki je sploh prvi\u010d tekmoval na OI, sporo\u010dil, da ima kolesarjenja dovolj \u017ee zdaj. \u00bbVedno sem govoril, da se bom tu upokojil, ne zaradi nagrade, temve\u010d celotne olimpijske izku\u0161nje,\u00ab je povedal Rodriguez, v soboto peti in tudi najbolj\u0161i \u0160panec. Na dru\u017ebenem omre\u017eju twitter je kasneje zapisal: \u00bbZelo sem ponosen na rezultat. Hvala mo\u0161tvenim kolegom, ki so mi dali prilo\u017enost, da sem se boril do konca.\u00ab \u00bbVedeli smo, da bo te\u017eko zaradi vzponov, spustov, kock, vro\u010dine, vlage. \u0160koda je, ker sem imel noge za medaljo, toda ko da\u0161 od sebe maksimum, ne ve\u0161, ali lahko najde\u0161 \u0161e kaj mo\u010di. Alejandro Valverde\u00a0&#8230;<\/p>\n","protected":false},"author":1,"featured_media":0,"comment_status":"closed","ping_status":"closed","sticky":false,"template":"","format":"standard","meta":{"footnotes":""},"categories":[1179],"tags":[],"source":[4511],"supertag":[],"acf":[],"yoast_head":"<!-- This site is optimized with the Yoast SEO plugin v21.3 - https:\/\/yoast.com\/wordpress\/plugins\/seo\/ -->\n<title>\u00bbEl Purito\u00ab po olimpijski dirki kon\u010dal kariero - Hudo Slovenija<\/title>\n<meta name=\"robots\" content=\"index, follow, max-snippet:-1, max-image-preview:large, max-video-preview:-1\" \/>\n<link rel=\"canonical\" href=\"https:\/\/hudo.com\/si\/aktualno\/el-purito-po-olimpijski-dirki-koncal-kariero\/\" \/>\n<meta property=\"og:locale\" content=\"sl_SI\" \/>\n<meta property=\"og:type\" content=\"article\" \/>\n<meta property=\"og:title\" content=\"\u00bbEl Purito\u00ab po olimpijski dirki kon\u010dal kariero - Hudo Slovenija\" \/>\n<meta property=\"og:description\" content=\"Kategorija: Kolesarstvo Sun, 07 Aug 2016 15:56:00 +0200 Rio de Janeiro - \u0160panski kolesar Joaquim Rodriguez je \u017ee julija med dirko Po Franciji napovedal, da bo ob koncu leta kon\u010dal kariero, po sobotni olimpijski dirki v Riu pa je 37-letnik, ki je sploh prvi\u010d tekmoval na OI, sporo\u010dil, da ima kolesarjenja dovolj \u017ee zdaj. \u00bbVedno sem govoril, da se bom tu upokojil, ne zaradi nagrade, temve\u010d celotne olimpijske izku\u0161nje,\u00ab je povedal Rodriguez, v soboto peti in tudi najbolj\u0161i \u0160panec. Na dru\u017ebenem omre\u017eju twitter je kasneje zapisal: \u00bbZelo sem ponosen na rezultat. Hvala mo\u0161tvenim kolegom, ki so mi dali prilo\u017enost, da sem se boril do konca.\u00ab \u00bbVedeli smo, da bo te\u017eko zaradi vzponov, spustov, kock, vro\u010dine, vlage. \u0160koda je, ker sem imel noge za medaljo, toda ko da\u0161 od sebe maksimum, ne ve\u0161, ali lahko najde\u0161 \u0161e kaj mo\u010di. Alejandro Valverde\u00a0...\" \/>\n<meta property=\"og:url\" content=\"https:\/\/hudo.com\/si\/aktualno\/el-purito-po-olimpijski-dirki-koncal-kariero\/\" \/>\n<meta property=\"og:site_name\" content=\"Hudo Slovenija\" \/>\n<meta property=\"article:publisher\" content=\"https:\/\/www.facebook.com\/hudo.si\" \/>\n<meta property=\"article:published_time\" content=\"2016-08-07T11:56:00+00:00\" \/>\n<meta property=\"og:image\" content=\"https:\/\/hudo.com\/si\/wp-content\/uploads\/sites\/2\/2016\/08\/480x290_AFP_Photo-20150716152314-02971800.jpeg\" \/>\n\t<meta property=\"og:image:width\" content=\"480\" \/>\n\t<meta property=\"og:image:height\" content=\"290\" \/>\n\t<meta property=\"og:image:type\" content=\"image\/jpeg\" \/>\n<meta name=\"author\" content=\"hudo\" \/>\n<meta name=\"twitter:card\" content=\"summary_large_image\" \/>\n<meta name=\"twitter:creator\" content=\"@hudo_si\" \/>\n<meta name=\"twitter:site\" content=\"@hudo_si\" \/>\n<meta name=\"twitter:label1\" content=\"Written by\" \/>\n\t<meta name=\"twitter:data1\" content=\"hudo\" \/>\n\t<meta name=\"twitter:label2\" content=\"Est. reading time\" \/>\n\t<meta name=\"twitter:data2\" content=\"1 minuta\" \/>\n<script type=\"application\/ld+json\" class=\"yoast-schema-graph\">{\"@context\":\"https:\/\/schema.org\",\"@graph\":[{\"@type\":\"Article\",\"@id\":\"https:\/\/hudo.com\/si\/aktualno\/el-purito-po-olimpijski-dirki-koncal-kariero\/#article\",\"isPartOf\":{\"@id\":\"https:\/\/hudo.com\/si\/aktualno\/el-purito-po-olimpijski-dirki-koncal-kariero\/\"},\"author\":{\"name\":\"hudo\",\"@id\":\"https:\/\/hudo.com\/si\/#\/schema\/person\/601cf3379633985b20f7e50f2bb47707\"},\"headline\":\"\u00bbEl Purito\u00ab po olimpijski dirki kon\u010dal kariero\",\"datePublished\":\"2016-08-07T11:56:00+00:00\",\"dateModified\":\"2016-08-07T11:56:00+00:00\",\"mainEntityOfPage\":{\"@id\":\"https:\/\/hudo.com\/si\/aktualno\/el-purito-po-olimpijski-dirki-koncal-kariero\/\"},\"wordCount\":155,\"publisher\":{\"@id\":\"https:\/\/hudo.com\/si\/#organization\"},\"articleSection\":[\"Aktualno\"],\"inLanguage\":\"sl-SI\"},{\"@type\":\"WebPage\",\"@id\":\"https:\/\/hudo.com\/si\/aktualno\/el-purito-po-olimpijski-dirki-koncal-kariero\/\",\"url\":\"https:\/\/hudo.com\/si\/aktualno\/el-purito-po-olimpijski-dirki-koncal-kariero\/\",\"name\":\"\u00bbEl Purito\u00ab po olimpijski dirki kon\u010dal kariero - Hudo Slovenija\",\"isPartOf\":{\"@id\":\"https:\/\/hudo.com\/si\/#website\"},\"datePublished\":\"2016-08-07T11:56:00+00:00\",\"dateModified\":\"2016-08-07T11:56:00+00:00\",\"breadcrumb\":{\"@id\":\"https:\/\/hudo.com\/si\/aktualno\/el-purito-po-olimpijski-dirki-koncal-kariero\/#breadcrumb\"},\"inLanguage\":\"sl-SI\",\"potentialAction\":[{\"@type\":\"ReadAction\",\"target\":[\"https:\/\/hudo.com\/si\/aktualno\/el-purito-po-olimpijski-dirki-koncal-kariero\/\"]}]},{\"@type\":\"BreadcrumbList\",\"@id\":\"https:\/\/hudo.com\/si\/aktualno\/el-purito-po-olimpijski-dirki-koncal-kariero\/#breadcrumb\",\"itemListElement\":[{\"@type\":\"ListItem\",\"position\":1,\"name\":\"Home\",\"item\":\"https:\/\/hudo.com\/si\/\"},{\"@type\":\"ListItem\",\"position\":2,\"name\":\"\u00bbEl Purito\u00ab po olimpijski dirki kon\u010dal kariero\"}]},{\"@type\":\"WebSite\",\"@id\":\"https:\/\/hudo.com\/si\/#website\",\"url\":\"https:\/\/hudo.com\/si\/\",\"name\":\"Hudo Slovenija\",\"description\":\"Vse novice iz Slovenije in sveta\",\"publisher\":{\"@id\":\"https:\/\/hudo.com\/si\/#organization\"},\"potentialAction\":[{\"@type\":\"SearchAction\",\"target\":{\"@type\":\"EntryPoint\",\"urlTemplate\":\"https:\/\/hudo.com\/si\/?s={search_term_string}\"},\"query-input\":\"required name=search_term_string\"}],\"inLanguage\":\"sl-SI\"},{\"@type\":\"Organization\",\"@id\":\"https:\/\/hudo.com\/si\/#organization\",\"name\":\"VSN Media\",\"url\":\"https:\/\/hudo.com\/si\/\",\"logo\":{\"@type\":\"ImageObject\",\"inLanguage\":\"sl-SI\",\"@id\":\"https:\/\/hudo.com\/si\/#\/schema\/logo\/image\/\",\"url\":\"https:\/\/hudo.com\/si\/wp-content\/uploads\/sites\/2\/2021\/03\/hudo-app-2.png\",\"contentUrl\":\"https:\/\/hudo.com\/si\/wp-content\/uploads\/sites\/2\/2021\/03\/hudo-app-2.png\",\"width\":2185,\"height\":2167,\"caption\":\"VSN Media\"},\"image\":{\"@id\":\"https:\/\/hudo.com\/si\/#\/schema\/logo\/image\/\"},\"sameAs\":[\"https:\/\/www.facebook.com\/hudo.si\",\"https:\/\/twitter.com\/hudo_si\"]},{\"@type\":\"Person\",\"@id\":\"https:\/\/hudo.com\/si\/#\/schema\/person\/601cf3379633985b20f7e50f2bb47707\",\"name\":\"hudo\",\"image\":{\"@type\":\"ImageObject\",\"inLanguage\":\"sl-SI\",\"@id\":\"https:\/\/hudo.com\/si\/#\/schema\/person\/image\/\",\"url\":\"https:\/\/secure.gravatar.com\/avatar\/c4ca25fa72cace7a696b52ff5db9e095?s=96&d=mm&r=g\",\"contentUrl\":\"https:\/\/secure.gravatar.com\/avatar\/c4ca25fa72cace7a696b52ff5db9e095?s=96&d=mm&r=g\",\"caption\":\"hudo\"},\"url\":\"https:\/\/hudo.com\/si\/author\/hudo\/\"}]}<\/script>\n<!-- \/ Yoast SEO plugin. -->","yoast_head_json":{"title":"\u00bbEl Purito\u00ab po olimpijski dirki kon\u010dal kariero - Hudo Slovenija","robots":{"index":"index","follow":"follow","max-snippet":"max-snippet:-1","max-image-preview":"max-image-preview:large","max-video-preview":"max-video-preview:-1"},"canonical":"https:\/\/hudo.com\/si\/aktualno\/el-purito-po-olimpijski-dirki-koncal-kariero\/","og_locale":"sl_SI","og_type":"article","og_title":"\u00bbEl Purito\u00ab po olimpijski dirki kon\u010dal kariero - Hudo Slovenija","og_description":"Kategorija: Kolesarstvo Sun, 07 Aug 2016 15:56:00 +0200 Rio de Janeiro - \u0160panski kolesar Joaquim Rodriguez je \u017ee julija med dirko Po Franciji napovedal, da bo ob koncu leta kon\u010dal kariero, po sobotni olimpijski dirki v Riu pa je 37-letnik, ki je sploh prvi\u010d tekmoval na OI, sporo\u010dil, da ima kolesarjenja dovolj \u017ee zdaj. \u00bbVedno sem govoril, da se bom tu upokojil, ne zaradi nagrade, temve\u010d celotne olimpijske izku\u0161nje,\u00ab je povedal Rodriguez, v soboto peti in tudi najbolj\u0161i \u0160panec. Na dru\u017ebenem omre\u017eju twitter je kasneje zapisal: \u00bbZelo sem ponosen na rezultat. Hvala mo\u0161tvenim kolegom, ki so mi dali prilo\u017enost, da sem se boril do konca.\u00ab \u00bbVedeli smo, da bo te\u017eko zaradi vzponov, spustov, kock, vro\u010dine, vlage. \u0160koda je, ker sem imel noge za medaljo, toda ko da\u0161 od sebe maksimum, ne ve\u0161, ali lahko najde\u0161 \u0161e kaj mo\u010di. Alejandro Valverde\u00a0...","og_url":"https:\/\/hudo.com\/si\/aktualno\/el-purito-po-olimpijski-dirki-koncal-kariero\/","og_site_name":"Hudo Slovenija","article_publisher":"https:\/\/www.facebook.com\/hudo.si","article_published_time":"2016-08-07T11:56:00+00:00","og_image":[{"width":480,"height":290,"url":"https:\/\/hudo.com\/si\/wp-content\/uploads\/sites\/2\/2016\/08\/480x290_AFP_Photo-20150716152314-02971800.jpeg","type":"image\/jpeg"}],"author":"hudo","twitter_card":"summary_large_image","twitter_creator":"@hudo_si","twitter_site":"@hudo_si","twitter_misc":{"Written by":"hudo","Est. reading time":"1 minuta"},"schema":{"@context":"https:\/\/schema.org","@graph":[{"@type":"Article","@id":"https:\/\/hudo.com\/si\/aktualno\/el-purito-po-olimpijski-dirki-koncal-kariero\/#article","isPartOf":{"@id":"https:\/\/hudo.com\/si\/aktualno\/el-purito-po-olimpijski-dirki-koncal-kariero\/"},"author":{"name":"hudo","@id":"https:\/\/hudo.com\/si\/#\/schema\/person\/601cf3379633985b20f7e50f2bb47707"},"headline":"\u00bbEl Purito\u00ab po olimpijski dirki kon\u010dal kariero","datePublished":"2016-08-07T11:56:00+00:00","dateModified":"2016-08-07T11:56:00+00:00","mainEntityOfPage":{"@id":"https:\/\/hudo.com\/si\/aktualno\/el-purito-po-olimpijski-dirki-koncal-kariero\/"},"wordCount":155,"publisher":{"@id":"https:\/\/hudo.com\/si\/#organization"},"articleSection":["Aktualno"],"inLanguage":"sl-SI"},{"@type":"WebPage","@id":"https:\/\/hudo.com\/si\/aktualno\/el-purito-po-olimpijski-dirki-koncal-kariero\/","url":"https:\/\/hudo.com\/si\/aktualno\/el-purito-po-olimpijski-dirki-koncal-kariero\/","name":"\u00bbEl Purito\u00ab po olimpijski dirki kon\u010dal kariero - Hudo Slovenija","isPartOf":{"@id":"https:\/\/hudo.com\/si\/#website"},"datePublished":"2016-08-07T11:56:00+00:00","dateModified":"2016-08-07T11:56:00+00:00","breadcrumb":{"@id":"https:\/\/hudo.com\/si\/aktualno\/el-purito-po-olimpijski-dirki-koncal-kariero\/#breadcrumb"},"inLanguage":"sl-SI","potentialAction":[{"@type":"ReadAction","target":["https:\/\/hudo.com\/si\/aktualno\/el-purito-po-olimpijski-dirki-koncal-kariero\/"]}]},{"@type":"BreadcrumbList","@id":"https:\/\/hudo.com\/si\/aktualno\/el-purito-po-olimpijski-dirki-koncal-kariero\/#breadcrumb","itemListElement":[{"@type":"ListItem","position":1,"name":"Home","item":"https:\/\/hudo.com\/si\/"},{"@type":"ListItem","position":2,"name":"\u00bbEl Purito\u00ab po olimpijski dirki kon\u010dal kariero"}]},{"@type":"WebSite","@id":"https:\/\/hudo.com\/si\/#website","url":"https:\/\/hudo.com\/si\/","name":"Hudo Slovenija","description":"Vse novice iz Slovenije in sveta","publisher":{"@id":"https:\/\/hudo.com\/si\/#organization"},"potentialAction":[{"@type":"SearchAction","target":{"@type":"EntryPoint","urlTemplate":"https:\/\/hudo.com\/si\/?s={search_term_string}"},"query-input":"required name=search_term_string"}],"inLanguage":"sl-SI"},{"@type":"Organization","@id":"https:\/\/hudo.com\/si\/#organization","name":"VSN Media","url":"https:\/\/hudo.com\/si\/","logo":{"@type":"ImageObject","inLanguage":"sl-SI","@id":"https:\/\/hudo.com\/si\/#\/schema\/logo\/image\/","url":"https:\/\/hudo.com\/si\/wp-content\/uploads\/sites\/2\/2021\/03\/hudo-app-2.png","contentUrl":"https:\/\/hudo.com\/si\/wp-content\/uploads\/sites\/2\/2021\/03\/hudo-app-2.png","width":2185,"height":2167,"caption":"VSN Media"},"image":{"@id":"https:\/\/hudo.com\/si\/#\/schema\/logo\/image\/"},"sameAs":["https:\/\/www.facebook.com\/hudo.si","https:\/\/twitter.com\/hudo_si"]},{"@type":"Person","@id":"https:\/\/hudo.com\/si\/#\/schema\/person\/601cf3379633985b20f7e50f2bb47707","name":"hudo","image":{"@type":"ImageObject","inLanguage":"sl-SI","@id":"https:\/\/hudo.com\/si\/#\/schema\/person\/image\/","url":"https:\/\/secure.gravatar.com\/avatar\/c4ca25fa72cace7a696b52ff5db9e095?s=96&d=mm&r=g","contentUrl":"https:\/\/secure.gravatar.com\/avatar\/c4ca25fa72cace7a696b52ff5db9e095?s=96&d=mm&r=g","caption":"hudo"},"url":"https:\/\/hudo.com\/si\/author\/hudo\/"}]}},"amp_enabled":true,"_links":{"self":[{"href":"https:\/\/hudo.com\/si\/wp-json\/wp\/v2\/posts\/109742"}],"collection":[{"href":"https:\/\/hudo.com\/si\/wp-json\/wp\/v2\/posts"}],"about":[{"href":"https:\/\/hudo.com\/si\/wp-json\/wp\/v2\/types\/post"}],"author":[{"embeddable":true,"href":"https:\/\/hudo.com\/si\/wp-json\/wp\/v2\/users\/1"}],"replies":[{"embeddable":true,"href":"https:\/\/hudo.com\/si\/wp-json\/wp\/v2\/comments?post=109742"}],"version-history":[{"count":0,"href":"https:\/\/hudo.com\/si\/wp-json\/wp\/v2\/posts\/109742\/revisions"}],"wp:attachment":[{"href":"https:\/\/hudo.com\/si\/wp-json\/wp\/v2\/media?parent=109742"}],"wp:term":[{"taxonomy":"category","embeddable":true,"href":"https:\/\/hudo.com\/si\/wp-json\/wp\/v2\/categories?post=109742"},{"taxonomy":"post_tag","embeddable":true,"href":"https:\/\/hudo.com\/si\/wp-json\/wp\/v2\/tags?post=109742"},{"taxonomy":"source","embeddable":true,"href":"https:\/\/hudo.com\/si\/wp-json\/wp\/v2\/source?post=109742"},{"taxonomy":"supertag","embeddable":true,"href":"https:\/\/hudo.com\/si\/wp-json\/wp\/v2\/supertag?post=109742"}],"curies":[{"name":"wp","href":"https:\/\/api.w.org\/{rel}","templated":true}]}}