{"id":109744,"date":"2016-08-07T13:46:54","date_gmt":"2016-08-07T11:46:54","guid":{"rendered":"http:\/\/hudo.com\/si\/2016\/08\/07\/nad-crnim-kalom-izbruhnil-velik-pozar-burja-ovira-gasenje\/"},"modified":"2016-08-08T19:12:11","modified_gmt":"2016-08-08T17:12:11","slug":"nad-crnim-kalom-izbruhnil-velik-pozar-burja-ovira-gasenje","status":"publish","type":"post","link":"https:\/\/hudo.com\/si\/aktualno\/nad-crnim-kalom-izbruhnil-velik-pozar-burja-ovira-gasenje\/","title":{"rendered":"Nad \u010crnim Kalom izbruhnil velik po\u017ear, burja ovira ga\u0161enje"},"content":{"rendered":"<p>Ob \u017eelezni\u0161ki progi od vasi \u010cernoti\u010de do naselja Zanigrad je na dol\u017eini od tri do \u0161tiri kilometre danes izbruhnil velik po\u017ear, ki \u0161e ni pod nadzorom. Na terenu je okoli 50 gasilcev, ki pri\u010dakujejo pomo\u010d \u0161e treh helikopterjev, je STA povedal vodja intervencije Denis Glavina iz Gasilske brigade Koper. Ga\u0161enje mo\u010dno ovira burja.<\/p>\n","protected":false},"excerpt":{"rendered":"<p>Ob \u017eelezni\u0161ki progi od vasi \u010cernoti\u010de do naselja Zanigrad je na dol\u017eini od tri do \u0161tiri kilometre danes izbruhnil velik po\u017ear, ki \u0161e ni pod nadzorom. Na terenu je okoli 50 gasilcev, ki pri\u010dakujejo pomo\u010d \u0161e treh helikopterjev, je STA povedal vodja intervencije Denis Glavina iz Gasilske brigade Koper. Ga\u0161enje mo\u010dno ovira burja.<\/p>\n","protected":false},"author":1,"featured_media":0,"comment_status":"closed","ping_status":"closed","sticky":false,"template":"","format":"standard","meta":{"footnotes":""},"categories":[1179],"tags":[],"source":[5113],"supertag":[],"acf":[],"yoast_head":"<!-- This site is optimized with the Yoast SEO plugin v21.3 - https:\/\/yoast.com\/wordpress\/plugins\/seo\/ -->\n<title>Nad \u010crnim Kalom izbruhnil velik po\u017ear, burja ovira ga\u0161enje - Hudo Slovenija<\/title>\n<meta name=\"robots\" content=\"index, follow, max-snippet:-1, max-image-preview:large, max-video-preview:-1\" \/>\n<link rel=\"canonical\" href=\"https:\/\/hudo.com\/si\/aktualno\/nad-crnim-kalom-izbruhnil-velik-pozar-burja-ovira-gasenje\/\" \/>\n<meta property=\"og:locale\" content=\"sl_SI\" \/>\n<meta property=\"og:type\" content=\"article\" \/>\n<meta property=\"og:title\" content=\"Nad \u010crnim Kalom izbruhnil velik po\u017ear, burja ovira ga\u0161enje - Hudo Slovenija\" \/>\n<meta property=\"og:description\" content=\"Ob \u017eelezni\u0161ki progi od vasi \u010cernoti\u010de do naselja Zanigrad je na dol\u017eini od tri do \u0161tiri kilometre danes izbruhnil velik po\u017ear, ki \u0161e ni pod nadzorom. Na terenu je okoli 50 gasilcev, ki pri\u010dakujejo pomo\u010d \u0161e treh helikopterjev, je STA povedal vodja intervencije Denis Glavina iz Gasilske brigade Koper. Ga\u0161enje mo\u010dno ovira burja.\" \/>\n<meta property=\"og:url\" content=\"https:\/\/hudo.com\/si\/aktualno\/nad-crnim-kalom-izbruhnil-velik-pozar-burja-ovira-gasenje\/\" \/>\n<meta property=\"og:site_name\" content=\"Hudo Slovenija\" \/>\n<meta property=\"article:publisher\" content=\"https:\/\/www.facebook.com\/hudo.si\" \/>\n<meta property=\"article:published_time\" content=\"2016-08-07T11:46:54+00:00\" \/>\n<meta property=\"article:modified_time\" content=\"2016-08-08T17:12:11+00:00\" \/>\n<meta property=\"og:image\" content=\"https:\/\/hudo.com\/si\/wp-content\/uploads\/sites\/2\/2016\/08\/helikopter_gasilci_pozar_bobo_07.08.16.jpg\" \/>\n\t<meta property=\"og:image:width\" content=\"640\" \/>\n\t<meta property=\"og:image:height\" content=\"353\" \/>\n\t<meta property=\"og:image:type\" content=\"image\/jpeg\" \/>\n<meta name=\"author\" content=\"hudo\" \/>\n<meta name=\"twitter:card\" content=\"summary_large_image\" \/>\n<meta name=\"twitter:creator\" content=\"@hudo_si\" \/>\n<meta name=\"twitter:site\" content=\"@hudo_si\" \/>\n<meta name=\"twitter:label1\" content=\"Written by\" \/>\n\t<meta name=\"twitter:data1\" content=\"hudo\" \/>\n<script type=\"application\/ld+json\" class=\"yoast-schema-graph\">{\"@context\":\"https:\/\/schema.org\",\"@graph\":[{\"@type\":\"Article\",\"@id\":\"https:\/\/hudo.com\/si\/aktualno\/nad-crnim-kalom-izbruhnil-velik-pozar-burja-ovira-gasenje\/#article\",\"isPartOf\":{\"@id\":\"https:\/\/hudo.com\/si\/aktualno\/nad-crnim-kalom-izbruhnil-velik-pozar-burja-ovira-gasenje\/\"},\"author\":{\"name\":\"hudo\",\"@id\":\"https:\/\/hudo.com\/si\/#\/schema\/person\/601cf3379633985b20f7e50f2bb47707\"},\"headline\":\"Nad \u010crnim Kalom izbruhnil velik po\u017ear, burja ovira ga\u0161enje\",\"datePublished\":\"2016-08-07T11:46:54+00:00\",\"dateModified\":\"2016-08-08T17:12:11+00:00\",\"mainEntityOfPage\":{\"@id\":\"https:\/\/hudo.com\/si\/aktualno\/nad-crnim-kalom-izbruhnil-velik-pozar-burja-ovira-gasenje\/\"},\"wordCount\":70,\"publisher\":{\"@id\":\"https:\/\/hudo.com\/si\/#organization\"},\"articleSection\":[\"Aktualno\"],\"inLanguage\":\"sl-SI\"},{\"@type\":\"WebPage\",\"@id\":\"https:\/\/hudo.com\/si\/aktualno\/nad-crnim-kalom-izbruhnil-velik-pozar-burja-ovira-gasenje\/\",\"url\":\"https:\/\/hudo.com\/si\/aktualno\/nad-crnim-kalom-izbruhnil-velik-pozar-burja-ovira-gasenje\/\",\"name\":\"Nad \u010crnim Kalom izbruhnil velik po\u017ear, burja ovira ga\u0161enje - Hudo Slovenija\",\"isPartOf\":{\"@id\":\"https:\/\/hudo.com\/si\/#website\"},\"datePublished\":\"2016-08-07T11:46:54+00:00\",\"dateModified\":\"2016-08-08T17:12:11+00:00\",\"breadcrumb\":{\"@id\":\"https:\/\/hudo.com\/si\/aktualno\/nad-crnim-kalom-izbruhnil-velik-pozar-burja-ovira-gasenje\/#breadcrumb\"},\"inLanguage\":\"sl-SI\",\"potentialAction\":[{\"@type\":\"ReadAction\",\"target\":[\"https:\/\/hudo.com\/si\/aktualno\/nad-crnim-kalom-izbruhnil-velik-pozar-burja-ovira-gasenje\/\"]}]},{\"@type\":\"BreadcrumbList\",\"@id\":\"https:\/\/hudo.com\/si\/aktualno\/nad-crnim-kalom-izbruhnil-velik-pozar-burja-ovira-gasenje\/#breadcrumb\",\"itemListElement\":[{\"@type\":\"ListItem\",\"position\":1,\"name\":\"Home\",\"item\":\"https:\/\/hudo.com\/si\/\"},{\"@type\":\"ListItem\",\"position\":2,\"name\":\"Nad \u010crnim Kalom izbruhnil velik po\u017ear, burja ovira ga\u0161enje\"}]},{\"@type\":\"WebSite\",\"@id\":\"https:\/\/hudo.com\/si\/#website\",\"url\":\"https:\/\/hudo.com\/si\/\",\"name\":\"Hudo Slovenija\",\"description\":\"Vse novice iz Slovenije in sveta\",\"publisher\":{\"@id\":\"https:\/\/hudo.com\/si\/#organization\"},\"potentialAction\":[{\"@type\":\"SearchAction\",\"target\":{\"@type\":\"EntryPoint\",\"urlTemplate\":\"https:\/\/hudo.com\/si\/?s={search_term_string}\"},\"query-input\":\"required name=search_term_string\"}],\"inLanguage\":\"sl-SI\"},{\"@type\":\"Organization\",\"@id\":\"https:\/\/hudo.com\/si\/#organization\",\"name\":\"VSN Media\",\"url\":\"https:\/\/hudo.com\/si\/\",\"logo\":{\"@type\":\"ImageObject\",\"inLanguage\":\"sl-SI\",\"@id\":\"https:\/\/hudo.com\/si\/#\/schema\/logo\/image\/\",\"url\":\"https:\/\/hudo.com\/si\/wp-content\/uploads\/sites\/2\/2021\/03\/hudo-app-2.png\",\"contentUrl\":\"https:\/\/hudo.com\/si\/wp-content\/uploads\/sites\/2\/2021\/03\/hudo-app-2.png\",\"width\":2185,\"height\":2167,\"caption\":\"VSN Media\"},\"image\":{\"@id\":\"https:\/\/hudo.com\/si\/#\/schema\/logo\/image\/\"},\"sameAs\":[\"https:\/\/www.facebook.com\/hudo.si\",\"https:\/\/twitter.com\/hudo_si\"]},{\"@type\":\"Person\",\"@id\":\"https:\/\/hudo.com\/si\/#\/schema\/person\/601cf3379633985b20f7e50f2bb47707\",\"name\":\"hudo\",\"image\":{\"@type\":\"ImageObject\",\"inLanguage\":\"sl-SI\",\"@id\":\"https:\/\/hudo.com\/si\/#\/schema\/person\/image\/\",\"url\":\"https:\/\/secure.gravatar.com\/avatar\/c4ca25fa72cace7a696b52ff5db9e095?s=96&d=mm&r=g\",\"contentUrl\":\"https:\/\/secure.gravatar.com\/avatar\/c4ca25fa72cace7a696b52ff5db9e095?s=96&d=mm&r=g\",\"caption\":\"hudo\"},\"url\":\"https:\/\/hudo.com\/si\/author\/hudo\/\"}]}<\/script>\n<!-- \/ Yoast SEO plugin. -->","yoast_head_json":{"title":"Nad \u010crnim Kalom izbruhnil velik po\u017ear, burja ovira ga\u0161enje - Hudo Slovenija","robots":{"index":"index","follow":"follow","max-snippet":"max-snippet:-1","max-image-preview":"max-image-preview:large","max-video-preview":"max-video-preview:-1"},"canonical":"https:\/\/hudo.com\/si\/aktualno\/nad-crnim-kalom-izbruhnil-velik-pozar-burja-ovira-gasenje\/","og_locale":"sl_SI","og_type":"article","og_title":"Nad \u010crnim Kalom izbruhnil velik po\u017ear, burja ovira ga\u0161enje - Hudo Slovenija","og_description":"Ob \u017eelezni\u0161ki progi od vasi \u010cernoti\u010de do naselja Zanigrad je na dol\u017eini od tri do \u0161tiri kilometre danes izbruhnil velik po\u017ear, ki \u0161e ni pod nadzorom. Na terenu je okoli 50 gasilcev, ki pri\u010dakujejo pomo\u010d \u0161e treh helikopterjev, je STA povedal vodja intervencije Denis Glavina iz Gasilske brigade Koper. Ga\u0161enje mo\u010dno ovira burja.","og_url":"https:\/\/hudo.com\/si\/aktualno\/nad-crnim-kalom-izbruhnil-velik-pozar-burja-ovira-gasenje\/","og_site_name":"Hudo Slovenija","article_publisher":"https:\/\/www.facebook.com\/hudo.si","article_published_time":"2016-08-07T11:46:54+00:00","article_modified_time":"2016-08-08T17:12:11+00:00","og_image":[{"width":640,"height":353,"url":"https:\/\/hudo.com\/si\/wp-content\/uploads\/sites\/2\/2016\/08\/helikopter_gasilci_pozar_bobo_07.08.16.jpg","type":"image\/jpeg"}],"author":"hudo","twitter_card":"summary_large_image","twitter_creator":"@hudo_si","twitter_site":"@hudo_si","twitter_misc":{"Written by":"hudo"},"schema":{"@context":"https:\/\/schema.org","@graph":[{"@type":"Article","@id":"https:\/\/hudo.com\/si\/aktualno\/nad-crnim-kalom-izbruhnil-velik-pozar-burja-ovira-gasenje\/#article","isPartOf":{"@id":"https:\/\/hudo.com\/si\/aktualno\/nad-crnim-kalom-izbruhnil-velik-pozar-burja-ovira-gasenje\/"},"author":{"name":"hudo","@id":"https:\/\/hudo.com\/si\/#\/schema\/person\/601cf3379633985b20f7e50f2bb47707"},"headline":"Nad \u010crnim Kalom izbruhnil velik po\u017ear, burja ovira ga\u0161enje","datePublished":"2016-08-07T11:46:54+00:00","dateModified":"2016-08-08T17:12:11+00:00","mainEntityOfPage":{"@id":"https:\/\/hudo.com\/si\/aktualno\/nad-crnim-kalom-izbruhnil-velik-pozar-burja-ovira-gasenje\/"},"wordCount":70,"publisher":{"@id":"https:\/\/hudo.com\/si\/#organization"},"articleSection":["Aktualno"],"inLanguage":"sl-SI"},{"@type":"WebPage","@id":"https:\/\/hudo.com\/si\/aktualno\/nad-crnim-kalom-izbruhnil-velik-pozar-burja-ovira-gasenje\/","url":"https:\/\/hudo.com\/si\/aktualno\/nad-crnim-kalom-izbruhnil-velik-pozar-burja-ovira-gasenje\/","name":"Nad \u010crnim Kalom izbruhnil velik po\u017ear, burja ovira ga\u0161enje - Hudo Slovenija","isPartOf":{"@id":"https:\/\/hudo.com\/si\/#website"},"datePublished":"2016-08-07T11:46:54+00:00","dateModified":"2016-08-08T17:12:11+00:00","breadcrumb":{"@id":"https:\/\/hudo.com\/si\/aktualno\/nad-crnim-kalom-izbruhnil-velik-pozar-burja-ovira-gasenje\/#breadcrumb"},"inLanguage":"sl-SI","potentialAction":[{"@type":"ReadAction","target":["https:\/\/hudo.com\/si\/aktualno\/nad-crnim-kalom-izbruhnil-velik-pozar-burja-ovira-gasenje\/"]}]},{"@type":"BreadcrumbList","@id":"https:\/\/hudo.com\/si\/aktualno\/nad-crnim-kalom-izbruhnil-velik-pozar-burja-ovira-gasenje\/#breadcrumb","itemListElement":[{"@type":"ListItem","position":1,"name":"Home","item":"https:\/\/hudo.com\/si\/"},{"@type":"ListItem","position":2,"name":"Nad \u010crnim Kalom izbruhnil velik po\u017ear, burja ovira ga\u0161enje"}]},{"@type":"WebSite","@id":"https:\/\/hudo.com\/si\/#website","url":"https:\/\/hudo.com\/si\/","name":"Hudo Slovenija","description":"Vse novice iz Slovenije in sveta","publisher":{"@id":"https:\/\/hudo.com\/si\/#organization"},"potentialAction":[{"@type":"SearchAction","target":{"@type":"EntryPoint","urlTemplate":"https:\/\/hudo.com\/si\/?s={search_term_string}"},"query-input":"required name=search_term_string"}],"inLanguage":"sl-SI"},{"@type":"Organization","@id":"https:\/\/hudo.com\/si\/#organization","name":"VSN Media","url":"https:\/\/hudo.com\/si\/","logo":{"@type":"ImageObject","inLanguage":"sl-SI","@id":"https:\/\/hudo.com\/si\/#\/schema\/logo\/image\/","url":"https:\/\/hudo.com\/si\/wp-content\/uploads\/sites\/2\/2021\/03\/hudo-app-2.png","contentUrl":"https:\/\/hudo.com\/si\/wp-content\/uploads\/sites\/2\/2021\/03\/hudo-app-2.png","width":2185,"height":2167,"caption":"VSN Media"},"image":{"@id":"https:\/\/hudo.com\/si\/#\/schema\/logo\/image\/"},"sameAs":["https:\/\/www.facebook.com\/hudo.si","https:\/\/twitter.com\/hudo_si"]},{"@type":"Person","@id":"https:\/\/hudo.com\/si\/#\/schema\/person\/601cf3379633985b20f7e50f2bb47707","name":"hudo","image":{"@type":"ImageObject","inLanguage":"sl-SI","@id":"https:\/\/hudo.com\/si\/#\/schema\/person\/image\/","url":"https:\/\/secure.gravatar.com\/avatar\/c4ca25fa72cace7a696b52ff5db9e095?s=96&d=mm&r=g","contentUrl":"https:\/\/secure.gravatar.com\/avatar\/c4ca25fa72cace7a696b52ff5db9e095?s=96&d=mm&r=g","caption":"hudo"},"url":"https:\/\/hudo.com\/si\/author\/hudo\/"}]}},"amp_enabled":true,"_links":{"self":[{"href":"https:\/\/hudo.com\/si\/wp-json\/wp\/v2\/posts\/109744"}],"collection":[{"href":"https:\/\/hudo.com\/si\/wp-json\/wp\/v2\/posts"}],"about":[{"href":"https:\/\/hudo.com\/si\/wp-json\/wp\/v2\/types\/post"}],"author":[{"embeddable":true,"href":"https:\/\/hudo.com\/si\/wp-json\/wp\/v2\/users\/1"}],"replies":[{"embeddable":true,"href":"https:\/\/hudo.com\/si\/wp-json\/wp\/v2\/comments?post=109744"}],"version-history":[{"count":1,"href":"https:\/\/hudo.com\/si\/wp-json\/wp\/v2\/posts\/109744\/revisions"}],"predecessor-version":[{"id":109885,"href":"https:\/\/hudo.com\/si\/wp-json\/wp\/v2\/posts\/109744\/revisions\/109885"}],"wp:attachment":[{"href":"https:\/\/hudo.com\/si\/wp-json\/wp\/v2\/media?parent=109744"}],"wp:term":[{"taxonomy":"category","embeddable":true,"href":"https:\/\/hudo.com\/si\/wp-json\/wp\/v2\/categories?post=109744"},{"taxonomy":"post_tag","embeddable":true,"href":"https:\/\/hudo.com\/si\/wp-json\/wp\/v2\/tags?post=109744"},{"taxonomy":"source","embeddable":true,"href":"https:\/\/hudo.com\/si\/wp-json\/wp\/v2\/source?post=109744"},{"taxonomy":"supertag","embeddable":true,"href":"https:\/\/hudo.com\/si\/wp-json\/wp\/v2\/supertag?post=109744"}],"curies":[{"name":"wp","href":"https:\/\/api.w.org\/{rel}","templated":true}]}}