{"id":109866,"date":"2016-08-07T17:45:00","date_gmt":"2016-08-07T15:45:00","guid":{"rendered":"http:\/\/hudo.com\/si\/2016\/08\/07\/gasilci-so-praznovali\/"},"modified":"2016-08-08T19:11:20","modified_gmt":"2016-08-08T17:11:20","slug":"gasilci-so-praznovali","status":"publish","type":"post","link":"https:\/\/hudo.com\/si\/aktualno\/gasilci-so-praznovali\/","title":{"rendered":"Gasilci so praznovali"},"content":{"rendered":"<p>&#8220;Prostovoljni gasilci so slovensko nacionalno bogastvo in ponos,&#8221; je v soboto dejal predsednik Gasilske zveze Maribor Slavko Kramberger v svojem govoru na praznovanju 27. dneva \u010dlanov Gasilske zveze Maribor in 130-letnice uspe\u0161nega delovanja Prostovoljnega gasilskega dru\u0161tva (PGD) Fram. Mize so bile polne, aktivnost in podpora gasilcem pa opazni \u017ee po \u0161tevilni udele\u017ebi. Na popoldanski slovesnosti se je v veliki gasilski paradi predstavilo ve\u010d kot 350 gasilcev, poklicni gasilci so se postrojili v \u010dastno \u010deto, pripravili so e\u0161alon razli\u010dnih gasilskih vozil. Slovesnost ni minila brez kulturnega programa, PGD Fram pa je prevzel prenovljeno gasilsko vozilo. Gostje so z zanimanjem poslu\u0161ali program, nato so se do poznih ur zabavali \u0161e z Ansamblom Sa\u0161e Avsenika. K besedi so bili povabljeni tudi gostje, ki so med drugim ob jubileju PGD Fram izrekali \u010destitke in podeljevali darila za trdo delo gasilcev. Dogodek je pospremil \u0161e zna\u010dilni gasilski pozdrav Na pomo\u010d! &#8220;Gasilci so tisti, ki prvi prisko\u010dijo na pomo\u010d ljudem in brezpla\u010dno pomagajo re\u0161evati tako \u017eivljenja kot imetje ljudi. Dr\u017eavljani smo jim lahko resni\u010dno hvale\u017eni, saj zaradi njih lahko mirneje in varneje \u017eivimo,&#8221; je dodal Branko Ledinek, \u017eupan ob\u010dine Ra\u010de &#8211; Fram. V Sloveniji ima gasilstvo \u017ee ve\u010d kot 140-letno tradicijo, ohranjajo osnovno poslanstvo vsakega gasilca, to je pomagati \u010dloveku v nesre\u010di. Na obmo\u010dju Maribora in okolice deluje 21 prostovoljnih gasilskih dru\u0161tev ter dve tovarni\u0161ki prostovoljni gasilski dru\u0161tvi. Operativno delujejo v petih ob\u010dinskih gasilskih poveljstvih, in sicer v mestni ob\u010dini Maribor ter ob\u010dinah Duplek, Ho\u010de &#8211; Slivnica, Miklav\u017e in Ra\u010de &#8211; Fram. Ta dru\u0161tva so povezana v Gasilsko zvezo Maribor. Naloge zveze so predvsem organiziranje sodobne operativne gasilske re\u0161evalne dejavnosti ter izvajanje strokovnih izobra\u017eevanj in razli\u010dnih strokovnih nalog za gasilska dru\u0161tva in ob\u010dinska poveljstva. Sodelujejo tudi s poklicno gasilsko enoto Maribor.Maribor<\/p>\n","protected":false},"excerpt":{"rendered":"<p>&#8220;Prostovoljni gasilci so slovensko nacionalno bogastvo in ponos,&#8221; je v soboto dejal predsednik Gasilske zveze Maribor Slavko Kramberger v svojem govoru na praznovanju 27. dneva \u010dlanov Gasilske zveze Maribor in 130-letnice uspe\u0161nega delovanja Prostovoljnega gasilskega dru\u0161tva (PGD) Fram. Mize so bile polne, aktivnost in podpora gasilcem pa opazni \u017ee po \u0161tevilni udele\u017ebi. Na popoldanski slovesnosti se je v veliki gasilski paradi predstavilo ve\u010d kot 350 gasilcev, poklicni gasilci so se postrojili v \u010dastno \u010deto, pripravili so e\u0161alon razli\u010dnih gasilskih vozil. Slovesnost ni minila brez kulturnega programa, PGD Fram pa je prevzel prenovljeno gasilsko vozilo. Gostje so z zanimanjem poslu\u0161ali program, nato so se do poznih ur zabavali \u0161e z Ansamblom Sa\u0161e Avsenika. K besedi so bili povabljeni tudi gostje, ki so med drugim ob jubileju PGD Fram izrekali \u010destitke in podeljevali darila za trdo delo gasilcev. Dogodek je pospremil \u0161e zna\u010dilni gasilski pozdrav Na pomo\u010d! &#8220;Gasilci so tisti, ki prvi prisko\u010dijo na pomo\u010d ljudem in brezpla\u010dno pomagajo re\u0161evati tako \u017eivljenja kot imetje ljudi. Dr\u017eavljani smo jim lahko resni\u010dno hvale\u017eni, saj zaradi njih lahko mirneje in varneje \u017eivimo,&#8221; je dodal Branko Ledinek, \u017eupan ob\u010dine Ra\u010de &#8211; Fram. V Sloveniji ima gasilstvo \u017ee ve\u010d kot 140-letno tradicijo, ohranjajo osnovno poslanstvo vsakega gasilca, to je pomagati \u010dloveku v nesre\u010di. Na obmo\u010dju Maribora in okolice deluje 21 prostovoljnih gasilskih dru\u0161tev ter dve tovarni\u0161ki prostovoljni gasilski dru\u0161tvi. Operativno delujejo v petih ob\u010dinskih gasilskih poveljstvih, in sicer v mestni ob\u010dini Maribor ter ob\u010dinah Duplek, Ho\u010de &#8211; Slivnica, Miklav\u017e in Ra\u010de &#8211; Fram. Ta dru\u0161tva so povezana v Gasilsko zvezo Maribor. Naloge zveze so predvsem organiziranje sodobne operativne gasilske re\u0161evalne dejavnosti ter izvajanje strokovnih izobra\u017eevanj in razli\u010dnih strokovnih nalog za gasilska dru\u0161tva in ob\u010dinska poveljstva. Sodelujejo tudi s poklicno gasilsko enoto Maribor.Maribor<\/p>\n","protected":false},"author":1,"featured_media":0,"comment_status":"closed","ping_status":"closed","sticky":false,"template":"","format":"standard","meta":{"footnotes":""},"categories":[1179],"tags":[],"source":[1711],"supertag":[],"acf":[],"yoast_head":"<!-- This site is optimized with the Yoast SEO plugin v21.3 - https:\/\/yoast.com\/wordpress\/plugins\/seo\/ -->\n<title>Gasilci so praznovali - Hudo Slovenija<\/title>\n<meta name=\"robots\" content=\"index, follow, max-snippet:-1, max-image-preview:large, max-video-preview:-1\" \/>\n<link rel=\"canonical\" href=\"https:\/\/hudo.com\/si\/aktualno\/gasilci-so-praznovali\/\" \/>\n<meta property=\"og:locale\" content=\"sl_SI\" \/>\n<meta property=\"og:type\" content=\"article\" \/>\n<meta property=\"og:title\" content=\"Gasilci so praznovali - Hudo Slovenija\" \/>\n<meta property=\"og:description\" content=\"&quot;Prostovoljni gasilci so slovensko nacionalno bogastvo in ponos,&quot; je v soboto dejal predsednik Gasilske zveze Maribor Slavko Kramberger v svojem govoru na praznovanju 27. dneva \u010dlanov Gasilske zveze Maribor in 130-letnice uspe\u0161nega delovanja Prostovoljnega gasilskega dru\u0161tva (PGD) Fram. Mize so bile polne, aktivnost in podpora gasilcem pa opazni \u017ee po \u0161tevilni udele\u017ebi. Na popoldanski slovesnosti se je v veliki gasilski paradi predstavilo ve\u010d kot 350 gasilcev, poklicni gasilci so se postrojili v \u010dastno \u010deto, pripravili so e\u0161alon razli\u010dnih gasilskih vozil. Slovesnost ni minila brez kulturnega programa, PGD Fram pa je prevzel prenovljeno gasilsko vozilo. Gostje so z zanimanjem poslu\u0161ali program, nato so se do poznih ur zabavali \u0161e z Ansamblom Sa\u0161e Avsenika. K besedi so bili povabljeni tudi gostje, ki so med drugim ob jubileju PGD Fram izrekali \u010destitke in podeljevali darila za trdo delo gasilcev. Dogodek je pospremil \u0161e zna\u010dilni gasilski pozdrav Na pomo\u010d! &quot;Gasilci so tisti, ki prvi prisko\u010dijo na pomo\u010d ljudem in brezpla\u010dno pomagajo re\u0161evati tako \u017eivljenja kot imetje ljudi. Dr\u017eavljani smo jim lahko resni\u010dno hvale\u017eni, saj zaradi njih lahko mirneje in varneje \u017eivimo,&quot; je dodal Branko Ledinek, \u017eupan ob\u010dine Ra\u010de - Fram. V Sloveniji ima gasilstvo \u017ee ve\u010d kot 140-letno tradicijo, ohranjajo osnovno poslanstvo vsakega gasilca, to je pomagati \u010dloveku v nesre\u010di. Na obmo\u010dju Maribora in okolice deluje 21 prostovoljnih gasilskih dru\u0161tev ter dve tovarni\u0161ki prostovoljni gasilski dru\u0161tvi. Operativno delujejo v petih ob\u010dinskih gasilskih poveljstvih, in sicer v mestni ob\u010dini Maribor ter ob\u010dinah Duplek, Ho\u010de - Slivnica, Miklav\u017e in Ra\u010de - Fram. Ta dru\u0161tva so povezana v Gasilsko zvezo Maribor. Naloge zveze so predvsem organiziranje sodobne operativne gasilske re\u0161evalne dejavnosti ter izvajanje strokovnih izobra\u017eevanj in razli\u010dnih strokovnih nalog za gasilska dru\u0161tva in ob\u010dinska poveljstva. Sodelujejo tudi s poklicno gasilsko enoto Maribor.Maribor\" \/>\n<meta property=\"og:url\" content=\"https:\/\/hudo.com\/si\/aktualno\/gasilci-so-praznovali\/\" \/>\n<meta property=\"og:site_name\" content=\"Hudo Slovenija\" \/>\n<meta property=\"article:publisher\" content=\"https:\/\/www.facebook.com\/hudo.si\" \/>\n<meta property=\"article:published_time\" content=\"2016-08-07T15:45:00+00:00\" \/>\n<meta property=\"article:modified_time\" content=\"2016-08-08T17:11:20+00:00\" \/>\n<meta property=\"og:image\" content=\"https:\/\/hudo.com\/si\/wp-content\/uploads\/sites\/2\/2016\/08\/mb1-300.jpg\" \/>\n\t<meta property=\"og:image:width\" content=\"450\" \/>\n\t<meta property=\"og:image:height\" content=\"300\" \/>\n\t<meta property=\"og:image:type\" content=\"image\/jpeg\" \/>\n<meta name=\"author\" content=\"hudo\" \/>\n<meta name=\"twitter:card\" content=\"summary_large_image\" \/>\n<meta name=\"twitter:creator\" content=\"@hudo_si\" \/>\n<meta name=\"twitter:site\" content=\"@hudo_si\" \/>\n<meta name=\"twitter:label1\" content=\"Written by\" \/>\n\t<meta name=\"twitter:data1\" content=\"hudo\" \/>\n\t<meta name=\"twitter:label2\" content=\"Est. reading time\" \/>\n\t<meta name=\"twitter:data2\" content=\"2 minuti\" \/>\n<script type=\"application\/ld+json\" class=\"yoast-schema-graph\">{\"@context\":\"https:\/\/schema.org\",\"@graph\":[{\"@type\":\"Article\",\"@id\":\"https:\/\/hudo.com\/si\/aktualno\/gasilci-so-praznovali\/#article\",\"isPartOf\":{\"@id\":\"https:\/\/hudo.com\/si\/aktualno\/gasilci-so-praznovali\/\"},\"author\":{\"name\":\"hudo\",\"@id\":\"https:\/\/hudo.com\/si\/#\/schema\/person\/601cf3379633985b20f7e50f2bb47707\"},\"headline\":\"Gasilci so praznovali\",\"datePublished\":\"2016-08-07T15:45:00+00:00\",\"dateModified\":\"2016-08-08T17:11:20+00:00\",\"mainEntityOfPage\":{\"@id\":\"https:\/\/hudo.com\/si\/aktualno\/gasilci-so-praznovali\/\"},\"wordCount\":318,\"publisher\":{\"@id\":\"https:\/\/hudo.com\/si\/#organization\"},\"articleSection\":[\"Aktualno\"],\"inLanguage\":\"sl-SI\"},{\"@type\":\"WebPage\",\"@id\":\"https:\/\/hudo.com\/si\/aktualno\/gasilci-so-praznovali\/\",\"url\":\"https:\/\/hudo.com\/si\/aktualno\/gasilci-so-praznovali\/\",\"name\":\"Gasilci so praznovali - Hudo Slovenija\",\"isPartOf\":{\"@id\":\"https:\/\/hudo.com\/si\/#website\"},\"datePublished\":\"2016-08-07T15:45:00+00:00\",\"dateModified\":\"2016-08-08T17:11:20+00:00\",\"breadcrumb\":{\"@id\":\"https:\/\/hudo.com\/si\/aktualno\/gasilci-so-praznovali\/#breadcrumb\"},\"inLanguage\":\"sl-SI\",\"potentialAction\":[{\"@type\":\"ReadAction\",\"target\":[\"https:\/\/hudo.com\/si\/aktualno\/gasilci-so-praznovali\/\"]}]},{\"@type\":\"BreadcrumbList\",\"@id\":\"https:\/\/hudo.com\/si\/aktualno\/gasilci-so-praznovali\/#breadcrumb\",\"itemListElement\":[{\"@type\":\"ListItem\",\"position\":1,\"name\":\"Home\",\"item\":\"https:\/\/hudo.com\/si\/\"},{\"@type\":\"ListItem\",\"position\":2,\"name\":\"Gasilci so praznovali\"}]},{\"@type\":\"WebSite\",\"@id\":\"https:\/\/hudo.com\/si\/#website\",\"url\":\"https:\/\/hudo.com\/si\/\",\"name\":\"Hudo Slovenija\",\"description\":\"Vse novice iz Slovenije in sveta\",\"publisher\":{\"@id\":\"https:\/\/hudo.com\/si\/#organization\"},\"potentialAction\":[{\"@type\":\"SearchAction\",\"target\":{\"@type\":\"EntryPoint\",\"urlTemplate\":\"https:\/\/hudo.com\/si\/?s={search_term_string}\"},\"query-input\":\"required name=search_term_string\"}],\"inLanguage\":\"sl-SI\"},{\"@type\":\"Organization\",\"@id\":\"https:\/\/hudo.com\/si\/#organization\",\"name\":\"VSN Media\",\"url\":\"https:\/\/hudo.com\/si\/\",\"logo\":{\"@type\":\"ImageObject\",\"inLanguage\":\"sl-SI\",\"@id\":\"https:\/\/hudo.com\/si\/#\/schema\/logo\/image\/\",\"url\":\"https:\/\/hudo.com\/si\/wp-content\/uploads\/sites\/2\/2021\/03\/hudo-app-2.png\",\"contentUrl\":\"https:\/\/hudo.com\/si\/wp-content\/uploads\/sites\/2\/2021\/03\/hudo-app-2.png\",\"width\":2185,\"height\":2167,\"caption\":\"VSN Media\"},\"image\":{\"@id\":\"https:\/\/hudo.com\/si\/#\/schema\/logo\/image\/\"},\"sameAs\":[\"https:\/\/www.facebook.com\/hudo.si\",\"https:\/\/twitter.com\/hudo_si\"]},{\"@type\":\"Person\",\"@id\":\"https:\/\/hudo.com\/si\/#\/schema\/person\/601cf3379633985b20f7e50f2bb47707\",\"name\":\"hudo\",\"image\":{\"@type\":\"ImageObject\",\"inLanguage\":\"sl-SI\",\"@id\":\"https:\/\/hudo.com\/si\/#\/schema\/person\/image\/\",\"url\":\"https:\/\/secure.gravatar.com\/avatar\/c4ca25fa72cace7a696b52ff5db9e095?s=96&d=mm&r=g\",\"contentUrl\":\"https:\/\/secure.gravatar.com\/avatar\/c4ca25fa72cace7a696b52ff5db9e095?s=96&d=mm&r=g\",\"caption\":\"hudo\"},\"url\":\"https:\/\/hudo.com\/si\/author\/hudo\/\"}]}<\/script>\n<!-- \/ Yoast SEO plugin. -->","yoast_head_json":{"title":"Gasilci so praznovali - Hudo Slovenija","robots":{"index":"index","follow":"follow","max-snippet":"max-snippet:-1","max-image-preview":"max-image-preview:large","max-video-preview":"max-video-preview:-1"},"canonical":"https:\/\/hudo.com\/si\/aktualno\/gasilci-so-praznovali\/","og_locale":"sl_SI","og_type":"article","og_title":"Gasilci so praznovali - Hudo Slovenija","og_description":"\"Prostovoljni gasilci so slovensko nacionalno bogastvo in ponos,\" je v soboto dejal predsednik Gasilske zveze Maribor Slavko Kramberger v svojem govoru na praznovanju 27. dneva \u010dlanov Gasilske zveze Maribor in 130-letnice uspe\u0161nega delovanja Prostovoljnega gasilskega dru\u0161tva (PGD) Fram. Mize so bile polne, aktivnost in podpora gasilcem pa opazni \u017ee po \u0161tevilni udele\u017ebi. Na popoldanski slovesnosti se je v veliki gasilski paradi predstavilo ve\u010d kot 350 gasilcev, poklicni gasilci so se postrojili v \u010dastno \u010deto, pripravili so e\u0161alon razli\u010dnih gasilskih vozil. Slovesnost ni minila brez kulturnega programa, PGD Fram pa je prevzel prenovljeno gasilsko vozilo. Gostje so z zanimanjem poslu\u0161ali program, nato so se do poznih ur zabavali \u0161e z Ansamblom Sa\u0161e Avsenika. K besedi so bili povabljeni tudi gostje, ki so med drugim ob jubileju PGD Fram izrekali \u010destitke in podeljevali darila za trdo delo gasilcev. Dogodek je pospremil \u0161e zna\u010dilni gasilski pozdrav Na pomo\u010d! \"Gasilci so tisti, ki prvi prisko\u010dijo na pomo\u010d ljudem in brezpla\u010dno pomagajo re\u0161evati tako \u017eivljenja kot imetje ljudi. Dr\u017eavljani smo jim lahko resni\u010dno hvale\u017eni, saj zaradi njih lahko mirneje in varneje \u017eivimo,\" je dodal Branko Ledinek, \u017eupan ob\u010dine Ra\u010de - Fram. V Sloveniji ima gasilstvo \u017ee ve\u010d kot 140-letno tradicijo, ohranjajo osnovno poslanstvo vsakega gasilca, to je pomagati \u010dloveku v nesre\u010di. Na obmo\u010dju Maribora in okolice deluje 21 prostovoljnih gasilskih dru\u0161tev ter dve tovarni\u0161ki prostovoljni gasilski dru\u0161tvi. Operativno delujejo v petih ob\u010dinskih gasilskih poveljstvih, in sicer v mestni ob\u010dini Maribor ter ob\u010dinah Duplek, Ho\u010de - Slivnica, Miklav\u017e in Ra\u010de - Fram. Ta dru\u0161tva so povezana v Gasilsko zvezo Maribor. Naloge zveze so predvsem organiziranje sodobne operativne gasilske re\u0161evalne dejavnosti ter izvajanje strokovnih izobra\u017eevanj in razli\u010dnih strokovnih nalog za gasilska dru\u0161tva in ob\u010dinska poveljstva. Sodelujejo tudi s poklicno gasilsko enoto Maribor.Maribor","og_url":"https:\/\/hudo.com\/si\/aktualno\/gasilci-so-praznovali\/","og_site_name":"Hudo Slovenija","article_publisher":"https:\/\/www.facebook.com\/hudo.si","article_published_time":"2016-08-07T15:45:00+00:00","article_modified_time":"2016-08-08T17:11:20+00:00","og_image":[{"width":450,"height":300,"url":"https:\/\/hudo.com\/si\/wp-content\/uploads\/sites\/2\/2016\/08\/mb1-300.jpg","type":"image\/jpeg"}],"author":"hudo","twitter_card":"summary_large_image","twitter_creator":"@hudo_si","twitter_site":"@hudo_si","twitter_misc":{"Written by":"hudo","Est. reading time":"2 minuti"},"schema":{"@context":"https:\/\/schema.org","@graph":[{"@type":"Article","@id":"https:\/\/hudo.com\/si\/aktualno\/gasilci-so-praznovali\/#article","isPartOf":{"@id":"https:\/\/hudo.com\/si\/aktualno\/gasilci-so-praznovali\/"},"author":{"name":"hudo","@id":"https:\/\/hudo.com\/si\/#\/schema\/person\/601cf3379633985b20f7e50f2bb47707"},"headline":"Gasilci so praznovali","datePublished":"2016-08-07T15:45:00+00:00","dateModified":"2016-08-08T17:11:20+00:00","mainEntityOfPage":{"@id":"https:\/\/hudo.com\/si\/aktualno\/gasilci-so-praznovali\/"},"wordCount":318,"publisher":{"@id":"https:\/\/hudo.com\/si\/#organization"},"articleSection":["Aktualno"],"inLanguage":"sl-SI"},{"@type":"WebPage","@id":"https:\/\/hudo.com\/si\/aktualno\/gasilci-so-praznovali\/","url":"https:\/\/hudo.com\/si\/aktualno\/gasilci-so-praznovali\/","name":"Gasilci so praznovali - Hudo Slovenija","isPartOf":{"@id":"https:\/\/hudo.com\/si\/#website"},"datePublished":"2016-08-07T15:45:00+00:00","dateModified":"2016-08-08T17:11:20+00:00","breadcrumb":{"@id":"https:\/\/hudo.com\/si\/aktualno\/gasilci-so-praznovali\/#breadcrumb"},"inLanguage":"sl-SI","potentialAction":[{"@type":"ReadAction","target":["https:\/\/hudo.com\/si\/aktualno\/gasilci-so-praznovali\/"]}]},{"@type":"BreadcrumbList","@id":"https:\/\/hudo.com\/si\/aktualno\/gasilci-so-praznovali\/#breadcrumb","itemListElement":[{"@type":"ListItem","position":1,"name":"Home","item":"https:\/\/hudo.com\/si\/"},{"@type":"ListItem","position":2,"name":"Gasilci so praznovali"}]},{"@type":"WebSite","@id":"https:\/\/hudo.com\/si\/#website","url":"https:\/\/hudo.com\/si\/","name":"Hudo Slovenija","description":"Vse novice iz Slovenije in sveta","publisher":{"@id":"https:\/\/hudo.com\/si\/#organization"},"potentialAction":[{"@type":"SearchAction","target":{"@type":"EntryPoint","urlTemplate":"https:\/\/hudo.com\/si\/?s={search_term_string}"},"query-input":"required name=search_term_string"}],"inLanguage":"sl-SI"},{"@type":"Organization","@id":"https:\/\/hudo.com\/si\/#organization","name":"VSN Media","url":"https:\/\/hudo.com\/si\/","logo":{"@type":"ImageObject","inLanguage":"sl-SI","@id":"https:\/\/hudo.com\/si\/#\/schema\/logo\/image\/","url":"https:\/\/hudo.com\/si\/wp-content\/uploads\/sites\/2\/2021\/03\/hudo-app-2.png","contentUrl":"https:\/\/hudo.com\/si\/wp-content\/uploads\/sites\/2\/2021\/03\/hudo-app-2.png","width":2185,"height":2167,"caption":"VSN Media"},"image":{"@id":"https:\/\/hudo.com\/si\/#\/schema\/logo\/image\/"},"sameAs":["https:\/\/www.facebook.com\/hudo.si","https:\/\/twitter.com\/hudo_si"]},{"@type":"Person","@id":"https:\/\/hudo.com\/si\/#\/schema\/person\/601cf3379633985b20f7e50f2bb47707","name":"hudo","image":{"@type":"ImageObject","inLanguage":"sl-SI","@id":"https:\/\/hudo.com\/si\/#\/schema\/person\/image\/","url":"https:\/\/secure.gravatar.com\/avatar\/c4ca25fa72cace7a696b52ff5db9e095?s=96&d=mm&r=g","contentUrl":"https:\/\/secure.gravatar.com\/avatar\/c4ca25fa72cace7a696b52ff5db9e095?s=96&d=mm&r=g","caption":"hudo"},"url":"https:\/\/hudo.com\/si\/author\/hudo\/"}]}},"amp_enabled":true,"_links":{"self":[{"href":"https:\/\/hudo.com\/si\/wp-json\/wp\/v2\/posts\/109866"}],"collection":[{"href":"https:\/\/hudo.com\/si\/wp-json\/wp\/v2\/posts"}],"about":[{"href":"https:\/\/hudo.com\/si\/wp-json\/wp\/v2\/types\/post"}],"author":[{"embeddable":true,"href":"https:\/\/hudo.com\/si\/wp-json\/wp\/v2\/users\/1"}],"replies":[{"embeddable":true,"href":"https:\/\/hudo.com\/si\/wp-json\/wp\/v2\/comments?post=109866"}],"version-history":[{"count":1,"href":"https:\/\/hudo.com\/si\/wp-json\/wp\/v2\/posts\/109866\/revisions"}],"predecessor-version":[{"id":109983,"href":"https:\/\/hudo.com\/si\/wp-json\/wp\/v2\/posts\/109866\/revisions\/109983"}],"wp:attachment":[{"href":"https:\/\/hudo.com\/si\/wp-json\/wp\/v2\/media?parent=109866"}],"wp:term":[{"taxonomy":"category","embeddable":true,"href":"https:\/\/hudo.com\/si\/wp-json\/wp\/v2\/categories?post=109866"},{"taxonomy":"post_tag","embeddable":true,"href":"https:\/\/hudo.com\/si\/wp-json\/wp\/v2\/tags?post=109866"},{"taxonomy":"source","embeddable":true,"href":"https:\/\/hudo.com\/si\/wp-json\/wp\/v2\/source?post=109866"},{"taxonomy":"supertag","embeddable":true,"href":"https:\/\/hudo.com\/si\/wp-json\/wp\/v2\/supertag?post=109866"}],"curies":[{"name":"wp","href":"https:\/\/api.w.org\/{rel}","templated":true}]}}