{"id":110169,"date":"2016-08-08T11:00:00","date_gmt":"2016-08-08T09:00:00","guid":{"rendered":"http:\/\/hudo.com\/si\/2016\/08\/08\/bo-severna-koreja-stopila-na-lunina-tla\/"},"modified":"2016-08-09T07:22:38","modified_gmt":"2016-08-09T05:22:38","slug":"bo-severna-koreja-stopila-na-lunina-tla","status":"publish","type":"post","link":"https:\/\/hudo.com\/si\/aktualno\/bo-severna-koreja-stopila-na-lunina-tla\/","title":{"rendered":"Bo Severna Koreja stopila na Lunina tla?"},"content":{"rendered":"<p>Kategorija: Globalno Mon, 08 Aug 2016 13:00:00 +0200  Severnokorejski osnovno\u0161olci se ve\u010d u\u010dijo o Kim D\u017eong Unu kot o angle\u0161kem jeziku. Podrobnostim iz otro\u0161tva njihovega voditelja je med \u0161olskim letom posve\u010denih ve\u010d ur kot u\u010denju tujega jezika, ne glede na ljubezen do naslednika komunisti\u010dne dinastije pa je najve\u010d ur v kurikulu namenjenih korejskemu jeziku, nato matematiki. Vse to je del velikega na\u010drta. Severna Koreja namerava okrepiti izobra\u017eevanje na podro\u010dju raketne znanosti in vesoljske fizike, ker namerava do leta 2025 pristati na Luni. V prvi fazi resda brez \u010dlove\u0161ke posadke, a s severnokorejsko zastavo, ki jo bo robot zasadil v Lunina tla. \u00bb\u010ceprav posku\u0161ajo ZDA in njihovi zavezniki ustaviti na\u0161 vesoljski razvoj, bodo na\u0161i znanstveniki osvajali vesolje in zastavo Demokrati\u010dne ljudske republike Koreje zagotovo zasadili v Lunina tla,\u00ab je pred zbranimi novinarji izjavil Hjon Kvang Il, direktor oddelka\u00a0&#8230;<\/p>\n","protected":false},"excerpt":{"rendered":"<p>Kategorija: Globalno Mon, 08 Aug 2016 13:00:00 +0200  Severnokorejski osnovno\u0161olci se ve\u010d u\u010dijo o Kim D\u017eong Unu kot o angle\u0161kem jeziku. Podrobnostim iz otro\u0161tva njihovega voditelja je med \u0161olskim letom posve\u010denih ve\u010d ur kot u\u010denju tujega jezika, ne glede na ljubezen do naslednika komunisti\u010dne dinastije pa je najve\u010d ur v kurikulu namenjenih korejskemu jeziku, nato matematiki. Vse to je del velikega na\u010drta. Severna Koreja namerava okrepiti izobra\u017eevanje na podro\u010dju raketne znanosti in vesoljske fizike, ker namerava do leta 2025 pristati na Luni. V prvi fazi resda brez \u010dlove\u0161ke posadke, a s severnokorejsko zastavo, ki jo bo robot zasadil v Lunina tla. \u00bb\u010ceprav posku\u0161ajo ZDA in njihovi zavezniki ustaviti na\u0161 vesoljski razvoj, bodo na\u0161i znanstveniki osvajali vesolje in zastavo Demokrati\u010dne ljudske republike Koreje zagotovo zasadili v Lunina tla,\u00ab je pred zbranimi novinarji izjavil Hjon Kvang Il, direktor oddelka\u00a0&#8230;<\/p>\n","protected":false},"author":1,"featured_media":0,"comment_status":"closed","ping_status":"closed","sticky":false,"template":"","format":"standard","meta":{"footnotes":""},"categories":[1179],"tags":[],"source":[4511],"supertag":[],"acf":[],"yoast_head":"<!-- This site is optimized with the Yoast SEO plugin v21.3 - https:\/\/yoast.com\/wordpress\/plugins\/seo\/ -->\n<title>Bo Severna Koreja stopila na Lunina tla? - Hudo Slovenija<\/title>\n<meta name=\"robots\" content=\"index, follow, max-snippet:-1, max-image-preview:large, max-video-preview:-1\" \/>\n<link rel=\"canonical\" href=\"https:\/\/hudo.com\/si\/aktualno\/bo-severna-koreja-stopila-na-lunina-tla\/\" \/>\n<meta property=\"og:locale\" content=\"sl_SI\" \/>\n<meta property=\"og:type\" content=\"article\" \/>\n<meta property=\"og:title\" content=\"Bo Severna Koreja stopila na Lunina tla? - Hudo Slovenija\" \/>\n<meta property=\"og:description\" content=\"Kategorija: Globalno Mon, 08 Aug 2016 13:00:00 +0200 Severnokorejski osnovno\u0161olci se ve\u010d u\u010dijo o Kim D\u017eong Unu kot o angle\u0161kem jeziku. Podrobnostim iz otro\u0161tva njihovega voditelja je med \u0161olskim letom posve\u010denih ve\u010d ur kot u\u010denju tujega jezika, ne glede na ljubezen do naslednika komunisti\u010dne dinastije pa je najve\u010d ur v kurikulu namenjenih korejskemu jeziku, nato matematiki. Vse to je del velikega na\u010drta. Severna Koreja namerava okrepiti izobra\u017eevanje na podro\u010dju raketne znanosti in vesoljske fizike, ker namerava do leta 2025 pristati na Luni. V prvi fazi resda brez \u010dlove\u0161ke posadke, a s severnokorejsko zastavo, ki jo bo robot zasadil v Lunina tla. \u00bb\u010ceprav posku\u0161ajo ZDA in njihovi zavezniki ustaviti na\u0161 vesoljski razvoj, bodo na\u0161i znanstveniki osvajali vesolje in zastavo Demokrati\u010dne ljudske republike Koreje zagotovo zasadili v Lunina tla,\u00ab je pred zbranimi novinarji izjavil Hjon Kvang Il, direktor oddelka\u00a0...\" \/>\n<meta property=\"og:url\" content=\"https:\/\/hudo.com\/si\/aktualno\/bo-severna-koreja-stopila-na-lunina-tla\/\" \/>\n<meta property=\"og:site_name\" content=\"Hudo Slovenija\" \/>\n<meta property=\"article:publisher\" content=\"https:\/\/www.facebook.com\/hudo.si\" \/>\n<meta property=\"article:published_time\" content=\"2016-08-08T09:00:00+00:00\" \/>\n<meta property=\"article:modified_time\" content=\"2016-08-09T05:22:38+00:00\" \/>\n<meta property=\"og:image\" content=\"https:\/\/hudo.com\/si\/wp-content\/uploads\/sites\/2\/2016\/08\/480x290_Zunanja__djvu_2352628_irena_hires0.jpeg\" \/>\n\t<meta property=\"og:image:width\" content=\"480\" \/>\n\t<meta property=\"og:image:height\" content=\"290\" \/>\n\t<meta property=\"og:image:type\" content=\"image\/jpeg\" \/>\n<meta name=\"author\" content=\"hudo\" \/>\n<meta name=\"twitter:card\" content=\"summary_large_image\" \/>\n<meta name=\"twitter:creator\" content=\"@hudo_si\" \/>\n<meta name=\"twitter:site\" content=\"@hudo_si\" \/>\n<meta name=\"twitter:label1\" content=\"Written by\" \/>\n\t<meta name=\"twitter:data1\" content=\"hudo\" \/>\n\t<meta name=\"twitter:label2\" content=\"Est. reading time\" \/>\n\t<meta name=\"twitter:data2\" content=\"1 minuta\" \/>\n<script type=\"application\/ld+json\" class=\"yoast-schema-graph\">{\"@context\":\"https:\/\/schema.org\",\"@graph\":[{\"@type\":\"Article\",\"@id\":\"https:\/\/hudo.com\/si\/aktualno\/bo-severna-koreja-stopila-na-lunina-tla\/#article\",\"isPartOf\":{\"@id\":\"https:\/\/hudo.com\/si\/aktualno\/bo-severna-koreja-stopila-na-lunina-tla\/\"},\"author\":{\"name\":\"hudo\",\"@id\":\"https:\/\/hudo.com\/si\/#\/schema\/person\/601cf3379633985b20f7e50f2bb47707\"},\"headline\":\"Bo Severna Koreja stopila na Lunina tla?\",\"datePublished\":\"2016-08-08T09:00:00+00:00\",\"dateModified\":\"2016-08-09T05:22:38+00:00\",\"mainEntityOfPage\":{\"@id\":\"https:\/\/hudo.com\/si\/aktualno\/bo-severna-koreja-stopila-na-lunina-tla\/\"},\"wordCount\":154,\"publisher\":{\"@id\":\"https:\/\/hudo.com\/si\/#organization\"},\"articleSection\":[\"Aktualno\"],\"inLanguage\":\"sl-SI\"},{\"@type\":\"WebPage\",\"@id\":\"https:\/\/hudo.com\/si\/aktualno\/bo-severna-koreja-stopila-na-lunina-tla\/\",\"url\":\"https:\/\/hudo.com\/si\/aktualno\/bo-severna-koreja-stopila-na-lunina-tla\/\",\"name\":\"Bo Severna Koreja stopila na Lunina tla? - Hudo Slovenija\",\"isPartOf\":{\"@id\":\"https:\/\/hudo.com\/si\/#website\"},\"datePublished\":\"2016-08-08T09:00:00+00:00\",\"dateModified\":\"2016-08-09T05:22:38+00:00\",\"breadcrumb\":{\"@id\":\"https:\/\/hudo.com\/si\/aktualno\/bo-severna-koreja-stopila-na-lunina-tla\/#breadcrumb\"},\"inLanguage\":\"sl-SI\",\"potentialAction\":[{\"@type\":\"ReadAction\",\"target\":[\"https:\/\/hudo.com\/si\/aktualno\/bo-severna-koreja-stopila-na-lunina-tla\/\"]}]},{\"@type\":\"BreadcrumbList\",\"@id\":\"https:\/\/hudo.com\/si\/aktualno\/bo-severna-koreja-stopila-na-lunina-tla\/#breadcrumb\",\"itemListElement\":[{\"@type\":\"ListItem\",\"position\":1,\"name\":\"Home\",\"item\":\"https:\/\/hudo.com\/si\/\"},{\"@type\":\"ListItem\",\"position\":2,\"name\":\"Bo Severna Koreja stopila na Lunina tla?\"}]},{\"@type\":\"WebSite\",\"@id\":\"https:\/\/hudo.com\/si\/#website\",\"url\":\"https:\/\/hudo.com\/si\/\",\"name\":\"Hudo Slovenija\",\"description\":\"Vse novice iz Slovenije in sveta\",\"publisher\":{\"@id\":\"https:\/\/hudo.com\/si\/#organization\"},\"potentialAction\":[{\"@type\":\"SearchAction\",\"target\":{\"@type\":\"EntryPoint\",\"urlTemplate\":\"https:\/\/hudo.com\/si\/?s={search_term_string}\"},\"query-input\":\"required name=search_term_string\"}],\"inLanguage\":\"sl-SI\"},{\"@type\":\"Organization\",\"@id\":\"https:\/\/hudo.com\/si\/#organization\",\"name\":\"VSN Media\",\"url\":\"https:\/\/hudo.com\/si\/\",\"logo\":{\"@type\":\"ImageObject\",\"inLanguage\":\"sl-SI\",\"@id\":\"https:\/\/hudo.com\/si\/#\/schema\/logo\/image\/\",\"url\":\"https:\/\/hudo.com\/si\/wp-content\/uploads\/sites\/2\/2021\/03\/hudo-app-2.png\",\"contentUrl\":\"https:\/\/hudo.com\/si\/wp-content\/uploads\/sites\/2\/2021\/03\/hudo-app-2.png\",\"width\":2185,\"height\":2167,\"caption\":\"VSN Media\"},\"image\":{\"@id\":\"https:\/\/hudo.com\/si\/#\/schema\/logo\/image\/\"},\"sameAs\":[\"https:\/\/www.facebook.com\/hudo.si\",\"https:\/\/twitter.com\/hudo_si\"]},{\"@type\":\"Person\",\"@id\":\"https:\/\/hudo.com\/si\/#\/schema\/person\/601cf3379633985b20f7e50f2bb47707\",\"name\":\"hudo\",\"image\":{\"@type\":\"ImageObject\",\"inLanguage\":\"sl-SI\",\"@id\":\"https:\/\/hudo.com\/si\/#\/schema\/person\/image\/\",\"url\":\"https:\/\/secure.gravatar.com\/avatar\/c4ca25fa72cace7a696b52ff5db9e095?s=96&d=mm&r=g\",\"contentUrl\":\"https:\/\/secure.gravatar.com\/avatar\/c4ca25fa72cace7a696b52ff5db9e095?s=96&d=mm&r=g\",\"caption\":\"hudo\"},\"url\":\"https:\/\/hudo.com\/si\/author\/hudo\/\"}]}<\/script>\n<!-- \/ Yoast SEO plugin. -->","yoast_head_json":{"title":"Bo Severna Koreja stopila na Lunina tla? - Hudo Slovenija","robots":{"index":"index","follow":"follow","max-snippet":"max-snippet:-1","max-image-preview":"max-image-preview:large","max-video-preview":"max-video-preview:-1"},"canonical":"https:\/\/hudo.com\/si\/aktualno\/bo-severna-koreja-stopila-na-lunina-tla\/","og_locale":"sl_SI","og_type":"article","og_title":"Bo Severna Koreja stopila na Lunina tla? - Hudo Slovenija","og_description":"Kategorija: Globalno Mon, 08 Aug 2016 13:00:00 +0200 Severnokorejski osnovno\u0161olci se ve\u010d u\u010dijo o Kim D\u017eong Unu kot o angle\u0161kem jeziku. Podrobnostim iz otro\u0161tva njihovega voditelja je med \u0161olskim letom posve\u010denih ve\u010d ur kot u\u010denju tujega jezika, ne glede na ljubezen do naslednika komunisti\u010dne dinastije pa je najve\u010d ur v kurikulu namenjenih korejskemu jeziku, nato matematiki. Vse to je del velikega na\u010drta. Severna Koreja namerava okrepiti izobra\u017eevanje na podro\u010dju raketne znanosti in vesoljske fizike, ker namerava do leta 2025 pristati na Luni. V prvi fazi resda brez \u010dlove\u0161ke posadke, a s severnokorejsko zastavo, ki jo bo robot zasadil v Lunina tla. \u00bb\u010ceprav posku\u0161ajo ZDA in njihovi zavezniki ustaviti na\u0161 vesoljski razvoj, bodo na\u0161i znanstveniki osvajali vesolje in zastavo Demokrati\u010dne ljudske republike Koreje zagotovo zasadili v Lunina tla,\u00ab je pred zbranimi novinarji izjavil Hjon Kvang Il, direktor oddelka\u00a0...","og_url":"https:\/\/hudo.com\/si\/aktualno\/bo-severna-koreja-stopila-na-lunina-tla\/","og_site_name":"Hudo Slovenija","article_publisher":"https:\/\/www.facebook.com\/hudo.si","article_published_time":"2016-08-08T09:00:00+00:00","article_modified_time":"2016-08-09T05:22:38+00:00","og_image":[{"width":480,"height":290,"url":"https:\/\/hudo.com\/si\/wp-content\/uploads\/sites\/2\/2016\/08\/480x290_Zunanja__djvu_2352628_irena_hires0.jpeg","type":"image\/jpeg"}],"author":"hudo","twitter_card":"summary_large_image","twitter_creator":"@hudo_si","twitter_site":"@hudo_si","twitter_misc":{"Written by":"hudo","Est. reading time":"1 minuta"},"schema":{"@context":"https:\/\/schema.org","@graph":[{"@type":"Article","@id":"https:\/\/hudo.com\/si\/aktualno\/bo-severna-koreja-stopila-na-lunina-tla\/#article","isPartOf":{"@id":"https:\/\/hudo.com\/si\/aktualno\/bo-severna-koreja-stopila-na-lunina-tla\/"},"author":{"name":"hudo","@id":"https:\/\/hudo.com\/si\/#\/schema\/person\/601cf3379633985b20f7e50f2bb47707"},"headline":"Bo Severna Koreja stopila na Lunina tla?","datePublished":"2016-08-08T09:00:00+00:00","dateModified":"2016-08-09T05:22:38+00:00","mainEntityOfPage":{"@id":"https:\/\/hudo.com\/si\/aktualno\/bo-severna-koreja-stopila-na-lunina-tla\/"},"wordCount":154,"publisher":{"@id":"https:\/\/hudo.com\/si\/#organization"},"articleSection":["Aktualno"],"inLanguage":"sl-SI"},{"@type":"WebPage","@id":"https:\/\/hudo.com\/si\/aktualno\/bo-severna-koreja-stopila-na-lunina-tla\/","url":"https:\/\/hudo.com\/si\/aktualno\/bo-severna-koreja-stopila-na-lunina-tla\/","name":"Bo Severna Koreja stopila na Lunina tla? - Hudo Slovenija","isPartOf":{"@id":"https:\/\/hudo.com\/si\/#website"},"datePublished":"2016-08-08T09:00:00+00:00","dateModified":"2016-08-09T05:22:38+00:00","breadcrumb":{"@id":"https:\/\/hudo.com\/si\/aktualno\/bo-severna-koreja-stopila-na-lunina-tla\/#breadcrumb"},"inLanguage":"sl-SI","potentialAction":[{"@type":"ReadAction","target":["https:\/\/hudo.com\/si\/aktualno\/bo-severna-koreja-stopila-na-lunina-tla\/"]}]},{"@type":"BreadcrumbList","@id":"https:\/\/hudo.com\/si\/aktualno\/bo-severna-koreja-stopila-na-lunina-tla\/#breadcrumb","itemListElement":[{"@type":"ListItem","position":1,"name":"Home","item":"https:\/\/hudo.com\/si\/"},{"@type":"ListItem","position":2,"name":"Bo Severna Koreja stopila na Lunina tla?"}]},{"@type":"WebSite","@id":"https:\/\/hudo.com\/si\/#website","url":"https:\/\/hudo.com\/si\/","name":"Hudo Slovenija","description":"Vse novice iz Slovenije in sveta","publisher":{"@id":"https:\/\/hudo.com\/si\/#organization"},"potentialAction":[{"@type":"SearchAction","target":{"@type":"EntryPoint","urlTemplate":"https:\/\/hudo.com\/si\/?s={search_term_string}"},"query-input":"required name=search_term_string"}],"inLanguage":"sl-SI"},{"@type":"Organization","@id":"https:\/\/hudo.com\/si\/#organization","name":"VSN Media","url":"https:\/\/hudo.com\/si\/","logo":{"@type":"ImageObject","inLanguage":"sl-SI","@id":"https:\/\/hudo.com\/si\/#\/schema\/logo\/image\/","url":"https:\/\/hudo.com\/si\/wp-content\/uploads\/sites\/2\/2021\/03\/hudo-app-2.png","contentUrl":"https:\/\/hudo.com\/si\/wp-content\/uploads\/sites\/2\/2021\/03\/hudo-app-2.png","width":2185,"height":2167,"caption":"VSN Media"},"image":{"@id":"https:\/\/hudo.com\/si\/#\/schema\/logo\/image\/"},"sameAs":["https:\/\/www.facebook.com\/hudo.si","https:\/\/twitter.com\/hudo_si"]},{"@type":"Person","@id":"https:\/\/hudo.com\/si\/#\/schema\/person\/601cf3379633985b20f7e50f2bb47707","name":"hudo","image":{"@type":"ImageObject","inLanguage":"sl-SI","@id":"https:\/\/hudo.com\/si\/#\/schema\/person\/image\/","url":"https:\/\/secure.gravatar.com\/avatar\/c4ca25fa72cace7a696b52ff5db9e095?s=96&d=mm&r=g","contentUrl":"https:\/\/secure.gravatar.com\/avatar\/c4ca25fa72cace7a696b52ff5db9e095?s=96&d=mm&r=g","caption":"hudo"},"url":"https:\/\/hudo.com\/si\/author\/hudo\/"}]}},"amp_enabled":true,"_links":{"self":[{"href":"https:\/\/hudo.com\/si\/wp-json\/wp\/v2\/posts\/110169"}],"collection":[{"href":"https:\/\/hudo.com\/si\/wp-json\/wp\/v2\/posts"}],"about":[{"href":"https:\/\/hudo.com\/si\/wp-json\/wp\/v2\/types\/post"}],"author":[{"embeddable":true,"href":"https:\/\/hudo.com\/si\/wp-json\/wp\/v2\/users\/1"}],"replies":[{"embeddable":true,"href":"https:\/\/hudo.com\/si\/wp-json\/wp\/v2\/comments?post=110169"}],"version-history":[{"count":1,"href":"https:\/\/hudo.com\/si\/wp-json\/wp\/v2\/posts\/110169\/revisions"}],"predecessor-version":[{"id":110428,"href":"https:\/\/hudo.com\/si\/wp-json\/wp\/v2\/posts\/110169\/revisions\/110428"}],"wp:attachment":[{"href":"https:\/\/hudo.com\/si\/wp-json\/wp\/v2\/media?parent=110169"}],"wp:term":[{"taxonomy":"category","embeddable":true,"href":"https:\/\/hudo.com\/si\/wp-json\/wp\/v2\/categories?post=110169"},{"taxonomy":"post_tag","embeddable":true,"href":"https:\/\/hudo.com\/si\/wp-json\/wp\/v2\/tags?post=110169"},{"taxonomy":"source","embeddable":true,"href":"https:\/\/hudo.com\/si\/wp-json\/wp\/v2\/source?post=110169"},{"taxonomy":"supertag","embeddable":true,"href":"https:\/\/hudo.com\/si\/wp-json\/wp\/v2\/supertag?post=110169"}],"curies":[{"name":"wp","href":"https:\/\/api.w.org\/{rel}","templated":true}]}}