{"id":111074,"date":"2016-08-09T06:00:00","date_gmt":"2016-08-09T04:00:00","guid":{"rendered":"http:\/\/hudo.com\/si\/2016\/08\/09\/sramotni-sporazum-se-podira-kot-hisica-iz-kart-2\/"},"modified":"2016-08-09T06:00:00","modified_gmt":"2016-08-09T04:00:00","slug":"sramotni-sporazum-se-podira-kot-hisica-iz-kart-2","status":"publish","type":"post","link":"https:\/\/hudo.com\/si\/aktualno\/sramotni-sporazum-se-podira-kot-hisica-iz-kart-2\/","title":{"rendered":"Sramotni sporazum \u00bbse podira kot hi\u0161ica iz kart\u00ab"},"content":{"rendered":"<p>Kategorija: Evropa Tue, 09 Aug 2016 08:00:00 +0200  Avstrijski zunanji minister \u00adSebastian Kurz je minuli konec tedna zaostril zahteve po prekinitvi evropskih pristopnih pogajanj s Tur\u010dijo, na kar je pred tem \u017ee v sredo namignil avstrijski zvezni kancler Christian Kern. Zunanji minister je v intervjuju za nedeljsko izdajo Kurierja napovedal celo avstrijski veto v primeru odpiranja novih poglavij v pristopnih pogajanjih s Tur\u010dijo.\u00bbImam sede\u017e in glas v svetu zunanjih ministrov, kjer se [s soglasjem] odlo\u010da o odpiranju novih poglavij s Tur\u010dijo,\u00ab je dejal Kurz, \u00bbin ko bo pri\u0161lo do tega, bom glasoval proti.\u00ab Po besedah zunanjega ministra si bo tudi avstrijski zvezni kancler Christian Kern do vrha EU, ki bo 16. septembra, prizadeval prepri\u010dati ostale \u0161efe evropskih vlad in dr\u017eav, da v sedanjih razmerah nima smisla nadaljevati pristopnih pogajanj s Tur\u010dijo in da je pogajanja zato treba ustaviti.\u00a0&#8230;<\/p>\n","protected":false},"excerpt":{"rendered":"<p>Kategorija: Evropa Tue, 09 Aug 2016 08:00:00 +0200  Avstrijski zunanji minister \u00adSebastian Kurz je minuli konec tedna zaostril zahteve po prekinitvi evropskih pristopnih pogajanj s Tur\u010dijo, na kar je pred tem \u017ee v sredo namignil avstrijski zvezni kancler Christian Kern. Zunanji minister je v intervjuju za nedeljsko izdajo Kurierja napovedal celo avstrijski veto v primeru odpiranja novih poglavij v pristopnih pogajanjih s Tur\u010dijo.\u00bbImam sede\u017e in glas v svetu zunanjih ministrov, kjer se [s soglasjem] odlo\u010da o odpiranju novih poglavij s Tur\u010dijo,\u00ab je dejal Kurz, \u00bbin ko bo pri\u0161lo do tega, bom glasoval proti.\u00ab Po besedah zunanjega ministra si bo tudi avstrijski zvezni kancler Christian Kern do vrha EU, ki bo 16. septembra, prizadeval prepri\u010dati ostale \u0161efe evropskih vlad in dr\u017eav, da v sedanjih razmerah nima smisla nadaljevati pristopnih pogajanj s Tur\u010dijo in da je pogajanja zato treba ustaviti.\u00a0&#8230;<\/p>\n","protected":false},"author":1,"featured_media":0,"comment_status":"closed","ping_status":"closed","sticky":false,"template":"","format":"standard","meta":{"footnotes":""},"categories":[1179],"tags":[],"source":[4511],"supertag":[],"acf":[],"yoast_head":"<!-- This site is optimized with the Yoast SEO plugin v21.3 - https:\/\/yoast.com\/wordpress\/plugins\/seo\/ -->\n<title>Sramotni sporazum \u00bbse podira kot hi\u0161ica iz kart\u00ab - Hudo Slovenija<\/title>\n<meta name=\"robots\" content=\"index, follow, max-snippet:-1, max-image-preview:large, max-video-preview:-1\" \/>\n<link rel=\"canonical\" href=\"https:\/\/hudo.com\/si\/aktualno\/sramotni-sporazum-se-podira-kot-hisica-iz-kart-2\/\" \/>\n<meta property=\"og:locale\" content=\"sl_SI\" \/>\n<meta property=\"og:type\" content=\"article\" \/>\n<meta property=\"og:title\" content=\"Sramotni sporazum \u00bbse podira kot hi\u0161ica iz kart\u00ab - Hudo Slovenija\" \/>\n<meta property=\"og:description\" content=\"Kategorija: Evropa Tue, 09 Aug 2016 08:00:00 +0200 Avstrijski zunanji minister \u00adSebastian Kurz je minuli konec tedna zaostril zahteve po prekinitvi evropskih pristopnih pogajanj s Tur\u010dijo, na kar je pred tem \u017ee v sredo namignil avstrijski zvezni kancler Christian Kern. Zunanji minister je v intervjuju za nedeljsko izdajo Kurierja napovedal celo avstrijski veto v primeru odpiranja novih poglavij v pristopnih pogajanjih s Tur\u010dijo.\u00bbImam sede\u017e in glas v svetu zunanjih ministrov, kjer se [s soglasjem] odlo\u010da o odpiranju novih poglavij s Tur\u010dijo,\u00ab je dejal Kurz, \u00bbin ko bo pri\u0161lo do tega, bom glasoval proti.\u00ab Po besedah zunanjega ministra si bo tudi avstrijski zvezni kancler Christian Kern do vrha EU, ki bo 16. septembra, prizadeval prepri\u010dati ostale \u0161efe evropskih vlad in dr\u017eav, da v sedanjih razmerah nima smisla nadaljevati pristopnih pogajanj s Tur\u010dijo in da je pogajanja zato treba ustaviti.\u00a0...\" \/>\n<meta property=\"og:url\" content=\"https:\/\/hudo.com\/si\/aktualno\/sramotni-sporazum-se-podira-kot-hisica-iz-kart-2\/\" \/>\n<meta property=\"og:site_name\" content=\"Hudo Slovenija\" \/>\n<meta property=\"article:publisher\" content=\"https:\/\/www.facebook.com\/hudo.si\" \/>\n<meta property=\"article:published_time\" content=\"2016-08-09T04:00:00+00:00\" \/>\n<meta property=\"og:image\" content=\"https:\/\/hudo.com\/si\/wp-content\/uploads\/sites\/2\/2016\/08\/480x290_Zunanja__RTX2HC22_hires0-1.jpeg\" \/>\n\t<meta property=\"og:image:width\" content=\"480\" \/>\n\t<meta property=\"og:image:height\" content=\"290\" \/>\n\t<meta property=\"og:image:type\" content=\"image\/jpeg\" \/>\n<meta name=\"author\" content=\"hudo\" \/>\n<meta name=\"twitter:card\" content=\"summary_large_image\" \/>\n<meta name=\"twitter:creator\" content=\"@hudo_si\" \/>\n<meta name=\"twitter:site\" content=\"@hudo_si\" \/>\n<meta name=\"twitter:label1\" content=\"Written by\" \/>\n\t<meta name=\"twitter:data1\" content=\"hudo\" \/>\n\t<meta name=\"twitter:label2\" content=\"Est. reading time\" \/>\n\t<meta name=\"twitter:data2\" content=\"1 minuta\" \/>\n<script type=\"application\/ld+json\" class=\"yoast-schema-graph\">{\"@context\":\"https:\/\/schema.org\",\"@graph\":[{\"@type\":\"Article\",\"@id\":\"https:\/\/hudo.com\/si\/aktualno\/sramotni-sporazum-se-podira-kot-hisica-iz-kart-2\/#article\",\"isPartOf\":{\"@id\":\"https:\/\/hudo.com\/si\/aktualno\/sramotni-sporazum-se-podira-kot-hisica-iz-kart-2\/\"},\"author\":{\"name\":\"hudo\",\"@id\":\"https:\/\/hudo.com\/si\/#\/schema\/person\/601cf3379633985b20f7e50f2bb47707\"},\"headline\":\"Sramotni sporazum \u00bbse podira kot hi\u0161ica iz kart\u00ab\",\"datePublished\":\"2016-08-09T04:00:00+00:00\",\"dateModified\":\"2016-08-09T04:00:00+00:00\",\"mainEntityOfPage\":{\"@id\":\"https:\/\/hudo.com\/si\/aktualno\/sramotni-sporazum-se-podira-kot-hisica-iz-kart-2\/\"},\"wordCount\":151,\"publisher\":{\"@id\":\"https:\/\/hudo.com\/si\/#organization\"},\"articleSection\":[\"Aktualno\"],\"inLanguage\":\"sl-SI\"},{\"@type\":\"WebPage\",\"@id\":\"https:\/\/hudo.com\/si\/aktualno\/sramotni-sporazum-se-podira-kot-hisica-iz-kart-2\/\",\"url\":\"https:\/\/hudo.com\/si\/aktualno\/sramotni-sporazum-se-podira-kot-hisica-iz-kart-2\/\",\"name\":\"Sramotni sporazum \u00bbse podira kot hi\u0161ica iz kart\u00ab - Hudo Slovenija\",\"isPartOf\":{\"@id\":\"https:\/\/hudo.com\/si\/#website\"},\"datePublished\":\"2016-08-09T04:00:00+00:00\",\"dateModified\":\"2016-08-09T04:00:00+00:00\",\"breadcrumb\":{\"@id\":\"https:\/\/hudo.com\/si\/aktualno\/sramotni-sporazum-se-podira-kot-hisica-iz-kart-2\/#breadcrumb\"},\"inLanguage\":\"sl-SI\",\"potentialAction\":[{\"@type\":\"ReadAction\",\"target\":[\"https:\/\/hudo.com\/si\/aktualno\/sramotni-sporazum-se-podira-kot-hisica-iz-kart-2\/\"]}]},{\"@type\":\"BreadcrumbList\",\"@id\":\"https:\/\/hudo.com\/si\/aktualno\/sramotni-sporazum-se-podira-kot-hisica-iz-kart-2\/#breadcrumb\",\"itemListElement\":[{\"@type\":\"ListItem\",\"position\":1,\"name\":\"Home\",\"item\":\"https:\/\/hudo.com\/si\/\"},{\"@type\":\"ListItem\",\"position\":2,\"name\":\"Sramotni sporazum \u00bbse podira kot hi\u0161ica iz kart\u00ab\"}]},{\"@type\":\"WebSite\",\"@id\":\"https:\/\/hudo.com\/si\/#website\",\"url\":\"https:\/\/hudo.com\/si\/\",\"name\":\"Hudo Slovenija\",\"description\":\"Vse novice iz Slovenije in sveta\",\"publisher\":{\"@id\":\"https:\/\/hudo.com\/si\/#organization\"},\"potentialAction\":[{\"@type\":\"SearchAction\",\"target\":{\"@type\":\"EntryPoint\",\"urlTemplate\":\"https:\/\/hudo.com\/si\/?s={search_term_string}\"},\"query-input\":\"required name=search_term_string\"}],\"inLanguage\":\"sl-SI\"},{\"@type\":\"Organization\",\"@id\":\"https:\/\/hudo.com\/si\/#organization\",\"name\":\"VSN Media\",\"url\":\"https:\/\/hudo.com\/si\/\",\"logo\":{\"@type\":\"ImageObject\",\"inLanguage\":\"sl-SI\",\"@id\":\"https:\/\/hudo.com\/si\/#\/schema\/logo\/image\/\",\"url\":\"https:\/\/hudo.com\/si\/wp-content\/uploads\/sites\/2\/2021\/03\/hudo-app-2.png\",\"contentUrl\":\"https:\/\/hudo.com\/si\/wp-content\/uploads\/sites\/2\/2021\/03\/hudo-app-2.png\",\"width\":2185,\"height\":2167,\"caption\":\"VSN Media\"},\"image\":{\"@id\":\"https:\/\/hudo.com\/si\/#\/schema\/logo\/image\/\"},\"sameAs\":[\"https:\/\/www.facebook.com\/hudo.si\",\"https:\/\/twitter.com\/hudo_si\"]},{\"@type\":\"Person\",\"@id\":\"https:\/\/hudo.com\/si\/#\/schema\/person\/601cf3379633985b20f7e50f2bb47707\",\"name\":\"hudo\",\"image\":{\"@type\":\"ImageObject\",\"inLanguage\":\"sl-SI\",\"@id\":\"https:\/\/hudo.com\/si\/#\/schema\/person\/image\/\",\"url\":\"https:\/\/secure.gravatar.com\/avatar\/c4ca25fa72cace7a696b52ff5db9e095?s=96&d=mm&r=g\",\"contentUrl\":\"https:\/\/secure.gravatar.com\/avatar\/c4ca25fa72cace7a696b52ff5db9e095?s=96&d=mm&r=g\",\"caption\":\"hudo\"},\"url\":\"https:\/\/hudo.com\/si\/author\/hudo\/\"}]}<\/script>\n<!-- \/ Yoast SEO plugin. -->","yoast_head_json":{"title":"Sramotni sporazum \u00bbse podira kot hi\u0161ica iz kart\u00ab - Hudo Slovenija","robots":{"index":"index","follow":"follow","max-snippet":"max-snippet:-1","max-image-preview":"max-image-preview:large","max-video-preview":"max-video-preview:-1"},"canonical":"https:\/\/hudo.com\/si\/aktualno\/sramotni-sporazum-se-podira-kot-hisica-iz-kart-2\/","og_locale":"sl_SI","og_type":"article","og_title":"Sramotni sporazum \u00bbse podira kot hi\u0161ica iz kart\u00ab - Hudo Slovenija","og_description":"Kategorija: Evropa Tue, 09 Aug 2016 08:00:00 +0200 Avstrijski zunanji minister \u00adSebastian Kurz je minuli konec tedna zaostril zahteve po prekinitvi evropskih pristopnih pogajanj s Tur\u010dijo, na kar je pred tem \u017ee v sredo namignil avstrijski zvezni kancler Christian Kern. Zunanji minister je v intervjuju za nedeljsko izdajo Kurierja napovedal celo avstrijski veto v primeru odpiranja novih poglavij v pristopnih pogajanjih s Tur\u010dijo.\u00bbImam sede\u017e in glas v svetu zunanjih ministrov, kjer se [s soglasjem] odlo\u010da o odpiranju novih poglavij s Tur\u010dijo,\u00ab je dejal Kurz, \u00bbin ko bo pri\u0161lo do tega, bom glasoval proti.\u00ab Po besedah zunanjega ministra si bo tudi avstrijski zvezni kancler Christian Kern do vrha EU, ki bo 16. septembra, prizadeval prepri\u010dati ostale \u0161efe evropskih vlad in dr\u017eav, da v sedanjih razmerah nima smisla nadaljevati pristopnih pogajanj s Tur\u010dijo in da je pogajanja zato treba ustaviti.\u00a0...","og_url":"https:\/\/hudo.com\/si\/aktualno\/sramotni-sporazum-se-podira-kot-hisica-iz-kart-2\/","og_site_name":"Hudo Slovenija","article_publisher":"https:\/\/www.facebook.com\/hudo.si","article_published_time":"2016-08-09T04:00:00+00:00","og_image":[{"width":480,"height":290,"url":"https:\/\/hudo.com\/si\/wp-content\/uploads\/sites\/2\/2016\/08\/480x290_Zunanja__RTX2HC22_hires0-1.jpeg","type":"image\/jpeg"}],"author":"hudo","twitter_card":"summary_large_image","twitter_creator":"@hudo_si","twitter_site":"@hudo_si","twitter_misc":{"Written by":"hudo","Est. reading time":"1 minuta"},"schema":{"@context":"https:\/\/schema.org","@graph":[{"@type":"Article","@id":"https:\/\/hudo.com\/si\/aktualno\/sramotni-sporazum-se-podira-kot-hisica-iz-kart-2\/#article","isPartOf":{"@id":"https:\/\/hudo.com\/si\/aktualno\/sramotni-sporazum-se-podira-kot-hisica-iz-kart-2\/"},"author":{"name":"hudo","@id":"https:\/\/hudo.com\/si\/#\/schema\/person\/601cf3379633985b20f7e50f2bb47707"},"headline":"Sramotni sporazum \u00bbse podira kot hi\u0161ica iz kart\u00ab","datePublished":"2016-08-09T04:00:00+00:00","dateModified":"2016-08-09T04:00:00+00:00","mainEntityOfPage":{"@id":"https:\/\/hudo.com\/si\/aktualno\/sramotni-sporazum-se-podira-kot-hisica-iz-kart-2\/"},"wordCount":151,"publisher":{"@id":"https:\/\/hudo.com\/si\/#organization"},"articleSection":["Aktualno"],"inLanguage":"sl-SI"},{"@type":"WebPage","@id":"https:\/\/hudo.com\/si\/aktualno\/sramotni-sporazum-se-podira-kot-hisica-iz-kart-2\/","url":"https:\/\/hudo.com\/si\/aktualno\/sramotni-sporazum-se-podira-kot-hisica-iz-kart-2\/","name":"Sramotni sporazum \u00bbse podira kot hi\u0161ica iz kart\u00ab - Hudo Slovenija","isPartOf":{"@id":"https:\/\/hudo.com\/si\/#website"},"datePublished":"2016-08-09T04:00:00+00:00","dateModified":"2016-08-09T04:00:00+00:00","breadcrumb":{"@id":"https:\/\/hudo.com\/si\/aktualno\/sramotni-sporazum-se-podira-kot-hisica-iz-kart-2\/#breadcrumb"},"inLanguage":"sl-SI","potentialAction":[{"@type":"ReadAction","target":["https:\/\/hudo.com\/si\/aktualno\/sramotni-sporazum-se-podira-kot-hisica-iz-kart-2\/"]}]},{"@type":"BreadcrumbList","@id":"https:\/\/hudo.com\/si\/aktualno\/sramotni-sporazum-se-podira-kot-hisica-iz-kart-2\/#breadcrumb","itemListElement":[{"@type":"ListItem","position":1,"name":"Home","item":"https:\/\/hudo.com\/si\/"},{"@type":"ListItem","position":2,"name":"Sramotni sporazum \u00bbse podira kot hi\u0161ica iz kart\u00ab"}]},{"@type":"WebSite","@id":"https:\/\/hudo.com\/si\/#website","url":"https:\/\/hudo.com\/si\/","name":"Hudo Slovenija","description":"Vse novice iz Slovenije in sveta","publisher":{"@id":"https:\/\/hudo.com\/si\/#organization"},"potentialAction":[{"@type":"SearchAction","target":{"@type":"EntryPoint","urlTemplate":"https:\/\/hudo.com\/si\/?s={search_term_string}"},"query-input":"required name=search_term_string"}],"inLanguage":"sl-SI"},{"@type":"Organization","@id":"https:\/\/hudo.com\/si\/#organization","name":"VSN Media","url":"https:\/\/hudo.com\/si\/","logo":{"@type":"ImageObject","inLanguage":"sl-SI","@id":"https:\/\/hudo.com\/si\/#\/schema\/logo\/image\/","url":"https:\/\/hudo.com\/si\/wp-content\/uploads\/sites\/2\/2021\/03\/hudo-app-2.png","contentUrl":"https:\/\/hudo.com\/si\/wp-content\/uploads\/sites\/2\/2021\/03\/hudo-app-2.png","width":2185,"height":2167,"caption":"VSN Media"},"image":{"@id":"https:\/\/hudo.com\/si\/#\/schema\/logo\/image\/"},"sameAs":["https:\/\/www.facebook.com\/hudo.si","https:\/\/twitter.com\/hudo_si"]},{"@type":"Person","@id":"https:\/\/hudo.com\/si\/#\/schema\/person\/601cf3379633985b20f7e50f2bb47707","name":"hudo","image":{"@type":"ImageObject","inLanguage":"sl-SI","@id":"https:\/\/hudo.com\/si\/#\/schema\/person\/image\/","url":"https:\/\/secure.gravatar.com\/avatar\/c4ca25fa72cace7a696b52ff5db9e095?s=96&d=mm&r=g","contentUrl":"https:\/\/secure.gravatar.com\/avatar\/c4ca25fa72cace7a696b52ff5db9e095?s=96&d=mm&r=g","caption":"hudo"},"url":"https:\/\/hudo.com\/si\/author\/hudo\/"}]}},"amp_enabled":true,"_links":{"self":[{"href":"https:\/\/hudo.com\/si\/wp-json\/wp\/v2\/posts\/111074"}],"collection":[{"href":"https:\/\/hudo.com\/si\/wp-json\/wp\/v2\/posts"}],"about":[{"href":"https:\/\/hudo.com\/si\/wp-json\/wp\/v2\/types\/post"}],"author":[{"embeddable":true,"href":"https:\/\/hudo.com\/si\/wp-json\/wp\/v2\/users\/1"}],"replies":[{"embeddable":true,"href":"https:\/\/hudo.com\/si\/wp-json\/wp\/v2\/comments?post=111074"}],"version-history":[{"count":0,"href":"https:\/\/hudo.com\/si\/wp-json\/wp\/v2\/posts\/111074\/revisions"}],"wp:attachment":[{"href":"https:\/\/hudo.com\/si\/wp-json\/wp\/v2\/media?parent=111074"}],"wp:term":[{"taxonomy":"category","embeddable":true,"href":"https:\/\/hudo.com\/si\/wp-json\/wp\/v2\/categories?post=111074"},{"taxonomy":"post_tag","embeddable":true,"href":"https:\/\/hudo.com\/si\/wp-json\/wp\/v2\/tags?post=111074"},{"taxonomy":"source","embeddable":true,"href":"https:\/\/hudo.com\/si\/wp-json\/wp\/v2\/source?post=111074"},{"taxonomy":"supertag","embeddable":true,"href":"https:\/\/hudo.com\/si\/wp-json\/wp\/v2\/supertag?post=111074"}],"curies":[{"name":"wp","href":"https:\/\/api.w.org\/{rel}","templated":true}]}}