{"id":112508,"date":"2016-08-12T08:37:21","date_gmt":"2016-08-12T06:37:21","guid":{"rendered":"http:\/\/hudo.com\/si\/?p=112508"},"modified":"2016-08-12T08:37:21","modified_gmt":"2016-08-12T06:37:21","slug":"pekove-nepremicnine-koncno-v-najem-prodajo","status":"publish","type":"post","link":"https:\/\/hudo.com\/si\/aktualno\/pekove-nepremicnine-koncno-v-najem-prodajo\/","title":{"rendered":"Pekove nepremi\u010dnine kon\u010dno v najem in prodajo"},"content":{"rendered":"<p>Prito\u017ebe so za kar \u0161tiri mesece zavlekle postopke predaje nepremi\u010dnin izbranim najemnikom. Prvostopenjsko in za njim tudi vi\u0161je sodi\u0161\u010de pa sta potrdila izbor najemnikov Tam\u0161etove in sklep o oddaji premo\u017eenja v najem.<\/p>\n<p>Ob zavrnitvi prito\u017ebe, ki jo je vlo\u017eilo zdru\u017eenje OPS &#8211; Osve\u0161\u010deni prebivalci Slovenije, je ljubljansko vi\u0161je sodi\u0161\u010de opozorilo, da niti ni jasno, zakaj si prito\u017enik tako \u017eeli sodelovati v postopku oddaje premo\u017eenja, ko pa niti var\u0161\u010dine ni pla\u010dal in s tem ni izkazal resnega namena, da \u017eeli v razpisu dejansko sploh sodelovati.<\/p>\n<p>Med ve\u010dmese\u010dno zamudo pri prevzemu nepremi\u010dnin je eden od izbranih najemnikov odstopil od namere sklenitve najema. Najemnike pa bodo dobile ostale nepremi\u010dnine, za katere so ponudniki na mar\u010devskem javnem razpisu izkazali interes in zanje vpla\u010dali tudi var\u0161\u010dino. Tam\u0161etova je prvotno sklenila dogovor za \u0161est trgovin in del proizvodne stavbe v Tr\u017ei\u010du, in sicer s podjetji Acron, O.K.M. Holding, Polzela in Mega-Mar ter Aljo Viryent.<\/p>\n<p>Zaradi zamika pri oddaji nepremi\u010dnin v najem in posledi\u010dnih neizpla\u010dil najemnin se je zmanj\u0161al pritok sredstev v ste\u010dajno maso. Hkrati so po cenitvi \u017ee stekli tudi postopki za prodajo premo\u017eenja. Tam\u0161etova je med drugim opravila \u017ee ve\u010d sestankov in razgovorov s potencialnimi kupci Pekovega premo\u017eenja.<\/p>\n<p>Kot je v rednem poro\u010dilu o poteku ste\u010dajnega postopka pojasnila Tam\u0161etova, je pripravila predloge za prodajo poslovnih dele\u017eev Peka v h\u010derinskih dru\u017ebah. Tako se postopek prodaje Pekovega premo\u017eenja za\u010denja s prodajo tr\u017ei\u0161kega PGP in Pekovih podjetij na Hrva\u0161kem ter v Srbiji.<\/p>\n<p>Prodaja poslovnega dele\u017ea v PGP Inde, ki se ukvarja s proizvodnjo podplatov, naj bi se opravila na podlagi zavezujo\u010dega zbiranja ponudb z izklicno ceno 757.000 evrov. Prodajo pa mora potrditi \u0161e lo\u010ditveni upnik.<\/p>\n<p>Za\u010delo se je tudi iskanje kupca za Pekovo tovarno v Knja\u017eevcu. Tr\u017ena in likvidacijska vrednost poslovnega dele\u017ea Peka v tovarni je sicer ocenjena na ni\u010d evrov. Upraviteljica pa za izklicno ceno predlaga 5000 evrov, kar bi zado\u0161\u010dalo vsaj za kritje stro\u0161kov ob prodaji. Enako velja za Pekovo podjetje v Splitu.<\/p>\n<p>Do konca junija se je v ste\u010dajno maso Peka, ki je v ste\u010daju od januarja, steklo 1,5 milijona evrov, zlasti z naslova prodaje zalog in izterjave terjatev. V ste\u010dajnem postopku Peka pa medtem prijavljenih kar 590 terjatev, in sicer v skupni vrednosti 11,8 milijona evrov, od tega je priznanih za 8,1 milijona evrov terjatev, preostale upraviteljica prereka.<\/p>\n","protected":false},"excerpt":{"rendered":"<p>Sodi\u0161\u010de je zavrnilo prito\u017ebe neizbranih ponudnikov za najem Pekovih nepremi\u010dnin. Tako so sedaj sklepi o najemu pravnomo\u010dni in nekateri prostori so \u017ee predani najemnikom, drugi pa bodo po letnih dopustih, je za STA pojasnila ste\u010dajna upraviteljica Peka Tadeja Tam\u0161e.<\/p>\n","protected":false},"author":5,"featured_media":112509,"comment_status":"closed","ping_status":"closed","sticky":false,"template":"","format":"standard","meta":{"footnotes":""},"categories":[1179],"tags":[6001,1595,4218],"source":[4511],"supertag":[7541,5675],"acf":[],"yoast_head":"<!-- This site is optimized with the Yoast SEO plugin v21.3 - https:\/\/yoast.com\/wordpress\/plugins\/seo\/ -->\n<title>Pekove nepremi\u010dnine kon\u010dno v najem in prodajo - Hudo Slovenija<\/title>\n<meta name=\"robots\" content=\"index, follow, max-snippet:-1, max-image-preview:large, max-video-preview:-1\" \/>\n<link rel=\"canonical\" href=\"https:\/\/hudo.com\/si\/aktualno\/pekove-nepremicnine-koncno-v-najem-prodajo\/\" \/>\n<meta property=\"og:locale\" content=\"sl_SI\" \/>\n<meta property=\"og:type\" content=\"article\" \/>\n<meta property=\"og:title\" content=\"Pekove nepremi\u010dnine kon\u010dno v najem in prodajo - Hudo Slovenija\" \/>\n<meta property=\"og:description\" content=\"Sodi\u0161\u010de je zavrnilo prito\u017ebe neizbranih ponudnikov za najem Pekovih nepremi\u010dnin. Tako so sedaj sklepi o najemu pravnomo\u010dni in nekateri prostori so \u017ee predani najemnikom, drugi pa bodo po letnih dopustih, je za STA pojasnila ste\u010dajna upraviteljica Peka Tadeja Tam\u0161e.\" \/>\n<meta property=\"og:url\" content=\"https:\/\/hudo.com\/si\/aktualno\/pekove-nepremicnine-koncno-v-najem-prodajo\/\" \/>\n<meta property=\"og:site_name\" content=\"Hudo Slovenija\" \/>\n<meta property=\"article:publisher\" content=\"https:\/\/www.facebook.com\/hudo.si\" \/>\n<meta property=\"article:published_time\" content=\"2016-08-12T06:37:21+00:00\" \/>\n<meta property=\"og:image\" content=\"https:\/\/hudo.com\/si\/wp-content\/uploads\/sites\/2\/2016\/08\/20160219-00670619.jpg\" \/>\n\t<meta property=\"og:image:width\" content=\"640\" \/>\n\t<meta property=\"og:image:height\" content=\"427\" \/>\n\t<meta property=\"og:image:type\" content=\"image\/jpeg\" \/>\n<meta name=\"author\" content=\"A. G., STA\" \/>\n<meta name=\"twitter:card\" content=\"summary_large_image\" \/>\n<meta name=\"twitter:creator\" content=\"@hudo_si\" \/>\n<meta name=\"twitter:site\" content=\"@hudo_si\" \/>\n<meta name=\"twitter:label1\" content=\"Written by\" \/>\n\t<meta name=\"twitter:data1\" content=\"A. G., STA\" \/>\n\t<meta name=\"twitter:label2\" content=\"Est. reading time\" \/>\n\t<meta name=\"twitter:data2\" content=\"2 minuti\" \/>\n<script type=\"application\/ld+json\" class=\"yoast-schema-graph\">{\"@context\":\"https:\/\/schema.org\",\"@graph\":[{\"@type\":\"Article\",\"@id\":\"https:\/\/hudo.com\/si\/aktualno\/pekove-nepremicnine-koncno-v-najem-prodajo\/#article\",\"isPartOf\":{\"@id\":\"https:\/\/hudo.com\/si\/aktualno\/pekove-nepremicnine-koncno-v-najem-prodajo\/\"},\"author\":{\"name\":\"A. G., STA\",\"@id\":\"https:\/\/hudo.com\/si\/#\/schema\/person\/2391667a63ea075ba94f2f2dc6b77537\"},\"headline\":\"Pekove nepremi\u010dnine kon\u010dno v najem in prodajo\",\"datePublished\":\"2016-08-12T06:37:21+00:00\",\"dateModified\":\"2016-08-12T06:37:21+00:00\",\"mainEntityOfPage\":{\"@id\":\"https:\/\/hudo.com\/si\/aktualno\/pekove-nepremicnine-koncno-v-najem-prodajo\/\"},\"wordCount\":436,\"publisher\":{\"@id\":\"https:\/\/hudo.com\/si\/#organization\"},\"keywords\":[\"peko\",\"Slovenija\",\"slovenska podjetja\"],\"articleSection\":[\"Aktualno\"],\"inLanguage\":\"sl-SI\"},{\"@type\":\"WebPage\",\"@id\":\"https:\/\/hudo.com\/si\/aktualno\/pekove-nepremicnine-koncno-v-najem-prodajo\/\",\"url\":\"https:\/\/hudo.com\/si\/aktualno\/pekove-nepremicnine-koncno-v-najem-prodajo\/\",\"name\":\"Pekove nepremi\u010dnine kon\u010dno v najem in prodajo - Hudo Slovenija\",\"isPartOf\":{\"@id\":\"https:\/\/hudo.com\/si\/#website\"},\"datePublished\":\"2016-08-12T06:37:21+00:00\",\"dateModified\":\"2016-08-12T06:37:21+00:00\",\"breadcrumb\":{\"@id\":\"https:\/\/hudo.com\/si\/aktualno\/pekove-nepremicnine-koncno-v-najem-prodajo\/#breadcrumb\"},\"inLanguage\":\"sl-SI\",\"potentialAction\":[{\"@type\":\"ReadAction\",\"target\":[\"https:\/\/hudo.com\/si\/aktualno\/pekove-nepremicnine-koncno-v-najem-prodajo\/\"]}]},{\"@type\":\"BreadcrumbList\",\"@id\":\"https:\/\/hudo.com\/si\/aktualno\/pekove-nepremicnine-koncno-v-najem-prodajo\/#breadcrumb\",\"itemListElement\":[{\"@type\":\"ListItem\",\"position\":1,\"name\":\"Home\",\"item\":\"https:\/\/hudo.com\/si\/\"},{\"@type\":\"ListItem\",\"position\":2,\"name\":\"Pekove nepremi\u010dnine kon\u010dno v najem in prodajo\"}]},{\"@type\":\"WebSite\",\"@id\":\"https:\/\/hudo.com\/si\/#website\",\"url\":\"https:\/\/hudo.com\/si\/\",\"name\":\"Hudo Slovenija\",\"description\":\"Vse novice iz Slovenije in sveta\",\"publisher\":{\"@id\":\"https:\/\/hudo.com\/si\/#organization\"},\"potentialAction\":[{\"@type\":\"SearchAction\",\"target\":{\"@type\":\"EntryPoint\",\"urlTemplate\":\"https:\/\/hudo.com\/si\/?s={search_term_string}\"},\"query-input\":\"required name=search_term_string\"}],\"inLanguage\":\"sl-SI\"},{\"@type\":\"Organization\",\"@id\":\"https:\/\/hudo.com\/si\/#organization\",\"name\":\"VSN Media\",\"url\":\"https:\/\/hudo.com\/si\/\",\"logo\":{\"@type\":\"ImageObject\",\"inLanguage\":\"sl-SI\",\"@id\":\"https:\/\/hudo.com\/si\/#\/schema\/logo\/image\/\",\"url\":\"https:\/\/hudo.com\/si\/wp-content\/uploads\/sites\/2\/2021\/03\/hudo-app-2.png\",\"contentUrl\":\"https:\/\/hudo.com\/si\/wp-content\/uploads\/sites\/2\/2021\/03\/hudo-app-2.png\",\"width\":2185,\"height\":2167,\"caption\":\"VSN Media\"},\"image\":{\"@id\":\"https:\/\/hudo.com\/si\/#\/schema\/logo\/image\/\"},\"sameAs\":[\"https:\/\/www.facebook.com\/hudo.si\",\"https:\/\/twitter.com\/hudo_si\"]},{\"@type\":\"Person\",\"@id\":\"https:\/\/hudo.com\/si\/#\/schema\/person\/2391667a63ea075ba94f2f2dc6b77537\",\"name\":\"A. G., STA\",\"image\":{\"@type\":\"ImageObject\",\"inLanguage\":\"sl-SI\",\"@id\":\"https:\/\/hudo.com\/si\/#\/schema\/person\/image\/\",\"url\":\"https:\/\/secure.gravatar.com\/avatar\/e13d22ac3e442658d5025fbbe6238a79?s=96&d=mm&r=g\",\"contentUrl\":\"https:\/\/secure.gravatar.com\/avatar\/e13d22ac3e442658d5025fbbe6238a79?s=96&d=mm&r=g\",\"caption\":\"A. G., STA\"},\"url\":\"https:\/\/hudo.com\/si\/author\/alenka\/\"}]}<\/script>\n<!-- \/ Yoast SEO plugin. -->","yoast_head_json":{"title":"Pekove nepremi\u010dnine kon\u010dno v najem in prodajo - Hudo Slovenija","robots":{"index":"index","follow":"follow","max-snippet":"max-snippet:-1","max-image-preview":"max-image-preview:large","max-video-preview":"max-video-preview:-1"},"canonical":"https:\/\/hudo.com\/si\/aktualno\/pekove-nepremicnine-koncno-v-najem-prodajo\/","og_locale":"sl_SI","og_type":"article","og_title":"Pekove nepremi\u010dnine kon\u010dno v najem in prodajo - Hudo Slovenija","og_description":"Sodi\u0161\u010de je zavrnilo prito\u017ebe neizbranih ponudnikov za najem Pekovih nepremi\u010dnin. Tako so sedaj sklepi o najemu pravnomo\u010dni in nekateri prostori so \u017ee predani najemnikom, drugi pa bodo po letnih dopustih, je za STA pojasnila ste\u010dajna upraviteljica Peka Tadeja Tam\u0161e.","og_url":"https:\/\/hudo.com\/si\/aktualno\/pekove-nepremicnine-koncno-v-najem-prodajo\/","og_site_name":"Hudo Slovenija","article_publisher":"https:\/\/www.facebook.com\/hudo.si","article_published_time":"2016-08-12T06:37:21+00:00","og_image":[{"width":640,"height":427,"url":"https:\/\/hudo.com\/si\/wp-content\/uploads\/sites\/2\/2016\/08\/20160219-00670619.jpg","type":"image\/jpeg"}],"author":"A. G., STA","twitter_card":"summary_large_image","twitter_creator":"@hudo_si","twitter_site":"@hudo_si","twitter_misc":{"Written by":"A. G., STA","Est. reading time":"2 minuti"},"schema":{"@context":"https:\/\/schema.org","@graph":[{"@type":"Article","@id":"https:\/\/hudo.com\/si\/aktualno\/pekove-nepremicnine-koncno-v-najem-prodajo\/#article","isPartOf":{"@id":"https:\/\/hudo.com\/si\/aktualno\/pekove-nepremicnine-koncno-v-najem-prodajo\/"},"author":{"name":"A. G., STA","@id":"https:\/\/hudo.com\/si\/#\/schema\/person\/2391667a63ea075ba94f2f2dc6b77537"},"headline":"Pekove nepremi\u010dnine kon\u010dno v najem in prodajo","datePublished":"2016-08-12T06:37:21+00:00","dateModified":"2016-08-12T06:37:21+00:00","mainEntityOfPage":{"@id":"https:\/\/hudo.com\/si\/aktualno\/pekove-nepremicnine-koncno-v-najem-prodajo\/"},"wordCount":436,"publisher":{"@id":"https:\/\/hudo.com\/si\/#organization"},"keywords":["peko","Slovenija","slovenska podjetja"],"articleSection":["Aktualno"],"inLanguage":"sl-SI"},{"@type":"WebPage","@id":"https:\/\/hudo.com\/si\/aktualno\/pekove-nepremicnine-koncno-v-najem-prodajo\/","url":"https:\/\/hudo.com\/si\/aktualno\/pekove-nepremicnine-koncno-v-najem-prodajo\/","name":"Pekove nepremi\u010dnine kon\u010dno v najem in prodajo - Hudo Slovenija","isPartOf":{"@id":"https:\/\/hudo.com\/si\/#website"},"datePublished":"2016-08-12T06:37:21+00:00","dateModified":"2016-08-12T06:37:21+00:00","breadcrumb":{"@id":"https:\/\/hudo.com\/si\/aktualno\/pekove-nepremicnine-koncno-v-najem-prodajo\/#breadcrumb"},"inLanguage":"sl-SI","potentialAction":[{"@type":"ReadAction","target":["https:\/\/hudo.com\/si\/aktualno\/pekove-nepremicnine-koncno-v-najem-prodajo\/"]}]},{"@type":"BreadcrumbList","@id":"https:\/\/hudo.com\/si\/aktualno\/pekove-nepremicnine-koncno-v-najem-prodajo\/#breadcrumb","itemListElement":[{"@type":"ListItem","position":1,"name":"Home","item":"https:\/\/hudo.com\/si\/"},{"@type":"ListItem","position":2,"name":"Pekove nepremi\u010dnine kon\u010dno v najem in prodajo"}]},{"@type":"WebSite","@id":"https:\/\/hudo.com\/si\/#website","url":"https:\/\/hudo.com\/si\/","name":"Hudo Slovenija","description":"Vse novice iz Slovenije in sveta","publisher":{"@id":"https:\/\/hudo.com\/si\/#organization"},"potentialAction":[{"@type":"SearchAction","target":{"@type":"EntryPoint","urlTemplate":"https:\/\/hudo.com\/si\/?s={search_term_string}"},"query-input":"required name=search_term_string"}],"inLanguage":"sl-SI"},{"@type":"Organization","@id":"https:\/\/hudo.com\/si\/#organization","name":"VSN Media","url":"https:\/\/hudo.com\/si\/","logo":{"@type":"ImageObject","inLanguage":"sl-SI","@id":"https:\/\/hudo.com\/si\/#\/schema\/logo\/image\/","url":"https:\/\/hudo.com\/si\/wp-content\/uploads\/sites\/2\/2021\/03\/hudo-app-2.png","contentUrl":"https:\/\/hudo.com\/si\/wp-content\/uploads\/sites\/2\/2021\/03\/hudo-app-2.png","width":2185,"height":2167,"caption":"VSN Media"},"image":{"@id":"https:\/\/hudo.com\/si\/#\/schema\/logo\/image\/"},"sameAs":["https:\/\/www.facebook.com\/hudo.si","https:\/\/twitter.com\/hudo_si"]},{"@type":"Person","@id":"https:\/\/hudo.com\/si\/#\/schema\/person\/2391667a63ea075ba94f2f2dc6b77537","name":"A. G., STA","image":{"@type":"ImageObject","inLanguage":"sl-SI","@id":"https:\/\/hudo.com\/si\/#\/schema\/person\/image\/","url":"https:\/\/secure.gravatar.com\/avatar\/e13d22ac3e442658d5025fbbe6238a79?s=96&d=mm&r=g","contentUrl":"https:\/\/secure.gravatar.com\/avatar\/e13d22ac3e442658d5025fbbe6238a79?s=96&d=mm&r=g","caption":"A. G., STA"},"url":"https:\/\/hudo.com\/si\/author\/alenka\/"}]}},"amp_enabled":true,"_links":{"self":[{"href":"https:\/\/hudo.com\/si\/wp-json\/wp\/v2\/posts\/112508"}],"collection":[{"href":"https:\/\/hudo.com\/si\/wp-json\/wp\/v2\/posts"}],"about":[{"href":"https:\/\/hudo.com\/si\/wp-json\/wp\/v2\/types\/post"}],"author":[{"embeddable":true,"href":"https:\/\/hudo.com\/si\/wp-json\/wp\/v2\/users\/5"}],"replies":[{"embeddable":true,"href":"https:\/\/hudo.com\/si\/wp-json\/wp\/v2\/comments?post=112508"}],"version-history":[{"count":1,"href":"https:\/\/hudo.com\/si\/wp-json\/wp\/v2\/posts\/112508\/revisions"}],"predecessor-version":[{"id":112510,"href":"https:\/\/hudo.com\/si\/wp-json\/wp\/v2\/posts\/112508\/revisions\/112510"}],"wp:featuredmedia":[{"embeddable":true,"href":"https:\/\/hudo.com\/si\/wp-json\/wp\/v2\/media\/112509"}],"wp:attachment":[{"href":"https:\/\/hudo.com\/si\/wp-json\/wp\/v2\/media?parent=112508"}],"wp:term":[{"taxonomy":"category","embeddable":true,"href":"https:\/\/hudo.com\/si\/wp-json\/wp\/v2\/categories?post=112508"},{"taxonomy":"post_tag","embeddable":true,"href":"https:\/\/hudo.com\/si\/wp-json\/wp\/v2\/tags?post=112508"},{"taxonomy":"source","embeddable":true,"href":"https:\/\/hudo.com\/si\/wp-json\/wp\/v2\/source?post=112508"},{"taxonomy":"supertag","embeddable":true,"href":"https:\/\/hudo.com\/si\/wp-json\/wp\/v2\/supertag?post=112508"}],"curies":[{"name":"wp","href":"https:\/\/api.w.org\/{rel}","templated":true}]}}