{"id":112993,"date":"2016-08-12T12:26:00","date_gmt":"2016-08-12T10:26:00","guid":{"rendered":"http:\/\/hudo.com\/si\/2016\/08\/12\/avstrija-bi-na-pomoc-srbiji-priskocila-tudi-s-policisti-in-vojsko\/"},"modified":"2016-08-13T06:27:28","modified_gmt":"2016-08-13T04:27:28","slug":"avstrija-bi-na-pomoc-srbiji-priskocila-tudi-s-policisti-in-vojsko","status":"publish","type":"post","link":"https:\/\/hudo.com\/si\/aktualno\/avstrija-bi-na-pomoc-srbiji-priskocila-tudi-s-policisti-in-vojsko\/","title":{"rendered":"Avstrija bi na pomo\u010d Srbiji prisko\u010dila tudi s policisti in vojsko"},"content":{"rendered":"<p>Kategorija: Sose\u0161\u010dina Fri, 12 Aug 2016 14:26:00 +0200  Dunaj \u2212 Srbski premier Aleksandar Vu\u010di\u0107 se danes mudi v Avstriji, kar je njegova prva pot v tujino po \u010detrtkovem imenovanju nove srbske vlade. Na Dunaju so se mu zahvalil za prispevek Beograda pri obvladovanju migrantskega vala, pri \u010demer so Srbiji napovedali tudi pomo\u010d pri varovanju meje. Podprli so tudi srbsko pot v EU, poro\u010da Slovenska tiskovna agencija. Vu\u010di\u0107 se je se\u0161el z gostiteljem, avstrijskim kanclerjem Christianom Kernom, pa tudi z vodjo avstrijske diplomacije Sebastianom Kurzem. Srbija odli\u010dno sodeluje z Avstrijo pri obvladovanju begunske krize, je po sre\u010danju povedal Kurz. Poudaril je, da je zaprtje balkanske migrantske poti ob\u010dutno zmanj\u0161alo \u0161tevilo migrantov, ki so po njej prihajali v Avstrijo, Srbija pa je pomagala, ko je bilo proti njenemu zaprtju v EU veliko\u00a0&#8230;<\/p>\n","protected":false},"excerpt":{"rendered":"<p>Kategorija: Sose\u0161\u010dina Fri, 12 Aug 2016 14:26:00 +0200  Dunaj \u2212 Srbski premier Aleksandar Vu\u010di\u0107 se danes mudi v Avstriji, kar je njegova prva pot v tujino po \u010detrtkovem imenovanju nove srbske vlade. Na Dunaju so se mu zahvalil za prispevek Beograda pri obvladovanju migrantskega vala, pri \u010demer so Srbiji napovedali tudi pomo\u010d pri varovanju meje. Podprli so tudi srbsko pot v EU, poro\u010da Slovenska tiskovna agencija. Vu\u010di\u0107 se je se\u0161el z gostiteljem, avstrijskim kanclerjem Christianom Kernom, pa tudi z vodjo avstrijske diplomacije Sebastianom Kurzem. Srbija odli\u010dno sodeluje z Avstrijo pri obvladovanju begunske krize, je po sre\u010danju povedal Kurz. Poudaril je, da je zaprtje balkanske migrantske poti ob\u010dutno zmanj\u0161alo \u0161tevilo migrantov, ki so po njej prihajali v Avstrijo, Srbija pa je pomagala, ko je bilo proti njenemu zaprtju v EU veliko\u00a0&#8230;<\/p>\n","protected":false},"author":1,"featured_media":0,"comment_status":"closed","ping_status":"closed","sticky":false,"template":"","format":"standard","meta":{"footnotes":""},"categories":[1179],"tags":[],"source":[4511],"supertag":[],"acf":[],"yoast_head":"<!-- This site is optimized with the Yoast SEO plugin v21.3 - https:\/\/yoast.com\/wordpress\/plugins\/seo\/ -->\n<title>Avstrija bi na pomo\u010d Srbiji prisko\u010dila tudi s policisti in vojsko - Hudo Slovenija<\/title>\n<meta name=\"robots\" content=\"index, follow, max-snippet:-1, max-image-preview:large, max-video-preview:-1\" \/>\n<link rel=\"canonical\" href=\"https:\/\/hudo.com\/si\/aktualno\/avstrija-bi-na-pomoc-srbiji-priskocila-tudi-s-policisti-in-vojsko\/\" \/>\n<meta property=\"og:locale\" content=\"sl_SI\" \/>\n<meta property=\"og:type\" content=\"article\" \/>\n<meta property=\"og:title\" content=\"Avstrija bi na pomo\u010d Srbiji prisko\u010dila tudi s policisti in vojsko - Hudo Slovenija\" \/>\n<meta property=\"og:description\" content=\"Kategorija: Sose\u0161\u010dina Fri, 12 Aug 2016 14:26:00 +0200 Dunaj \u2212 Srbski premier Aleksandar Vu\u010di\u0107 se danes mudi v Avstriji, kar je njegova prva pot v tujino po \u010detrtkovem imenovanju nove srbske vlade. Na Dunaju so se mu zahvalil za prispevek Beograda pri obvladovanju migrantskega vala, pri \u010demer so Srbiji napovedali tudi pomo\u010d pri varovanju meje. Podprli so tudi srbsko pot v EU, poro\u010da Slovenska tiskovna agencija. Vu\u010di\u0107 se je se\u0161el z gostiteljem, avstrijskim kanclerjem Christianom Kernom, pa tudi z vodjo avstrijske diplomacije Sebastianom Kurzem. Srbija odli\u010dno sodeluje z Avstrijo pri obvladovanju begunske krize, je po sre\u010danju povedal Kurz. Poudaril je, da je zaprtje balkanske migrantske poti ob\u010dutno zmanj\u0161alo \u0161tevilo migrantov, ki so po njej prihajali v Avstrijo, Srbija pa je pomagala, ko je bilo proti njenemu zaprtju v EU veliko\u00a0...\" \/>\n<meta property=\"og:url\" content=\"https:\/\/hudo.com\/si\/aktualno\/avstrija-bi-na-pomoc-srbiji-priskocila-tudi-s-policisti-in-vojsko\/\" \/>\n<meta property=\"og:site_name\" content=\"Hudo Slovenija\" \/>\n<meta property=\"article:publisher\" content=\"https:\/\/www.facebook.com\/hudo.si\" \/>\n<meta property=\"article:published_time\" content=\"2016-08-12T10:26:00+00:00\" \/>\n<meta property=\"article:modified_time\" content=\"2016-08-13T04:27:28+00:00\" \/>\n<meta property=\"og:image\" content=\"https:\/\/hudo.com\/si\/wp-content\/uploads\/sites\/2\/2016\/08\/480x290_AFP_Photo-20160812130900-57994700.jpeg\" \/>\n\t<meta property=\"og:image:width\" content=\"480\" \/>\n\t<meta property=\"og:image:height\" content=\"290\" \/>\n\t<meta property=\"og:image:type\" content=\"image\/jpeg\" \/>\n<meta name=\"author\" content=\"hudo\" \/>\n<meta name=\"twitter:card\" content=\"summary_large_image\" \/>\n<meta name=\"twitter:creator\" content=\"@hudo_si\" \/>\n<meta name=\"twitter:site\" content=\"@hudo_si\" \/>\n<meta name=\"twitter:label1\" content=\"Written by\" \/>\n\t<meta name=\"twitter:data1\" content=\"hudo\" \/>\n\t<meta name=\"twitter:label2\" content=\"Est. reading time\" \/>\n\t<meta name=\"twitter:data2\" content=\"1 minuta\" \/>\n<script type=\"application\/ld+json\" class=\"yoast-schema-graph\">{\"@context\":\"https:\/\/schema.org\",\"@graph\":[{\"@type\":\"Article\",\"@id\":\"https:\/\/hudo.com\/si\/aktualno\/avstrija-bi-na-pomoc-srbiji-priskocila-tudi-s-policisti-in-vojsko\/#article\",\"isPartOf\":{\"@id\":\"https:\/\/hudo.com\/si\/aktualno\/avstrija-bi-na-pomoc-srbiji-priskocila-tudi-s-policisti-in-vojsko\/\"},\"author\":{\"name\":\"hudo\",\"@id\":\"https:\/\/hudo.com\/si\/#\/schema\/person\/601cf3379633985b20f7e50f2bb47707\"},\"headline\":\"Avstrija bi na pomo\u010d Srbiji prisko\u010dila tudi s policisti in vojsko\",\"datePublished\":\"2016-08-12T10:26:00+00:00\",\"dateModified\":\"2016-08-13T04:27:28+00:00\",\"mainEntityOfPage\":{\"@id\":\"https:\/\/hudo.com\/si\/aktualno\/avstrija-bi-na-pomoc-srbiji-priskocila-tudi-s-policisti-in-vojsko\/\"},\"wordCount\":146,\"publisher\":{\"@id\":\"https:\/\/hudo.com\/si\/#organization\"},\"articleSection\":[\"Aktualno\"],\"inLanguage\":\"sl-SI\"},{\"@type\":\"WebPage\",\"@id\":\"https:\/\/hudo.com\/si\/aktualno\/avstrija-bi-na-pomoc-srbiji-priskocila-tudi-s-policisti-in-vojsko\/\",\"url\":\"https:\/\/hudo.com\/si\/aktualno\/avstrija-bi-na-pomoc-srbiji-priskocila-tudi-s-policisti-in-vojsko\/\",\"name\":\"Avstrija bi na pomo\u010d Srbiji prisko\u010dila tudi s policisti in vojsko - Hudo Slovenija\",\"isPartOf\":{\"@id\":\"https:\/\/hudo.com\/si\/#website\"},\"datePublished\":\"2016-08-12T10:26:00+00:00\",\"dateModified\":\"2016-08-13T04:27:28+00:00\",\"breadcrumb\":{\"@id\":\"https:\/\/hudo.com\/si\/aktualno\/avstrija-bi-na-pomoc-srbiji-priskocila-tudi-s-policisti-in-vojsko\/#breadcrumb\"},\"inLanguage\":\"sl-SI\",\"potentialAction\":[{\"@type\":\"ReadAction\",\"target\":[\"https:\/\/hudo.com\/si\/aktualno\/avstrija-bi-na-pomoc-srbiji-priskocila-tudi-s-policisti-in-vojsko\/\"]}]},{\"@type\":\"BreadcrumbList\",\"@id\":\"https:\/\/hudo.com\/si\/aktualno\/avstrija-bi-na-pomoc-srbiji-priskocila-tudi-s-policisti-in-vojsko\/#breadcrumb\",\"itemListElement\":[{\"@type\":\"ListItem\",\"position\":1,\"name\":\"Home\",\"item\":\"https:\/\/hudo.com\/si\/\"},{\"@type\":\"ListItem\",\"position\":2,\"name\":\"Avstrija bi na pomo\u010d Srbiji prisko\u010dila tudi s policisti in vojsko\"}]},{\"@type\":\"WebSite\",\"@id\":\"https:\/\/hudo.com\/si\/#website\",\"url\":\"https:\/\/hudo.com\/si\/\",\"name\":\"Hudo Slovenija\",\"description\":\"Vse novice iz Slovenije in sveta\",\"publisher\":{\"@id\":\"https:\/\/hudo.com\/si\/#organization\"},\"potentialAction\":[{\"@type\":\"SearchAction\",\"target\":{\"@type\":\"EntryPoint\",\"urlTemplate\":\"https:\/\/hudo.com\/si\/?s={search_term_string}\"},\"query-input\":\"required name=search_term_string\"}],\"inLanguage\":\"sl-SI\"},{\"@type\":\"Organization\",\"@id\":\"https:\/\/hudo.com\/si\/#organization\",\"name\":\"VSN Media\",\"url\":\"https:\/\/hudo.com\/si\/\",\"logo\":{\"@type\":\"ImageObject\",\"inLanguage\":\"sl-SI\",\"@id\":\"https:\/\/hudo.com\/si\/#\/schema\/logo\/image\/\",\"url\":\"https:\/\/hudo.com\/si\/wp-content\/uploads\/sites\/2\/2021\/03\/hudo-app-2.png\",\"contentUrl\":\"https:\/\/hudo.com\/si\/wp-content\/uploads\/sites\/2\/2021\/03\/hudo-app-2.png\",\"width\":2185,\"height\":2167,\"caption\":\"VSN Media\"},\"image\":{\"@id\":\"https:\/\/hudo.com\/si\/#\/schema\/logo\/image\/\"},\"sameAs\":[\"https:\/\/www.facebook.com\/hudo.si\",\"https:\/\/twitter.com\/hudo_si\"]},{\"@type\":\"Person\",\"@id\":\"https:\/\/hudo.com\/si\/#\/schema\/person\/601cf3379633985b20f7e50f2bb47707\",\"name\":\"hudo\",\"image\":{\"@type\":\"ImageObject\",\"inLanguage\":\"sl-SI\",\"@id\":\"https:\/\/hudo.com\/si\/#\/schema\/person\/image\/\",\"url\":\"https:\/\/secure.gravatar.com\/avatar\/c4ca25fa72cace7a696b52ff5db9e095?s=96&d=mm&r=g\",\"contentUrl\":\"https:\/\/secure.gravatar.com\/avatar\/c4ca25fa72cace7a696b52ff5db9e095?s=96&d=mm&r=g\",\"caption\":\"hudo\"},\"url\":\"https:\/\/hudo.com\/si\/author\/hudo\/\"}]}<\/script>\n<!-- \/ Yoast SEO plugin. -->","yoast_head_json":{"title":"Avstrija bi na pomo\u010d Srbiji prisko\u010dila tudi s policisti in vojsko - Hudo Slovenija","robots":{"index":"index","follow":"follow","max-snippet":"max-snippet:-1","max-image-preview":"max-image-preview:large","max-video-preview":"max-video-preview:-1"},"canonical":"https:\/\/hudo.com\/si\/aktualno\/avstrija-bi-na-pomoc-srbiji-priskocila-tudi-s-policisti-in-vojsko\/","og_locale":"sl_SI","og_type":"article","og_title":"Avstrija bi na pomo\u010d Srbiji prisko\u010dila tudi s policisti in vojsko - Hudo Slovenija","og_description":"Kategorija: Sose\u0161\u010dina Fri, 12 Aug 2016 14:26:00 +0200 Dunaj \u2212 Srbski premier Aleksandar Vu\u010di\u0107 se danes mudi v Avstriji, kar je njegova prva pot v tujino po \u010detrtkovem imenovanju nove srbske vlade. Na Dunaju so se mu zahvalil za prispevek Beograda pri obvladovanju migrantskega vala, pri \u010demer so Srbiji napovedali tudi pomo\u010d pri varovanju meje. Podprli so tudi srbsko pot v EU, poro\u010da Slovenska tiskovna agencija. Vu\u010di\u0107 se je se\u0161el z gostiteljem, avstrijskim kanclerjem Christianom Kernom, pa tudi z vodjo avstrijske diplomacije Sebastianom Kurzem. Srbija odli\u010dno sodeluje z Avstrijo pri obvladovanju begunske krize, je po sre\u010danju povedal Kurz. Poudaril je, da je zaprtje balkanske migrantske poti ob\u010dutno zmanj\u0161alo \u0161tevilo migrantov, ki so po njej prihajali v Avstrijo, Srbija pa je pomagala, ko je bilo proti njenemu zaprtju v EU veliko\u00a0...","og_url":"https:\/\/hudo.com\/si\/aktualno\/avstrija-bi-na-pomoc-srbiji-priskocila-tudi-s-policisti-in-vojsko\/","og_site_name":"Hudo Slovenija","article_publisher":"https:\/\/www.facebook.com\/hudo.si","article_published_time":"2016-08-12T10:26:00+00:00","article_modified_time":"2016-08-13T04:27:28+00:00","og_image":[{"width":480,"height":290,"url":"https:\/\/hudo.com\/si\/wp-content\/uploads\/sites\/2\/2016\/08\/480x290_AFP_Photo-20160812130900-57994700.jpeg","type":"image\/jpeg"}],"author":"hudo","twitter_card":"summary_large_image","twitter_creator":"@hudo_si","twitter_site":"@hudo_si","twitter_misc":{"Written by":"hudo","Est. reading time":"1 minuta"},"schema":{"@context":"https:\/\/schema.org","@graph":[{"@type":"Article","@id":"https:\/\/hudo.com\/si\/aktualno\/avstrija-bi-na-pomoc-srbiji-priskocila-tudi-s-policisti-in-vojsko\/#article","isPartOf":{"@id":"https:\/\/hudo.com\/si\/aktualno\/avstrija-bi-na-pomoc-srbiji-priskocila-tudi-s-policisti-in-vojsko\/"},"author":{"name":"hudo","@id":"https:\/\/hudo.com\/si\/#\/schema\/person\/601cf3379633985b20f7e50f2bb47707"},"headline":"Avstrija bi na pomo\u010d Srbiji prisko\u010dila tudi s policisti in vojsko","datePublished":"2016-08-12T10:26:00+00:00","dateModified":"2016-08-13T04:27:28+00:00","mainEntityOfPage":{"@id":"https:\/\/hudo.com\/si\/aktualno\/avstrija-bi-na-pomoc-srbiji-priskocila-tudi-s-policisti-in-vojsko\/"},"wordCount":146,"publisher":{"@id":"https:\/\/hudo.com\/si\/#organization"},"articleSection":["Aktualno"],"inLanguage":"sl-SI"},{"@type":"WebPage","@id":"https:\/\/hudo.com\/si\/aktualno\/avstrija-bi-na-pomoc-srbiji-priskocila-tudi-s-policisti-in-vojsko\/","url":"https:\/\/hudo.com\/si\/aktualno\/avstrija-bi-na-pomoc-srbiji-priskocila-tudi-s-policisti-in-vojsko\/","name":"Avstrija bi na pomo\u010d Srbiji prisko\u010dila tudi s policisti in vojsko - Hudo Slovenija","isPartOf":{"@id":"https:\/\/hudo.com\/si\/#website"},"datePublished":"2016-08-12T10:26:00+00:00","dateModified":"2016-08-13T04:27:28+00:00","breadcrumb":{"@id":"https:\/\/hudo.com\/si\/aktualno\/avstrija-bi-na-pomoc-srbiji-priskocila-tudi-s-policisti-in-vojsko\/#breadcrumb"},"inLanguage":"sl-SI","potentialAction":[{"@type":"ReadAction","target":["https:\/\/hudo.com\/si\/aktualno\/avstrija-bi-na-pomoc-srbiji-priskocila-tudi-s-policisti-in-vojsko\/"]}]},{"@type":"BreadcrumbList","@id":"https:\/\/hudo.com\/si\/aktualno\/avstrija-bi-na-pomoc-srbiji-priskocila-tudi-s-policisti-in-vojsko\/#breadcrumb","itemListElement":[{"@type":"ListItem","position":1,"name":"Home","item":"https:\/\/hudo.com\/si\/"},{"@type":"ListItem","position":2,"name":"Avstrija bi na pomo\u010d Srbiji prisko\u010dila tudi s policisti in vojsko"}]},{"@type":"WebSite","@id":"https:\/\/hudo.com\/si\/#website","url":"https:\/\/hudo.com\/si\/","name":"Hudo Slovenija","description":"Vse novice iz Slovenije in sveta","publisher":{"@id":"https:\/\/hudo.com\/si\/#organization"},"potentialAction":[{"@type":"SearchAction","target":{"@type":"EntryPoint","urlTemplate":"https:\/\/hudo.com\/si\/?s={search_term_string}"},"query-input":"required name=search_term_string"}],"inLanguage":"sl-SI"},{"@type":"Organization","@id":"https:\/\/hudo.com\/si\/#organization","name":"VSN Media","url":"https:\/\/hudo.com\/si\/","logo":{"@type":"ImageObject","inLanguage":"sl-SI","@id":"https:\/\/hudo.com\/si\/#\/schema\/logo\/image\/","url":"https:\/\/hudo.com\/si\/wp-content\/uploads\/sites\/2\/2021\/03\/hudo-app-2.png","contentUrl":"https:\/\/hudo.com\/si\/wp-content\/uploads\/sites\/2\/2021\/03\/hudo-app-2.png","width":2185,"height":2167,"caption":"VSN Media"},"image":{"@id":"https:\/\/hudo.com\/si\/#\/schema\/logo\/image\/"},"sameAs":["https:\/\/www.facebook.com\/hudo.si","https:\/\/twitter.com\/hudo_si"]},{"@type":"Person","@id":"https:\/\/hudo.com\/si\/#\/schema\/person\/601cf3379633985b20f7e50f2bb47707","name":"hudo","image":{"@type":"ImageObject","inLanguage":"sl-SI","@id":"https:\/\/hudo.com\/si\/#\/schema\/person\/image\/","url":"https:\/\/secure.gravatar.com\/avatar\/c4ca25fa72cace7a696b52ff5db9e095?s=96&d=mm&r=g","contentUrl":"https:\/\/secure.gravatar.com\/avatar\/c4ca25fa72cace7a696b52ff5db9e095?s=96&d=mm&r=g","caption":"hudo"},"url":"https:\/\/hudo.com\/si\/author\/hudo\/"}]}},"amp_enabled":true,"_links":{"self":[{"href":"https:\/\/hudo.com\/si\/wp-json\/wp\/v2\/posts\/112993"}],"collection":[{"href":"https:\/\/hudo.com\/si\/wp-json\/wp\/v2\/posts"}],"about":[{"href":"https:\/\/hudo.com\/si\/wp-json\/wp\/v2\/types\/post"}],"author":[{"embeddable":true,"href":"https:\/\/hudo.com\/si\/wp-json\/wp\/v2\/users\/1"}],"replies":[{"embeddable":true,"href":"https:\/\/hudo.com\/si\/wp-json\/wp\/v2\/comments?post=112993"}],"version-history":[{"count":1,"href":"https:\/\/hudo.com\/si\/wp-json\/wp\/v2\/posts\/112993\/revisions"}],"predecessor-version":[{"id":113141,"href":"https:\/\/hudo.com\/si\/wp-json\/wp\/v2\/posts\/112993\/revisions\/113141"}],"wp:attachment":[{"href":"https:\/\/hudo.com\/si\/wp-json\/wp\/v2\/media?parent=112993"}],"wp:term":[{"taxonomy":"category","embeddable":true,"href":"https:\/\/hudo.com\/si\/wp-json\/wp\/v2\/categories?post=112993"},{"taxonomy":"post_tag","embeddable":true,"href":"https:\/\/hudo.com\/si\/wp-json\/wp\/v2\/tags?post=112993"},{"taxonomy":"source","embeddable":true,"href":"https:\/\/hudo.com\/si\/wp-json\/wp\/v2\/source?post=112993"},{"taxonomy":"supertag","embeddable":true,"href":"https:\/\/hudo.com\/si\/wp-json\/wp\/v2\/supertag?post=112993"}],"curies":[{"name":"wp","href":"https:\/\/api.w.org\/{rel}","templated":true}]}}