{"id":113554,"date":"2016-08-14T07:15:00","date_gmt":"2016-08-14T05:15:00","guid":{"rendered":"http:\/\/hudo.com\/si\/2016\/08\/14\/fidel-castro-v-javnosti-za-90-rojstni-dan\/"},"modified":"2016-08-15T02:42:39","modified_gmt":"2016-08-15T00:42:39","slug":"fidel-castro-v-javnosti-za-90-rojstni-dan","status":"publish","type":"post","link":"https:\/\/hudo.com\/si\/aktualno\/fidel-castro-v-javnosti-za-90-rojstni-dan\/","title":{"rendered":"Fidel Castro v javnosti za 90. rojstni dan"},"content":{"rendered":"<p>O\u010de kubanske revolucije Fidel Castro se je v soboto ob praznovanju svojega 90. rojstnega dne po ve\u010d mesecih znova pojavil v javnosti. Kubanska televizija je predvajala posnetke Fidela Castra kako na slovesnosti v dvorani Karl Marx v Havani sedi ob bratu Raulu in venezuelskem predsedniku Nicolasu Maduru. Kakih 5000 gostov je ob tem vzklikalo: &#8220;Fidel, Fidel.&#8221; Castro, ki je bil v javnosti tokrat prvi\u010d od aprila, je deloval slabotno in je ves \u010das prireditve sedel, poro\u010da britanski BBC. Ogledal si je plesni in pevski nastop otro\u0161ke skupine, na slovesnosti ob njegovem rojstnem dnevu pa je nastopil tudi pevec slavnega Buena Vista Social Club Omara Portuondo. Dolgoletni kubanski voditelj, ki se je iz javnega \u017eivljenja umaknil leta 2006 zaradi slabega zdravja in na \u010delo dr\u017eave imenoval svojega brata Raula, je pred tem znova napadel ZDA. V prispevku, ki so ga ob njegovem jubileju objavili uradni mediji, je kritiziral ameri\u0161kega predsednika Baracka Obamo, ker se med zgodovinskim obiskom na Japonskem maja ni izrecno opravi\u010dil zaradi smrti ve\u010d sto tiso\u010d ljudi v Hiro\u0161imi, potem ko so ZDA na mesto odvrgle atomsko bombo med drugo svetovno vojno. Kot &#8220;enako zlo\u010dinskega&#8221; je obsodil tudi napad z atomsko bombo na Nagasaki tri dni pozneje 9. avgusta 1945. Ob tem je spomnil na svoje te\u017eave z ZDA, ko je \u0161e bil vodja komunisti\u010dne Kube. &#8220;Skoraj smejal sem se Machiavellijskim na\u010drtom ameri\u0161kih predsednikov,&#8221; je zapisal v \u010dlanku, ki je bil objavljen v petek pozno zve\u010der. Po podatkih kubanskih obve\u0161\u010devalnih agencij je med letoma 1959 in 2000 pre\u017eivel 634 poskusov atentatov, med katerimi so bili \u0161tevilni naro\u010deni s strani ameri\u0161kih uradnikov. Castrov brat Raul je lani z ZDA obnovil odnose. Fidel Castro je v svojem prispevku tudi opozoril na nevarnost prenaseljenosti planeta, kar je ozna\u010dil za najve\u010djo gro\u017enjo v zgodovini \u010dlove\u0161tva. V prispevku za \u010dasnik komunisti\u010dne partije Granma pa se je zahvalil za \u010destitke in darila, ki jih je prejel ob rojstnem dnevu. &#8220;To mi daje mo\u010d, da odgovorim z idejam<\/p>\n","protected":false},"excerpt":{"rendered":"<p>O\u010de kubanske revolucije Fidel Castro se je v soboto ob praznovanju svojega 90. rojstnega dne po ve\u010d mesecih znova pojavil v javnosti. Kubanska televizija je predvajala posnetke Fidela Castra kako na slovesnosti v dvorani Karl Marx v Havani sedi ob bratu Raulu in venezuelskem predsedniku Nicolasu Maduru. Kakih 5000 gostov je ob tem vzklikalo: &#8220;Fidel, Fidel.&#8221; Castro, ki je bil v javnosti tokrat prvi\u010d od aprila, je deloval slabotno in je ves \u010das prireditve sedel, poro\u010da britanski BBC. Ogledal si je plesni in pevski nastop otro\u0161ke skupine, na slovesnosti ob njegovem rojstnem dnevu pa je nastopil tudi pevec slavnega Buena Vista Social Club Omara Portuondo. Dolgoletni kubanski voditelj, ki se je iz javnega \u017eivljenja umaknil leta 2006 zaradi slabega zdravja in na \u010delo dr\u017eave imenoval svojega brata Raula, je pred tem znova napadel ZDA. V prispevku, ki so ga ob njegovem jubileju objavili uradni mediji, je kritiziral ameri\u0161kega predsednika Baracka Obamo, ker se med zgodovinskim obiskom na Japonskem maja ni izrecno opravi\u010dil zaradi smrti ve\u010d sto tiso\u010d ljudi v Hiro\u0161imi, potem ko so ZDA na mesto odvrgle atomsko bombo med drugo svetovno vojno. Kot &#8220;enako zlo\u010dinskega&#8221; je obsodil tudi napad z atomsko bombo na Nagasaki tri dni pozneje 9. avgusta 1945. Ob tem je spomnil na svoje te\u017eave z ZDA, ko je \u0161e bil vodja komunisti\u010dne Kube. &#8220;Skoraj smejal sem se Machiavellijskim na\u010drtom ameri\u0161kih predsednikov,&#8221; je zapisal v \u010dlanku, ki je bil objavljen v petek pozno zve\u010der. Po podatkih kubanskih obve\u0161\u010devalnih agencij je med letoma 1959 in 2000 pre\u017eivel 634 poskusov atentatov, med katerimi so bili \u0161tevilni naro\u010deni s strani ameri\u0161kih uradnikov. Castrov brat Raul je lani z ZDA obnovil odnose. Fidel Castro je v svojem prispevku tudi opozoril na nevarnost prenaseljenosti planeta, kar je ozna\u010dil za najve\u010djo gro\u017enjo v zgodovini \u010dlove\u0161tva. V prispevku za \u010dasnik komunisti\u010dne partije Granma pa se je zahvalil za \u010destitke in darila, ki jih je prejel ob rojstnem dnevu. &#8220;To mi daje mo\u010d, da odgovorim z idejam<\/p>\n","protected":false},"author":1,"featured_media":0,"comment_status":"closed","ping_status":"closed","sticky":false,"template":"","format":"standard","meta":{"footnotes":""},"categories":[1179],"tags":[],"source":[1711],"supertag":[],"acf":[],"yoast_head":"<!-- This site is optimized with the Yoast SEO plugin v21.3 - https:\/\/yoast.com\/wordpress\/plugins\/seo\/ -->\n<title>Fidel Castro v javnosti za 90. rojstni dan - Hudo Slovenija<\/title>\n<meta name=\"robots\" content=\"index, follow, max-snippet:-1, max-image-preview:large, max-video-preview:-1\" \/>\n<link rel=\"canonical\" href=\"https:\/\/hudo.com\/si\/aktualno\/fidel-castro-v-javnosti-za-90-rojstni-dan\/\" \/>\n<meta property=\"og:locale\" content=\"sl_SI\" \/>\n<meta property=\"og:type\" content=\"article\" \/>\n<meta property=\"og:title\" content=\"Fidel Castro v javnosti za 90. rojstni dan - Hudo Slovenija\" \/>\n<meta property=\"og:description\" content=\"O\u010de kubanske revolucije Fidel Castro se je v soboto ob praznovanju svojega 90. rojstnega dne po ve\u010d mesecih znova pojavil v javnosti. Kubanska televizija je predvajala posnetke Fidela Castra kako na slovesnosti v dvorani Karl Marx v Havani sedi ob bratu Raulu in venezuelskem predsedniku Nicolasu Maduru. Kakih 5000 gostov je ob tem vzklikalo: &quot;Fidel, Fidel.&quot; Castro, ki je bil v javnosti tokrat prvi\u010d od aprila, je deloval slabotno in je ves \u010das prireditve sedel, poro\u010da britanski BBC. Ogledal si je plesni in pevski nastop otro\u0161ke skupine, na slovesnosti ob njegovem rojstnem dnevu pa je nastopil tudi pevec slavnega Buena Vista Social Club Omara Portuondo. Dolgoletni kubanski voditelj, ki se je iz javnega \u017eivljenja umaknil leta 2006 zaradi slabega zdravja in na \u010delo dr\u017eave imenoval svojega brata Raula, je pred tem znova napadel ZDA. V prispevku, ki so ga ob njegovem jubileju objavili uradni mediji, je kritiziral ameri\u0161kega predsednika Baracka Obamo, ker se med zgodovinskim obiskom na Japonskem maja ni izrecno opravi\u010dil zaradi smrti ve\u010d sto tiso\u010d ljudi v Hiro\u0161imi, potem ko so ZDA na mesto odvrgle atomsko bombo med drugo svetovno vojno. Kot &quot;enako zlo\u010dinskega&quot; je obsodil tudi napad z atomsko bombo na Nagasaki tri dni pozneje 9. avgusta 1945. Ob tem je spomnil na svoje te\u017eave z ZDA, ko je \u0161e bil vodja komunisti\u010dne Kube. &quot;Skoraj smejal sem se Machiavellijskim na\u010drtom ameri\u0161kih predsednikov,&quot; je zapisal v \u010dlanku, ki je bil objavljen v petek pozno zve\u010der. Po podatkih kubanskih obve\u0161\u010devalnih agencij je med letoma 1959 in 2000 pre\u017eivel 634 poskusov atentatov, med katerimi so bili \u0161tevilni naro\u010deni s strani ameri\u0161kih uradnikov. Castrov brat Raul je lani z ZDA obnovil odnose. Fidel Castro je v svojem prispevku tudi opozoril na nevarnost prenaseljenosti planeta, kar je ozna\u010dil za najve\u010djo gro\u017enjo v zgodovini \u010dlove\u0161tva. V prispevku za \u010dasnik komunisti\u010dne partije Granma pa se je zahvalil za \u010destitke in darila, ki jih je prejel ob rojstnem dnevu. &quot;To mi daje mo\u010d, da odgovorim z idejam\" \/>\n<meta property=\"og:url\" content=\"https:\/\/hudo.com\/si\/aktualno\/fidel-castro-v-javnosti-za-90-rojstni-dan\/\" \/>\n<meta property=\"og:site_name\" content=\"Hudo Slovenija\" \/>\n<meta property=\"article:publisher\" content=\"https:\/\/www.facebook.com\/hudo.si\" \/>\n<meta property=\"article:published_time\" content=\"2016-08-14T05:15:00+00:00\" \/>\n<meta property=\"article:modified_time\" content=\"2016-08-15T00:42:39+00:00\" \/>\n<meta property=\"og:image\" content=\"https:\/\/hudo.com\/si\/wp-content\/uploads\/sites\/2\/2016\/08\/01112115F-300-1.jpg\" \/>\n\t<meta property=\"og:image:width\" content=\"450\" \/>\n\t<meta property=\"og:image:height\" content=\"310\" \/>\n\t<meta property=\"og:image:type\" content=\"image\/jpeg\" \/>\n<meta name=\"author\" content=\"hudo\" \/>\n<meta name=\"twitter:card\" content=\"summary_large_image\" \/>\n<meta name=\"twitter:creator\" content=\"@hudo_si\" \/>\n<meta name=\"twitter:site\" content=\"@hudo_si\" \/>\n<meta name=\"twitter:label1\" content=\"Written by\" \/>\n\t<meta name=\"twitter:data1\" content=\"hudo\" \/>\n\t<meta name=\"twitter:label2\" content=\"Est. reading time\" \/>\n\t<meta name=\"twitter:data2\" content=\"2 minuti\" \/>\n<script type=\"application\/ld+json\" class=\"yoast-schema-graph\">{\"@context\":\"https:\/\/schema.org\",\"@graph\":[{\"@type\":\"Article\",\"@id\":\"https:\/\/hudo.com\/si\/aktualno\/fidel-castro-v-javnosti-za-90-rojstni-dan\/#article\",\"isPartOf\":{\"@id\":\"https:\/\/hudo.com\/si\/aktualno\/fidel-castro-v-javnosti-za-90-rojstni-dan\/\"},\"author\":{\"name\":\"hudo\",\"@id\":\"https:\/\/hudo.com\/si\/#\/schema\/person\/601cf3379633985b20f7e50f2bb47707\"},\"headline\":\"Fidel Castro v javnosti za 90. rojstni dan\",\"datePublished\":\"2016-08-14T05:15:00+00:00\",\"dateModified\":\"2016-08-15T00:42:39+00:00\",\"mainEntityOfPage\":{\"@id\":\"https:\/\/hudo.com\/si\/aktualno\/fidel-castro-v-javnosti-za-90-rojstni-dan\/\"},\"wordCount\":343,\"publisher\":{\"@id\":\"https:\/\/hudo.com\/si\/#organization\"},\"articleSection\":[\"Aktualno\"],\"inLanguage\":\"sl-SI\"},{\"@type\":\"WebPage\",\"@id\":\"https:\/\/hudo.com\/si\/aktualno\/fidel-castro-v-javnosti-za-90-rojstni-dan\/\",\"url\":\"https:\/\/hudo.com\/si\/aktualno\/fidel-castro-v-javnosti-za-90-rojstni-dan\/\",\"name\":\"Fidel Castro v javnosti za 90. rojstni dan - Hudo Slovenija\",\"isPartOf\":{\"@id\":\"https:\/\/hudo.com\/si\/#website\"},\"datePublished\":\"2016-08-14T05:15:00+00:00\",\"dateModified\":\"2016-08-15T00:42:39+00:00\",\"breadcrumb\":{\"@id\":\"https:\/\/hudo.com\/si\/aktualno\/fidel-castro-v-javnosti-za-90-rojstni-dan\/#breadcrumb\"},\"inLanguage\":\"sl-SI\",\"potentialAction\":[{\"@type\":\"ReadAction\",\"target\":[\"https:\/\/hudo.com\/si\/aktualno\/fidel-castro-v-javnosti-za-90-rojstni-dan\/\"]}]},{\"@type\":\"BreadcrumbList\",\"@id\":\"https:\/\/hudo.com\/si\/aktualno\/fidel-castro-v-javnosti-za-90-rojstni-dan\/#breadcrumb\",\"itemListElement\":[{\"@type\":\"ListItem\",\"position\":1,\"name\":\"Home\",\"item\":\"https:\/\/hudo.com\/si\/\"},{\"@type\":\"ListItem\",\"position\":2,\"name\":\"Fidel Castro v javnosti za 90. rojstni dan\"}]},{\"@type\":\"WebSite\",\"@id\":\"https:\/\/hudo.com\/si\/#website\",\"url\":\"https:\/\/hudo.com\/si\/\",\"name\":\"Hudo Slovenija\",\"description\":\"Vse novice iz Slovenije in sveta\",\"publisher\":{\"@id\":\"https:\/\/hudo.com\/si\/#organization\"},\"potentialAction\":[{\"@type\":\"SearchAction\",\"target\":{\"@type\":\"EntryPoint\",\"urlTemplate\":\"https:\/\/hudo.com\/si\/?s={search_term_string}\"},\"query-input\":\"required name=search_term_string\"}],\"inLanguage\":\"sl-SI\"},{\"@type\":\"Organization\",\"@id\":\"https:\/\/hudo.com\/si\/#organization\",\"name\":\"VSN Media\",\"url\":\"https:\/\/hudo.com\/si\/\",\"logo\":{\"@type\":\"ImageObject\",\"inLanguage\":\"sl-SI\",\"@id\":\"https:\/\/hudo.com\/si\/#\/schema\/logo\/image\/\",\"url\":\"https:\/\/hudo.com\/si\/wp-content\/uploads\/sites\/2\/2021\/03\/hudo-app-2.png\",\"contentUrl\":\"https:\/\/hudo.com\/si\/wp-content\/uploads\/sites\/2\/2021\/03\/hudo-app-2.png\",\"width\":2185,\"height\":2167,\"caption\":\"VSN Media\"},\"image\":{\"@id\":\"https:\/\/hudo.com\/si\/#\/schema\/logo\/image\/\"},\"sameAs\":[\"https:\/\/www.facebook.com\/hudo.si\",\"https:\/\/twitter.com\/hudo_si\"]},{\"@type\":\"Person\",\"@id\":\"https:\/\/hudo.com\/si\/#\/schema\/person\/601cf3379633985b20f7e50f2bb47707\",\"name\":\"hudo\",\"image\":{\"@type\":\"ImageObject\",\"inLanguage\":\"sl-SI\",\"@id\":\"https:\/\/hudo.com\/si\/#\/schema\/person\/image\/\",\"url\":\"https:\/\/secure.gravatar.com\/avatar\/c4ca25fa72cace7a696b52ff5db9e095?s=96&d=mm&r=g\",\"contentUrl\":\"https:\/\/secure.gravatar.com\/avatar\/c4ca25fa72cace7a696b52ff5db9e095?s=96&d=mm&r=g\",\"caption\":\"hudo\"},\"url\":\"https:\/\/hudo.com\/si\/author\/hudo\/\"}]}<\/script>\n<!-- \/ Yoast SEO plugin. -->","yoast_head_json":{"title":"Fidel Castro v javnosti za 90. rojstni dan - Hudo Slovenija","robots":{"index":"index","follow":"follow","max-snippet":"max-snippet:-1","max-image-preview":"max-image-preview:large","max-video-preview":"max-video-preview:-1"},"canonical":"https:\/\/hudo.com\/si\/aktualno\/fidel-castro-v-javnosti-za-90-rojstni-dan\/","og_locale":"sl_SI","og_type":"article","og_title":"Fidel Castro v javnosti za 90. rojstni dan - Hudo Slovenija","og_description":"O\u010de kubanske revolucije Fidel Castro se je v soboto ob praznovanju svojega 90. rojstnega dne po ve\u010d mesecih znova pojavil v javnosti. Kubanska televizija je predvajala posnetke Fidela Castra kako na slovesnosti v dvorani Karl Marx v Havani sedi ob bratu Raulu in venezuelskem predsedniku Nicolasu Maduru. Kakih 5000 gostov je ob tem vzklikalo: \"Fidel, Fidel.\" Castro, ki je bil v javnosti tokrat prvi\u010d od aprila, je deloval slabotno in je ves \u010das prireditve sedel, poro\u010da britanski BBC. Ogledal si je plesni in pevski nastop otro\u0161ke skupine, na slovesnosti ob njegovem rojstnem dnevu pa je nastopil tudi pevec slavnega Buena Vista Social Club Omara Portuondo. Dolgoletni kubanski voditelj, ki se je iz javnega \u017eivljenja umaknil leta 2006 zaradi slabega zdravja in na \u010delo dr\u017eave imenoval svojega brata Raula, je pred tem znova napadel ZDA. V prispevku, ki so ga ob njegovem jubileju objavili uradni mediji, je kritiziral ameri\u0161kega predsednika Baracka Obamo, ker se med zgodovinskim obiskom na Japonskem maja ni izrecno opravi\u010dil zaradi smrti ve\u010d sto tiso\u010d ljudi v Hiro\u0161imi, potem ko so ZDA na mesto odvrgle atomsko bombo med drugo svetovno vojno. Kot \"enako zlo\u010dinskega\" je obsodil tudi napad z atomsko bombo na Nagasaki tri dni pozneje 9. avgusta 1945. Ob tem je spomnil na svoje te\u017eave z ZDA, ko je \u0161e bil vodja komunisti\u010dne Kube. \"Skoraj smejal sem se Machiavellijskim na\u010drtom ameri\u0161kih predsednikov,\" je zapisal v \u010dlanku, ki je bil objavljen v petek pozno zve\u010der. Po podatkih kubanskih obve\u0161\u010devalnih agencij je med letoma 1959 in 2000 pre\u017eivel 634 poskusov atentatov, med katerimi so bili \u0161tevilni naro\u010deni s strani ameri\u0161kih uradnikov. Castrov brat Raul je lani z ZDA obnovil odnose. Fidel Castro je v svojem prispevku tudi opozoril na nevarnost prenaseljenosti planeta, kar je ozna\u010dil za najve\u010djo gro\u017enjo v zgodovini \u010dlove\u0161tva. V prispevku za \u010dasnik komunisti\u010dne partije Granma pa se je zahvalil za \u010destitke in darila, ki jih je prejel ob rojstnem dnevu. \"To mi daje mo\u010d, da odgovorim z idejam","og_url":"https:\/\/hudo.com\/si\/aktualno\/fidel-castro-v-javnosti-za-90-rojstni-dan\/","og_site_name":"Hudo Slovenija","article_publisher":"https:\/\/www.facebook.com\/hudo.si","article_published_time":"2016-08-14T05:15:00+00:00","article_modified_time":"2016-08-15T00:42:39+00:00","og_image":[{"width":450,"height":310,"url":"https:\/\/hudo.com\/si\/wp-content\/uploads\/sites\/2\/2016\/08\/01112115F-300-1.jpg","type":"image\/jpeg"}],"author":"hudo","twitter_card":"summary_large_image","twitter_creator":"@hudo_si","twitter_site":"@hudo_si","twitter_misc":{"Written by":"hudo","Est. reading time":"2 minuti"},"schema":{"@context":"https:\/\/schema.org","@graph":[{"@type":"Article","@id":"https:\/\/hudo.com\/si\/aktualno\/fidel-castro-v-javnosti-za-90-rojstni-dan\/#article","isPartOf":{"@id":"https:\/\/hudo.com\/si\/aktualno\/fidel-castro-v-javnosti-za-90-rojstni-dan\/"},"author":{"name":"hudo","@id":"https:\/\/hudo.com\/si\/#\/schema\/person\/601cf3379633985b20f7e50f2bb47707"},"headline":"Fidel Castro v javnosti za 90. rojstni dan","datePublished":"2016-08-14T05:15:00+00:00","dateModified":"2016-08-15T00:42:39+00:00","mainEntityOfPage":{"@id":"https:\/\/hudo.com\/si\/aktualno\/fidel-castro-v-javnosti-za-90-rojstni-dan\/"},"wordCount":343,"publisher":{"@id":"https:\/\/hudo.com\/si\/#organization"},"articleSection":["Aktualno"],"inLanguage":"sl-SI"},{"@type":"WebPage","@id":"https:\/\/hudo.com\/si\/aktualno\/fidel-castro-v-javnosti-za-90-rojstni-dan\/","url":"https:\/\/hudo.com\/si\/aktualno\/fidel-castro-v-javnosti-za-90-rojstni-dan\/","name":"Fidel Castro v javnosti za 90. rojstni dan - Hudo Slovenija","isPartOf":{"@id":"https:\/\/hudo.com\/si\/#website"},"datePublished":"2016-08-14T05:15:00+00:00","dateModified":"2016-08-15T00:42:39+00:00","breadcrumb":{"@id":"https:\/\/hudo.com\/si\/aktualno\/fidel-castro-v-javnosti-za-90-rojstni-dan\/#breadcrumb"},"inLanguage":"sl-SI","potentialAction":[{"@type":"ReadAction","target":["https:\/\/hudo.com\/si\/aktualno\/fidel-castro-v-javnosti-za-90-rojstni-dan\/"]}]},{"@type":"BreadcrumbList","@id":"https:\/\/hudo.com\/si\/aktualno\/fidel-castro-v-javnosti-za-90-rojstni-dan\/#breadcrumb","itemListElement":[{"@type":"ListItem","position":1,"name":"Home","item":"https:\/\/hudo.com\/si\/"},{"@type":"ListItem","position":2,"name":"Fidel Castro v javnosti za 90. rojstni dan"}]},{"@type":"WebSite","@id":"https:\/\/hudo.com\/si\/#website","url":"https:\/\/hudo.com\/si\/","name":"Hudo Slovenija","description":"Vse novice iz Slovenije in sveta","publisher":{"@id":"https:\/\/hudo.com\/si\/#organization"},"potentialAction":[{"@type":"SearchAction","target":{"@type":"EntryPoint","urlTemplate":"https:\/\/hudo.com\/si\/?s={search_term_string}"},"query-input":"required name=search_term_string"}],"inLanguage":"sl-SI"},{"@type":"Organization","@id":"https:\/\/hudo.com\/si\/#organization","name":"VSN Media","url":"https:\/\/hudo.com\/si\/","logo":{"@type":"ImageObject","inLanguage":"sl-SI","@id":"https:\/\/hudo.com\/si\/#\/schema\/logo\/image\/","url":"https:\/\/hudo.com\/si\/wp-content\/uploads\/sites\/2\/2021\/03\/hudo-app-2.png","contentUrl":"https:\/\/hudo.com\/si\/wp-content\/uploads\/sites\/2\/2021\/03\/hudo-app-2.png","width":2185,"height":2167,"caption":"VSN Media"},"image":{"@id":"https:\/\/hudo.com\/si\/#\/schema\/logo\/image\/"},"sameAs":["https:\/\/www.facebook.com\/hudo.si","https:\/\/twitter.com\/hudo_si"]},{"@type":"Person","@id":"https:\/\/hudo.com\/si\/#\/schema\/person\/601cf3379633985b20f7e50f2bb47707","name":"hudo","image":{"@type":"ImageObject","inLanguage":"sl-SI","@id":"https:\/\/hudo.com\/si\/#\/schema\/person\/image\/","url":"https:\/\/secure.gravatar.com\/avatar\/c4ca25fa72cace7a696b52ff5db9e095?s=96&d=mm&r=g","contentUrl":"https:\/\/secure.gravatar.com\/avatar\/c4ca25fa72cace7a696b52ff5db9e095?s=96&d=mm&r=g","caption":"hudo"},"url":"https:\/\/hudo.com\/si\/author\/hudo\/"}]}},"amp_enabled":true,"_links":{"self":[{"href":"https:\/\/hudo.com\/si\/wp-json\/wp\/v2\/posts\/113554"}],"collection":[{"href":"https:\/\/hudo.com\/si\/wp-json\/wp\/v2\/posts"}],"about":[{"href":"https:\/\/hudo.com\/si\/wp-json\/wp\/v2\/types\/post"}],"author":[{"embeddable":true,"href":"https:\/\/hudo.com\/si\/wp-json\/wp\/v2\/users\/1"}],"replies":[{"embeddable":true,"href":"https:\/\/hudo.com\/si\/wp-json\/wp\/v2\/comments?post=113554"}],"version-history":[{"count":1,"href":"https:\/\/hudo.com\/si\/wp-json\/wp\/v2\/posts\/113554\/revisions"}],"predecessor-version":[{"id":113691,"href":"https:\/\/hudo.com\/si\/wp-json\/wp\/v2\/posts\/113554\/revisions\/113691"}],"wp:attachment":[{"href":"https:\/\/hudo.com\/si\/wp-json\/wp\/v2\/media?parent=113554"}],"wp:term":[{"taxonomy":"category","embeddable":true,"href":"https:\/\/hudo.com\/si\/wp-json\/wp\/v2\/categories?post=113554"},{"taxonomy":"post_tag","embeddable":true,"href":"https:\/\/hudo.com\/si\/wp-json\/wp\/v2\/tags?post=113554"},{"taxonomy":"source","embeddable":true,"href":"https:\/\/hudo.com\/si\/wp-json\/wp\/v2\/source?post=113554"},{"taxonomy":"supertag","embeddable":true,"href":"https:\/\/hudo.com\/si\/wp-json\/wp\/v2\/supertag?post=113554"}],"curies":[{"name":"wp","href":"https:\/\/api.w.org\/{rel}","templated":true}]}}