{"id":113560,"date":"2016-08-14T06:45:00","date_gmt":"2016-08-14T04:45:00","guid":{"rendered":"http:\/\/hudo.com\/si\/2016\/08\/14\/ze-od-zjutraj-zastoji-na-cestah-in-mejnih-prehodih\/"},"modified":"2016-08-15T02:42:45","modified_gmt":"2016-08-15T00:42:45","slug":"ze-od-zjutraj-zastoji-na-cestah-in-mejnih-prehodih","status":"publish","type":"post","link":"https:\/\/hudo.com\/si\/aktualno\/ze-od-zjutraj-zastoji-na-cestah-in-mejnih-prehodih\/","title":{"rendered":"\u017de od zjutraj zastoji na cestah in mejnih prehodih"},"content":{"rendered":"<p>Zastoj je danes od jutranjih ur na cesti proti mejnemu prehodu Gru\u0161kovje, kjer vozniki za izstop iz dr\u017eave \u010dakajo 20 minut. Zastoj je nastal tudi na gorenjski avtocesti pred priklju\u010dkom Kranj zahod proti Ljubljani, kjer je kolona vozil trenutno dolga en kilometer, ka\u017eejo podatki prometno informacijskega centra. Na gorenjski avtocesti zaradi del med priklju\u010dkom Kranj proti Ljubljani promet poteka po odstavnem pasu. V smeri proti Avstriji je zaprt priklju\u010dek Kranj vzhod, obvoz je preko Brnika ali priklju\u010dka Kranj zahod. Zastoj je nastal tudi na cesti \u0160marje-Dragonja. Na tem prehodu je \u010dakalna doba za izstop iz dr\u017eave trenutno 15 minut. Promet je pove\u010dan tudi proti Se\u010dovljam.Slovenija<\/p>\n","protected":false},"excerpt":{"rendered":"<p>Zastoj je danes od jutranjih ur na cesti proti mejnemu prehodu Gru\u0161kovje, kjer vozniki za izstop iz dr\u017eave \u010dakajo 20 minut. Zastoj je nastal tudi na gorenjski avtocesti pred priklju\u010dkom Kranj zahod proti Ljubljani, kjer je kolona vozil trenutno dolga en kilometer, ka\u017eejo podatki prometno informacijskega centra. Na gorenjski avtocesti zaradi del med priklju\u010dkom Kranj proti Ljubljani promet poteka po odstavnem pasu. V smeri proti Avstriji je zaprt priklju\u010dek Kranj vzhod, obvoz je preko Brnika ali priklju\u010dka Kranj zahod. Zastoj je nastal tudi na cesti \u0160marje-Dragonja. Na tem prehodu je \u010dakalna doba za izstop iz dr\u017eave trenutno 15 minut. Promet je pove\u010dan tudi proti Se\u010dovljam.Slovenija<\/p>\n","protected":false},"author":1,"featured_media":0,"comment_status":"closed","ping_status":"closed","sticky":false,"template":"","format":"standard","meta":{"footnotes":""},"categories":[1179],"tags":[],"source":[1711],"supertag":[],"acf":[],"yoast_head":"<!-- This site is optimized with the Yoast SEO plugin v21.3 - https:\/\/yoast.com\/wordpress\/plugins\/seo\/ -->\n<title>\u017de od zjutraj zastoji na cestah in mejnih prehodih - Hudo Slovenija<\/title>\n<meta name=\"robots\" content=\"index, follow, max-snippet:-1, max-image-preview:large, max-video-preview:-1\" \/>\n<link rel=\"canonical\" href=\"https:\/\/hudo.com\/si\/aktualno\/ze-od-zjutraj-zastoji-na-cestah-in-mejnih-prehodih\/\" \/>\n<meta property=\"og:locale\" content=\"sl_SI\" \/>\n<meta property=\"og:type\" content=\"article\" \/>\n<meta property=\"og:title\" content=\"\u017de od zjutraj zastoji na cestah in mejnih prehodih - Hudo Slovenija\" \/>\n<meta property=\"og:description\" content=\"Zastoj je danes od jutranjih ur na cesti proti mejnemu prehodu Gru\u0161kovje, kjer vozniki za izstop iz dr\u017eave \u010dakajo 20 minut. Zastoj je nastal tudi na gorenjski avtocesti pred priklju\u010dkom Kranj zahod proti Ljubljani, kjer je kolona vozil trenutno dolga en kilometer, ka\u017eejo podatki prometno informacijskega centra. Na gorenjski avtocesti zaradi del med priklju\u010dkom Kranj proti Ljubljani promet poteka po odstavnem pasu. V smeri proti Avstriji je zaprt priklju\u010dek Kranj vzhod, obvoz je preko Brnika ali priklju\u010dka Kranj zahod. Zastoj je nastal tudi na cesti \u0160marje-Dragonja. Na tem prehodu je \u010dakalna doba za izstop iz dr\u017eave trenutno 15 minut. Promet je pove\u010dan tudi proti Se\u010dovljam.Slovenija\" \/>\n<meta property=\"og:url\" content=\"https:\/\/hudo.com\/si\/aktualno\/ze-od-zjutraj-zastoji-na-cestah-in-mejnih-prehodih\/\" \/>\n<meta property=\"og:site_name\" content=\"Hudo Slovenija\" \/>\n<meta property=\"article:publisher\" content=\"https:\/\/www.facebook.com\/hudo.si\" \/>\n<meta property=\"article:published_time\" content=\"2016-08-14T04:45:00+00:00\" \/>\n<meta property=\"article:modified_time\" content=\"2016-08-15T00:42:45+00:00\" \/>\n<meta property=\"og:image\" content=\"https:\/\/hudo.com\/si\/wp-content\/uploads\/sites\/2\/2016\/08\/0709D5-300.jpg\" \/>\n\t<meta property=\"og:image:width\" content=\"450\" \/>\n\t<meta property=\"og:image:height\" content=\"300\" \/>\n\t<meta property=\"og:image:type\" content=\"image\/jpeg\" \/>\n<meta name=\"author\" content=\"hudo\" \/>\n<meta name=\"twitter:card\" content=\"summary_large_image\" \/>\n<meta name=\"twitter:creator\" content=\"@hudo_si\" \/>\n<meta name=\"twitter:site\" content=\"@hudo_si\" \/>\n<meta name=\"twitter:label1\" content=\"Written by\" \/>\n\t<meta name=\"twitter:data1\" content=\"hudo\" \/>\n\t<meta name=\"twitter:label2\" content=\"Est. reading time\" \/>\n\t<meta name=\"twitter:data2\" content=\"1 minuta\" \/>\n<script type=\"application\/ld+json\" class=\"yoast-schema-graph\">{\"@context\":\"https:\/\/schema.org\",\"@graph\":[{\"@type\":\"Article\",\"@id\":\"https:\/\/hudo.com\/si\/aktualno\/ze-od-zjutraj-zastoji-na-cestah-in-mejnih-prehodih\/#article\",\"isPartOf\":{\"@id\":\"https:\/\/hudo.com\/si\/aktualno\/ze-od-zjutraj-zastoji-na-cestah-in-mejnih-prehodih\/\"},\"author\":{\"name\":\"hudo\",\"@id\":\"https:\/\/hudo.com\/si\/#\/schema\/person\/601cf3379633985b20f7e50f2bb47707\"},\"headline\":\"\u017de od zjutraj zastoji na cestah in mejnih prehodih\",\"datePublished\":\"2016-08-14T04:45:00+00:00\",\"dateModified\":\"2016-08-15T00:42:45+00:00\",\"mainEntityOfPage\":{\"@id\":\"https:\/\/hudo.com\/si\/aktualno\/ze-od-zjutraj-zastoji-na-cestah-in-mejnih-prehodih\/\"},\"wordCount\":123,\"publisher\":{\"@id\":\"https:\/\/hudo.com\/si\/#organization\"},\"articleSection\":[\"Aktualno\"],\"inLanguage\":\"sl-SI\"},{\"@type\":\"WebPage\",\"@id\":\"https:\/\/hudo.com\/si\/aktualno\/ze-od-zjutraj-zastoji-na-cestah-in-mejnih-prehodih\/\",\"url\":\"https:\/\/hudo.com\/si\/aktualno\/ze-od-zjutraj-zastoji-na-cestah-in-mejnih-prehodih\/\",\"name\":\"\u017de od zjutraj zastoji na cestah in mejnih prehodih - Hudo Slovenija\",\"isPartOf\":{\"@id\":\"https:\/\/hudo.com\/si\/#website\"},\"datePublished\":\"2016-08-14T04:45:00+00:00\",\"dateModified\":\"2016-08-15T00:42:45+00:00\",\"breadcrumb\":{\"@id\":\"https:\/\/hudo.com\/si\/aktualno\/ze-od-zjutraj-zastoji-na-cestah-in-mejnih-prehodih\/#breadcrumb\"},\"inLanguage\":\"sl-SI\",\"potentialAction\":[{\"@type\":\"ReadAction\",\"target\":[\"https:\/\/hudo.com\/si\/aktualno\/ze-od-zjutraj-zastoji-na-cestah-in-mejnih-prehodih\/\"]}]},{\"@type\":\"BreadcrumbList\",\"@id\":\"https:\/\/hudo.com\/si\/aktualno\/ze-od-zjutraj-zastoji-na-cestah-in-mejnih-prehodih\/#breadcrumb\",\"itemListElement\":[{\"@type\":\"ListItem\",\"position\":1,\"name\":\"Home\",\"item\":\"https:\/\/hudo.com\/si\/\"},{\"@type\":\"ListItem\",\"position\":2,\"name\":\"\u017de od zjutraj zastoji na cestah in mejnih prehodih\"}]},{\"@type\":\"WebSite\",\"@id\":\"https:\/\/hudo.com\/si\/#website\",\"url\":\"https:\/\/hudo.com\/si\/\",\"name\":\"Hudo Slovenija\",\"description\":\"Vse novice iz Slovenije in sveta\",\"publisher\":{\"@id\":\"https:\/\/hudo.com\/si\/#organization\"},\"potentialAction\":[{\"@type\":\"SearchAction\",\"target\":{\"@type\":\"EntryPoint\",\"urlTemplate\":\"https:\/\/hudo.com\/si\/?s={search_term_string}\"},\"query-input\":\"required name=search_term_string\"}],\"inLanguage\":\"sl-SI\"},{\"@type\":\"Organization\",\"@id\":\"https:\/\/hudo.com\/si\/#organization\",\"name\":\"VSN Media\",\"url\":\"https:\/\/hudo.com\/si\/\",\"logo\":{\"@type\":\"ImageObject\",\"inLanguage\":\"sl-SI\",\"@id\":\"https:\/\/hudo.com\/si\/#\/schema\/logo\/image\/\",\"url\":\"https:\/\/hudo.com\/si\/wp-content\/uploads\/sites\/2\/2021\/03\/hudo-app-2.png\",\"contentUrl\":\"https:\/\/hudo.com\/si\/wp-content\/uploads\/sites\/2\/2021\/03\/hudo-app-2.png\",\"width\":2185,\"height\":2167,\"caption\":\"VSN Media\"},\"image\":{\"@id\":\"https:\/\/hudo.com\/si\/#\/schema\/logo\/image\/\"},\"sameAs\":[\"https:\/\/www.facebook.com\/hudo.si\",\"https:\/\/twitter.com\/hudo_si\"]},{\"@type\":\"Person\",\"@id\":\"https:\/\/hudo.com\/si\/#\/schema\/person\/601cf3379633985b20f7e50f2bb47707\",\"name\":\"hudo\",\"image\":{\"@type\":\"ImageObject\",\"inLanguage\":\"sl-SI\",\"@id\":\"https:\/\/hudo.com\/si\/#\/schema\/person\/image\/\",\"url\":\"https:\/\/secure.gravatar.com\/avatar\/c4ca25fa72cace7a696b52ff5db9e095?s=96&d=mm&r=g\",\"contentUrl\":\"https:\/\/secure.gravatar.com\/avatar\/c4ca25fa72cace7a696b52ff5db9e095?s=96&d=mm&r=g\",\"caption\":\"hudo\"},\"url\":\"https:\/\/hudo.com\/si\/author\/hudo\/\"}]}<\/script>\n<!-- \/ Yoast SEO plugin. -->","yoast_head_json":{"title":"\u017de od zjutraj zastoji na cestah in mejnih prehodih - Hudo Slovenija","robots":{"index":"index","follow":"follow","max-snippet":"max-snippet:-1","max-image-preview":"max-image-preview:large","max-video-preview":"max-video-preview:-1"},"canonical":"https:\/\/hudo.com\/si\/aktualno\/ze-od-zjutraj-zastoji-na-cestah-in-mejnih-prehodih\/","og_locale":"sl_SI","og_type":"article","og_title":"\u017de od zjutraj zastoji na cestah in mejnih prehodih - Hudo Slovenija","og_description":"Zastoj je danes od jutranjih ur na cesti proti mejnemu prehodu Gru\u0161kovje, kjer vozniki za izstop iz dr\u017eave \u010dakajo 20 minut. Zastoj je nastal tudi na gorenjski avtocesti pred priklju\u010dkom Kranj zahod proti Ljubljani, kjer je kolona vozil trenutno dolga en kilometer, ka\u017eejo podatki prometno informacijskega centra. Na gorenjski avtocesti zaradi del med priklju\u010dkom Kranj proti Ljubljani promet poteka po odstavnem pasu. V smeri proti Avstriji je zaprt priklju\u010dek Kranj vzhod, obvoz je preko Brnika ali priklju\u010dka Kranj zahod. Zastoj je nastal tudi na cesti \u0160marje-Dragonja. Na tem prehodu je \u010dakalna doba za izstop iz dr\u017eave trenutno 15 minut. Promet je pove\u010dan tudi proti Se\u010dovljam.Slovenija","og_url":"https:\/\/hudo.com\/si\/aktualno\/ze-od-zjutraj-zastoji-na-cestah-in-mejnih-prehodih\/","og_site_name":"Hudo Slovenija","article_publisher":"https:\/\/www.facebook.com\/hudo.si","article_published_time":"2016-08-14T04:45:00+00:00","article_modified_time":"2016-08-15T00:42:45+00:00","og_image":[{"width":450,"height":300,"url":"https:\/\/hudo.com\/si\/wp-content\/uploads\/sites\/2\/2016\/08\/0709D5-300.jpg","type":"image\/jpeg"}],"author":"hudo","twitter_card":"summary_large_image","twitter_creator":"@hudo_si","twitter_site":"@hudo_si","twitter_misc":{"Written by":"hudo","Est. reading time":"1 minuta"},"schema":{"@context":"https:\/\/schema.org","@graph":[{"@type":"Article","@id":"https:\/\/hudo.com\/si\/aktualno\/ze-od-zjutraj-zastoji-na-cestah-in-mejnih-prehodih\/#article","isPartOf":{"@id":"https:\/\/hudo.com\/si\/aktualno\/ze-od-zjutraj-zastoji-na-cestah-in-mejnih-prehodih\/"},"author":{"name":"hudo","@id":"https:\/\/hudo.com\/si\/#\/schema\/person\/601cf3379633985b20f7e50f2bb47707"},"headline":"\u017de od zjutraj zastoji na cestah in mejnih prehodih","datePublished":"2016-08-14T04:45:00+00:00","dateModified":"2016-08-15T00:42:45+00:00","mainEntityOfPage":{"@id":"https:\/\/hudo.com\/si\/aktualno\/ze-od-zjutraj-zastoji-na-cestah-in-mejnih-prehodih\/"},"wordCount":123,"publisher":{"@id":"https:\/\/hudo.com\/si\/#organization"},"articleSection":["Aktualno"],"inLanguage":"sl-SI"},{"@type":"WebPage","@id":"https:\/\/hudo.com\/si\/aktualno\/ze-od-zjutraj-zastoji-na-cestah-in-mejnih-prehodih\/","url":"https:\/\/hudo.com\/si\/aktualno\/ze-od-zjutraj-zastoji-na-cestah-in-mejnih-prehodih\/","name":"\u017de od zjutraj zastoji na cestah in mejnih prehodih - Hudo Slovenija","isPartOf":{"@id":"https:\/\/hudo.com\/si\/#website"},"datePublished":"2016-08-14T04:45:00+00:00","dateModified":"2016-08-15T00:42:45+00:00","breadcrumb":{"@id":"https:\/\/hudo.com\/si\/aktualno\/ze-od-zjutraj-zastoji-na-cestah-in-mejnih-prehodih\/#breadcrumb"},"inLanguage":"sl-SI","potentialAction":[{"@type":"ReadAction","target":["https:\/\/hudo.com\/si\/aktualno\/ze-od-zjutraj-zastoji-na-cestah-in-mejnih-prehodih\/"]}]},{"@type":"BreadcrumbList","@id":"https:\/\/hudo.com\/si\/aktualno\/ze-od-zjutraj-zastoji-na-cestah-in-mejnih-prehodih\/#breadcrumb","itemListElement":[{"@type":"ListItem","position":1,"name":"Home","item":"https:\/\/hudo.com\/si\/"},{"@type":"ListItem","position":2,"name":"\u017de od zjutraj zastoji na cestah in mejnih prehodih"}]},{"@type":"WebSite","@id":"https:\/\/hudo.com\/si\/#website","url":"https:\/\/hudo.com\/si\/","name":"Hudo Slovenija","description":"Vse novice iz Slovenije in sveta","publisher":{"@id":"https:\/\/hudo.com\/si\/#organization"},"potentialAction":[{"@type":"SearchAction","target":{"@type":"EntryPoint","urlTemplate":"https:\/\/hudo.com\/si\/?s={search_term_string}"},"query-input":"required name=search_term_string"}],"inLanguage":"sl-SI"},{"@type":"Organization","@id":"https:\/\/hudo.com\/si\/#organization","name":"VSN Media","url":"https:\/\/hudo.com\/si\/","logo":{"@type":"ImageObject","inLanguage":"sl-SI","@id":"https:\/\/hudo.com\/si\/#\/schema\/logo\/image\/","url":"https:\/\/hudo.com\/si\/wp-content\/uploads\/sites\/2\/2021\/03\/hudo-app-2.png","contentUrl":"https:\/\/hudo.com\/si\/wp-content\/uploads\/sites\/2\/2021\/03\/hudo-app-2.png","width":2185,"height":2167,"caption":"VSN Media"},"image":{"@id":"https:\/\/hudo.com\/si\/#\/schema\/logo\/image\/"},"sameAs":["https:\/\/www.facebook.com\/hudo.si","https:\/\/twitter.com\/hudo_si"]},{"@type":"Person","@id":"https:\/\/hudo.com\/si\/#\/schema\/person\/601cf3379633985b20f7e50f2bb47707","name":"hudo","image":{"@type":"ImageObject","inLanguage":"sl-SI","@id":"https:\/\/hudo.com\/si\/#\/schema\/person\/image\/","url":"https:\/\/secure.gravatar.com\/avatar\/c4ca25fa72cace7a696b52ff5db9e095?s=96&d=mm&r=g","contentUrl":"https:\/\/secure.gravatar.com\/avatar\/c4ca25fa72cace7a696b52ff5db9e095?s=96&d=mm&r=g","caption":"hudo"},"url":"https:\/\/hudo.com\/si\/author\/hudo\/"}]}},"amp_enabled":true,"_links":{"self":[{"href":"https:\/\/hudo.com\/si\/wp-json\/wp\/v2\/posts\/113560"}],"collection":[{"href":"https:\/\/hudo.com\/si\/wp-json\/wp\/v2\/posts"}],"about":[{"href":"https:\/\/hudo.com\/si\/wp-json\/wp\/v2\/types\/post"}],"author":[{"embeddable":true,"href":"https:\/\/hudo.com\/si\/wp-json\/wp\/v2\/users\/1"}],"replies":[{"embeddable":true,"href":"https:\/\/hudo.com\/si\/wp-json\/wp\/v2\/comments?post=113560"}],"version-history":[{"count":1,"href":"https:\/\/hudo.com\/si\/wp-json\/wp\/v2\/posts\/113560\/revisions"}],"predecessor-version":[{"id":113692,"href":"https:\/\/hudo.com\/si\/wp-json\/wp\/v2\/posts\/113560\/revisions\/113692"}],"wp:attachment":[{"href":"https:\/\/hudo.com\/si\/wp-json\/wp\/v2\/media?parent=113560"}],"wp:term":[{"taxonomy":"category","embeddable":true,"href":"https:\/\/hudo.com\/si\/wp-json\/wp\/v2\/categories?post=113560"},{"taxonomy":"post_tag","embeddable":true,"href":"https:\/\/hudo.com\/si\/wp-json\/wp\/v2\/tags?post=113560"},{"taxonomy":"source","embeddable":true,"href":"https:\/\/hudo.com\/si\/wp-json\/wp\/v2\/source?post=113560"},{"taxonomy":"supertag","embeddable":true,"href":"https:\/\/hudo.com\/si\/wp-json\/wp\/v2\/supertag?post=113560"}],"curies":[{"name":"wp","href":"https:\/\/api.w.org\/{rel}","templated":true}]}}